{"id":3607,"date":"2008-03-29T06:38:11","date_gmt":"2008-03-29T05:38:11","guid":{"rendered":"https:\/\/www.justiceinfo.net\/3607-280308-rwandacanada-visa-canadien-refuse-pour-le-president-dibuka397.html"},"modified":"2008-03-29T06:38:11","modified_gmt":"2008-03-29T05:38:11","slug":"280308-rwandacanada-visa-canadien-refuse-pour-le-president-dibuka397","status":"publish","type":"post","link":"https:\/\/www.justiceinfo.net\/fr\/3607-280308-rwandacanada-visa-canadien-refuse-pour-le-president-dibuka397.html","title":{"rendered":"28.03.08 - RWANDA\/CANADA  - VISA CANADIEN REFUSE POUR LE PRESIDENT D'IBUKA"},"content":{"rendered":"<p  >\nMontr\u00e9al, 28 mars 2008 (FH) -  Th\u00e9odore Simburudari, le pr\u00e9sident d\u2019Ibuka, la principale association rwandaise de victimes du g\u00e9nocide, s\u2019est vu refuser un visa d\u2019entr\u00e9e au Canada faute d\u2019avoir accept\u00e9 de mentionner son appartenance ethnique, a d\u00e9nonc\u00e9 jeudi \u00e0 Montr\u00e9al une association canadienne de victimes du g\u00e9nocide.  <\/p>\n<p>Aucun membre des services canadiens d\u2019immigration n\u2019a encore pu \u00eatre joint pour confirmer ou infirmer cette information.\n<\/p>\n<p><!--more--><\/p>\n<p  >\nLe pr\u00e9sident d\u2019Ibuka devait venir de Kigali pour assister aux c\u00e9r\u00e9monies de la 14e comm\u00e9moration du g\u00e9nocide rwandais, organis\u00e9es au Canada. Selon Callixte Kabayiza, le pr\u00e9sident de Page-Rwanda, l\u2019association qui l\u2019avait invit\u00e9, le Haut-Commissariat (ambassade) canadien de Nairobi lui a refus\u00e9 son visa d\u2019entr\u00e9e \u00ab pour des motifs non fond\u00e9s \u00bb. Selon lui, la France aurait \u00e9galement refus\u00e9 un visa au pr\u00e9sident d\u2019Ibuka. <\/p>\n<p>M. Kabayiza a d\u00e9clar\u00e9 que le pr\u00e9sident d\u2019Ibuka avait refus\u00e9 de r\u00e9pondre \u00e0 une question du formulaire de demande de visa demandant de sp\u00e9cifier le nom du groupe ethnique figurant sur la carte d\u2019identit\u00e9 rwandaise d\u2019avant 1996, dont une copie est par ailleurs exig\u00e9e. Au Rwanda, la mention de l\u2019appartenance ethnique est d\u00e9sormais interdite sur les documents officiels.<br \/>\n\u00ab Cette question est non seulement inappropri\u00e9e mais inf\u00e2mante. C'est sur s\u00e9lection de cette carte d'identit\u00e9 qu'on tuait les gens \u00bb, a dit le pr\u00e9sident de Page-Rwanda. \u00abUn questionnaire sp\u00e9cialement r\u00e9serv\u00e9 aux Rwandais est inacceptable\u00bb a-t-il ajout\u00e9.<br \/>\nM. Kabayiza a demand\u00e9 \u00e0 Ottawa de supprimer la question qui fait pol\u00e9mique et de d\u00e9livrer un visa \u00e0 M. Simburudari. \u00ab Mis \u00e0 part cela, le Canada comprend le g\u00e9nocide. Il a remerci\u00e9 le Canada d\u2019avoir adopt\u00e9 la loi de comp\u00e9tence universelle (loi C-24) qui permet de juger les pr\u00e9sum\u00e9s g\u00e9nocidaires se trouvant sur son sol. Pour la comm\u00e9moration du g\u00e9nocide, une s\u00e9rie de conf\u00e9rences, de d\u00e9bats et de messes est organis\u00e9e \u00e0 Ottawa et \u00e0 Montr\u00e9al du 3 au 26 avril. <\/p>\n<p>Selon M. D\u00e9o Nkusi, premier conseiller de l\u2019ambassade du Rwanda au Canada \u00abil y a des gens qui sont au Canada et qui n\u2019ont pas les mains tr\u00e8s propres. Certains sont entr\u00e9s ici en changeant d\u2019identit\u00e9 car ils ne voudraient pas \u00eatre identifi\u00e9s. Ce sont des gens qui ont certaines responsabilit\u00e9s dans ce qui s\u2019est pass\u00e9 en 1994 \u00bb. Il n\u2019a pas pr\u00e9cis\u00e9 le nombre d\u2019individus incrimin\u00e9s. <\/p>\n<p>D\u2019apr\u00e8s le recensement effectu\u00e9 en 2006 par l\u2019institut canadien de la statistique, 3.810 Rwandais vivent au Canada, 79% d\u2019entre eux ayant immigr\u00e9 entre 1996 et 2006.\n<\/p>\n<p  >\nCS\/PB\/GF<\/p>\n","protected":false},"excerpt":{"rendered":"<p>Montr\u00e9al, 28 mars 2008 (FH) - Th\u00e9odore Simburudari, le pr\u00e9sident d\u2019Ibuka, la principale association rwandaise de victimes du g\u00e9nocide, s\u2019est vu refuser un visa d\u2019entr\u00e9e au Canada faute d\u2019avoir accept\u00e9 de mentionner son appartenance ethnique, a d\u00e9nonc\u00e9 jeudi \u00e0 Montr\u00e9al une association canadienne de victimes du g\u00e9nocide. Aucun membre des services canadiens d\u2019immigration n\u2019a encore [&hellip;]<\/p>\n","protected":false},"author":64,"featured_media":0,"comment_status":"open","ping_status":"closed","sticky":false,"template":"","format":"standard","meta":{"_acf_changed":false,"footnotes":""},"categories":[554],"tags":[],"ji_location":[],"class_list":["post-3607","post","type-post","status-publish","format-standard","hentry","category-hirondellenews"],"acf":[],"yoast_head":"<!-- This site is optimized with the Yoast SEO Premium plugin v25.3.1 (Yoast SEO v25.3.1) - https:\/\/yoast.com\/wordpress\/plugins\/seo\/ -->\n<title>28.03.08 - RWANDA\/CANADA - VISA CANADIEN REFUSE POUR LE PRESIDENT D&#039;IBUKA - JusticeInfo.net<\/title>\n<meta name=\"robots\" content=\"index, follow, max-snippet:-1, max-image-preview:large, max-video-preview:-1\" \/>\n<link rel=\"canonical\" href=\"https:\/\/www.justiceinfo.net\/fr\/3607-280308-rwandacanada-visa-canadien-refuse-pour-le-president-dibuka397.html\" \/>\n<meta property=\"og:locale\" content=\"fr_FR\" \/>\n<meta property=\"og:type\" content=\"article\" \/>\n<meta property=\"og:title\" content=\"28.03.08 - RWANDA\/CANADA - VISA CANADIEN REFUSE POUR LE PRESIDENT D&#039;IBUKA\" \/>\n<meta property=\"og:description\" content=\"Montr\u00e9al, 28 mars 2008 (FH) - Th\u00e9odore Simburudari, le pr\u00e9sident d\u2019Ibuka, la principale association rwandaise de victimes du g\u00e9nocide, s\u2019est vu refuser un visa d\u2019entr\u00e9e au Canada faute d\u2019avoir accept\u00e9 de mentionner son appartenance ethnique, a d\u00e9nonc\u00e9 jeudi \u00e0 Montr\u00e9al une association canadienne de victimes du g\u00e9nocide. Aucun membre des services canadiens d\u2019immigration n\u2019a encore [&hellip;]\" \/>\n<meta property=\"og:url\" content=\"https:\/\/www.justiceinfo.net\/fr\/3607-280308-rwandacanada-visa-canadien-refuse-pour-le-president-dibuka397.html\" \/>\n<meta property=\"og:site_name\" content=\"JusticeInfo.net\" \/>\n<meta property=\"article:publisher\" content=\"https:\/\/www.facebook.com\/JusticeInfo\/\" \/>\n<meta property=\"article:published_time\" content=\"2008-03-29T05:38:11+00:00\" \/>\n<meta property=\"og:image\" content=\"https:\/\/www.justiceinfo.net\/wp-content\/uploads\/JusticeInfoNet_logo_1200x630px.jpg\" \/>\n\t<meta property=\"og:image:width\" content=\"1200\" \/>\n\t<meta property=\"og:image:height\" content=\"630\" \/>\n\t<meta property=\"og:image:type\" content=\"image\/jpeg\" \/>\n<meta name=\"author\" content=\"solivri\" \/>\n<meta name=\"twitter:card\" content=\"summary_large_image\" \/>\n<meta name=\"twitter:creator\" content=\"@justiceinfonet\" \/>\n<meta name=\"twitter:site\" content=\"@justiceinfonet\" \/>\n<meta name=\"twitter:label1\" content=\"\u00c9crit par\" \/>\n\t<meta name=\"twitter:data1\" content=\"solivri\" \/>\n\t<meta name=\"twitter:label2\" content=\"Dur\u00e9e de lecture estim\u00e9e\" \/>\n\t<meta name=\"twitter:data2\" content=\"2 minutes\" \/>\n<script type=\"application\/ld+json\" class=\"yoast-schema-graph\">{\"@context\":\"https:\/\/schema.org\",\"@graph\":[{\"@type\":\"NewsArticle\",\"@id\":\"https:\/\/www.justiceinfo.net\/fr\/3607-280308-rwandacanada-visa-canadien-refuse-pour-le-president-dibuka397.html#article\",\"isPartOf\":{\"@id\":\"https:\/\/www.justiceinfo.net\/fr\/3607-280308-rwandacanada-visa-canadien-refuse-pour-le-president-dibuka397.html\"},\"author\":{\"name\":\"solivri\",\"@id\":\"https:\/\/www.justiceinfo.net\/fr#\/schema\/person\/6e53cba1629e2e66f3fc1821d3091865\"},\"headline\":\"28.03.08 - RWANDA\/CANADA - VISA CANADIEN REFUSE POUR LE PRESIDENT D'IBUKA\",\"datePublished\":\"2008-03-29T05:38:11+00:00\",\"mainEntityOfPage\":{\"@id\":\"https:\/\/www.justiceinfo.net\/fr\/3607-280308-rwandacanada-visa-canadien-refuse-pour-le-president-dibuka397.html\"},\"wordCount\":469,\"commentCount\":0,\"publisher\":{\"@id\":\"https:\/\/www.justiceinfo.net\/fr#organization\"},\"articleSection\":[\"Hirondelle News\"],\"inLanguage\":\"fr-FR\",\"potentialAction\":[{\"@type\":\"CommentAction\",\"name\":\"Comment\",\"target\":[\"https:\/\/www.justiceinfo.net\/fr\/3607-280308-rwandacanada-visa-canadien-refuse-pour-le-president-dibuka397.html#respond\"]}]},{\"@type\":\"WebPage\",\"@id\":\"https:\/\/www.justiceinfo.net\/fr\/3607-280308-rwandacanada-visa-canadien-refuse-pour-le-president-dibuka397.html\",\"url\":\"https:\/\/www.justiceinfo.net\/fr\/3607-280308-rwandacanada-visa-canadien-refuse-pour-le-president-dibuka397.html\",\"name\":\"28.03.08 - RWANDA\/CANADA - VISA CANADIEN REFUSE POUR LE PRESIDENT D'IBUKA - JusticeInfo.net\",\"isPartOf\":{\"@id\":\"https:\/\/www.justiceinfo.net\/fr#website\"},\"datePublished\":\"2008-03-29T05:38:11+00:00\",\"breadcrumb\":{\"@id\":\"https:\/\/www.justiceinfo.net\/fr\/3607-280308-rwandacanada-visa-canadien-refuse-pour-le-president-dibuka397.html#breadcrumb\"},\"inLanguage\":\"fr-FR\",\"potentialAction\":[{\"@type\":\"ReadAction\",\"target\":[\"https:\/\/www.justiceinfo.net\/fr\/3607-280308-rwandacanada-visa-canadien-refuse-pour-le-president-dibuka397.html\"]}]},{\"@type\":\"BreadcrumbList\",\"@id\":\"https:\/\/www.justiceinfo.net\/fr\/3607-280308-rwandacanada-visa-canadien-refuse-pour-le-president-dibuka397.html#breadcrumb\",\"itemListElement\":[{\"@type\":\"ListItem\",\"position\":1,\"name\":\"Home\",\"item\":\"https:\/\/www.justiceinfo.net\/fr\"},{\"@type\":\"ListItem\",\"position\":2,\"name\":\"28.03.08 - RWANDA\/CANADA - VISA CANADIEN REFUSE POUR LE PRESIDENT D'IBUKA\"}]},{\"@type\":\"WebSite\",\"@id\":\"https:\/\/www.justiceinfo.net\/fr#website\",\"url\":\"https:\/\/www.justiceinfo.net\/fr\",\"name\":\"JusticeInfo.net\",\"description\":\"La justice doit \u00eatre vue pour \u00eatre rendue\",\"publisher\":{\"@id\":\"https:\/\/www.justiceinfo.net\/fr#organization\"},\"potentialAction\":[{\"@type\":\"SearchAction\",\"target\":{\"@type\":\"EntryPoint\",\"urlTemplate\":\"https:\/\/www.justiceinfo.net\/fr?s={search_term_string}\"},\"query-input\":{\"@type\":\"PropertyValueSpecification\",\"valueRequired\":true,\"valueName\":\"search_term_string\"}}],\"inLanguage\":\"fr-FR\"},{\"@type\":\"Organization\",\"@id\":\"https:\/\/www.justiceinfo.net\/fr#organization\",\"name\":\"Justice Info\",\"url\":\"https:\/\/www.justiceinfo.net\/fr\",\"logo\":{\"@type\":\"ImageObject\",\"inLanguage\":\"fr-FR\",\"@id\":\"https:\/\/www.justiceinfo.net\/fr#\/schema\/logo\/image\/\",\"url\":\"https:\/\/www.justiceinfo.net\/wp-content\/uploads\/justiceinfo_logo-trans_1200x1200px.png\",\"contentUrl\":\"https:\/\/www.justiceinfo.net\/wp-content\/uploads\/justiceinfo_logo-trans_1200x1200px.png\",\"width\":1199,\"height\":1200,\"caption\":\"Justice Info\"},\"image\":{\"@id\":\"https:\/\/www.justiceinfo.net\/fr#\/schema\/logo\/image\/\"},\"sameAs\":[\"https:\/\/www.facebook.com\/JusticeInfo\/\",\"https:\/\/x.com\/justiceinfonet\",\"https:\/\/www.linkedin.com\/company\/justice-info\",\"https:\/\/www.youtube.com\/channel\/UCyCEsARodyuWtkWyhn-e7pA\"]},{\"@type\":\"Person\",\"name\":\"solivri\",\"url\":\"\/fr\/?s=solivri\"}]}<\/script>\n<!-- \/ Yoast SEO Premium plugin. -->","yoast_head_json":{"title":"28.03.08 - RWANDA\/CANADA - VISA CANADIEN REFUSE POUR LE PRESIDENT D'IBUKA - JusticeInfo.net","robots":{"index":"index","follow":"follow","max-snippet":"max-snippet:-1","max-image-preview":"max-image-preview:large","max-video-preview":"max-video-preview:-1"},"canonical":"https:\/\/www.justiceinfo.net\/fr\/3607-280308-rwandacanada-visa-canadien-refuse-pour-le-president-dibuka397.html","og_locale":"fr_FR","og_type":"article","og_title":"28.03.08 - RWANDA\/CANADA - VISA CANADIEN REFUSE POUR LE PRESIDENT D'IBUKA","og_description":"Montr\u00e9al, 28 mars 2008 (FH) - Th\u00e9odore Simburudari, le pr\u00e9sident d\u2019Ibuka, la principale association rwandaise de victimes du g\u00e9nocide, s\u2019est vu refuser un visa d\u2019entr\u00e9e au Canada faute d\u2019avoir accept\u00e9 de mentionner son appartenance ethnique, a d\u00e9nonc\u00e9 jeudi \u00e0 Montr\u00e9al une association canadienne de victimes du g\u00e9nocide. Aucun membre des services canadiens d\u2019immigration n\u2019a encore [&hellip;]","og_url":"https:\/\/www.justiceinfo.net\/fr\/3607-280308-rwandacanada-visa-canadien-refuse-pour-le-president-dibuka397.html","og_site_name":"JusticeInfo.net","article_publisher":"https:\/\/www.facebook.com\/JusticeInfo\/","article_published_time":"2008-03-29T05:38:11+00:00","og_image":[{"width":1200,"height":630,"url":"https:\/\/www.justiceinfo.net\/wp-content\/uploads\/JusticeInfoNet_logo_1200x630px.jpg","type":"image\/jpeg"}],"author":"solivri","twitter_card":"summary_large_image","twitter_creator":"@justiceinfonet","twitter_site":"@justiceinfonet","twitter_misc":{"\u00c9crit par":"solivri","Dur\u00e9e de lecture estim\u00e9e":"2 minutes"},"schema":{"@context":"https:\/\/schema.org","@graph":[{"@type":"NewsArticle","@id":"https:\/\/www.justiceinfo.net\/fr\/3607-280308-rwandacanada-visa-canadien-refuse-pour-le-president-dibuka397.html#article","isPartOf":{"@id":"https:\/\/www.justiceinfo.net\/fr\/3607-280308-rwandacanada-visa-canadien-refuse-pour-le-president-dibuka397.html"},"author":{"name":"solivri","@id":"https:\/\/www.justiceinfo.net\/fr#\/schema\/person\/6e53cba1629e2e66f3fc1821d3091865"},"headline":"28.03.08 - RWANDA\/CANADA - VISA CANADIEN REFUSE POUR LE PRESIDENT D'IBUKA","datePublished":"2008-03-29T05:38:11+00:00","mainEntityOfPage":{"@id":"https:\/\/www.justiceinfo.net\/fr\/3607-280308-rwandacanada-visa-canadien-refuse-pour-le-president-dibuka397.html"},"wordCount":469,"commentCount":0,"publisher":{"@id":"https:\/\/www.justiceinfo.net\/fr#organization"},"articleSection":["Hirondelle News"],"inLanguage":"fr-FR","potentialAction":[{"@type":"CommentAction","name":"Comment","target":["https:\/\/www.justiceinfo.net\/fr\/3607-280308-rwandacanada-visa-canadien-refuse-pour-le-president-dibuka397.html#respond"]}]},{"@type":"WebPage","@id":"https:\/\/www.justiceinfo.net\/fr\/3607-280308-rwandacanada-visa-canadien-refuse-pour-le-president-dibuka397.html","url":"https:\/\/www.justiceinfo.net\/fr\/3607-280308-rwandacanada-visa-canadien-refuse-pour-le-president-dibuka397.html","name":"28.03.08 - RWANDA\/CANADA - VISA CANADIEN REFUSE POUR LE PRESIDENT D'IBUKA - JusticeInfo.net","isPartOf":{"@id":"https:\/\/www.justiceinfo.net\/fr#website"},"datePublished":"2008-03-29T05:38:11+00:00","breadcrumb":{"@id":"https:\/\/www.justiceinfo.net\/fr\/3607-280308-rwandacanada-visa-canadien-refuse-pour-le-president-dibuka397.html#breadcrumb"},"inLanguage":"fr-FR","potentialAction":[{"@type":"ReadAction","target":["https:\/\/www.justiceinfo.net\/fr\/3607-280308-rwandacanada-visa-canadien-refuse-pour-le-president-dibuka397.html"]}]},{"@type":"BreadcrumbList","@id":"https:\/\/www.justiceinfo.net\/fr\/3607-280308-rwandacanada-visa-canadien-refuse-pour-le-president-dibuka397.html#breadcrumb","itemListElement":[{"@type":"ListItem","position":1,"name":"Home","item":"https:\/\/www.justiceinfo.net\/fr"},{"@type":"ListItem","position":2,"name":"28.03.08 - RWANDA\/CANADA - VISA CANADIEN REFUSE POUR LE PRESIDENT D'IBUKA"}]},{"@type":"WebSite","@id":"https:\/\/www.justiceinfo.net\/fr#website","url":"https:\/\/www.justiceinfo.net\/fr","name":"JusticeInfo.net","description":"La justice doit \u00eatre vue pour \u00eatre rendue","publisher":{"@id":"https:\/\/www.justiceinfo.net\/fr#organization"},"potentialAction":[{"@type":"SearchAction","target":{"@type":"EntryPoint","urlTemplate":"https:\/\/www.justiceinfo.net\/fr?s={search_term_string}"},"query-input":{"@type":"PropertyValueSpecification","valueRequired":true,"valueName":"search_term_string"}}],"inLanguage":"fr-FR"},{"@type":"Organization","@id":"https:\/\/www.justiceinfo.net\/fr#organization","name":"Justice Info","url":"https:\/\/www.justiceinfo.net\/fr","logo":{"@type":"ImageObject","inLanguage":"fr-FR","@id":"https:\/\/www.justiceinfo.net\/fr#\/schema\/logo\/image\/","url":"https:\/\/www.justiceinfo.net\/wp-content\/uploads\/justiceinfo_logo-trans_1200x1200px.png","contentUrl":"https:\/\/www.justiceinfo.net\/wp-content\/uploads\/justiceinfo_logo-trans_1200x1200px.png","width":1199,"height":1200,"caption":"Justice Info"},"image":{"@id":"https:\/\/www.justiceinfo.net\/fr#\/schema\/logo\/image\/"},"sameAs":["https:\/\/www.facebook.com\/JusticeInfo\/","https:\/\/x.com\/justiceinfonet","https:\/\/www.linkedin.com\/company\/justice-info","https:\/\/www.youtube.com\/channel\/UCyCEsARodyuWtkWyhn-e7pA"]},{"@type":"Person","name":"solivri","url":"\/fr\/?s=solivri"}]}},"_links":{"self":[{"href":"https:\/\/www.justiceinfo.net\/fr\/wp-json\/wp\/v2\/posts\/3607","targetHints":{"allow":["GET"]}}],"collection":[{"href":"https:\/\/www.justiceinfo.net\/fr\/wp-json\/wp\/v2\/posts"}],"about":[{"href":"https:\/\/www.justiceinfo.net\/fr\/wp-json\/wp\/v2\/types\/post"}],"author":[{"embeddable":true,"href":"https:\/\/www.justiceinfo.net\/fr\/wp-json\/wp\/v2\/users\/64"}],"replies":[{"embeddable":true,"href":"https:\/\/www.justiceinfo.net\/fr\/wp-json\/wp\/v2\/comments?post=3607"}],"version-history":[{"count":0,"href":"https:\/\/www.justiceinfo.net\/fr\/wp-json\/wp\/v2\/posts\/3607\/revisions"}],"wp:attachment":[{"href":"https:\/\/www.justiceinfo.net\/fr\/wp-json\/wp\/v2\/media?parent=3607"}],"wp:term":[{"taxonomy":"category","embeddable":true,"href":"https:\/\/www.justiceinfo.net\/fr\/wp-json\/wp\/v2\/categories?post=3607"},{"taxonomy":"post_tag","embeddable":true,"href":"https:\/\/www.justiceinfo.net\/fr\/wp-json\/wp\/v2\/tags?post=3607"},{"taxonomy":"ji_location","embeddable":true,"href":"https:\/\/www.justiceinfo.net\/fr\/wp-json\/wp\/v2\/ji_location?post=3607"}],"curies":[{"name":"wp","href":"https:\/\/api.w.org\/{rel}","templated":true}]}}