{"id":36070,"date":"2018-01-14T15:27:56","date_gmt":"2018-01-14T14:27:56","guid":{"rendered":"https:\/\/www.justiceinfo.net\/36070-la-semaine-de-la-justice-transitionnelle-exception-d-insecurite-en-rdcongo-craintes-au-mali.html"},"modified":"2018-01-14T15:27:56","modified_gmt":"2018-01-14T14:27:56","slug":"la-semaine-de-la-justice-transitionnelle-exception-d-insecurite-en-rdcongo-craintes-au-mali","status":"publish","type":"post","link":"https:\/\/www.justiceinfo.net\/fr\/36070-la-semaine-de-la-justice-transitionnelle-exception-d-insecurite-en-rdcongo-craintes-au-mali.html","title":{"rendered":"La semaine de la justice transitionnelle : \"exception d'ins\u00e9curit\u00e9\" en RdCongo, craintes au Mali"},"content":{"rendered":"<p>Le juriste fran\u00e7ais et sp\u00e9cialiste de l'Afrique Didier Niewiadowski a choisi JusticeInfo pour exposer le concept d\u2019 \u00ab\u00a0exception d\u2019ins\u00e9curit\u00e9\u00a0\u00bb, <a href=\"fr\/justice-reconciliation\/36038-exception-insecurite-elections-afrique-rdc.html\">pr\u00e9texte<\/a> qui permet aux dictateurs africains de reporter ind\u00e9finiment les \u00e9lections. Le meilleur exemple\u00a0: Joseph Kabila en R\u00e9publique D\u00e9mocratique du Congo qui, selon Niewiadowski, \u00ab\u00a0utilise l\u2019exception d\u2019ins\u00e9curit\u00e9, avec cynisme et provocations\u00a0\u00bb. Et d\u2019expliquer\u00a0: \u00ab\u00a0son mandat pr\u00e9sidentiel s\u2019achevait d\u00e9finitivement le 19 d\u00e9cembre 2016. En d\u00e9pit de la m\u00e9diation de la Conf\u00e9rence \u00e9piscopale nationale du Congo et des accords du 31 d\u00e9cembre 2016, l\u2019\u00e9lection pr\u00e9sidentielle ne put avoir lieu en 2017. Evidemment,\u00a0l\u2019ins\u00e9curit\u00e9 est la premi\u00e8re raison invoqu\u00e9e pour ne pas entamer les premi\u00e8res phases du processus \u00e9lectoral. Le mandat pr\u00e9sidentiel se poursuit donc sans \u00e9ch\u00e9ance pr\u00e9cise mais, en revanche, la r\u00e9pression est de plus en plus s\u00e9v\u00e8re, les groupes arm\u00e9s s\u2019enhardissent, les opposants sont traqu\u00e9s\u00a0\u00bb. Une <a href=\"fr\/justice-reconciliation\/36038-exception-insecurite-elections-afrique-rdc.html\">\u00e9tude<\/a> \u00e9tay\u00e9e de la FIDH montre comment Kabila et ses milices fomentent l\u2019ins\u00e9curit\u00e9 notamment dans le Kassa\u00ef. R\u00e9sultat\u00a0: il y a peu de chances que l\u2019\u00e9lection, qui aurait d\u00fb avoir lieu \u00e0 l\u2019automne 2016, puisse \u00eatre organis\u00e9e en 2018.\u00a0<\/p>\n<h3>Mali<\/h3>\n<p>L\u2019universitaire fran\u00e7ais redoute que le Pr\u00e9sident congolais fasse des \u00e9mules au Cameroun ou au Mali et que leurs Pr\u00e9sidents en difficult\u00e9 se servent aussi du pr\u00e9texte de l\u2019ins\u00e9curit\u00e9.<\/p>\n<p>Au Mali, le Pr\u00e9sident a ainsi annonc\u00e9 une loi d\u2019amnistie, pr\u00e9sent\u00e9e comme une loi \u201cd\u2019entente nationale\u201d \u00e0 l\u2019occasion de ses voeux du Nouvel an mal accueillie par la soci\u00e9t\u00e9 civile. \u201cCe projet divise le pays et suscite des incompr\u00e9hensions\u201d, <a href=\"fr\/justice-reconciliation\/36050-mali-polemique-president-sidentielle-reconciliation.html\">\u00e9crit<\/a> le correspondant de JusticeInfo.net \u00e0 Bamako, Boubacar Sangar\u00e9, qui pr\u00e9cise : \u201cle chef de l\u2019Etat a beau affirmer que son initiative ne \u00ab\u00a0<em>ne constitue ni une prime \u00e0 l\u2019impunit\u00e9, ni un aveu de faiblesse\u00a0\u00bb<\/em><em><strong>\u00a0<\/strong>: <\/em>ses opposants trouvent le projet mal venu, surtout en cette p\u00e9riode d\u2019ins\u00e9curit\u00e9, en particulier dans le centre et le centre du pays\u201d. Ainsi, explique Andrew Lebovich, doctorant en histoire \u00e0 l\u2019universit\u00e9 de Columbia et fin observateur de la situation au Mali : <em>\u00ab\u00a0Tout le monde se demande pourquoi proposer une telle politique, et pourquoi maintenant, \u00e0 un moment ou sa position politique est plus menac\u00e9e qu'avant et o\u00f9 les doutes se propagent quant \u00e0 la tenue des \u00e9lections r\u00e9gionales, locales et pr\u00e9sidentielles\u00a0\u00bb<\/em>.<\/p>\n<h3>Burundi<\/h3>\n<p>Au Burundi, premier pays d\u2019Afrique \u00e0 s\u2019\u00eatre retir\u00e9 de la Cour P\u00e9nale Internationale, les crimes du r\u00e9gime se perp\u00e9tuent \u00e0 huis clos et l\u2019acc\u00e8s au pays ferm\u00e9 aux enqu\u00eateurs internationaux. Mais, selon Stella Ndirangu, une activiste kenyane, <a href=\"fr\/justice-reconciliation\/36053-cpi-enqu%C3%AAter-au-burundi-sera-%E2%80%9Cdifficile-mais-pas-impossible%E2%80%9D.html\">interview\u00e9e<\/a> par JusticeInfo.net, la justice internationale peut encore faire son travail. Mme Ndirangu explique : \u201cdepuis le d\u00e9but de la perp\u00e9tration de ces crimes, il y a eu une documentation aux fins d\u2019assurer que, m\u00eame \u00e0 l\u2019avenir, leurs auteurs en rendent compte. Deuxi\u00e8mement, plusieurs personnes ont d\u00fb quitter le Burundi pendant ces violations massives des droits de l\u2019homme. Ce sont donc des t\u00e9moins \u201d. Et d\u2019ajouter : \u201cla CPI devra mener son enqu\u00eate en grande partie en dehors du Burundi\u201d.\u00a0<\/p>\n<p>La sp\u00e9cialiste kenyane explique qu\u2019il faut \u201cmontrer que la justice internationale fonctionne et qu\u2019elle est importante et pr\u00e9sente pour essayer de juger les violations massives perp\u00e9tr\u00e9es en Afrique et ailleurs dans le monde\u201d.<\/p>\n<p>En Tunisie, seul pays arabe en transition, l\u2019histoire parait se <a href=\"fr\/justice-reconciliation\/36041-tunisie.html\">r\u00e9p\u00e9ter<\/a>. Ainsi, la m\u00eame semaine o\u00f9 l\u2019Instance V\u00e9rit\u00e9 et Dignit\u00e9 enqu\u00eatait sur les \u00e9meutes de la faim en 1984 sous Bourguiba le pays connaissait de nouveaux mouvements contre le rench\u00e9rissement de la vie. Olfa Belhassine notre correspondante \u00e0 Tunis, se demande : \u201cUn second janvier 1984 est-il envisageable aujourd\u2019hui\u00a0?\u201d<\/p>\n<p>\u00a0<\/p>\n<p><strong>\u00a0<\/strong><\/p>\n<p>\u00a0<\/p>\n","protected":false},"excerpt":{"rendered":"<p>Le juriste fran\u00e7ais et sp\u00e9cialiste de l'Afrique Didier Niewiadowski a choisi JusticeInfo pour exposer le concept d\u2019 \u00ab\u00a0exception d\u2019ins\u00e9curit\u00e9\u00a0\u00bb, pr\u00e9texte qui permet aux dictateurs africains de reporter ind\u00e9finiment les \u00e9lections. Le meilleur exemple\u00a0: Joseph Kabila en R\u00e9publique D\u00e9mocratique du Congo qui, selon Niewiadowski, \u00ab\u00a0utilise l\u2019exception d\u2019ins\u00e9curit\u00e9, avec cynisme et provocations\u00a0\u00bb. Et d\u2019expliquer\u00a0: \u00ab\u00a0son mandat pr\u00e9sidentiel [&hellip;]<\/p>\n","protected":false},"author":58,"featured_media":67964,"comment_status":"open","ping_status":"closed","sticky":false,"template":"","format":"standard","meta":{"_acf_changed":false,"footnotes":""},"categories":[575],"tags":[],"ji_location":[2566],"class_list":["post-36070","post","type-post","status-publish","format-standard","has-post-thumbnail","hentry","category-opinions","ji_location-international"],"acf":[],"yoast_head":"<!-- This site is optimized with the Yoast SEO Premium plugin v25.3.1 (Yoast SEO v25.3.1) - https:\/\/yoast.com\/wordpress\/plugins\/seo\/ -->\n<title>La semaine de la justice transitionnelle : &quot;exception d&#039;ins\u00e9curit\u00e9&quot; en RdCongo, craintes au Mali - JusticeInfo.net<\/title>\n<meta name=\"robots\" content=\"index, follow, max-snippet:-1, max-image-preview:large, max-video-preview:-1\" \/>\n<link rel=\"canonical\" href=\"https:\/\/www.justiceinfo.net\/fr\/36070-la-semaine-de-la-justice-transitionnelle-exception-d-insecurite-en-rdcongo-craintes-au-mali.html\" \/>\n<meta property=\"og:locale\" content=\"fr_FR\" \/>\n<meta property=\"og:type\" content=\"article\" \/>\n<meta property=\"og:title\" content=\"La semaine de la justice transitionnelle : &quot;exception d&#039;ins\u00e9curit\u00e9&quot; en RdCongo, craintes au Mali\" \/>\n<meta property=\"og:description\" content=\"Le juriste fran\u00e7ais et sp\u00e9cialiste de l&#039;Afrique Didier Niewiadowski a choisi JusticeInfo pour exposer le concept d\u2019 \u00ab\u00a0exception d\u2019ins\u00e9curit\u00e9\u00a0\u00bb, pr\u00e9texte qui permet aux dictateurs africains de reporter ind\u00e9finiment les \u00e9lections. Le meilleur exemple\u00a0: Joseph Kabila en R\u00e9publique D\u00e9mocratique du Congo qui, selon Niewiadowski, \u00ab\u00a0utilise l\u2019exception d\u2019ins\u00e9curit\u00e9, avec cynisme et provocations\u00a0\u00bb. Et d\u2019expliquer\u00a0: \u00ab\u00a0son mandat pr\u00e9sidentiel [&hellip;]\" \/>\n<meta property=\"og:url\" content=\"https:\/\/www.justiceinfo.net\/fr\/36070-la-semaine-de-la-justice-transitionnelle-exception-d-insecurite-en-rdcongo-craintes-au-mali.html\" \/>\n<meta property=\"og:site_name\" content=\"JusticeInfo.net\" \/>\n<meta property=\"article:publisher\" content=\"https:\/\/www.facebook.com\/JusticeInfo\/\" \/>\n<meta property=\"article:author\" content=\"https:\/\/www.facebook.com\/profile.php?id=100004809918727\" \/>\n<meta property=\"article:published_time\" content=\"2018-01-14T14:27:56+00:00\" \/>\n<meta property=\"og:image\" content=\"https:\/\/www.justiceinfo.net\/wp-content\/uploads\/7d30215fd9b629482539ed64c924f612-scaled.jpg\" \/>\n\t<meta property=\"og:image:width\" content=\"2560\" \/>\n\t<meta property=\"og:image:height\" content=\"1707\" \/>\n\t<meta property=\"og:image:type\" content=\"image\/jpeg\" \/>\n<meta name=\"author\" content=\"Fran\u00e7ois Sergent\" \/>\n<meta name=\"twitter:card\" content=\"summary_large_image\" \/>\n<meta name=\"twitter:creator\" content=\"@FrancoisSergent\" \/>\n<meta name=\"twitter:site\" content=\"@justiceinfonet\" \/>\n<meta name=\"twitter:label1\" content=\"\u00c9crit par\" \/>\n\t<meta name=\"twitter:data1\" content=\"Fran\u00e7ois Sergent\" \/>\n\t<meta name=\"twitter:label2\" content=\"Dur\u00e9e de lecture estim\u00e9e\" \/>\n\t<meta name=\"twitter:data2\" content=\"3 minutes\" \/>\n<script type=\"application\/ld+json\" class=\"yoast-schema-graph\">{\"@context\":\"https:\/\/schema.org\",\"@graph\":[{\"@type\":\"NewsArticle\",\"@id\":\"https:\/\/www.justiceinfo.net\/fr\/36070-la-semaine-de-la-justice-transitionnelle-exception-d-insecurite-en-rdcongo-craintes-au-mali.html#article\",\"isPartOf\":{\"@id\":\"https:\/\/www.justiceinfo.net\/fr\/36070-la-semaine-de-la-justice-transitionnelle-exception-d-insecurite-en-rdcongo-craintes-au-mali.html\"},\"author\":{\"name\":\"fsergent\",\"@id\":\"https:\/\/www.justiceinfo.net\/fr#\/schema\/person\/724414fc3a7779fc189a73a27563e5e1\"},\"headline\":\"La semaine de la justice transitionnelle : \\\"exception d'ins\u00e9curit\u00e9\\\" en RdCongo, craintes au Mali\",\"datePublished\":\"2018-01-14T14:27:56+00:00\",\"mainEntityOfPage\":{\"@id\":\"https:\/\/www.justiceinfo.net\/fr\/36070-la-semaine-de-la-justice-transitionnelle-exception-d-insecurite-en-rdcongo-craintes-au-mali.html\"},\"wordCount\":663,\"commentCount\":0,\"publisher\":{\"@id\":\"https:\/\/www.justiceinfo.net\/fr#organization\"},\"image\":{\"@id\":\"https:\/\/www.justiceinfo.net\/fr\/36070-la-semaine-de-la-justice-transitionnelle-exception-d-insecurite-en-rdcongo-craintes-au-mali.html#primaryimage\"},\"thumbnailUrl\":\"https:\/\/www.justiceinfo.net\/wp-content\/uploads\/7d30215fd9b629482539ed64c924f612-scaled.jpg\",\"articleSection\":[\"Opinions\"],\"inLanguage\":\"fr-FR\",\"potentialAction\":[{\"@type\":\"CommentAction\",\"name\":\"Comment\",\"target\":[\"https:\/\/www.justiceinfo.net\/fr\/36070-la-semaine-de-la-justice-transitionnelle-exception-d-insecurite-en-rdcongo-craintes-au-mali.html#respond\"]}]},{\"@type\":\"WebPage\",\"@id\":\"https:\/\/www.justiceinfo.net\/fr\/36070-la-semaine-de-la-justice-transitionnelle-exception-d-insecurite-en-rdcongo-craintes-au-mali.html\",\"url\":\"https:\/\/www.justiceinfo.net\/fr\/36070-la-semaine-de-la-justice-transitionnelle-exception-d-insecurite-en-rdcongo-craintes-au-mali.html\",\"name\":\"La semaine de la justice transitionnelle : \\\"exception d'ins\u00e9curit\u00e9\\\" en RdCongo, craintes au Mali - JusticeInfo.net\",\"isPartOf\":{\"@id\":\"https:\/\/www.justiceinfo.net\/fr#website\"},\"primaryImageOfPage\":{\"@id\":\"https:\/\/www.justiceinfo.net\/fr\/36070-la-semaine-de-la-justice-transitionnelle-exception-d-insecurite-en-rdcongo-craintes-au-mali.html#primaryimage\"},\"image\":{\"@id\":\"https:\/\/www.justiceinfo.net\/fr\/36070-la-semaine-de-la-justice-transitionnelle-exception-d-insecurite-en-rdcongo-craintes-au-mali.html#primaryimage\"},\"thumbnailUrl\":\"https:\/\/www.justiceinfo.net\/wp-content\/uploads\/7d30215fd9b629482539ed64c924f612-scaled.jpg\",\"datePublished\":\"2018-01-14T14:27:56+00:00\",\"breadcrumb\":{\"@id\":\"https:\/\/www.justiceinfo.net\/fr\/36070-la-semaine-de-la-justice-transitionnelle-exception-d-insecurite-en-rdcongo-craintes-au-mali.html#breadcrumb\"},\"inLanguage\":\"fr-FR\",\"potentialAction\":[{\"@type\":\"ReadAction\",\"target\":[\"https:\/\/www.justiceinfo.net\/fr\/36070-la-semaine-de-la-justice-transitionnelle-exception-d-insecurite-en-rdcongo-craintes-au-mali.html\"]}]},{\"@type\":\"ImageObject\",\"inLanguage\":\"fr-FR\",\"@id\":\"https:\/\/www.justiceinfo.net\/fr\/36070-la-semaine-de-la-justice-transitionnelle-exception-d-insecurite-en-rdcongo-craintes-au-mali.html#primaryimage\",\"url\":\"https:\/\/www.justiceinfo.net\/wp-content\/uploads\/7d30215fd9b629482539ed64c924f612-scaled.jpg\",\"contentUrl\":\"https:\/\/www.justiceinfo.net\/wp-content\/uploads\/7d30215fd9b629482539ed64c924f612-scaled.jpg\",\"width\":2560,\"height\":1707},{\"@type\":\"BreadcrumbList\",\"@id\":\"https:\/\/www.justiceinfo.net\/fr\/36070-la-semaine-de-la-justice-transitionnelle-exception-d-insecurite-en-rdcongo-craintes-au-mali.html#breadcrumb\",\"itemListElement\":[{\"@type\":\"ListItem\",\"position\":1,\"name\":\"Home\",\"item\":\"https:\/\/www.justiceinfo.net\/fr\"},{\"@type\":\"ListItem\",\"position\":2,\"name\":\"La semaine de la justice transitionnelle : \\\"exception d'ins\u00e9curit\u00e9\\\" en RdCongo, craintes au Mali\"}]},{\"@type\":\"WebSite\",\"@id\":\"https:\/\/www.justiceinfo.net\/fr#website\",\"url\":\"https:\/\/www.justiceinfo.net\/fr\",\"name\":\"JusticeInfo.net\",\"description\":\"La justice doit \u00eatre vue pour \u00eatre rendue\",\"publisher\":{\"@id\":\"https:\/\/www.justiceinfo.net\/fr#organization\"},\"potentialAction\":[{\"@type\":\"SearchAction\",\"target\":{\"@type\":\"EntryPoint\",\"urlTemplate\":\"https:\/\/www.justiceinfo.net\/fr?s={search_term_string}\"},\"query-input\":{\"@type\":\"PropertyValueSpecification\",\"valueRequired\":true,\"valueName\":\"search_term_string\"}}],\"inLanguage\":\"fr-FR\"},{\"@type\":\"Organization\",\"@id\":\"https:\/\/www.justiceinfo.net\/fr#organization\",\"name\":\"Justice Info\",\"url\":\"https:\/\/www.justiceinfo.net\/fr\",\"logo\":{\"@type\":\"ImageObject\",\"inLanguage\":\"fr-FR\",\"@id\":\"https:\/\/www.justiceinfo.net\/fr#\/schema\/logo\/image\/\",\"url\":\"https:\/\/www.justiceinfo.net\/wp-content\/uploads\/justiceinfo_logo-trans_1200x1200px.png\",\"contentUrl\":\"https:\/\/www.justiceinfo.net\/wp-content\/uploads\/justiceinfo_logo-trans_1200x1200px.png\",\"width\":1199,\"height\":1200,\"caption\":\"Justice Info\"},\"image\":{\"@id\":\"https:\/\/www.justiceinfo.net\/fr#\/schema\/logo\/image\/\"},\"sameAs\":[\"https:\/\/www.facebook.com\/JusticeInfo\/\",\"https:\/\/x.com\/justiceinfonet\",\"https:\/\/www.linkedin.com\/company\/justice-info\",\"https:\/\/www.youtube.com\/channel\/UCyCEsARodyuWtkWyhn-e7pA\"]},{\"@type\":\"Person\",\"name\":\"Fran\u00e7ois Sergent\",\"sameAs\":[\"https:\/\/www.facebook.com\/profile.php?id=100004809918727\",\"https:\/\/x.com\/FrancoisSergent\"],\"url\":\"https:\/\/www.justiceinfo.net\/fr\/auteur\/fsergent\"}]}<\/script>\n<!-- \/ Yoast SEO Premium plugin. -->","yoast_head_json":{"title":"La semaine de la justice transitionnelle : \"exception d'ins\u00e9curit\u00e9\" en RdCongo, craintes au Mali - JusticeInfo.net","robots":{"index":"index","follow":"follow","max-snippet":"max-snippet:-1","max-image-preview":"max-image-preview:large","max-video-preview":"max-video-preview:-1"},"canonical":"https:\/\/www.justiceinfo.net\/fr\/36070-la-semaine-de-la-justice-transitionnelle-exception-d-insecurite-en-rdcongo-craintes-au-mali.html","og_locale":"fr_FR","og_type":"article","og_title":"La semaine de la justice transitionnelle : \"exception d'ins\u00e9curit\u00e9\" en RdCongo, craintes au Mali","og_description":"Le juriste fran\u00e7ais et sp\u00e9cialiste de l'Afrique Didier Niewiadowski a choisi JusticeInfo pour exposer le concept d\u2019 \u00ab\u00a0exception d\u2019ins\u00e9curit\u00e9\u00a0\u00bb, pr\u00e9texte qui permet aux dictateurs africains de reporter ind\u00e9finiment les \u00e9lections. Le meilleur exemple\u00a0: Joseph Kabila en R\u00e9publique D\u00e9mocratique du Congo qui, selon Niewiadowski, \u00ab\u00a0utilise l\u2019exception d\u2019ins\u00e9curit\u00e9, avec cynisme et provocations\u00a0\u00bb. Et d\u2019expliquer\u00a0: \u00ab\u00a0son mandat pr\u00e9sidentiel [&hellip;]","og_url":"https:\/\/www.justiceinfo.net\/fr\/36070-la-semaine-de-la-justice-transitionnelle-exception-d-insecurite-en-rdcongo-craintes-au-mali.html","og_site_name":"JusticeInfo.net","article_publisher":"https:\/\/www.facebook.com\/JusticeInfo\/","article_author":"https:\/\/www.facebook.com\/profile.php?id=100004809918727","article_published_time":"2018-01-14T14:27:56+00:00","og_image":[{"width":2560,"height":1707,"url":"https:\/\/www.justiceinfo.net\/wp-content\/uploads\/7d30215fd9b629482539ed64c924f612-scaled.jpg","type":"image\/jpeg"}],"author":"Fran\u00e7ois Sergent","twitter_card":"summary_large_image","twitter_creator":"@FrancoisSergent","twitter_site":"@justiceinfonet","twitter_misc":{"\u00c9crit par":"Fran\u00e7ois Sergent","Dur\u00e9e de lecture estim\u00e9e":"3 minutes"},"schema":{"@context":"https:\/\/schema.org","@graph":[{"@type":"NewsArticle","@id":"https:\/\/www.justiceinfo.net\/fr\/36070-la-semaine-de-la-justice-transitionnelle-exception-d-insecurite-en-rdcongo-craintes-au-mali.html#article","isPartOf":{"@id":"https:\/\/www.justiceinfo.net\/fr\/36070-la-semaine-de-la-justice-transitionnelle-exception-d-insecurite-en-rdcongo-craintes-au-mali.html"},"author":{"name":"fsergent","@id":"https:\/\/www.justiceinfo.net\/fr#\/schema\/person\/724414fc3a7779fc189a73a27563e5e1"},"headline":"La semaine de la justice transitionnelle : \"exception d'ins\u00e9curit\u00e9\" en RdCongo, craintes au Mali","datePublished":"2018-01-14T14:27:56+00:00","mainEntityOfPage":{"@id":"https:\/\/www.justiceinfo.net\/fr\/36070-la-semaine-de-la-justice-transitionnelle-exception-d-insecurite-en-rdcongo-craintes-au-mali.html"},"wordCount":663,"commentCount":0,"publisher":{"@id":"https:\/\/www.justiceinfo.net\/fr#organization"},"image":{"@id":"https:\/\/www.justiceinfo.net\/fr\/36070-la-semaine-de-la-justice-transitionnelle-exception-d-insecurite-en-rdcongo-craintes-au-mali.html#primaryimage"},"thumbnailUrl":"https:\/\/www.justiceinfo.net\/wp-content\/uploads\/7d30215fd9b629482539ed64c924f612-scaled.jpg","articleSection":["Opinions"],"inLanguage":"fr-FR","potentialAction":[{"@type":"CommentAction","name":"Comment","target":["https:\/\/www.justiceinfo.net\/fr\/36070-la-semaine-de-la-justice-transitionnelle-exception-d-insecurite-en-rdcongo-craintes-au-mali.html#respond"]}]},{"@type":"WebPage","@id":"https:\/\/www.justiceinfo.net\/fr\/36070-la-semaine-de-la-justice-transitionnelle-exception-d-insecurite-en-rdcongo-craintes-au-mali.html","url":"https:\/\/www.justiceinfo.net\/fr\/36070-la-semaine-de-la-justice-transitionnelle-exception-d-insecurite-en-rdcongo-craintes-au-mali.html","name":"La semaine de la justice transitionnelle : \"exception d'ins\u00e9curit\u00e9\" en RdCongo, craintes au Mali - JusticeInfo.net","isPartOf":{"@id":"https:\/\/www.justiceinfo.net\/fr#website"},"primaryImageOfPage":{"@id":"https:\/\/www.justiceinfo.net\/fr\/36070-la-semaine-de-la-justice-transitionnelle-exception-d-insecurite-en-rdcongo-craintes-au-mali.html#primaryimage"},"image":{"@id":"https:\/\/www.justiceinfo.net\/fr\/36070-la-semaine-de-la-justice-transitionnelle-exception-d-insecurite-en-rdcongo-craintes-au-mali.html#primaryimage"},"thumbnailUrl":"https:\/\/www.justiceinfo.net\/wp-content\/uploads\/7d30215fd9b629482539ed64c924f612-scaled.jpg","datePublished":"2018-01-14T14:27:56+00:00","breadcrumb":{"@id":"https:\/\/www.justiceinfo.net\/fr\/36070-la-semaine-de-la-justice-transitionnelle-exception-d-insecurite-en-rdcongo-craintes-au-mali.html#breadcrumb"},"inLanguage":"fr-FR","potentialAction":[{"@type":"ReadAction","target":["https:\/\/www.justiceinfo.net\/fr\/36070-la-semaine-de-la-justice-transitionnelle-exception-d-insecurite-en-rdcongo-craintes-au-mali.html"]}]},{"@type":"ImageObject","inLanguage":"fr-FR","@id":"https:\/\/www.justiceinfo.net\/fr\/36070-la-semaine-de-la-justice-transitionnelle-exception-d-insecurite-en-rdcongo-craintes-au-mali.html#primaryimage","url":"https:\/\/www.justiceinfo.net\/wp-content\/uploads\/7d30215fd9b629482539ed64c924f612-scaled.jpg","contentUrl":"https:\/\/www.justiceinfo.net\/wp-content\/uploads\/7d30215fd9b629482539ed64c924f612-scaled.jpg","width":2560,"height":1707},{"@type":"BreadcrumbList","@id":"https:\/\/www.justiceinfo.net\/fr\/36070-la-semaine-de-la-justice-transitionnelle-exception-d-insecurite-en-rdcongo-craintes-au-mali.html#breadcrumb","itemListElement":[{"@type":"ListItem","position":1,"name":"Home","item":"https:\/\/www.justiceinfo.net\/fr"},{"@type":"ListItem","position":2,"name":"La semaine de la justice transitionnelle : \"exception d'ins\u00e9curit\u00e9\" en RdCongo, craintes au Mali"}]},{"@type":"WebSite","@id":"https:\/\/www.justiceinfo.net\/fr#website","url":"https:\/\/www.justiceinfo.net\/fr","name":"JusticeInfo.net","description":"La justice doit \u00eatre vue pour \u00eatre rendue","publisher":{"@id":"https:\/\/www.justiceinfo.net\/fr#organization"},"potentialAction":[{"@type":"SearchAction","target":{"@type":"EntryPoint","urlTemplate":"https:\/\/www.justiceinfo.net\/fr?s={search_term_string}"},"query-input":{"@type":"PropertyValueSpecification","valueRequired":true,"valueName":"search_term_string"}}],"inLanguage":"fr-FR"},{"@type":"Organization","@id":"https:\/\/www.justiceinfo.net\/fr#organization","name":"Justice Info","url":"https:\/\/www.justiceinfo.net\/fr","logo":{"@type":"ImageObject","inLanguage":"fr-FR","@id":"https:\/\/www.justiceinfo.net\/fr#\/schema\/logo\/image\/","url":"https:\/\/www.justiceinfo.net\/wp-content\/uploads\/justiceinfo_logo-trans_1200x1200px.png","contentUrl":"https:\/\/www.justiceinfo.net\/wp-content\/uploads\/justiceinfo_logo-trans_1200x1200px.png","width":1199,"height":1200,"caption":"Justice Info"},"image":{"@id":"https:\/\/www.justiceinfo.net\/fr#\/schema\/logo\/image\/"},"sameAs":["https:\/\/www.facebook.com\/JusticeInfo\/","https:\/\/x.com\/justiceinfonet","https:\/\/www.linkedin.com\/company\/justice-info","https:\/\/www.youtube.com\/channel\/UCyCEsARodyuWtkWyhn-e7pA"]},{"@type":"Person","name":"Fran\u00e7ois Sergent","sameAs":["https:\/\/www.facebook.com\/profile.php?id=100004809918727","https:\/\/x.com\/FrancoisSergent"],"url":"https:\/\/www.justiceinfo.net\/fr\/auteur\/fsergent"}]}},"_links":{"self":[{"href":"https:\/\/www.justiceinfo.net\/fr\/wp-json\/wp\/v2\/posts\/36070","targetHints":{"allow":["GET"]}}],"collection":[{"href":"https:\/\/www.justiceinfo.net\/fr\/wp-json\/wp\/v2\/posts"}],"about":[{"href":"https:\/\/www.justiceinfo.net\/fr\/wp-json\/wp\/v2\/types\/post"}],"author":[{"embeddable":true,"href":"https:\/\/www.justiceinfo.net\/fr\/wp-json\/wp\/v2\/users\/58"}],"replies":[{"embeddable":true,"href":"https:\/\/www.justiceinfo.net\/fr\/wp-json\/wp\/v2\/comments?post=36070"}],"version-history":[{"count":0,"href":"https:\/\/www.justiceinfo.net\/fr\/wp-json\/wp\/v2\/posts\/36070\/revisions"}],"wp:featuredmedia":[{"embeddable":true,"href":"https:\/\/www.justiceinfo.net\/fr\/wp-json\/wp\/v2\/media\/67964"}],"wp:attachment":[{"href":"https:\/\/www.justiceinfo.net\/fr\/wp-json\/wp\/v2\/media?parent=36070"}],"wp:term":[{"taxonomy":"category","embeddable":true,"href":"https:\/\/www.justiceinfo.net\/fr\/wp-json\/wp\/v2\/categories?post=36070"},{"taxonomy":"post_tag","embeddable":true,"href":"https:\/\/www.justiceinfo.net\/fr\/wp-json\/wp\/v2\/tags?post=36070"},{"taxonomy":"ji_location","embeddable":true,"href":"https:\/\/www.justiceinfo.net\/fr\/wp-json\/wp\/v2\/ji_location?post=36070"}],"curies":[{"name":"wp","href":"https:\/\/api.w.org\/{rel}","templated":true}]}}