{"id":3609,"date":"2008-03-28T05:02:48","date_gmt":"2008-03-28T04:02:48","guid":{"rendered":"https:\/\/www.justiceinfo.net\/3609-270308-tpirkayishema-le-procureur-demande-quun-accuse-en-fuite-soit-defendu-par-un-avocat399.html"},"modified":"2008-03-28T05:02:48","modified_gmt":"2008-03-28T04:02:48","slug":"270308-tpirkayishema-le-procureur-demande-quun-accuse-en-fuite-soit-defendu-par-un-avocat399","status":"publish","type":"post","link":"https:\/\/www.justiceinfo.net\/fr\/3609-270308-tpirkayishema-le-procureur-demande-quun-accuse-en-fuite-soit-defendu-par-un-avocat399.html","title":{"rendered":"27.03.08 - TPIR\/KAYISHEMA  - LE PROCUREUR DEMANDE QU'UN ACCUSE EN FUITE SOIT DEFENDU PAR UN AVOCAT"},"content":{"rendered":"<p  >\nArusha, 27 mars 2008 (FH) - Le procureur au Tribunal p\u00e9nal international pour le Rwanda (TPIR) a demand\u00e9 aux juges d\u2019ordonner l\u2019assignation d\u2019un avocat \u00e0 un accus\u00e9 en fuite, Fulgence Kayishema, pour que l\u2019examen de la demande visant \u00e0 le transf\u00e9rer vers la justice rwandaise puisse se faire dans des conditions \u00e9quitables, a-t-on appris de source officielle jeudi.<br \/>\n\u00ab Le procureur a demand\u00e9 \u00e0 la chambre d\u2019ordonner qu\u2019un conseil soit assign\u00e9 \u00bb, a indiqu\u00e9 jeudi \u00e0 l\u2019agence Hirondelle, le porte-parole du tribunal, Roland Amoussouga.\n<\/p>\n<p><!--more--><\/p>\n<p  >\nLe r\u00e8glement du TPIR ne fait pas obligation au greffe de commettre d\u2019office un avocat pour un accus\u00e9 qui n\u2019est pas sous la garde du tribunal, a rappel\u00e9 Amoussouga, soulignant cependant que si une d\u00e9cision est rendue dans ce sens, \u00ab le greffe ex\u00e9cutera \u00bb.<br \/>\nAncien inspecteur de police judiciaire \u00e0 Kibuye, dans l\u2019ouest du Rwanda, Kayishema fait partie des cinq inculp\u00e9s pour lesquels le procureur Hassan Bubacar Jallow a d\u00e9pos\u00e9 des demandes de renvoi devant les tribunaux rwandais.<br \/>\nA la diff\u00e9rence de Kayishema, les quatre autres se trouvent d\u00e9j\u00e0 entre les mains du tribunal et ont, par cons\u00e9quent, des avocats qui d\u00e9fendent leurs int\u00e9r\u00eats dans cette proc\u00e9dure.<br \/>\nL\u2019ex-inspecteur de police judiciaire est notamment accus\u00e9 d'avoir conspir\u00e9 avec d'autres, dont l'abb\u00e9 Athanase Seromba condamn\u00e9 \u00e0 la prison \u00e0 vie, pour pr\u00e9parer et mettre en oeuvre un plan d'extermination de la population tutsie \u00e0 Kivumu et ailleurs dans la pr\u00e9fecture de Kibuye.<br \/>\nLe procureur soutient que dans la mise en oeuvre de ce plan, des milliers de Tutsis, dont ceux qui avaient cherch\u00e9 refuge \u00e0 l'\u00e9glise paroissiale de Nyange (situ\u00e9e dans la pr\u00e9fecture de Kibuye), ont \u00e9t\u00e9 tu\u00e9s en 1994.<br \/>\nLes transferts de certains accus\u00e9s devant des juridictions nationales, y compris celles du Rwanda, font partie de la strat\u00e9gie de fin de mandat du TPIR qui doit terminer d'ici la fin de l\u2019ann\u00e9e les proc\u00e8s en premi\u00e8re instance.<br \/>\nMais aucune d\u00e9cision judicaire n\u2019a encore \u00e9t\u00e9 rendue sur aucune des cinq requ\u00eates alors que le procureur envisage d\u2019en d\u00e9poser d\u2019autres.<br \/>\nPremi\u00e8re du genre dans l\u2019histoire du TPIR, la requ\u00eate concernant Kayishema a \u00e9t\u00e9 d\u00e9pos\u00e9e le 11 juin 2007. La chambre charg\u00e9e de l\u2019examiner est compos\u00e9e des juges In\u00e9s Weinberg de Roca (pr\u00e9sident), Lee Gacuiga Muthoga et Robert Fremr.<br \/>\nDans une proc\u00e9dure similaire, celle concernant l\u2019ex-homme d\u2019affaires Yussuf Munyakazi, il est pr\u00e9vu, le 24 avril prochain, devant cette m\u00eame composition de juges, le premier d\u00e9bat public sur une demande de transfert au Rwanda d\u2019un accus\u00e9 du TPIR.<br \/>\nLors de cette audience tr\u00e8s attendue, la chambre entendra le procureur et la d\u00e9fense mais aussi le gouvernement rwandais, le barreau de Kigali, l\u2019organisation internationale de d\u00e9fense des droits de l\u2019homme, Human Rights watch (HRW) ainsi que l\u2019Association internationale des avocats de la d\u00e9fense (International criminal defence attorneys association) qui interviendront en tant qu\u2019amis de la cour (amicus curiae).<br \/>\nLa d\u00e9cision qui sera rendue par la chambre est susceptible d\u2019appel par l\u2019une ou l\u2019autre des deux parties.<br \/>\nEn plus de Kayishema et Munyakazi, les autres accus\u00e9s vis\u00e9s par des demandes de renvoi devant les tribunaux rwandais sont le lieutenant Ildephonse Hategekimana, l\u2019ex-homme d\u2019affaires Gaspard Kanyarukiga et l\u2019ancien maire Jean- Baptiste Gatete<br \/>\nER\/PB\/GF<\/p>\n","protected":false},"excerpt":{"rendered":"<p>Arusha, 27 mars 2008 (FH) - Le procureur au Tribunal p\u00e9nal international pour le Rwanda (TPIR) a demand\u00e9 aux juges d\u2019ordonner l\u2019assignation d\u2019un avocat \u00e0 un accus\u00e9 en fuite, Fulgence Kayishema, pour que l\u2019examen de la demande visant \u00e0 le transf\u00e9rer vers la justice rwandaise puisse se faire dans des conditions \u00e9quitables, a-t-on appris de [&hellip;]<\/p>\n","protected":false},"author":64,"featured_media":0,"comment_status":"open","ping_status":"closed","sticky":false,"template":"","format":"standard","meta":{"_acf_changed":false,"footnotes":""},"categories":[554],"tags":[],"ji_location":[],"class_list":["post-3609","post","type-post","status-publish","format-standard","hentry","category-hirondellenews"],"acf":[],"yoast_head":"<!-- This site is optimized with the Yoast SEO Premium plugin v25.3.1 (Yoast SEO v25.3.1) - https:\/\/yoast.com\/wordpress\/plugins\/seo\/ -->\n<title>27.03.08 - TPIR\/KAYISHEMA - LE PROCUREUR DEMANDE QU&#039;UN ACCUSE EN FUITE SOIT DEFENDU PAR UN AVOCAT - JusticeInfo.net<\/title>\n<meta name=\"robots\" content=\"index, follow, max-snippet:-1, max-image-preview:large, max-video-preview:-1\" \/>\n<link rel=\"canonical\" href=\"https:\/\/www.justiceinfo.net\/fr\/3609-270308-tpirkayishema-le-procureur-demande-quun-accuse-en-fuite-soit-defendu-par-un-avocat399.html\" \/>\n<meta property=\"og:locale\" content=\"fr_FR\" \/>\n<meta property=\"og:type\" content=\"article\" \/>\n<meta property=\"og:title\" content=\"27.03.08 - TPIR\/KAYISHEMA - LE PROCUREUR DEMANDE QU&#039;UN ACCUSE EN FUITE SOIT DEFENDU PAR UN AVOCAT\" \/>\n<meta property=\"og:description\" content=\"Arusha, 27 mars 2008 (FH) - Le procureur au Tribunal p\u00e9nal international pour le Rwanda (TPIR) a demand\u00e9 aux juges d\u2019ordonner l\u2019assignation d\u2019un avocat \u00e0 un accus\u00e9 en fuite, Fulgence Kayishema, pour que l\u2019examen de la demande visant \u00e0 le transf\u00e9rer vers la justice rwandaise puisse se faire dans des conditions \u00e9quitables, a-t-on appris de [&hellip;]\" \/>\n<meta property=\"og:url\" content=\"https:\/\/www.justiceinfo.net\/fr\/3609-270308-tpirkayishema-le-procureur-demande-quun-accuse-en-fuite-soit-defendu-par-un-avocat399.html\" \/>\n<meta property=\"og:site_name\" content=\"JusticeInfo.net\" \/>\n<meta property=\"article:publisher\" content=\"https:\/\/www.facebook.com\/JusticeInfo\/\" \/>\n<meta property=\"article:published_time\" content=\"2008-03-28T04:02:48+00:00\" \/>\n<meta property=\"og:image\" content=\"https:\/\/www.justiceinfo.net\/wp-content\/uploads\/JusticeInfoNet_logo_1200x630px.jpg\" \/>\n\t<meta property=\"og:image:width\" content=\"1200\" \/>\n\t<meta property=\"og:image:height\" content=\"630\" \/>\n\t<meta property=\"og:image:type\" content=\"image\/jpeg\" \/>\n<meta name=\"author\" content=\"solivri\" \/>\n<meta name=\"twitter:card\" content=\"summary_large_image\" \/>\n<meta name=\"twitter:creator\" content=\"@justiceinfonet\" \/>\n<meta name=\"twitter:site\" content=\"@justiceinfonet\" \/>\n<meta name=\"twitter:label1\" content=\"\u00c9crit par\" \/>\n\t<meta name=\"twitter:data1\" content=\"solivri\" \/>\n\t<meta name=\"twitter:label2\" content=\"Dur\u00e9e de lecture estim\u00e9e\" \/>\n\t<meta name=\"twitter:data2\" content=\"3 minutes\" \/>\n<script type=\"application\/ld+json\" class=\"yoast-schema-graph\">{\"@context\":\"https:\/\/schema.org\",\"@graph\":[{\"@type\":\"NewsArticle\",\"@id\":\"https:\/\/www.justiceinfo.net\/fr\/3609-270308-tpirkayishema-le-procureur-demande-quun-accuse-en-fuite-soit-defendu-par-un-avocat399.html#article\",\"isPartOf\":{\"@id\":\"https:\/\/www.justiceinfo.net\/fr\/3609-270308-tpirkayishema-le-procureur-demande-quun-accuse-en-fuite-soit-defendu-par-un-avocat399.html\"},\"author\":{\"name\":\"solivri\",\"@id\":\"https:\/\/www.justiceinfo.net\/fr#\/schema\/person\/6e53cba1629e2e66f3fc1821d3091865\"},\"headline\":\"27.03.08 - TPIR\/KAYISHEMA - LE PROCUREUR DEMANDE QU'UN ACCUSE EN FUITE SOIT DEFENDU PAR UN AVOCAT\",\"datePublished\":\"2008-03-28T04:02:48+00:00\",\"mainEntityOfPage\":{\"@id\":\"https:\/\/www.justiceinfo.net\/fr\/3609-270308-tpirkayishema-le-procureur-demande-quun-accuse-en-fuite-soit-defendu-par-un-avocat399.html\"},\"wordCount\":602,\"commentCount\":0,\"publisher\":{\"@id\":\"https:\/\/www.justiceinfo.net\/fr#organization\"},\"articleSection\":[\"Hirondelle News\"],\"inLanguage\":\"fr-FR\",\"potentialAction\":[{\"@type\":\"CommentAction\",\"name\":\"Comment\",\"target\":[\"https:\/\/www.justiceinfo.net\/fr\/3609-270308-tpirkayishema-le-procureur-demande-quun-accuse-en-fuite-soit-defendu-par-un-avocat399.html#respond\"]}]},{\"@type\":\"WebPage\",\"@id\":\"https:\/\/www.justiceinfo.net\/fr\/3609-270308-tpirkayishema-le-procureur-demande-quun-accuse-en-fuite-soit-defendu-par-un-avocat399.html\",\"url\":\"https:\/\/www.justiceinfo.net\/fr\/3609-270308-tpirkayishema-le-procureur-demande-quun-accuse-en-fuite-soit-defendu-par-un-avocat399.html\",\"name\":\"27.03.08 - TPIR\/KAYISHEMA - LE PROCUREUR DEMANDE QU'UN ACCUSE EN FUITE SOIT DEFENDU PAR UN AVOCAT - JusticeInfo.net\",\"isPartOf\":{\"@id\":\"https:\/\/www.justiceinfo.net\/fr#website\"},\"datePublished\":\"2008-03-28T04:02:48+00:00\",\"breadcrumb\":{\"@id\":\"https:\/\/www.justiceinfo.net\/fr\/3609-270308-tpirkayishema-le-procureur-demande-quun-accuse-en-fuite-soit-defendu-par-un-avocat399.html#breadcrumb\"},\"inLanguage\":\"fr-FR\",\"potentialAction\":[{\"@type\":\"ReadAction\",\"target\":[\"https:\/\/www.justiceinfo.net\/fr\/3609-270308-tpirkayishema-le-procureur-demande-quun-accuse-en-fuite-soit-defendu-par-un-avocat399.html\"]}]},{\"@type\":\"BreadcrumbList\",\"@id\":\"https:\/\/www.justiceinfo.net\/fr\/3609-270308-tpirkayishema-le-procureur-demande-quun-accuse-en-fuite-soit-defendu-par-un-avocat399.html#breadcrumb\",\"itemListElement\":[{\"@type\":\"ListItem\",\"position\":1,\"name\":\"Home\",\"item\":\"https:\/\/www.justiceinfo.net\/fr\"},{\"@type\":\"ListItem\",\"position\":2,\"name\":\"27.03.08 - TPIR\/KAYISHEMA - LE PROCUREUR DEMANDE QU'UN ACCUSE EN FUITE SOIT DEFENDU PAR UN AVOCAT\"}]},{\"@type\":\"WebSite\",\"@id\":\"https:\/\/www.justiceinfo.net\/fr#website\",\"url\":\"https:\/\/www.justiceinfo.net\/fr\",\"name\":\"JusticeInfo.net\",\"description\":\"La justice doit \u00eatre vue pour \u00eatre rendue\",\"publisher\":{\"@id\":\"https:\/\/www.justiceinfo.net\/fr#organization\"},\"potentialAction\":[{\"@type\":\"SearchAction\",\"target\":{\"@type\":\"EntryPoint\",\"urlTemplate\":\"https:\/\/www.justiceinfo.net\/fr?s={search_term_string}\"},\"query-input\":{\"@type\":\"PropertyValueSpecification\",\"valueRequired\":true,\"valueName\":\"search_term_string\"}}],\"inLanguage\":\"fr-FR\"},{\"@type\":\"Organization\",\"@id\":\"https:\/\/www.justiceinfo.net\/fr#organization\",\"name\":\"Justice Info\",\"url\":\"https:\/\/www.justiceinfo.net\/fr\",\"logo\":{\"@type\":\"ImageObject\",\"inLanguage\":\"fr-FR\",\"@id\":\"https:\/\/www.justiceinfo.net\/fr#\/schema\/logo\/image\/\",\"url\":\"https:\/\/www.justiceinfo.net\/wp-content\/uploads\/justiceinfo_logo-trans_1200x1200px.png\",\"contentUrl\":\"https:\/\/www.justiceinfo.net\/wp-content\/uploads\/justiceinfo_logo-trans_1200x1200px.png\",\"width\":1199,\"height\":1200,\"caption\":\"Justice Info\"},\"image\":{\"@id\":\"https:\/\/www.justiceinfo.net\/fr#\/schema\/logo\/image\/\"},\"sameAs\":[\"https:\/\/www.facebook.com\/JusticeInfo\/\",\"https:\/\/x.com\/justiceinfonet\",\"https:\/\/www.linkedin.com\/company\/justice-info\",\"https:\/\/www.youtube.com\/channel\/UCyCEsARodyuWtkWyhn-e7pA\"]},{\"@type\":\"Person\",\"name\":\"solivri\",\"url\":\"\/fr\/?s=solivri\"}]}<\/script>\n<!-- \/ Yoast SEO Premium plugin. -->","yoast_head_json":{"title":"27.03.08 - TPIR\/KAYISHEMA - LE PROCUREUR DEMANDE QU'UN ACCUSE EN FUITE SOIT DEFENDU PAR UN AVOCAT - JusticeInfo.net","robots":{"index":"index","follow":"follow","max-snippet":"max-snippet:-1","max-image-preview":"max-image-preview:large","max-video-preview":"max-video-preview:-1"},"canonical":"https:\/\/www.justiceinfo.net\/fr\/3609-270308-tpirkayishema-le-procureur-demande-quun-accuse-en-fuite-soit-defendu-par-un-avocat399.html","og_locale":"fr_FR","og_type":"article","og_title":"27.03.08 - TPIR\/KAYISHEMA - LE PROCUREUR DEMANDE QU'UN ACCUSE EN FUITE SOIT DEFENDU PAR UN AVOCAT","og_description":"Arusha, 27 mars 2008 (FH) - Le procureur au Tribunal p\u00e9nal international pour le Rwanda (TPIR) a demand\u00e9 aux juges d\u2019ordonner l\u2019assignation d\u2019un avocat \u00e0 un accus\u00e9 en fuite, Fulgence Kayishema, pour que l\u2019examen de la demande visant \u00e0 le transf\u00e9rer vers la justice rwandaise puisse se faire dans des conditions \u00e9quitables, a-t-on appris de [&hellip;]","og_url":"https:\/\/www.justiceinfo.net\/fr\/3609-270308-tpirkayishema-le-procureur-demande-quun-accuse-en-fuite-soit-defendu-par-un-avocat399.html","og_site_name":"JusticeInfo.net","article_publisher":"https:\/\/www.facebook.com\/JusticeInfo\/","article_published_time":"2008-03-28T04:02:48+00:00","og_image":[{"width":1200,"height":630,"url":"https:\/\/www.justiceinfo.net\/wp-content\/uploads\/JusticeInfoNet_logo_1200x630px.jpg","type":"image\/jpeg"}],"author":"solivri","twitter_card":"summary_large_image","twitter_creator":"@justiceinfonet","twitter_site":"@justiceinfonet","twitter_misc":{"\u00c9crit par":"solivri","Dur\u00e9e de lecture estim\u00e9e":"3 minutes"},"schema":{"@context":"https:\/\/schema.org","@graph":[{"@type":"NewsArticle","@id":"https:\/\/www.justiceinfo.net\/fr\/3609-270308-tpirkayishema-le-procureur-demande-quun-accuse-en-fuite-soit-defendu-par-un-avocat399.html#article","isPartOf":{"@id":"https:\/\/www.justiceinfo.net\/fr\/3609-270308-tpirkayishema-le-procureur-demande-quun-accuse-en-fuite-soit-defendu-par-un-avocat399.html"},"author":{"name":"solivri","@id":"https:\/\/www.justiceinfo.net\/fr#\/schema\/person\/6e53cba1629e2e66f3fc1821d3091865"},"headline":"27.03.08 - TPIR\/KAYISHEMA - LE PROCUREUR DEMANDE QU'UN ACCUSE EN FUITE SOIT DEFENDU PAR UN AVOCAT","datePublished":"2008-03-28T04:02:48+00:00","mainEntityOfPage":{"@id":"https:\/\/www.justiceinfo.net\/fr\/3609-270308-tpirkayishema-le-procureur-demande-quun-accuse-en-fuite-soit-defendu-par-un-avocat399.html"},"wordCount":602,"commentCount":0,"publisher":{"@id":"https:\/\/www.justiceinfo.net\/fr#organization"},"articleSection":["Hirondelle News"],"inLanguage":"fr-FR","potentialAction":[{"@type":"CommentAction","name":"Comment","target":["https:\/\/www.justiceinfo.net\/fr\/3609-270308-tpirkayishema-le-procureur-demande-quun-accuse-en-fuite-soit-defendu-par-un-avocat399.html#respond"]}]},{"@type":"WebPage","@id":"https:\/\/www.justiceinfo.net\/fr\/3609-270308-tpirkayishema-le-procureur-demande-quun-accuse-en-fuite-soit-defendu-par-un-avocat399.html","url":"https:\/\/www.justiceinfo.net\/fr\/3609-270308-tpirkayishema-le-procureur-demande-quun-accuse-en-fuite-soit-defendu-par-un-avocat399.html","name":"27.03.08 - TPIR\/KAYISHEMA - LE PROCUREUR DEMANDE QU'UN ACCUSE EN FUITE SOIT DEFENDU PAR UN AVOCAT - JusticeInfo.net","isPartOf":{"@id":"https:\/\/www.justiceinfo.net\/fr#website"},"datePublished":"2008-03-28T04:02:48+00:00","breadcrumb":{"@id":"https:\/\/www.justiceinfo.net\/fr\/3609-270308-tpirkayishema-le-procureur-demande-quun-accuse-en-fuite-soit-defendu-par-un-avocat399.html#breadcrumb"},"inLanguage":"fr-FR","potentialAction":[{"@type":"ReadAction","target":["https:\/\/www.justiceinfo.net\/fr\/3609-270308-tpirkayishema-le-procureur-demande-quun-accuse-en-fuite-soit-defendu-par-un-avocat399.html"]}]},{"@type":"BreadcrumbList","@id":"https:\/\/www.justiceinfo.net\/fr\/3609-270308-tpirkayishema-le-procureur-demande-quun-accuse-en-fuite-soit-defendu-par-un-avocat399.html#breadcrumb","itemListElement":[{"@type":"ListItem","position":1,"name":"Home","item":"https:\/\/www.justiceinfo.net\/fr"},{"@type":"ListItem","position":2,"name":"27.03.08 - TPIR\/KAYISHEMA - LE PROCUREUR DEMANDE QU'UN ACCUSE EN FUITE SOIT DEFENDU PAR UN AVOCAT"}]},{"@type":"WebSite","@id":"https:\/\/www.justiceinfo.net\/fr#website","url":"https:\/\/www.justiceinfo.net\/fr","name":"JusticeInfo.net","description":"La justice doit \u00eatre vue pour \u00eatre rendue","publisher":{"@id":"https:\/\/www.justiceinfo.net\/fr#organization"},"potentialAction":[{"@type":"SearchAction","target":{"@type":"EntryPoint","urlTemplate":"https:\/\/www.justiceinfo.net\/fr?s={search_term_string}"},"query-input":{"@type":"PropertyValueSpecification","valueRequired":true,"valueName":"search_term_string"}}],"inLanguage":"fr-FR"},{"@type":"Organization","@id":"https:\/\/www.justiceinfo.net\/fr#organization","name":"Justice Info","url":"https:\/\/www.justiceinfo.net\/fr","logo":{"@type":"ImageObject","inLanguage":"fr-FR","@id":"https:\/\/www.justiceinfo.net\/fr#\/schema\/logo\/image\/","url":"https:\/\/www.justiceinfo.net\/wp-content\/uploads\/justiceinfo_logo-trans_1200x1200px.png","contentUrl":"https:\/\/www.justiceinfo.net\/wp-content\/uploads\/justiceinfo_logo-trans_1200x1200px.png","width":1199,"height":1200,"caption":"Justice Info"},"image":{"@id":"https:\/\/www.justiceinfo.net\/fr#\/schema\/logo\/image\/"},"sameAs":["https:\/\/www.facebook.com\/JusticeInfo\/","https:\/\/x.com\/justiceinfonet","https:\/\/www.linkedin.com\/company\/justice-info","https:\/\/www.youtube.com\/channel\/UCyCEsARodyuWtkWyhn-e7pA"]},{"@type":"Person","name":"solivri","url":"\/fr\/?s=solivri"}]}},"_links":{"self":[{"href":"https:\/\/www.justiceinfo.net\/fr\/wp-json\/wp\/v2\/posts\/3609","targetHints":{"allow":["GET"]}}],"collection":[{"href":"https:\/\/www.justiceinfo.net\/fr\/wp-json\/wp\/v2\/posts"}],"about":[{"href":"https:\/\/www.justiceinfo.net\/fr\/wp-json\/wp\/v2\/types\/post"}],"author":[{"embeddable":true,"href":"https:\/\/www.justiceinfo.net\/fr\/wp-json\/wp\/v2\/users\/64"}],"replies":[{"embeddable":true,"href":"https:\/\/www.justiceinfo.net\/fr\/wp-json\/wp\/v2\/comments?post=3609"}],"version-history":[{"count":0,"href":"https:\/\/www.justiceinfo.net\/fr\/wp-json\/wp\/v2\/posts\/3609\/revisions"}],"wp:attachment":[{"href":"https:\/\/www.justiceinfo.net\/fr\/wp-json\/wp\/v2\/media?parent=3609"}],"wp:term":[{"taxonomy":"category","embeddable":true,"href":"https:\/\/www.justiceinfo.net\/fr\/wp-json\/wp\/v2\/categories?post=3609"},{"taxonomy":"post_tag","embeddable":true,"href":"https:\/\/www.justiceinfo.net\/fr\/wp-json\/wp\/v2\/tags?post=3609"},{"taxonomy":"ji_location","embeddable":true,"href":"https:\/\/www.justiceinfo.net\/fr\/wp-json\/wp\/v2\/ji_location?post=3609"}],"curies":[{"name":"wp","href":"https:\/\/api.w.org\/{rel}","templated":true}]}}