{"id":36095,"date":"2018-01-16T11:58:15","date_gmt":"2018-01-16T10:58:15","guid":{"rendered":"https:\/\/www.justiceinfo.net\/36095-les-palestiniens-face-au-choix-incertain-et-risque-de-la-rupture.html"},"modified":"2018-01-16T11:58:15","modified_gmt":"2018-01-16T10:58:15","slug":"les-palestiniens-face-au-choix-incertain-et-risque-de-la-rupture","status":"publish","type":"post","link":"https:\/\/www.justiceinfo.net\/fr\/36095-les-palestiniens-face-au-choix-incertain-et-risque-de-la-rupture.html","title":{"rendered":"Les Palestiniens face au choix incertain et risqu\u00e9 de la rupture"},"content":{"rendered":"<div class=\"txt-textContent\">\n<div class=\"text fontsize_0 jq_Content jq_langdir\">\n<p>En remettant en cause la reconnaissance d'Isra\u00ebl, les dirigeants palestiniens touchent \u00e0 un principe fondateur de l'effort de paix, mais le scepticisme reste grand de les voir aller au bout d'une rupture \u00e0 hauts risques.<\/p>\n<p>Les analystes voient dans l'appel lanc\u00e9 lundi soir par l'un des principaux organes de l'Organisation de lib\u00e9ration de la Palestine (OLP) une expression de l'exasp\u00e9ration des Palestiniens et le reflet de leur impuissance face aux choix de l'administration Trump.<\/p>\n<p>Il s'agit d'un appel non-contraignant: en dernier ressort, c'est le pr\u00e9sident Mahmoud Abbas qui tranchera.\u00a0<\/p>\n<p>Le Conseil central de l'OLP, internationalement reconnue comme la repr\u00e9sentante de tous les Palestiniens, a demand\u00e9 que la direction palestinienne suspende la reconnaissance d'Isra\u00ebl jusqu'\u00e0 ce que ce dernier reconnaisse l'Etat de Palestine dans les fronti\u00e8res d'avant 1967, c'est-\u00e0-dire avant l'occupation des Territoires palestiniens et la prise de J\u00e9rusalem-Est.<\/p>\n<p>Les quelque 90 membres du Conseil ont stipul\u00e9 qu'Isra\u00ebl devrait aussi r\u00e9voquer l'annexion de J\u00e9rusalem-Est et stopper la colonisation en Cisjordanie et \u00e0 J\u00e9rusalem-Est.<\/p>\n<p>Ils ont r\u00e9clam\u00e9 l'arr\u00eat de l'ultra-sensible coordination avec Isra\u00ebl dans le domaine de la s\u00e9curit\u00e9.<\/p>\n<p>L'OLP n'est plus li\u00e9e par les obligations des accords d'Oslo, ont-ils dit.<\/p>\n<p>\u00a0<\/p>\n<h2>- Interd\u00e9pendance -<\/h2>\n<p>Ces mesures se veulent la riposte \u00e0 la d\u00e9cision annonc\u00e9e le 6 d\u00e9cembre par le pr\u00e9sident Donald Trump de reconna\u00eetre J\u00e9rusalem comme la capitale d'Isra\u00ebl, mais aussi, plus g\u00e9n\u00e9ralement, aux positions adopt\u00e9es par l'administration am\u00e9ricaine dans le conflit isra\u00e9lo-palestinien ainsi qu'aux projets qui lui sont pr\u00eat\u00e9s.<\/p>\n<p>La d\u00e9cision unilat\u00e9rale de M. Trump sur J\u00e9rusalem, rompant avec des d\u00e9cennies de diplomatie am\u00e9ricaine et internationale, a parachev\u00e9 pour les Palestiniens une ann\u00e9e de parti pris outranci\u00e8rement pro-isra\u00e9lien.<\/p>\n<p>L'OLP refuse d\u00e9sormais l'administration Trump pour m\u00e9diatrice de la paix, a d\u00e9cid\u00e9 le Conseil central.<\/p>\n<p>Un discours courrouc\u00e9 du pr\u00e9sident Abbas avait donn\u00e9 le ton dimanche. \"L'affaire du si\u00e8cle s'est transform\u00e9e en claque du si\u00e8cle\", avait-il tonn\u00e9 en r\u00e9f\u00e9rence \u00e0 la volont\u00e9 proclam\u00e9e de M. Trump de pr\u00e9sider \u00e0 \"l'accord (diplomatique) ultime\" entre Isra\u00e9liens et Palestiniens.<\/p>\n<p>Il appartient \u00e0 pr\u00e9sent \u00e0 l'ex\u00e9cutif de l'OLP d'appliquer ou non les dispositions du Conseil.<\/p>\n<p>Les experts se montrent tr\u00e8s circonspects quant aux chances que la direction resserr\u00e9e constitu\u00e9e par le Comit\u00e9 ex\u00e9cutif et, au bout du compte, M. Abbas lui-m\u00eame assument les conclusions du Conseil central. Ils invoquent les r\u00e9percussions concr\u00e8tes potentiellement consid\u00e9rables, y compris pour la direction palestinienne elle-m\u00eame.<\/p>\n<p>\"Si nous arr\u00eatons de les reconna\u00eetre, nous arr\u00eatons de traiter avec eux dans tous les domaines, s\u00e9curitaires et civils\", observe l'analyste palestinien Ghassan Khatib. \"Pratiquement, ce n'est pas possible, vu l'\u00e9tendue de l'interaction et de l'interd\u00e9pendance\", dit-il \u00e0 l'AFP.<\/p>\n<p>L'historique reconnaissance d'Isra\u00ebl par l'OLP en 1988 a pr\u00e9lud\u00e9 en 1993 aux accords d'Oslo cens\u00e9s conduire \u00e0 une paix qui se fait toujours attendre presque 25 ans apr\u00e8s.<\/p>\n<p>Ces accords g\u00e9n\u00e9ralement consid\u00e9r\u00e9s comme pr\u00e9figurant la cr\u00e9ation d'un Etat palestinien sont rest\u00e9s une des r\u00e9f\u00e9rences de l'entreprise de paix. Ils d\u00e9terminent aussi tr\u00e8s largement les r\u00e9alit\u00e9s actuelles des Territoires. L'Autorit\u00e9 palestinienne, embryon d'Etat mis en place par Oslo, fait vivre des centaines de milliers de Palestiniens.<\/p>\n<p>\u00a0<\/p>\n<h2>- Silence isra\u00e9lien -<\/h2>\n<p>La coop\u00e9ration s\u00e9curitaire est l'une des pierres angulaires d'Oslo. Son arr\u00eat est un serpent de mer palestinien. Les experts soulignent le dangereux vide s\u00e9curitaire qu'il laisserait.<\/p>\n<p>Le Conseil central de l'OLP s'\u00e9tait d\u00e9j\u00e0 prononc\u00e9 en 2015 pour une telle mesure. Elle n'a jamais \u00e9t\u00e9 suivie d'effet.<\/p>\n<p>Zalman Shoval, ancien n\u00e9gociateur isra\u00e9lien avec les Palestiniens, rel\u00e8ve que l'Autorit\u00e9 et M. Abbas lui-m\u00eame tirent d'Oslo ce qui leur reste de l\u00e9gitimit\u00e9. \"Si vous ne nous reconnaissez plus, c'est mutuel, vous n'\u00eates plus reconnus comme la direction palestinienne, et il faut trouver quelqu'un d'autre\", dit-il.<\/p>\n<p>Quant \u00e0 ne plus accepter la m\u00e9diation am\u00e9ricaine, Ghassan Khatib estime qu'elle est la d\u00e9cision la plus susceptible d'\u00eatre mise en oeuvre, au moins temporairement. \"Aucun autre pays ne remplacera les Etats-Unis. Le r\u00e9sultat concret, c'est qu'il n'y aura aucun processus (diplomatique) dans un avenir pr\u00e9visible\", dit-il.<\/p>\n<p>Les analystes palestiniens s'accordent \u00e0 voir dans la d\u00e9claration du Conseil central le constat d'un n\u00e9cessaire changement, tant la perspective d'ind\u00e9pendance palestinienne s'\u00e9loigne.<\/p>\n<p>Mais \"tout cela fait beaucoup de paroles, et peu d'actes\", d\u00e9plore Diana Buttu, ancienne collaboratrice et aujourd'hui vigoureuse critique de M. Abbas.<\/p>\n<p>M. Abbas a 82 ans et une grande partie de la direction palestinienne appartient \u00e0 la m\u00eame g\u00e9n\u00e9ration.<\/p>\n<p>\"On ne m\u00e8ne pas un mouvement r\u00e9volutionnaire avec des gens ayant atteint l'\u00e2ge de la retraite\", dit-elle.<\/p>\n<p>Les officiels isra\u00e9liens \u00e9taient, eux, rest\u00e9s silencieux en milieu de journ\u00e9e mardi.<\/p>\n<\/div>\n<\/div>\n","protected":false},"excerpt":{"rendered":"<p>En remettant en cause la reconnaissance d'Isra\u00ebl, les dirigeants palestiniens touchent \u00e0 un principe fondateur de l'effort de paix, mais le scepticisme reste grand de les voir aller au bout d'une rupture \u00e0 hauts risques. Les analystes voient dans l'appel lanc\u00e9 lundi soir par l'un des principaux organes de l'Organisation de lib\u00e9ration de la Palestine [&hellip;]<\/p>\n","protected":false},"author":60,"featured_media":0,"comment_status":"open","ping_status":"closed","sticky":false,"template":"","format":"standard","meta":{"_acf_changed":false,"footnotes":""},"categories":[2576],"tags":[],"ji_location":[2402],"class_list":["post-36095","post","type-post","status-publish","format-standard","hentry","category-fil-d-actualite","ji_location-palestine"],"acf":[],"yoast_head":"<!-- This site is optimized with the Yoast SEO Premium plugin v25.3.1 (Yoast SEO v25.3.1) - https:\/\/yoast.com\/wordpress\/plugins\/seo\/ -->\n<title>Les Palestiniens face au choix incertain et risqu\u00e9 de la rupture - JusticeInfo.net<\/title>\n<meta name=\"robots\" content=\"index, follow, max-snippet:-1, max-image-preview:large, max-video-preview:-1\" \/>\n<link rel=\"canonical\" href=\"https:\/\/www.justiceinfo.net\/fr\/36095-les-palestiniens-face-au-choix-incertain-et-risque-de-la-rupture.html\" \/>\n<meta property=\"og:locale\" content=\"fr_FR\" \/>\n<meta property=\"og:type\" content=\"article\" \/>\n<meta property=\"og:title\" content=\"Les Palestiniens face au choix incertain et risqu\u00e9 de la rupture\" \/>\n<meta property=\"og:description\" content=\"En remettant en cause la reconnaissance d&#039;Isra\u00ebl, les dirigeants palestiniens touchent \u00e0 un principe fondateur de l&#039;effort de paix, mais le scepticisme reste grand de les voir aller au bout d&#039;une rupture \u00e0 hauts risques. Les analystes voient dans l&#039;appel lanc\u00e9 lundi soir par l&#039;un des principaux organes de l&#039;Organisation de lib\u00e9ration de la Palestine [&hellip;]\" \/>\n<meta property=\"og:url\" content=\"https:\/\/www.justiceinfo.net\/fr\/36095-les-palestiniens-face-au-choix-incertain-et-risque-de-la-rupture.html\" \/>\n<meta property=\"og:site_name\" content=\"JusticeInfo.net\" \/>\n<meta property=\"article:publisher\" content=\"https:\/\/www.facebook.com\/JusticeInfo\/\" \/>\n<meta property=\"article:published_time\" content=\"2018-01-16T10:58:15+00:00\" \/>\n<meta property=\"og:image\" content=\"https:\/\/www.justiceinfo.net\/wp-content\/uploads\/JusticeInfoNet_logo_1200x630px.jpg\" \/>\n\t<meta property=\"og:image:width\" content=\"1200\" \/>\n\t<meta property=\"og:image:height\" content=\"630\" \/>\n\t<meta property=\"og:image:type\" content=\"image\/jpeg\" \/>\n<meta name=\"author\" content=\"AFP\" \/>\n<meta name=\"twitter:card\" content=\"summary_large_image\" \/>\n<meta name=\"twitter:creator\" content=\"@justiceinfonet\" \/>\n<meta name=\"twitter:site\" content=\"@justiceinfonet\" \/>\n<meta name=\"twitter:label1\" content=\"\u00c9crit par\" \/>\n\t<meta name=\"twitter:data1\" content=\"AFP\" \/>\n\t<meta name=\"twitter:label2\" content=\"Dur\u00e9e de lecture estim\u00e9e\" \/>\n\t<meta name=\"twitter:data2\" content=\"4 minutes\" \/>\n<script type=\"application\/ld+json\" class=\"yoast-schema-graph\">{\"@context\":\"https:\/\/schema.org\",\"@graph\":[{\"@type\":\"NewsArticle\",\"@id\":\"https:\/\/www.justiceinfo.net\/fr\/36095-les-palestiniens-face-au-choix-incertain-et-risque-de-la-rupture.html#article\",\"isPartOf\":{\"@id\":\"https:\/\/www.justiceinfo.net\/fr\/36095-les-palestiniens-face-au-choix-incertain-et-risque-de-la-rupture.html\"},\"author\":{\"name\":\"afp\",\"@id\":\"https:\/\/www.justiceinfo.net\/fr#\/schema\/person\/713d340ef5f218fc36ce9b4244364a7f\"},\"headline\":\"Les Palestiniens face au choix incertain et risqu\u00e9 de la rupture\",\"datePublished\":\"2018-01-16T10:58:15+00:00\",\"mainEntityOfPage\":{\"@id\":\"https:\/\/www.justiceinfo.net\/fr\/36095-les-palestiniens-face-au-choix-incertain-et-risque-de-la-rupture.html\"},\"wordCount\":911,\"commentCount\":0,\"publisher\":{\"@id\":\"https:\/\/www.justiceinfo.net\/fr#organization\"},\"articleSection\":[\"Fil d'info AFP\"],\"inLanguage\":\"fr-FR\",\"potentialAction\":[{\"@type\":\"CommentAction\",\"name\":\"Comment\",\"target\":[\"https:\/\/www.justiceinfo.net\/fr\/36095-les-palestiniens-face-au-choix-incertain-et-risque-de-la-rupture.html#respond\"]}]},{\"@type\":\"WebPage\",\"@id\":\"https:\/\/www.justiceinfo.net\/fr\/36095-les-palestiniens-face-au-choix-incertain-et-risque-de-la-rupture.html\",\"url\":\"https:\/\/www.justiceinfo.net\/fr\/36095-les-palestiniens-face-au-choix-incertain-et-risque-de-la-rupture.html\",\"name\":\"Les Palestiniens face au choix incertain et risqu\u00e9 de la rupture - JusticeInfo.net\",\"isPartOf\":{\"@id\":\"https:\/\/www.justiceinfo.net\/fr#website\"},\"datePublished\":\"2018-01-16T10:58:15+00:00\",\"breadcrumb\":{\"@id\":\"https:\/\/www.justiceinfo.net\/fr\/36095-les-palestiniens-face-au-choix-incertain-et-risque-de-la-rupture.html#breadcrumb\"},\"inLanguage\":\"fr-FR\",\"potentialAction\":[{\"@type\":\"ReadAction\",\"target\":[\"https:\/\/www.justiceinfo.net\/fr\/36095-les-palestiniens-face-au-choix-incertain-et-risque-de-la-rupture.html\"]}]},{\"@type\":\"BreadcrumbList\",\"@id\":\"https:\/\/www.justiceinfo.net\/fr\/36095-les-palestiniens-face-au-choix-incertain-et-risque-de-la-rupture.html#breadcrumb\",\"itemListElement\":[{\"@type\":\"ListItem\",\"position\":1,\"name\":\"Home\",\"item\":\"https:\/\/www.justiceinfo.net\/fr\"},{\"@type\":\"ListItem\",\"position\":2,\"name\":\"Les Palestiniens face au choix incertain et risqu\u00e9 de la rupture\"}]},{\"@type\":\"WebSite\",\"@id\":\"https:\/\/www.justiceinfo.net\/fr#website\",\"url\":\"https:\/\/www.justiceinfo.net\/fr\",\"name\":\"JusticeInfo.net\",\"description\":\"La justice doit \u00eatre vue pour \u00eatre rendue\",\"publisher\":{\"@id\":\"https:\/\/www.justiceinfo.net\/fr#organization\"},\"potentialAction\":[{\"@type\":\"SearchAction\",\"target\":{\"@type\":\"EntryPoint\",\"urlTemplate\":\"https:\/\/www.justiceinfo.net\/fr?s={search_term_string}\"},\"query-input\":{\"@type\":\"PropertyValueSpecification\",\"valueRequired\":true,\"valueName\":\"search_term_string\"}}],\"inLanguage\":\"fr-FR\"},{\"@type\":\"Organization\",\"@id\":\"https:\/\/www.justiceinfo.net\/fr#organization\",\"name\":\"Justice Info\",\"url\":\"https:\/\/www.justiceinfo.net\/fr\",\"logo\":{\"@type\":\"ImageObject\",\"inLanguage\":\"fr-FR\",\"@id\":\"https:\/\/www.justiceinfo.net\/fr#\/schema\/logo\/image\/\",\"url\":\"https:\/\/www.justiceinfo.net\/wp-content\/uploads\/justiceinfo_logo-trans_1200x1200px.png\",\"contentUrl\":\"https:\/\/www.justiceinfo.net\/wp-content\/uploads\/justiceinfo_logo-trans_1200x1200px.png\",\"width\":1199,\"height\":1200,\"caption\":\"Justice Info\"},\"image\":{\"@id\":\"https:\/\/www.justiceinfo.net\/fr#\/schema\/logo\/image\/\"},\"sameAs\":[\"https:\/\/www.facebook.com\/JusticeInfo\/\",\"https:\/\/x.com\/justiceinfonet\",\"https:\/\/www.linkedin.com\/company\/justice-info\",\"https:\/\/www.youtube.com\/channel\/UCyCEsARodyuWtkWyhn-e7pA\"]},{\"@type\":\"Person\",\"name\":\"AFP\",\"url\":\"\/fr\/?s=AFP\"}]}<\/script>\n<!-- \/ Yoast SEO Premium plugin. -->","yoast_head_json":{"title":"Les Palestiniens face au choix incertain et risqu\u00e9 de la rupture - JusticeInfo.net","robots":{"index":"index","follow":"follow","max-snippet":"max-snippet:-1","max-image-preview":"max-image-preview:large","max-video-preview":"max-video-preview:-1"},"canonical":"https:\/\/www.justiceinfo.net\/fr\/36095-les-palestiniens-face-au-choix-incertain-et-risque-de-la-rupture.html","og_locale":"fr_FR","og_type":"article","og_title":"Les Palestiniens face au choix incertain et risqu\u00e9 de la rupture","og_description":"En remettant en cause la reconnaissance d'Isra\u00ebl, les dirigeants palestiniens touchent \u00e0 un principe fondateur de l'effort de paix, mais le scepticisme reste grand de les voir aller au bout d'une rupture \u00e0 hauts risques. Les analystes voient dans l'appel lanc\u00e9 lundi soir par l'un des principaux organes de l'Organisation de lib\u00e9ration de la Palestine [&hellip;]","og_url":"https:\/\/www.justiceinfo.net\/fr\/36095-les-palestiniens-face-au-choix-incertain-et-risque-de-la-rupture.html","og_site_name":"JusticeInfo.net","article_publisher":"https:\/\/www.facebook.com\/JusticeInfo\/","article_published_time":"2018-01-16T10:58:15+00:00","og_image":[{"width":1200,"height":630,"url":"https:\/\/www.justiceinfo.net\/wp-content\/uploads\/JusticeInfoNet_logo_1200x630px.jpg","type":"image\/jpeg"}],"author":"AFP","twitter_card":"summary_large_image","twitter_creator":"@justiceinfonet","twitter_site":"@justiceinfonet","twitter_misc":{"\u00c9crit par":"AFP","Dur\u00e9e de lecture estim\u00e9e":"4 minutes"},"schema":{"@context":"https:\/\/schema.org","@graph":[{"@type":"NewsArticle","@id":"https:\/\/www.justiceinfo.net\/fr\/36095-les-palestiniens-face-au-choix-incertain-et-risque-de-la-rupture.html#article","isPartOf":{"@id":"https:\/\/www.justiceinfo.net\/fr\/36095-les-palestiniens-face-au-choix-incertain-et-risque-de-la-rupture.html"},"author":{"name":"afp","@id":"https:\/\/www.justiceinfo.net\/fr#\/schema\/person\/713d340ef5f218fc36ce9b4244364a7f"},"headline":"Les Palestiniens face au choix incertain et risqu\u00e9 de la rupture","datePublished":"2018-01-16T10:58:15+00:00","mainEntityOfPage":{"@id":"https:\/\/www.justiceinfo.net\/fr\/36095-les-palestiniens-face-au-choix-incertain-et-risque-de-la-rupture.html"},"wordCount":911,"commentCount":0,"publisher":{"@id":"https:\/\/www.justiceinfo.net\/fr#organization"},"articleSection":["Fil d'info AFP"],"inLanguage":"fr-FR","potentialAction":[{"@type":"CommentAction","name":"Comment","target":["https:\/\/www.justiceinfo.net\/fr\/36095-les-palestiniens-face-au-choix-incertain-et-risque-de-la-rupture.html#respond"]}]},{"@type":"WebPage","@id":"https:\/\/www.justiceinfo.net\/fr\/36095-les-palestiniens-face-au-choix-incertain-et-risque-de-la-rupture.html","url":"https:\/\/www.justiceinfo.net\/fr\/36095-les-palestiniens-face-au-choix-incertain-et-risque-de-la-rupture.html","name":"Les Palestiniens face au choix incertain et risqu\u00e9 de la rupture - JusticeInfo.net","isPartOf":{"@id":"https:\/\/www.justiceinfo.net\/fr#website"},"datePublished":"2018-01-16T10:58:15+00:00","breadcrumb":{"@id":"https:\/\/www.justiceinfo.net\/fr\/36095-les-palestiniens-face-au-choix-incertain-et-risque-de-la-rupture.html#breadcrumb"},"inLanguage":"fr-FR","potentialAction":[{"@type":"ReadAction","target":["https:\/\/www.justiceinfo.net\/fr\/36095-les-palestiniens-face-au-choix-incertain-et-risque-de-la-rupture.html"]}]},{"@type":"BreadcrumbList","@id":"https:\/\/www.justiceinfo.net\/fr\/36095-les-palestiniens-face-au-choix-incertain-et-risque-de-la-rupture.html#breadcrumb","itemListElement":[{"@type":"ListItem","position":1,"name":"Home","item":"https:\/\/www.justiceinfo.net\/fr"},{"@type":"ListItem","position":2,"name":"Les Palestiniens face au choix incertain et risqu\u00e9 de la rupture"}]},{"@type":"WebSite","@id":"https:\/\/www.justiceinfo.net\/fr#website","url":"https:\/\/www.justiceinfo.net\/fr","name":"JusticeInfo.net","description":"La justice doit \u00eatre vue pour \u00eatre rendue","publisher":{"@id":"https:\/\/www.justiceinfo.net\/fr#organization"},"potentialAction":[{"@type":"SearchAction","target":{"@type":"EntryPoint","urlTemplate":"https:\/\/www.justiceinfo.net\/fr?s={search_term_string}"},"query-input":{"@type":"PropertyValueSpecification","valueRequired":true,"valueName":"search_term_string"}}],"inLanguage":"fr-FR"},{"@type":"Organization","@id":"https:\/\/www.justiceinfo.net\/fr#organization","name":"Justice Info","url":"https:\/\/www.justiceinfo.net\/fr","logo":{"@type":"ImageObject","inLanguage":"fr-FR","@id":"https:\/\/www.justiceinfo.net\/fr#\/schema\/logo\/image\/","url":"https:\/\/www.justiceinfo.net\/wp-content\/uploads\/justiceinfo_logo-trans_1200x1200px.png","contentUrl":"https:\/\/www.justiceinfo.net\/wp-content\/uploads\/justiceinfo_logo-trans_1200x1200px.png","width":1199,"height":1200,"caption":"Justice Info"},"image":{"@id":"https:\/\/www.justiceinfo.net\/fr#\/schema\/logo\/image\/"},"sameAs":["https:\/\/www.facebook.com\/JusticeInfo\/","https:\/\/x.com\/justiceinfonet","https:\/\/www.linkedin.com\/company\/justice-info","https:\/\/www.youtube.com\/channel\/UCyCEsARodyuWtkWyhn-e7pA"]},{"@type":"Person","name":"AFP","url":"\/fr\/?s=AFP"}]}},"_links":{"self":[{"href":"https:\/\/www.justiceinfo.net\/fr\/wp-json\/wp\/v2\/posts\/36095","targetHints":{"allow":["GET"]}}],"collection":[{"href":"https:\/\/www.justiceinfo.net\/fr\/wp-json\/wp\/v2\/posts"}],"about":[{"href":"https:\/\/www.justiceinfo.net\/fr\/wp-json\/wp\/v2\/types\/post"}],"author":[{"embeddable":true,"href":"https:\/\/www.justiceinfo.net\/fr\/wp-json\/wp\/v2\/users\/60"}],"replies":[{"embeddable":true,"href":"https:\/\/www.justiceinfo.net\/fr\/wp-json\/wp\/v2\/comments?post=36095"}],"version-history":[{"count":0,"href":"https:\/\/www.justiceinfo.net\/fr\/wp-json\/wp\/v2\/posts\/36095\/revisions"}],"wp:attachment":[{"href":"https:\/\/www.justiceinfo.net\/fr\/wp-json\/wp\/v2\/media?parent=36095"}],"wp:term":[{"taxonomy":"category","embeddable":true,"href":"https:\/\/www.justiceinfo.net\/fr\/wp-json\/wp\/v2\/categories?post=36095"},{"taxonomy":"post_tag","embeddable":true,"href":"https:\/\/www.justiceinfo.net\/fr\/wp-json\/wp\/v2\/tags?post=36095"},{"taxonomy":"ji_location","embeddable":true,"href":"https:\/\/www.justiceinfo.net\/fr\/wp-json\/wp\/v2\/ji_location?post=36095"}],"curies":[{"name":"wp","href":"https:\/\/api.w.org\/{rel}","templated":true}]}}