{"id":36117,"date":"2018-01-17T08:38:29","date_gmt":"2018-01-17T07:38:29","guid":{"rendered":"https:\/\/www.justiceinfo.net\/36117-centrafrique-la-situation-se-deteriore-rapidement-selon-le-cicr.html"},"modified":"2018-01-17T08:38:29","modified_gmt":"2018-01-17T07:38:29","slug":"centrafrique-la-situation-se-deteriore-rapidement-selon-le-cicr","status":"publish","type":"post","link":"https:\/\/www.justiceinfo.net\/fr\/36117-centrafrique-la-situation-se-deteriore-rapidement-selon-le-cicr.html","title":{"rendered":"Centrafrique: la situation \"se d\u00e9t\u00e9riore rapidement\", selon le CICR"},"content":{"rendered":"<p><strong><em>A l\u2019issue d\u2019une visite en Centrafrique, le pr\u00e9sident du Comit\u00e9 international de la Croix-Rouge (CICR), Peter Maurer, appelle la communaut\u00e9 internationale \u00e0 \u00ab\u00a0faire davantage\"\u00a0 en faveur de <\/em><\/strong><strong><em>ce pays\u00a0 o\u00f9 la situation \"se d\u00e9tiore rapidement\". La Centrafrique traverse depuis 2013 la crise la plus aigu\u00eb de son histoire.<br \/><\/em><\/strong><\/p>\n<p>La moiti\u00e9 de la population en Centrafrique a besoin d'aide. Cette crise constitue <em>\"l'une des trag\u00e9dies humanitaires les plus n\u00e9glig\u00e9es dans le monde\",<\/em> a d\u00e9clar\u00e9 mardi \u00e0 Bangui le pr\u00e9sident du CICR, Peter Maurer, au dernier jour de sa visite dans ce pays.<\/p>\n<p>Selon le Comit\u00e9 international de la Croix-Rouge (CICR), la situation <em>\"se d\u00e9t\u00e9riore rapidement\". <\/em>Au total, 20% de la population a d\u00fb fuir les violences, la part la plus \u00e9lev\u00e9e depuis le d\u00e9but des affrontements communautaires en 2013. Pr\u00e8s de la moiti\u00e9 a \u00e9t\u00e9 directement confront\u00e9e aux affrontements.<\/p>\n<p>Le nord-ouest et le sud-est du pays sont les r\u00e9gions les plus touch\u00e9es. Les d\u00e9plac\u00e9s ont souvent d\u00fb dormir dans des zones cach\u00e9es <em>\"pendant des semaines et des mois\",<\/em> a rappel\u00e9 M. Maurer. Et cela, <em>\"pratiquement sans abri, nourriture ou eau potable\".<\/em><\/p>\n<p>Malgr\u00e9 des besoins \u00e9normes et une <em>\"souffrance incessante\",<\/em> il a d\u00e9plor\u00e9 le sous-financement des activit\u00e9s sur place. <em>\"Le CICR et les autres organisations ont le plus grand mal \u00e0 garantir que les victimes aient acc\u00e8s\"<\/em> \u00e0 une assistance, a-t-il dit.<\/p>\n<p>La Centrafrique est le pays o\u00f9 des travailleurs humanitaires et des personnels de sant\u00e9 sont les plus cibl\u00e9s dans le monde. En 2017, 13 collaborateurs de la Croix-Rouge ont \u00e9t\u00e9 tu\u00e9s.<\/p>\n<p>Maurer a lanc\u00e9 <em>\"un appel urgent \u00e0 la communaut\u00e9 internationale pour qu\u2019elle porte toute son attention sur ce pays et s'engage \u00e0 faire davantage\".<\/em> Il souhaite une am\u00e9lioration des conditions de mani\u00e8re durable.\u00a0<\/p>\n<p>Pendant quatre jours, M. Maurer a notamment rencontr\u00e9 le pr\u00e9sident Faustin Archange Touad\u00e9ra et plusieurs ministres. Il a par ailleurs salu\u00e9 la volont\u00e9 des autorit\u00e9s et les efforts du personnel de la Croix-Rouge.<\/p>\n<p>Malgr\u00e9 les circonstances, il s'est r\u00e9joui de la volont\u00e9 d'entreprendre <em>\"prometteuse\"<\/em> constat\u00e9e aupr\u00e8s de la population. Il a notamment discut\u00e9 avec la responsable d'une association de femmes dans le camp de Bambari. Celle-ci pourrait \u00e9tendre davantage ses affaires avec une am\u00e9lioration de la situation s\u00e9curitaire.<\/p>\n<p>Maurer a aussi rencontr\u00e9 de nombreux enfants. <em>\"Il est bon de les voir s'amuser\", <\/em>a-t-il soulign\u00e9. Le camp de Bambari accueille 20.000 personnes au total.<\/p>\n","protected":false},"excerpt":{"rendered":"<p>A l\u2019issue d\u2019une visite en Centrafrique, le pr\u00e9sident du Comit\u00e9 international de la Croix-Rouge (CICR), Peter Maurer, appelle la communaut\u00e9 internationale \u00e0 \u00ab\u00a0faire davantage\"\u00a0 en faveur de ce pays\u00a0 o\u00f9 la situation \"se d\u00e9tiore rapidement\". La Centrafrique traverse depuis 2013 la crise la plus aigu\u00eb de son histoire. La moiti\u00e9 de la population en Centrafrique [&hellip;]<\/p>\n","protected":false},"author":63,"featured_media":67888,"comment_status":"open","ping_status":"closed","sticky":false,"template":"","format":"standard","meta":{"_acf_changed":false,"footnotes":""},"categories":[549],"tags":[],"ji_location":[2164],"class_list":["post-36117","post","type-post","status-publish","format-standard","has-post-thumbnail","hentry","category-reconciliation","ji_location-republique-centrafricaine"],"acf":[],"yoast_head":"<!-- This site is optimized with the Yoast SEO Premium plugin v25.3.1 (Yoast SEO v25.3.1) - https:\/\/yoast.com\/wordpress\/plugins\/seo\/ -->\n<title>Centrafrique: la situation &quot;se d\u00e9t\u00e9riore rapidement&quot;, selon le CICR - JusticeInfo.net<\/title>\n<meta name=\"robots\" content=\"index, follow, max-snippet:-1, max-image-preview:large, max-video-preview:-1\" \/>\n<link rel=\"canonical\" href=\"https:\/\/www.justiceinfo.net\/fr\/36117-centrafrique-la-situation-se-deteriore-rapidement-selon-le-cicr.html\" \/>\n<meta property=\"og:locale\" content=\"fr_FR\" \/>\n<meta property=\"og:type\" content=\"article\" \/>\n<meta property=\"og:title\" content=\"Centrafrique: la situation &quot;se d\u00e9t\u00e9riore rapidement&quot;, selon le CICR\" \/>\n<meta property=\"og:description\" content=\"A l\u2019issue d\u2019une visite en Centrafrique, le pr\u00e9sident du Comit\u00e9 international de la Croix-Rouge (CICR), Peter Maurer, appelle la communaut\u00e9 internationale \u00e0 \u00ab\u00a0faire davantage&quot;\u00a0 en faveur de ce pays\u00a0 o\u00f9 la situation &quot;se d\u00e9tiore rapidement&quot;. La Centrafrique traverse depuis 2013 la crise la plus aigu\u00eb de son histoire. La moiti\u00e9 de la population en Centrafrique [&hellip;]\" \/>\n<meta property=\"og:url\" content=\"https:\/\/www.justiceinfo.net\/fr\/36117-centrafrique-la-situation-se-deteriore-rapidement-selon-le-cicr.html\" \/>\n<meta property=\"og:site_name\" content=\"JusticeInfo.net\" \/>\n<meta property=\"article:publisher\" content=\"https:\/\/www.facebook.com\/JusticeInfo\/\" \/>\n<meta property=\"article:published_time\" content=\"2018-01-17T07:38:29+00:00\" \/>\n<meta property=\"og:image\" content=\"https:\/\/www.justiceinfo.net\/wp-content\/uploads\/5ca056f9cb9eadbe45b29a952b0549f9.jpg\" \/>\n\t<meta property=\"og:image:width\" content=\"257\" \/>\n\t<meta property=\"og:image:height\" content=\"389\" \/>\n\t<meta property=\"og:image:type\" content=\"image\/jpeg\" \/>\n<meta name=\"author\" content=\"Swissinfo.ch\" \/>\n<meta name=\"twitter:card\" content=\"summary_large_image\" \/>\n<meta name=\"twitter:creator\" content=\"@justiceinfonet\" \/>\n<meta name=\"twitter:site\" content=\"@justiceinfonet\" \/>\n<meta name=\"twitter:label1\" content=\"\u00c9crit par\" \/>\n\t<meta name=\"twitter:data1\" content=\"Swissinfo.ch\" \/>\n\t<meta name=\"twitter:label2\" content=\"Dur\u00e9e de lecture estim\u00e9e\" \/>\n\t<meta name=\"twitter:data2\" content=\"2 minutes\" \/>\n<script type=\"application\/ld+json\" class=\"yoast-schema-graph\">{\"@context\":\"https:\/\/schema.org\",\"@graph\":[{\"@type\":\"NewsArticle\",\"@id\":\"https:\/\/www.justiceinfo.net\/fr\/36117-centrafrique-la-situation-se-deteriore-rapidement-selon-le-cicr.html#article\",\"isPartOf\":{\"@id\":\"https:\/\/www.justiceinfo.net\/fr\/36117-centrafrique-la-situation-se-deteriore-rapidement-selon-le-cicr.html\"},\"author\":{\"name\":\"civiliste\",\"@id\":\"https:\/\/www.justiceinfo.net\/fr#\/schema\/person\/015ad428615c9bd082c2b6aa8df6cad0\"},\"headline\":\"Centrafrique: la situation \\\"se d\u00e9t\u00e9riore rapidement\\\", selon le CICR\",\"datePublished\":\"2018-01-17T07:38:29+00:00\",\"mainEntityOfPage\":{\"@id\":\"https:\/\/www.justiceinfo.net\/fr\/36117-centrafrique-la-situation-se-deteriore-rapidement-selon-le-cicr.html\"},\"wordCount\":429,\"commentCount\":0,\"publisher\":{\"@id\":\"https:\/\/www.justiceinfo.net\/fr#organization\"},\"image\":{\"@id\":\"https:\/\/www.justiceinfo.net\/fr\/36117-centrafrique-la-situation-se-deteriore-rapidement-selon-le-cicr.html#primaryimage\"},\"thumbnailUrl\":\"https:\/\/www.justiceinfo.net\/wp-content\/uploads\/5ca056f9cb9eadbe45b29a952b0549f9.jpg\",\"articleSection\":[\"R\u00e9conciliation\"],\"inLanguage\":\"fr-FR\",\"potentialAction\":[{\"@type\":\"CommentAction\",\"name\":\"Comment\",\"target\":[\"https:\/\/www.justiceinfo.net\/fr\/36117-centrafrique-la-situation-se-deteriore-rapidement-selon-le-cicr.html#respond\"]}]},{\"@type\":\"WebPage\",\"@id\":\"https:\/\/www.justiceinfo.net\/fr\/36117-centrafrique-la-situation-se-deteriore-rapidement-selon-le-cicr.html\",\"url\":\"https:\/\/www.justiceinfo.net\/fr\/36117-centrafrique-la-situation-se-deteriore-rapidement-selon-le-cicr.html\",\"name\":\"Centrafrique: la situation \\\"se d\u00e9t\u00e9riore rapidement\\\", selon le CICR - JusticeInfo.net\",\"isPartOf\":{\"@id\":\"https:\/\/www.justiceinfo.net\/fr#website\"},\"primaryImageOfPage\":{\"@id\":\"https:\/\/www.justiceinfo.net\/fr\/36117-centrafrique-la-situation-se-deteriore-rapidement-selon-le-cicr.html#primaryimage\"},\"image\":{\"@id\":\"https:\/\/www.justiceinfo.net\/fr\/36117-centrafrique-la-situation-se-deteriore-rapidement-selon-le-cicr.html#primaryimage\"},\"thumbnailUrl\":\"https:\/\/www.justiceinfo.net\/wp-content\/uploads\/5ca056f9cb9eadbe45b29a952b0549f9.jpg\",\"datePublished\":\"2018-01-17T07:38:29+00:00\",\"breadcrumb\":{\"@id\":\"https:\/\/www.justiceinfo.net\/fr\/36117-centrafrique-la-situation-se-deteriore-rapidement-selon-le-cicr.html#breadcrumb\"},\"inLanguage\":\"fr-FR\",\"potentialAction\":[{\"@type\":\"ReadAction\",\"target\":[\"https:\/\/www.justiceinfo.net\/fr\/36117-centrafrique-la-situation-se-deteriore-rapidement-selon-le-cicr.html\"]}]},{\"@type\":\"ImageObject\",\"inLanguage\":\"fr-FR\",\"@id\":\"https:\/\/www.justiceinfo.net\/fr\/36117-centrafrique-la-situation-se-deteriore-rapidement-selon-le-cicr.html#primaryimage\",\"url\":\"https:\/\/www.justiceinfo.net\/wp-content\/uploads\/5ca056f9cb9eadbe45b29a952b0549f9.jpg\",\"contentUrl\":\"https:\/\/www.justiceinfo.net\/wp-content\/uploads\/5ca056f9cb9eadbe45b29a952b0549f9.jpg\",\"width\":257,\"height\":389},{\"@type\":\"BreadcrumbList\",\"@id\":\"https:\/\/www.justiceinfo.net\/fr\/36117-centrafrique-la-situation-se-deteriore-rapidement-selon-le-cicr.html#breadcrumb\",\"itemListElement\":[{\"@type\":\"ListItem\",\"position\":1,\"name\":\"Home\",\"item\":\"https:\/\/www.justiceinfo.net\/fr\"},{\"@type\":\"ListItem\",\"position\":2,\"name\":\"Centrafrique: la situation \\\"se d\u00e9t\u00e9riore rapidement\\\", selon le CICR\"}]},{\"@type\":\"WebSite\",\"@id\":\"https:\/\/www.justiceinfo.net\/fr#website\",\"url\":\"https:\/\/www.justiceinfo.net\/fr\",\"name\":\"JusticeInfo.net\",\"description\":\"La justice doit \u00eatre vue pour \u00eatre rendue\",\"publisher\":{\"@id\":\"https:\/\/www.justiceinfo.net\/fr#organization\"},\"potentialAction\":[{\"@type\":\"SearchAction\",\"target\":{\"@type\":\"EntryPoint\",\"urlTemplate\":\"https:\/\/www.justiceinfo.net\/fr?s={search_term_string}\"},\"query-input\":{\"@type\":\"PropertyValueSpecification\",\"valueRequired\":true,\"valueName\":\"search_term_string\"}}],\"inLanguage\":\"fr-FR\"},{\"@type\":\"Organization\",\"@id\":\"https:\/\/www.justiceinfo.net\/fr#organization\",\"name\":\"Justice Info\",\"url\":\"https:\/\/www.justiceinfo.net\/fr\",\"logo\":{\"@type\":\"ImageObject\",\"inLanguage\":\"fr-FR\",\"@id\":\"https:\/\/www.justiceinfo.net\/fr#\/schema\/logo\/image\/\",\"url\":\"https:\/\/www.justiceinfo.net\/wp-content\/uploads\/justiceinfo_logo-trans_1200x1200px.png\",\"contentUrl\":\"https:\/\/www.justiceinfo.net\/wp-content\/uploads\/justiceinfo_logo-trans_1200x1200px.png\",\"width\":1199,\"height\":1200,\"caption\":\"Justice Info\"},\"image\":{\"@id\":\"https:\/\/www.justiceinfo.net\/fr#\/schema\/logo\/image\/\"},\"sameAs\":[\"https:\/\/www.facebook.com\/JusticeInfo\/\",\"https:\/\/x.com\/justiceinfonet\",\"https:\/\/www.linkedin.com\/company\/justice-info\",\"https:\/\/www.youtube.com\/channel\/UCyCEsARodyuWtkWyhn-e7pA\"]},{\"@type\":\"Person\",\"name\":\"Swissinfo.ch\",\"url\":\"\/fr\/?s=Swissinfo.ch\"}]}<\/script>\n<!-- \/ Yoast SEO Premium plugin. -->","yoast_head_json":{"title":"Centrafrique: la situation \"se d\u00e9t\u00e9riore rapidement\", selon le CICR - JusticeInfo.net","robots":{"index":"index","follow":"follow","max-snippet":"max-snippet:-1","max-image-preview":"max-image-preview:large","max-video-preview":"max-video-preview:-1"},"canonical":"https:\/\/www.justiceinfo.net\/fr\/36117-centrafrique-la-situation-se-deteriore-rapidement-selon-le-cicr.html","og_locale":"fr_FR","og_type":"article","og_title":"Centrafrique: la situation \"se d\u00e9t\u00e9riore rapidement\", selon le CICR","og_description":"A l\u2019issue d\u2019une visite en Centrafrique, le pr\u00e9sident du Comit\u00e9 international de la Croix-Rouge (CICR), Peter Maurer, appelle la communaut\u00e9 internationale \u00e0 \u00ab\u00a0faire davantage\"\u00a0 en faveur de ce pays\u00a0 o\u00f9 la situation \"se d\u00e9tiore rapidement\". La Centrafrique traverse depuis 2013 la crise la plus aigu\u00eb de son histoire. La moiti\u00e9 de la population en Centrafrique [&hellip;]","og_url":"https:\/\/www.justiceinfo.net\/fr\/36117-centrafrique-la-situation-se-deteriore-rapidement-selon-le-cicr.html","og_site_name":"JusticeInfo.net","article_publisher":"https:\/\/www.facebook.com\/JusticeInfo\/","article_published_time":"2018-01-17T07:38:29+00:00","og_image":[{"width":257,"height":389,"url":"https:\/\/www.justiceinfo.net\/wp-content\/uploads\/5ca056f9cb9eadbe45b29a952b0549f9.jpg","type":"image\/jpeg"}],"author":"Swissinfo.ch","twitter_card":"summary_large_image","twitter_creator":"@justiceinfonet","twitter_site":"@justiceinfonet","twitter_misc":{"\u00c9crit par":"Swissinfo.ch","Dur\u00e9e de lecture estim\u00e9e":"2 minutes"},"schema":{"@context":"https:\/\/schema.org","@graph":[{"@type":"NewsArticle","@id":"https:\/\/www.justiceinfo.net\/fr\/36117-centrafrique-la-situation-se-deteriore-rapidement-selon-le-cicr.html#article","isPartOf":{"@id":"https:\/\/www.justiceinfo.net\/fr\/36117-centrafrique-la-situation-se-deteriore-rapidement-selon-le-cicr.html"},"author":{"name":"civiliste","@id":"https:\/\/www.justiceinfo.net\/fr#\/schema\/person\/015ad428615c9bd082c2b6aa8df6cad0"},"headline":"Centrafrique: la situation \"se d\u00e9t\u00e9riore rapidement\", selon le CICR","datePublished":"2018-01-17T07:38:29+00:00","mainEntityOfPage":{"@id":"https:\/\/www.justiceinfo.net\/fr\/36117-centrafrique-la-situation-se-deteriore-rapidement-selon-le-cicr.html"},"wordCount":429,"commentCount":0,"publisher":{"@id":"https:\/\/www.justiceinfo.net\/fr#organization"},"image":{"@id":"https:\/\/www.justiceinfo.net\/fr\/36117-centrafrique-la-situation-se-deteriore-rapidement-selon-le-cicr.html#primaryimage"},"thumbnailUrl":"https:\/\/www.justiceinfo.net\/wp-content\/uploads\/5ca056f9cb9eadbe45b29a952b0549f9.jpg","articleSection":["R\u00e9conciliation"],"inLanguage":"fr-FR","potentialAction":[{"@type":"CommentAction","name":"Comment","target":["https:\/\/www.justiceinfo.net\/fr\/36117-centrafrique-la-situation-se-deteriore-rapidement-selon-le-cicr.html#respond"]}]},{"@type":"WebPage","@id":"https:\/\/www.justiceinfo.net\/fr\/36117-centrafrique-la-situation-se-deteriore-rapidement-selon-le-cicr.html","url":"https:\/\/www.justiceinfo.net\/fr\/36117-centrafrique-la-situation-se-deteriore-rapidement-selon-le-cicr.html","name":"Centrafrique: la situation \"se d\u00e9t\u00e9riore rapidement\", selon le CICR - JusticeInfo.net","isPartOf":{"@id":"https:\/\/www.justiceinfo.net\/fr#website"},"primaryImageOfPage":{"@id":"https:\/\/www.justiceinfo.net\/fr\/36117-centrafrique-la-situation-se-deteriore-rapidement-selon-le-cicr.html#primaryimage"},"image":{"@id":"https:\/\/www.justiceinfo.net\/fr\/36117-centrafrique-la-situation-se-deteriore-rapidement-selon-le-cicr.html#primaryimage"},"thumbnailUrl":"https:\/\/www.justiceinfo.net\/wp-content\/uploads\/5ca056f9cb9eadbe45b29a952b0549f9.jpg","datePublished":"2018-01-17T07:38:29+00:00","breadcrumb":{"@id":"https:\/\/www.justiceinfo.net\/fr\/36117-centrafrique-la-situation-se-deteriore-rapidement-selon-le-cicr.html#breadcrumb"},"inLanguage":"fr-FR","potentialAction":[{"@type":"ReadAction","target":["https:\/\/www.justiceinfo.net\/fr\/36117-centrafrique-la-situation-se-deteriore-rapidement-selon-le-cicr.html"]}]},{"@type":"ImageObject","inLanguage":"fr-FR","@id":"https:\/\/www.justiceinfo.net\/fr\/36117-centrafrique-la-situation-se-deteriore-rapidement-selon-le-cicr.html#primaryimage","url":"https:\/\/www.justiceinfo.net\/wp-content\/uploads\/5ca056f9cb9eadbe45b29a952b0549f9.jpg","contentUrl":"https:\/\/www.justiceinfo.net\/wp-content\/uploads\/5ca056f9cb9eadbe45b29a952b0549f9.jpg","width":257,"height":389},{"@type":"BreadcrumbList","@id":"https:\/\/www.justiceinfo.net\/fr\/36117-centrafrique-la-situation-se-deteriore-rapidement-selon-le-cicr.html#breadcrumb","itemListElement":[{"@type":"ListItem","position":1,"name":"Home","item":"https:\/\/www.justiceinfo.net\/fr"},{"@type":"ListItem","position":2,"name":"Centrafrique: la situation \"se d\u00e9t\u00e9riore rapidement\", selon le CICR"}]},{"@type":"WebSite","@id":"https:\/\/www.justiceinfo.net\/fr#website","url":"https:\/\/www.justiceinfo.net\/fr","name":"JusticeInfo.net","description":"La justice doit \u00eatre vue pour \u00eatre rendue","publisher":{"@id":"https:\/\/www.justiceinfo.net\/fr#organization"},"potentialAction":[{"@type":"SearchAction","target":{"@type":"EntryPoint","urlTemplate":"https:\/\/www.justiceinfo.net\/fr?s={search_term_string}"},"query-input":{"@type":"PropertyValueSpecification","valueRequired":true,"valueName":"search_term_string"}}],"inLanguage":"fr-FR"},{"@type":"Organization","@id":"https:\/\/www.justiceinfo.net\/fr#organization","name":"Justice Info","url":"https:\/\/www.justiceinfo.net\/fr","logo":{"@type":"ImageObject","inLanguage":"fr-FR","@id":"https:\/\/www.justiceinfo.net\/fr#\/schema\/logo\/image\/","url":"https:\/\/www.justiceinfo.net\/wp-content\/uploads\/justiceinfo_logo-trans_1200x1200px.png","contentUrl":"https:\/\/www.justiceinfo.net\/wp-content\/uploads\/justiceinfo_logo-trans_1200x1200px.png","width":1199,"height":1200,"caption":"Justice Info"},"image":{"@id":"https:\/\/www.justiceinfo.net\/fr#\/schema\/logo\/image\/"},"sameAs":["https:\/\/www.facebook.com\/JusticeInfo\/","https:\/\/x.com\/justiceinfonet","https:\/\/www.linkedin.com\/company\/justice-info","https:\/\/www.youtube.com\/channel\/UCyCEsARodyuWtkWyhn-e7pA"]},{"@type":"Person","name":"Swissinfo.ch","url":"\/fr\/?s=Swissinfo.ch"}]}},"_links":{"self":[{"href":"https:\/\/www.justiceinfo.net\/fr\/wp-json\/wp\/v2\/posts\/36117","targetHints":{"allow":["GET"]}}],"collection":[{"href":"https:\/\/www.justiceinfo.net\/fr\/wp-json\/wp\/v2\/posts"}],"about":[{"href":"https:\/\/www.justiceinfo.net\/fr\/wp-json\/wp\/v2\/types\/post"}],"author":[{"embeddable":true,"href":"https:\/\/www.justiceinfo.net\/fr\/wp-json\/wp\/v2\/users\/63"}],"replies":[{"embeddable":true,"href":"https:\/\/www.justiceinfo.net\/fr\/wp-json\/wp\/v2\/comments?post=36117"}],"version-history":[{"count":0,"href":"https:\/\/www.justiceinfo.net\/fr\/wp-json\/wp\/v2\/posts\/36117\/revisions"}],"wp:featuredmedia":[{"embeddable":true,"href":"https:\/\/www.justiceinfo.net\/fr\/wp-json\/wp\/v2\/media\/67888"}],"wp:attachment":[{"href":"https:\/\/www.justiceinfo.net\/fr\/wp-json\/wp\/v2\/media?parent=36117"}],"wp:term":[{"taxonomy":"category","embeddable":true,"href":"https:\/\/www.justiceinfo.net\/fr\/wp-json\/wp\/v2\/categories?post=36117"},{"taxonomy":"post_tag","embeddable":true,"href":"https:\/\/www.justiceinfo.net\/fr\/wp-json\/wp\/v2\/tags?post=36117"},{"taxonomy":"ji_location","embeddable":true,"href":"https:\/\/www.justiceinfo.net\/fr\/wp-json\/wp\/v2\/ji_location?post=36117"}],"curies":[{"name":"wp","href":"https:\/\/api.w.org\/{rel}","templated":true}]}}