{"id":36132,"date":"2018-01-18T06:06:09","date_gmt":"2018-01-18T05:06:09","guid":{"rendered":"https:\/\/www.justiceinfo.net\/36132-massacre-du-28-septembre-2009-a-conakry-en-guinee-proces-en-2018.html"},"modified":"2018-01-18T06:06:09","modified_gmt":"2018-01-18T05:06:09","slug":"massacre-du-28-septembre-2009-a-conakry-en-guinee-proces-en-2018","status":"publish","type":"post","link":"https:\/\/www.justiceinfo.net\/fr\/36132-massacre-du-28-septembre-2009-a-conakry-en-guinee-proces-en-2018.html","title":{"rendered":"Massacre du 28 septembre 2009 \u00e0 Conakry, en Guin\u00e9e : proc\u00e8s en 2018 ?"},"content":{"rendered":"<div class=\"content-excerpt\">\n<p><strong><em>L\u2019enqu\u00eate est enfin boucl\u00e9e plus de 7 ans apr\u00e8s les faits. Le 29 d\u00e9cembre 2017, le ministre d\u2019Etat guin\u00e9en en charge de la Justice, Cheik Sacko, a annonc\u00e9 la fin de l\u2019instruction judicaire sur le massacre du 28 septembre 2009 et le renvoi des pr\u00e9venus devant le tribunal criminel. Ce jour-l\u00e0, la junte militaire alors au pouvoir avait r\u00e9prim\u00e9 dans le sang une manifestation de l\u2019opposition \u00e0 Conakry, tuant 156 personnes et violant une centaine de femmes, selon des chiffres de l\u2019ONU.<\/em><\/strong><\/p>\n<\/div>\n<p>La fin de cette instruction judiciaire semble ouvrir\u00a0 le chemin vers la tenue d\u2019un proc\u00e8s. D\u00e9j\u00e0, un comit\u00e9 de pilotage\u00a0 charg\u00e9 de pr\u00e9parer la phase du jugement \u00a0a \u00e9t\u00e9 cr\u00e9\u00e9 m\u00eame si aucune date n\u2019a encore \u00e9t\u00e9 annonc\u00e9e pour l\u2019ouverture du proc\u00e8s. <strong><em>\u00ab\u00a0<\/em><\/strong><em>Une affaire de crime de masse\u00a0 aussi importante que celle du 28 septembre n\u2019a pas de d\u00e9lais, qu\u2019on le veuille ou pas, elle sera jug\u00e9e en Guin\u00e9e\u00a0; je ne sais pas quand, mais elle sera jug\u00e9e <\/em>\u00bb, a assur\u00e9 le ministre \u00a0d\u2019Etat Cheik Sacko\u00a0lors d\u2019une conf\u00e9rence de presse \u00e0 Conakry. Et, soulignant que le proc\u00e8s devrait durer pr\u00e8s d\u2019une ann\u00e9e, il a implicitement appel\u00e9 les bailleurs de fonds \u00e0 mettre la main sur la poche.\u00a0 <em>\u00abSi on n\u2019a pas d\u2019argent, on ne fera pas ce proc\u00e8s, qui va au moins durer 8 \u00e0 10 mois<\/em> \u00bb, a dit le ministre qui sait bien que la communaut\u00e9 internationale tient tant \u00e0 ce que ce proc\u00e8s ait lieu. Les Etats-Unis et l\u2019Union Europ\u00e9enne ont promis nagu\u00e8re d\u2019accorder une aide financi\u00e8re au gouvernement guin\u00e9en, qui, \u00e0 son tour selon Me Cheik Sacko\u00a0 doit budg\u00e9tiser sa contribution\u00a0\u00a0 au cours de cette ann\u00e9e. Aucun\u00a0 montant n\u2019est pour le moment indiqu\u00e9.<\/p>\n<p>Du c\u00f4t\u00e9 de la magistrature, le procureur g\u00e9n\u00e9ral pr\u00e8s la Cour d\u2019Appel de Conakry<strong>, <\/strong>Mondjour Ch\u00e9rif,\u00a0 assure que \u00ab\u00a0<em>les magistrats guin\u00e9ens sont pr\u00eats pour tenir le proc\u00e8s<\/em>\u00a0\u00bb. Les audiences devraient se d\u00e9rouler devant le tribunal de Dixinn, une commune de la capitale guin\u00e9enne. Mais des signaux n\u00e9gatifs sont d\u00e9j\u00e0 per\u00e7us par bon nombre d\u2019observateurs. Il s\u2019agit surtout du non-lieu d\u00e9j\u00e0 prononc\u00e9 en faveur de deux officiers qui figuraient au nombre des suspects\u00a0: le G\u00e9n\u00e9ral Mathurin Bangoura, actuel gouverneur de Conakry, membre du (Conseil national pour la d\u00e9mocratie te le d\u00e9veloppement (CNDD) la junte militaire alors au pouvoir, et le capitaine de gendarmerie Bienvenu Lamah, responsable, \u00e0 l\u2019\u00e9poque des faits, de la milice stationn\u00e9e au camp de Kal\u00e9ah, non loin de For\u00e9cariah, \u00e0 une centaine de kilom\u00e8tres de Conakry.<\/p>\n<p>Les magistrats charg\u00e9s de l\u2019enqu\u00eate ont estim\u00e9 qu\u2019il n\u2019y avait pas assez de charges pour le renvoi des deux officiers devant un tribunal. Les avocats des victimes ont fait appel de cette ordonnance. L\u2019autre surprise dans ce dossier est que le G\u00e9n\u00e9ral Sekouba Konat\u00e9, ancien pr\u00e9sident de la transition et ministre de la D\u00e9fense \u00e0 l\u2019\u00e9poque, donc responsable de la troupe, ne sera pas convoqu\u00e9 au tribunal dans ce dossier alors qu\u2019il a manifest\u00e9 plusieurs fois sa disposition \u00e0 \u00eatre entendu dans cette affaire.<\/p>\n<h3><strong>La bataille judiciaire est d\u00e9j\u00e0 engag\u00e9e<\/strong><\/h3>\n<p>En d\u00e9finitive, seuls 13 accus\u00e9s seront appel\u00e9s \u00e0 la barre. Parmi eux, l\u2019ancien pr\u00e9sident du CNDD, Moussa Dadis Camara, toujours en exil au Burkina-Faso, Aboubacar Diakit\u00e9 dit Toumba (arr\u00eat\u00e9 \u00e0 Dakar extrad\u00e9 et d\u00e9tenu \u00e0 la prison de Conakry) et le colonel Moussa Ti\u00e9gboro Camara. Ils doivent r\u00e9pondre de plusieurs chefs d\u2019accusation, notamment meurtres, agressions, viols et tortures. Avant m\u00eame l\u2019ouverture du proc\u00e8s, la bataille judiciaire est d\u00e9j\u00e0 engag\u00e9e. Les avocats de Toumba Diakit\u00e9 ont annonc\u00e9 leur retrait d\u00e9finitif du dossier au motif que les droits de leur client sont viol\u00e9s par les autorit\u00e9s judiciaires et que ce dernier aurait fait l\u2019objet d\u2019une tentative d\u2019empoisonnement par injection en prison. De son c\u00f4t\u00e9, la pr\u00e9sidente de l\u2019Association des parents et victimes du massacre du 28 septembre 2009, Asmaou Diallo, menace de saisir cette fois-ci les juridictions internationales si le proc\u00e8s ne s\u2019ouvre pas en 2018.<\/p>\n<p>Pour m\u00e9moire, des milliers de manifestants s\u2019\u00e9taient rassembl\u00e9s dans le stade de Conakry le 28 septembre 2009 pour dire \u00a0non\u00a0 \u00e0 une candidature \u00e0 la pr\u00e9sidentielle de Moussa Dadis Camara, alors chef de la junte, lorsque des militaires ont fait irruption, ouvrant le feu \u00e0 l\u2019arme automatique. Selon l\u2019ONU, au moins 156 personnes ont \u00e9t\u00e9 tu\u00e9es et 109 femmes ont \u00e9t\u00e9 viol\u00e9es, dont certaines ont \u00e9t\u00e9 emmen\u00e9es de force dans des camps militaires puis r\u00e9duites en esclavage sexuel pendant des jours. Dans son rapport publi\u00e9 en d\u00e9cembre 2009, la Commission d'enqu\u00eate des Nations unies d\u00e9nonce un <em>\u00ab\u00a0crime contre l'humanit\u00e9\u00a0\u00bb.<\/em><\/p>\n<p>\u00a0<\/p>\n","protected":false},"excerpt":{"rendered":"<p>L\u2019enqu\u00eate est enfin boucl\u00e9e plus de 7 ans apr\u00e8s les faits. Le 29 d\u00e9cembre 2017, le ministre d\u2019Etat guin\u00e9en en charge de la Justice, Cheik Sacko, a annonc\u00e9 la fin de l\u2019instruction judicaire sur le massacre du 28 septembre 2009 et le renvoi des pr\u00e9venus devant le tribunal criminel. Ce jour-l\u00e0, la junte militaire alors [&hellip;]<\/p>\n","protected":false},"author":64,"featured_media":62686,"comment_status":"open","ping_status":"closed","sticky":false,"template":"","format":"standard","meta":{"_acf_changed":false,"footnotes":""},"categories":[574],"tags":[],"ji_location":[2256],"class_list":["post-36132","post","type-post","status-publish","format-standard","has-post-thumbnail","hentry","category-tribunaux-nationaux","ji_location-guinee"],"acf":[],"yoast_head":"<!-- This site is optimized with the Yoast SEO Premium plugin v25.3.1 (Yoast SEO v25.3.1) - https:\/\/yoast.com\/wordpress\/plugins\/seo\/ -->\n<title>Massacre du 28 septembre 2009 \u00e0 Conakry, en Guin\u00e9e : proc\u00e8s en 2018 ? - JusticeInfo.net<\/title>\n<meta name=\"robots\" content=\"index, follow, max-snippet:-1, max-image-preview:large, max-video-preview:-1\" \/>\n<link rel=\"canonical\" href=\"https:\/\/www.justiceinfo.net\/fr\/36132-massacre-du-28-septembre-2009-a-conakry-en-guinee-proces-en-2018.html\" \/>\n<meta property=\"og:locale\" content=\"fr_FR\" \/>\n<meta property=\"og:type\" content=\"article\" \/>\n<meta property=\"og:title\" content=\"Massacre du 28 septembre 2009 \u00e0 Conakry, en Guin\u00e9e : proc\u00e8s en 2018 ?\" \/>\n<meta property=\"og:description\" content=\"L\u2019enqu\u00eate est enfin boucl\u00e9e plus de 7 ans apr\u00e8s les faits. Le 29 d\u00e9cembre 2017, le ministre d\u2019Etat guin\u00e9en en charge de la Justice, Cheik Sacko, a annonc\u00e9 la fin de l\u2019instruction judicaire sur le massacre du 28 septembre 2009 et le renvoi des pr\u00e9venus devant le tribunal criminel. Ce jour-l\u00e0, la junte militaire alors [&hellip;]\" \/>\n<meta property=\"og:url\" content=\"https:\/\/www.justiceinfo.net\/fr\/36132-massacre-du-28-septembre-2009-a-conakry-en-guinee-proces-en-2018.html\" \/>\n<meta property=\"og:site_name\" content=\"JusticeInfo.net\" \/>\n<meta property=\"article:publisher\" content=\"https:\/\/www.facebook.com\/JusticeInfo\/\" \/>\n<meta property=\"article:published_time\" content=\"2018-01-18T05:06:09+00:00\" \/>\n<meta property=\"og:image\" content=\"https:\/\/www.justiceinfo.net\/wp-content\/uploads\/9c14f75764d9a12384c24503bc4bd437.jpg\" \/>\n\t<meta property=\"og:image:width\" content=\"309\" \/>\n\t<meta property=\"og:image:height\" content=\"206\" \/>\n\t<meta property=\"og:image:type\" content=\"image\/jpeg\" \/>\n<meta name=\"author\" content=\"A\u00efssatou Barry, \u00e0 Conakry\" \/>\n<meta name=\"twitter:card\" content=\"summary_large_image\" \/>\n<meta name=\"twitter:creator\" content=\"@justiceinfonet\" \/>\n<meta name=\"twitter:site\" content=\"@justiceinfonet\" \/>\n<meta name=\"twitter:label1\" content=\"\u00c9crit par\" \/>\n\t<meta name=\"twitter:data1\" content=\"A\u00efssatou Barry, \u00e0 Conakry\" \/>\n\t<meta name=\"twitter:label2\" content=\"Dur\u00e9e de lecture estim\u00e9e\" \/>\n\t<meta name=\"twitter:data2\" content=\"4 minutes\" \/>\n<script type=\"application\/ld+json\" class=\"yoast-schema-graph\">{\"@context\":\"https:\/\/schema.org\",\"@graph\":[{\"@type\":\"NewsArticle\",\"@id\":\"https:\/\/www.justiceinfo.net\/fr\/36132-massacre-du-28-septembre-2009-a-conakry-en-guinee-proces-en-2018.html#article\",\"isPartOf\":{\"@id\":\"https:\/\/www.justiceinfo.net\/fr\/36132-massacre-du-28-septembre-2009-a-conakry-en-guinee-proces-en-2018.html\"},\"author\":{\"name\":\"solivri\",\"@id\":\"https:\/\/www.justiceinfo.net\/fr#\/schema\/person\/6e53cba1629e2e66f3fc1821d3091865\"},\"headline\":\"Massacre du 28 septembre 2009 \u00e0 Conakry, en Guin\u00e9e : proc\u00e8s en 2018 ?\",\"datePublished\":\"2018-01-18T05:06:09+00:00\",\"mainEntityOfPage\":{\"@id\":\"https:\/\/www.justiceinfo.net\/fr\/36132-massacre-du-28-septembre-2009-a-conakry-en-guinee-proces-en-2018.html\"},\"wordCount\":843,\"commentCount\":0,\"publisher\":{\"@id\":\"https:\/\/www.justiceinfo.net\/fr#organization\"},\"image\":{\"@id\":\"https:\/\/www.justiceinfo.net\/fr\/36132-massacre-du-28-septembre-2009-a-conakry-en-guinee-proces-en-2018.html#primaryimage\"},\"thumbnailUrl\":\"https:\/\/www.justiceinfo.net\/wp-content\/uploads\/9c14f75764d9a12384c24503bc4bd437.jpg\",\"articleSection\":[\"Tribunaux nationaux\"],\"inLanguage\":\"fr-FR\",\"potentialAction\":[{\"@type\":\"CommentAction\",\"name\":\"Comment\",\"target\":[\"https:\/\/www.justiceinfo.net\/fr\/36132-massacre-du-28-septembre-2009-a-conakry-en-guinee-proces-en-2018.html#respond\"]}]},{\"@type\":\"WebPage\",\"@id\":\"https:\/\/www.justiceinfo.net\/fr\/36132-massacre-du-28-septembre-2009-a-conakry-en-guinee-proces-en-2018.html\",\"url\":\"https:\/\/www.justiceinfo.net\/fr\/36132-massacre-du-28-septembre-2009-a-conakry-en-guinee-proces-en-2018.html\",\"name\":\"Massacre du 28 septembre 2009 \u00e0 Conakry, en Guin\u00e9e : proc\u00e8s en 2018 ? - JusticeInfo.net\",\"isPartOf\":{\"@id\":\"https:\/\/www.justiceinfo.net\/fr#website\"},\"primaryImageOfPage\":{\"@id\":\"https:\/\/www.justiceinfo.net\/fr\/36132-massacre-du-28-septembre-2009-a-conakry-en-guinee-proces-en-2018.html#primaryimage\"},\"image\":{\"@id\":\"https:\/\/www.justiceinfo.net\/fr\/36132-massacre-du-28-septembre-2009-a-conakry-en-guinee-proces-en-2018.html#primaryimage\"},\"thumbnailUrl\":\"https:\/\/www.justiceinfo.net\/wp-content\/uploads\/9c14f75764d9a12384c24503bc4bd437.jpg\",\"datePublished\":\"2018-01-18T05:06:09+00:00\",\"breadcrumb\":{\"@id\":\"https:\/\/www.justiceinfo.net\/fr\/36132-massacre-du-28-septembre-2009-a-conakry-en-guinee-proces-en-2018.html#breadcrumb\"},\"inLanguage\":\"fr-FR\",\"potentialAction\":[{\"@type\":\"ReadAction\",\"target\":[\"https:\/\/www.justiceinfo.net\/fr\/36132-massacre-du-28-septembre-2009-a-conakry-en-guinee-proces-en-2018.html\"]}]},{\"@type\":\"ImageObject\",\"inLanguage\":\"fr-FR\",\"@id\":\"https:\/\/www.justiceinfo.net\/fr\/36132-massacre-du-28-septembre-2009-a-conakry-en-guinee-proces-en-2018.html#primaryimage\",\"url\":\"https:\/\/www.justiceinfo.net\/wp-content\/uploads\/9c14f75764d9a12384c24503bc4bd437.jpg\",\"contentUrl\":\"https:\/\/www.justiceinfo.net\/wp-content\/uploads\/9c14f75764d9a12384c24503bc4bd437.jpg\",\"width\":309,\"height\":206},{\"@type\":\"BreadcrumbList\",\"@id\":\"https:\/\/www.justiceinfo.net\/fr\/36132-massacre-du-28-septembre-2009-a-conakry-en-guinee-proces-en-2018.html#breadcrumb\",\"itemListElement\":[{\"@type\":\"ListItem\",\"position\":1,\"name\":\"Home\",\"item\":\"https:\/\/www.justiceinfo.net\/fr\"},{\"@type\":\"ListItem\",\"position\":2,\"name\":\"Massacre du 28 septembre 2009 \u00e0 Conakry, en Guin\u00e9e : proc\u00e8s en 2018 ?\"}]},{\"@type\":\"WebSite\",\"@id\":\"https:\/\/www.justiceinfo.net\/fr#website\",\"url\":\"https:\/\/www.justiceinfo.net\/fr\",\"name\":\"JusticeInfo.net\",\"description\":\"La justice doit \u00eatre vue pour \u00eatre rendue\",\"publisher\":{\"@id\":\"https:\/\/www.justiceinfo.net\/fr#organization\"},\"potentialAction\":[{\"@type\":\"SearchAction\",\"target\":{\"@type\":\"EntryPoint\",\"urlTemplate\":\"https:\/\/www.justiceinfo.net\/fr?s={search_term_string}\"},\"query-input\":{\"@type\":\"PropertyValueSpecification\",\"valueRequired\":true,\"valueName\":\"search_term_string\"}}],\"inLanguage\":\"fr-FR\"},{\"@type\":\"Organization\",\"@id\":\"https:\/\/www.justiceinfo.net\/fr#organization\",\"name\":\"Justice Info\",\"url\":\"https:\/\/www.justiceinfo.net\/fr\",\"logo\":{\"@type\":\"ImageObject\",\"inLanguage\":\"fr-FR\",\"@id\":\"https:\/\/www.justiceinfo.net\/fr#\/schema\/logo\/image\/\",\"url\":\"https:\/\/www.justiceinfo.net\/wp-content\/uploads\/justiceinfo_logo-trans_1200x1200px.png\",\"contentUrl\":\"https:\/\/www.justiceinfo.net\/wp-content\/uploads\/justiceinfo_logo-trans_1200x1200px.png\",\"width\":1199,\"height\":1200,\"caption\":\"Justice Info\"},\"image\":{\"@id\":\"https:\/\/www.justiceinfo.net\/fr#\/schema\/logo\/image\/\"},\"sameAs\":[\"https:\/\/www.facebook.com\/JusticeInfo\/\",\"https:\/\/x.com\/justiceinfonet\",\"https:\/\/www.linkedin.com\/company\/justice-info\",\"https:\/\/www.youtube.com\/channel\/UCyCEsARodyuWtkWyhn-e7pA\"]},{\"@type\":\"Person\",\"name\":\"A\u00efssatou Barry, \u00e0 Conakry\",\"url\":\"\/fr\/?s=A\u00efssatou Barry, \u00e0 Conakry\"}]}<\/script>\n<!-- \/ Yoast SEO Premium plugin. -->","yoast_head_json":{"title":"Massacre du 28 septembre 2009 \u00e0 Conakry, en Guin\u00e9e : proc\u00e8s en 2018 ? - JusticeInfo.net","robots":{"index":"index","follow":"follow","max-snippet":"max-snippet:-1","max-image-preview":"max-image-preview:large","max-video-preview":"max-video-preview:-1"},"canonical":"https:\/\/www.justiceinfo.net\/fr\/36132-massacre-du-28-septembre-2009-a-conakry-en-guinee-proces-en-2018.html","og_locale":"fr_FR","og_type":"article","og_title":"Massacre du 28 septembre 2009 \u00e0 Conakry, en Guin\u00e9e : proc\u00e8s en 2018 ?","og_description":"L\u2019enqu\u00eate est enfin boucl\u00e9e plus de 7 ans apr\u00e8s les faits. Le 29 d\u00e9cembre 2017, le ministre d\u2019Etat guin\u00e9en en charge de la Justice, Cheik Sacko, a annonc\u00e9 la fin de l\u2019instruction judicaire sur le massacre du 28 septembre 2009 et le renvoi des pr\u00e9venus devant le tribunal criminel. Ce jour-l\u00e0, la junte militaire alors [&hellip;]","og_url":"https:\/\/www.justiceinfo.net\/fr\/36132-massacre-du-28-septembre-2009-a-conakry-en-guinee-proces-en-2018.html","og_site_name":"JusticeInfo.net","article_publisher":"https:\/\/www.facebook.com\/JusticeInfo\/","article_published_time":"2018-01-18T05:06:09+00:00","og_image":[{"width":309,"height":206,"url":"https:\/\/www.justiceinfo.net\/wp-content\/uploads\/9c14f75764d9a12384c24503bc4bd437.jpg","type":"image\/jpeg"}],"author":"A\u00efssatou Barry, \u00e0 Conakry","twitter_card":"summary_large_image","twitter_creator":"@justiceinfonet","twitter_site":"@justiceinfonet","twitter_misc":{"\u00c9crit par":"A\u00efssatou Barry, \u00e0 Conakry","Dur\u00e9e de lecture estim\u00e9e":"4 minutes"},"schema":{"@context":"https:\/\/schema.org","@graph":[{"@type":"NewsArticle","@id":"https:\/\/www.justiceinfo.net\/fr\/36132-massacre-du-28-septembre-2009-a-conakry-en-guinee-proces-en-2018.html#article","isPartOf":{"@id":"https:\/\/www.justiceinfo.net\/fr\/36132-massacre-du-28-septembre-2009-a-conakry-en-guinee-proces-en-2018.html"},"author":{"name":"solivri","@id":"https:\/\/www.justiceinfo.net\/fr#\/schema\/person\/6e53cba1629e2e66f3fc1821d3091865"},"headline":"Massacre du 28 septembre 2009 \u00e0 Conakry, en Guin\u00e9e : proc\u00e8s en 2018 ?","datePublished":"2018-01-18T05:06:09+00:00","mainEntityOfPage":{"@id":"https:\/\/www.justiceinfo.net\/fr\/36132-massacre-du-28-septembre-2009-a-conakry-en-guinee-proces-en-2018.html"},"wordCount":843,"commentCount":0,"publisher":{"@id":"https:\/\/www.justiceinfo.net\/fr#organization"},"image":{"@id":"https:\/\/www.justiceinfo.net\/fr\/36132-massacre-du-28-septembre-2009-a-conakry-en-guinee-proces-en-2018.html#primaryimage"},"thumbnailUrl":"https:\/\/www.justiceinfo.net\/wp-content\/uploads\/9c14f75764d9a12384c24503bc4bd437.jpg","articleSection":["Tribunaux nationaux"],"inLanguage":"fr-FR","potentialAction":[{"@type":"CommentAction","name":"Comment","target":["https:\/\/www.justiceinfo.net\/fr\/36132-massacre-du-28-septembre-2009-a-conakry-en-guinee-proces-en-2018.html#respond"]}]},{"@type":"WebPage","@id":"https:\/\/www.justiceinfo.net\/fr\/36132-massacre-du-28-septembre-2009-a-conakry-en-guinee-proces-en-2018.html","url":"https:\/\/www.justiceinfo.net\/fr\/36132-massacre-du-28-septembre-2009-a-conakry-en-guinee-proces-en-2018.html","name":"Massacre du 28 septembre 2009 \u00e0 Conakry, en Guin\u00e9e : proc\u00e8s en 2018 ? - JusticeInfo.net","isPartOf":{"@id":"https:\/\/www.justiceinfo.net\/fr#website"},"primaryImageOfPage":{"@id":"https:\/\/www.justiceinfo.net\/fr\/36132-massacre-du-28-septembre-2009-a-conakry-en-guinee-proces-en-2018.html#primaryimage"},"image":{"@id":"https:\/\/www.justiceinfo.net\/fr\/36132-massacre-du-28-septembre-2009-a-conakry-en-guinee-proces-en-2018.html#primaryimage"},"thumbnailUrl":"https:\/\/www.justiceinfo.net\/wp-content\/uploads\/9c14f75764d9a12384c24503bc4bd437.jpg","datePublished":"2018-01-18T05:06:09+00:00","breadcrumb":{"@id":"https:\/\/www.justiceinfo.net\/fr\/36132-massacre-du-28-septembre-2009-a-conakry-en-guinee-proces-en-2018.html#breadcrumb"},"inLanguage":"fr-FR","potentialAction":[{"@type":"ReadAction","target":["https:\/\/www.justiceinfo.net\/fr\/36132-massacre-du-28-septembre-2009-a-conakry-en-guinee-proces-en-2018.html"]}]},{"@type":"ImageObject","inLanguage":"fr-FR","@id":"https:\/\/www.justiceinfo.net\/fr\/36132-massacre-du-28-septembre-2009-a-conakry-en-guinee-proces-en-2018.html#primaryimage","url":"https:\/\/www.justiceinfo.net\/wp-content\/uploads\/9c14f75764d9a12384c24503bc4bd437.jpg","contentUrl":"https:\/\/www.justiceinfo.net\/wp-content\/uploads\/9c14f75764d9a12384c24503bc4bd437.jpg","width":309,"height":206},{"@type":"BreadcrumbList","@id":"https:\/\/www.justiceinfo.net\/fr\/36132-massacre-du-28-septembre-2009-a-conakry-en-guinee-proces-en-2018.html#breadcrumb","itemListElement":[{"@type":"ListItem","position":1,"name":"Home","item":"https:\/\/www.justiceinfo.net\/fr"},{"@type":"ListItem","position":2,"name":"Massacre du 28 septembre 2009 \u00e0 Conakry, en Guin\u00e9e : proc\u00e8s en 2018 ?"}]},{"@type":"WebSite","@id":"https:\/\/www.justiceinfo.net\/fr#website","url":"https:\/\/www.justiceinfo.net\/fr","name":"JusticeInfo.net","description":"La justice doit \u00eatre vue pour \u00eatre rendue","publisher":{"@id":"https:\/\/www.justiceinfo.net\/fr#organization"},"potentialAction":[{"@type":"SearchAction","target":{"@type":"EntryPoint","urlTemplate":"https:\/\/www.justiceinfo.net\/fr?s={search_term_string}"},"query-input":{"@type":"PropertyValueSpecification","valueRequired":true,"valueName":"search_term_string"}}],"inLanguage":"fr-FR"},{"@type":"Organization","@id":"https:\/\/www.justiceinfo.net\/fr#organization","name":"Justice Info","url":"https:\/\/www.justiceinfo.net\/fr","logo":{"@type":"ImageObject","inLanguage":"fr-FR","@id":"https:\/\/www.justiceinfo.net\/fr#\/schema\/logo\/image\/","url":"https:\/\/www.justiceinfo.net\/wp-content\/uploads\/justiceinfo_logo-trans_1200x1200px.png","contentUrl":"https:\/\/www.justiceinfo.net\/wp-content\/uploads\/justiceinfo_logo-trans_1200x1200px.png","width":1199,"height":1200,"caption":"Justice Info"},"image":{"@id":"https:\/\/www.justiceinfo.net\/fr#\/schema\/logo\/image\/"},"sameAs":["https:\/\/www.facebook.com\/JusticeInfo\/","https:\/\/x.com\/justiceinfonet","https:\/\/www.linkedin.com\/company\/justice-info","https:\/\/www.youtube.com\/channel\/UCyCEsARodyuWtkWyhn-e7pA"]},{"@type":"Person","name":"A\u00efssatou Barry, \u00e0 Conakry","url":"\/fr\/?s=A\u00efssatou Barry, \u00e0 Conakry"}]}},"_links":{"self":[{"href":"https:\/\/www.justiceinfo.net\/fr\/wp-json\/wp\/v2\/posts\/36132","targetHints":{"allow":["GET"]}}],"collection":[{"href":"https:\/\/www.justiceinfo.net\/fr\/wp-json\/wp\/v2\/posts"}],"about":[{"href":"https:\/\/www.justiceinfo.net\/fr\/wp-json\/wp\/v2\/types\/post"}],"author":[{"embeddable":true,"href":"https:\/\/www.justiceinfo.net\/fr\/wp-json\/wp\/v2\/users\/64"}],"replies":[{"embeddable":true,"href":"https:\/\/www.justiceinfo.net\/fr\/wp-json\/wp\/v2\/comments?post=36132"}],"version-history":[{"count":0,"href":"https:\/\/www.justiceinfo.net\/fr\/wp-json\/wp\/v2\/posts\/36132\/revisions"}],"wp:featuredmedia":[{"embeddable":true,"href":"https:\/\/www.justiceinfo.net\/fr\/wp-json\/wp\/v2\/media\/62686"}],"wp:attachment":[{"href":"https:\/\/www.justiceinfo.net\/fr\/wp-json\/wp\/v2\/media?parent=36132"}],"wp:term":[{"taxonomy":"category","embeddable":true,"href":"https:\/\/www.justiceinfo.net\/fr\/wp-json\/wp\/v2\/categories?post=36132"},{"taxonomy":"post_tag","embeddable":true,"href":"https:\/\/www.justiceinfo.net\/fr\/wp-json\/wp\/v2\/tags?post=36132"},{"taxonomy":"ji_location","embeddable":true,"href":"https:\/\/www.justiceinfo.net\/fr\/wp-json\/wp\/v2\/ji_location?post=36132"}],"curies":[{"name":"wp","href":"https:\/\/api.w.org\/{rel}","templated":true}]}}