{"id":36178,"date":"2018-01-21T18:05:16","date_gmt":"2018-01-21T17:05:16","guid":{"rendered":"https:\/\/www.justiceinfo.net\/36178-rdc-le-pape-demande-aux-autorites-d-eviter-toute-forme-de-violence.html"},"modified":"2018-01-21T18:05:16","modified_gmt":"2018-01-21T17:05:16","slug":"rdc-le-pape-demande-aux-autorites-d-eviter-toute-forme-de-violence","status":"publish","type":"post","link":"https:\/\/www.justiceinfo.net\/fr\/36178-rdc-le-pape-demande-aux-autorites-d-eviter-toute-forme-de-violence.html","title":{"rendered":"RDC: le pape demande aux autorit\u00e9s d'\u00e9viter \"toute forme de violence\""},"content":{"rendered":"<div class=\"txt-textContent\">\n<div class=\"text fontsize_0 jq_Content jq_langdir\">\n<p>Le pape Fran\u00e7ois a appel\u00e9 dimanche les autorit\u00e9s de la R\u00e9publique d\u00e9mocratique du Congo \u00e0 \u00e9viter \"toute forme de violence\", \u00e0 la fin d'un Angelus prononc\u00e9 \u00e0 Lima.<\/p>\n<p>Six personnes ont \u00e9t\u00e9 tu\u00e9es dimanche \u00e0 Kinshasa dans la dispersion de marches interdites \u00e0 l'appel d'un collectif catholique contre le maintien au pouvoir du pr\u00e9sident Joseph Kabila, selon la Mission des Nations unies au Congo (Monusco).<\/p>\n<p>\"Aujourd'hui, des nouvelles tr\u00e8s inqui\u00e9tantes me parviennent de la R\u00e9publique d\u00e9mocratique du Congo. Prions pour le Congo\", a d\u00e9clar\u00e9 le souverain pontife face \u00e0 la foule r\u00e9unie sur la place principale de Lima.<\/p>\n<p>\"Je demande aux autorit\u00e9s, aux responsables et \u00e0 tous dans ce pays bien-aim\u00e9 qu'ils mettent en oeuvre tous leurs efforts pour \u00e9viter toute forme de violence et chercher des solutions en faveur du bien commun\", a-t-il ajout\u00e9.<\/p>\n<p>Le pape argentin conclut dimanche une tourn\u00e9e d'une semaine en Am\u00e9rique latine, la sixi\u00e8me de son pontificat, qui a d\u00e9but\u00e9 au Chili avant de se poursuivre au P\u00e9rou, o\u00f9 il c\u00e9l\u00e9brera dans l'apr\u00e8s-midi une messe g\u00e9ante dans la capitale.<\/p>\n<p>Les violences en RDC ont aussi fait 49 bless\u00e9s dans tout le pays o\u00f9 94 personnes ont \u00e9t\u00e9 arr\u00eat\u00e9es, selon la porte-parole de la Monusco, Florence Marchal.<\/p>\n<p>La dispersion de pr\u00e9c\u00e9dentes marches interdites le 31 d\u00e9cembre avait fait six morts dont cinq \u00e0 Kinshasa, selon la Monusco et la nonciature apostolique, aucun d'apr\u00e8s les autorit\u00e9s.<\/p>\n<\/div>\n<\/div>\n","protected":false},"excerpt":{"rendered":"<p>Le pape Fran\u00e7ois a appel\u00e9 dimanche les autorit\u00e9s de la R\u00e9publique d\u00e9mocratique du Congo \u00e0 \u00e9viter \"toute forme de violence\", \u00e0 la fin d'un Angelus prononc\u00e9 \u00e0 Lima. Six personnes ont \u00e9t\u00e9 tu\u00e9es dimanche \u00e0 Kinshasa dans la dispersion de marches interdites \u00e0 l'appel d'un collectif catholique contre le maintien au pouvoir du pr\u00e9sident Joseph [&hellip;]<\/p>\n","protected":false},"author":60,"featured_media":0,"comment_status":"open","ping_status":"closed","sticky":false,"template":"","format":"standard","meta":{"_acf_changed":false,"footnotes":""},"categories":[2576],"tags":[],"ji_location":[2196],"class_list":["post-36178","post","type-post","status-publish","format-standard","hentry","category-fil-d-actualite","ji_location-republique-democratique-du-congo"],"acf":[],"yoast_head":"<!-- This site is optimized with the Yoast SEO Premium plugin v25.3.1 (Yoast SEO v25.3.1) - https:\/\/yoast.com\/wordpress\/plugins\/seo\/ -->\n<title>RDC: le pape demande aux autorit\u00e9s d&#039;\u00e9viter &quot;toute forme de violence&quot; - JusticeInfo.net<\/title>\n<meta name=\"robots\" content=\"index, follow, max-snippet:-1, max-image-preview:large, max-video-preview:-1\" \/>\n<link rel=\"canonical\" href=\"https:\/\/www.justiceinfo.net\/fr\/36178-rdc-le-pape-demande-aux-autorites-d-eviter-toute-forme-de-violence.html\" \/>\n<meta property=\"og:locale\" content=\"fr_FR\" \/>\n<meta property=\"og:type\" content=\"article\" \/>\n<meta property=\"og:title\" content=\"RDC: le pape demande aux autorit\u00e9s d&#039;\u00e9viter &quot;toute forme de violence&quot;\" \/>\n<meta property=\"og:description\" content=\"Le pape Fran\u00e7ois a appel\u00e9 dimanche les autorit\u00e9s de la R\u00e9publique d\u00e9mocratique du Congo \u00e0 \u00e9viter &quot;toute forme de violence&quot;, \u00e0 la fin d&#039;un Angelus prononc\u00e9 \u00e0 Lima. Six personnes ont \u00e9t\u00e9 tu\u00e9es dimanche \u00e0 Kinshasa dans la dispersion de marches interdites \u00e0 l&#039;appel d&#039;un collectif catholique contre le maintien au pouvoir du pr\u00e9sident Joseph [&hellip;]\" \/>\n<meta property=\"og:url\" content=\"https:\/\/www.justiceinfo.net\/fr\/36178-rdc-le-pape-demande-aux-autorites-d-eviter-toute-forme-de-violence.html\" \/>\n<meta property=\"og:site_name\" content=\"JusticeInfo.net\" \/>\n<meta property=\"article:publisher\" content=\"https:\/\/www.facebook.com\/JusticeInfo\/\" \/>\n<meta property=\"article:published_time\" content=\"2018-01-21T17:05:16+00:00\" \/>\n<meta property=\"og:image\" content=\"https:\/\/www.justiceinfo.net\/wp-content\/uploads\/JusticeInfoNet_logo_1200x630px.jpg\" \/>\n\t<meta property=\"og:image:width\" content=\"1200\" \/>\n\t<meta property=\"og:image:height\" content=\"630\" \/>\n\t<meta property=\"og:image:type\" content=\"image\/jpeg\" \/>\n<meta name=\"author\" content=\"AFP\" \/>\n<meta name=\"twitter:card\" content=\"summary_large_image\" \/>\n<meta name=\"twitter:creator\" content=\"@justiceinfonet\" \/>\n<meta name=\"twitter:site\" content=\"@justiceinfonet\" \/>\n<meta name=\"twitter:label1\" content=\"\u00c9crit par\" \/>\n\t<meta name=\"twitter:data1\" content=\"AFP\" \/>\n\t<meta name=\"twitter:label2\" content=\"Dur\u00e9e de lecture estim\u00e9e\" \/>\n\t<meta name=\"twitter:data2\" content=\"1 minute\" \/>\n<script type=\"application\/ld+json\" class=\"yoast-schema-graph\">{\"@context\":\"https:\/\/schema.org\",\"@graph\":[{\"@type\":\"NewsArticle\",\"@id\":\"https:\/\/www.justiceinfo.net\/fr\/36178-rdc-le-pape-demande-aux-autorites-d-eviter-toute-forme-de-violence.html#article\",\"isPartOf\":{\"@id\":\"https:\/\/www.justiceinfo.net\/fr\/36178-rdc-le-pape-demande-aux-autorites-d-eviter-toute-forme-de-violence.html\"},\"author\":{\"name\":\"afp\",\"@id\":\"https:\/\/www.justiceinfo.net\/fr#\/schema\/person\/713d340ef5f218fc36ce9b4244364a7f\"},\"headline\":\"RDC: le pape demande aux autorit\u00e9s d'\u00e9viter \\\"toute forme de violence\\\"\",\"datePublished\":\"2018-01-21T17:05:16+00:00\",\"mainEntityOfPage\":{\"@id\":\"https:\/\/www.justiceinfo.net\/fr\/36178-rdc-le-pape-demande-aux-autorites-d-eviter-toute-forme-de-violence.html\"},\"wordCount\":269,\"commentCount\":0,\"publisher\":{\"@id\":\"https:\/\/www.justiceinfo.net\/fr#organization\"},\"articleSection\":[\"Fil d'info AFP\"],\"inLanguage\":\"fr-FR\",\"potentialAction\":[{\"@type\":\"CommentAction\",\"name\":\"Comment\",\"target\":[\"https:\/\/www.justiceinfo.net\/fr\/36178-rdc-le-pape-demande-aux-autorites-d-eviter-toute-forme-de-violence.html#respond\"]}]},{\"@type\":\"WebPage\",\"@id\":\"https:\/\/www.justiceinfo.net\/fr\/36178-rdc-le-pape-demande-aux-autorites-d-eviter-toute-forme-de-violence.html\",\"url\":\"https:\/\/www.justiceinfo.net\/fr\/36178-rdc-le-pape-demande-aux-autorites-d-eviter-toute-forme-de-violence.html\",\"name\":\"RDC: le pape demande aux autorit\u00e9s d'\u00e9viter \\\"toute forme de violence\\\" - JusticeInfo.net\",\"isPartOf\":{\"@id\":\"https:\/\/www.justiceinfo.net\/fr#website\"},\"datePublished\":\"2018-01-21T17:05:16+00:00\",\"breadcrumb\":{\"@id\":\"https:\/\/www.justiceinfo.net\/fr\/36178-rdc-le-pape-demande-aux-autorites-d-eviter-toute-forme-de-violence.html#breadcrumb\"},\"inLanguage\":\"fr-FR\",\"potentialAction\":[{\"@type\":\"ReadAction\",\"target\":[\"https:\/\/www.justiceinfo.net\/fr\/36178-rdc-le-pape-demande-aux-autorites-d-eviter-toute-forme-de-violence.html\"]}]},{\"@type\":\"BreadcrumbList\",\"@id\":\"https:\/\/www.justiceinfo.net\/fr\/36178-rdc-le-pape-demande-aux-autorites-d-eviter-toute-forme-de-violence.html#breadcrumb\",\"itemListElement\":[{\"@type\":\"ListItem\",\"position\":1,\"name\":\"Home\",\"item\":\"https:\/\/www.justiceinfo.net\/fr\"},{\"@type\":\"ListItem\",\"position\":2,\"name\":\"RDC: le pape demande aux autorit\u00e9s d'\u00e9viter \\\"toute forme de violence\\\"\"}]},{\"@type\":\"WebSite\",\"@id\":\"https:\/\/www.justiceinfo.net\/fr#website\",\"url\":\"https:\/\/www.justiceinfo.net\/fr\",\"name\":\"JusticeInfo.net\",\"description\":\"La justice doit \u00eatre vue pour \u00eatre rendue\",\"publisher\":{\"@id\":\"https:\/\/www.justiceinfo.net\/fr#organization\"},\"potentialAction\":[{\"@type\":\"SearchAction\",\"target\":{\"@type\":\"EntryPoint\",\"urlTemplate\":\"https:\/\/www.justiceinfo.net\/fr?s={search_term_string}\"},\"query-input\":{\"@type\":\"PropertyValueSpecification\",\"valueRequired\":true,\"valueName\":\"search_term_string\"}}],\"inLanguage\":\"fr-FR\"},{\"@type\":\"Organization\",\"@id\":\"https:\/\/www.justiceinfo.net\/fr#organization\",\"name\":\"Justice Info\",\"url\":\"https:\/\/www.justiceinfo.net\/fr\",\"logo\":{\"@type\":\"ImageObject\",\"inLanguage\":\"fr-FR\",\"@id\":\"https:\/\/www.justiceinfo.net\/fr#\/schema\/logo\/image\/\",\"url\":\"https:\/\/www.justiceinfo.net\/wp-content\/uploads\/justiceinfo_logo-trans_1200x1200px.png\",\"contentUrl\":\"https:\/\/www.justiceinfo.net\/wp-content\/uploads\/justiceinfo_logo-trans_1200x1200px.png\",\"width\":1199,\"height\":1200,\"caption\":\"Justice Info\"},\"image\":{\"@id\":\"https:\/\/www.justiceinfo.net\/fr#\/schema\/logo\/image\/\"},\"sameAs\":[\"https:\/\/www.facebook.com\/JusticeInfo\/\",\"https:\/\/x.com\/justiceinfonet\",\"https:\/\/www.linkedin.com\/company\/justice-info\",\"https:\/\/www.youtube.com\/channel\/UCyCEsARodyuWtkWyhn-e7pA\"]},{\"@type\":\"Person\",\"name\":\"AFP\",\"url\":\"\/fr\/?s=AFP\"}]}<\/script>\n<!-- \/ Yoast SEO Premium plugin. -->","yoast_head_json":{"title":"RDC: le pape demande aux autorit\u00e9s d'\u00e9viter \"toute forme de violence\" - JusticeInfo.net","robots":{"index":"index","follow":"follow","max-snippet":"max-snippet:-1","max-image-preview":"max-image-preview:large","max-video-preview":"max-video-preview:-1"},"canonical":"https:\/\/www.justiceinfo.net\/fr\/36178-rdc-le-pape-demande-aux-autorites-d-eviter-toute-forme-de-violence.html","og_locale":"fr_FR","og_type":"article","og_title":"RDC: le pape demande aux autorit\u00e9s d'\u00e9viter \"toute forme de violence\"","og_description":"Le pape Fran\u00e7ois a appel\u00e9 dimanche les autorit\u00e9s de la R\u00e9publique d\u00e9mocratique du Congo \u00e0 \u00e9viter \"toute forme de violence\", \u00e0 la fin d'un Angelus prononc\u00e9 \u00e0 Lima. Six personnes ont \u00e9t\u00e9 tu\u00e9es dimanche \u00e0 Kinshasa dans la dispersion de marches interdites \u00e0 l'appel d'un collectif catholique contre le maintien au pouvoir du pr\u00e9sident Joseph [&hellip;]","og_url":"https:\/\/www.justiceinfo.net\/fr\/36178-rdc-le-pape-demande-aux-autorites-d-eviter-toute-forme-de-violence.html","og_site_name":"JusticeInfo.net","article_publisher":"https:\/\/www.facebook.com\/JusticeInfo\/","article_published_time":"2018-01-21T17:05:16+00:00","og_image":[{"width":1200,"height":630,"url":"https:\/\/www.justiceinfo.net\/wp-content\/uploads\/JusticeInfoNet_logo_1200x630px.jpg","type":"image\/jpeg"}],"author":"AFP","twitter_card":"summary_large_image","twitter_creator":"@justiceinfonet","twitter_site":"@justiceinfonet","twitter_misc":{"\u00c9crit par":"AFP","Dur\u00e9e de lecture estim\u00e9e":"1 minute"},"schema":{"@context":"https:\/\/schema.org","@graph":[{"@type":"NewsArticle","@id":"https:\/\/www.justiceinfo.net\/fr\/36178-rdc-le-pape-demande-aux-autorites-d-eviter-toute-forme-de-violence.html#article","isPartOf":{"@id":"https:\/\/www.justiceinfo.net\/fr\/36178-rdc-le-pape-demande-aux-autorites-d-eviter-toute-forme-de-violence.html"},"author":{"name":"afp","@id":"https:\/\/www.justiceinfo.net\/fr#\/schema\/person\/713d340ef5f218fc36ce9b4244364a7f"},"headline":"RDC: le pape demande aux autorit\u00e9s d'\u00e9viter \"toute forme de violence\"","datePublished":"2018-01-21T17:05:16+00:00","mainEntityOfPage":{"@id":"https:\/\/www.justiceinfo.net\/fr\/36178-rdc-le-pape-demande-aux-autorites-d-eviter-toute-forme-de-violence.html"},"wordCount":269,"commentCount":0,"publisher":{"@id":"https:\/\/www.justiceinfo.net\/fr#organization"},"articleSection":["Fil d'info AFP"],"inLanguage":"fr-FR","potentialAction":[{"@type":"CommentAction","name":"Comment","target":["https:\/\/www.justiceinfo.net\/fr\/36178-rdc-le-pape-demande-aux-autorites-d-eviter-toute-forme-de-violence.html#respond"]}]},{"@type":"WebPage","@id":"https:\/\/www.justiceinfo.net\/fr\/36178-rdc-le-pape-demande-aux-autorites-d-eviter-toute-forme-de-violence.html","url":"https:\/\/www.justiceinfo.net\/fr\/36178-rdc-le-pape-demande-aux-autorites-d-eviter-toute-forme-de-violence.html","name":"RDC: le pape demande aux autorit\u00e9s d'\u00e9viter \"toute forme de violence\" - JusticeInfo.net","isPartOf":{"@id":"https:\/\/www.justiceinfo.net\/fr#website"},"datePublished":"2018-01-21T17:05:16+00:00","breadcrumb":{"@id":"https:\/\/www.justiceinfo.net\/fr\/36178-rdc-le-pape-demande-aux-autorites-d-eviter-toute-forme-de-violence.html#breadcrumb"},"inLanguage":"fr-FR","potentialAction":[{"@type":"ReadAction","target":["https:\/\/www.justiceinfo.net\/fr\/36178-rdc-le-pape-demande-aux-autorites-d-eviter-toute-forme-de-violence.html"]}]},{"@type":"BreadcrumbList","@id":"https:\/\/www.justiceinfo.net\/fr\/36178-rdc-le-pape-demande-aux-autorites-d-eviter-toute-forme-de-violence.html#breadcrumb","itemListElement":[{"@type":"ListItem","position":1,"name":"Home","item":"https:\/\/www.justiceinfo.net\/fr"},{"@type":"ListItem","position":2,"name":"RDC: le pape demande aux autorit\u00e9s d'\u00e9viter \"toute forme de violence\""}]},{"@type":"WebSite","@id":"https:\/\/www.justiceinfo.net\/fr#website","url":"https:\/\/www.justiceinfo.net\/fr","name":"JusticeInfo.net","description":"La justice doit \u00eatre vue pour \u00eatre rendue","publisher":{"@id":"https:\/\/www.justiceinfo.net\/fr#organization"},"potentialAction":[{"@type":"SearchAction","target":{"@type":"EntryPoint","urlTemplate":"https:\/\/www.justiceinfo.net\/fr?s={search_term_string}"},"query-input":{"@type":"PropertyValueSpecification","valueRequired":true,"valueName":"search_term_string"}}],"inLanguage":"fr-FR"},{"@type":"Organization","@id":"https:\/\/www.justiceinfo.net\/fr#organization","name":"Justice Info","url":"https:\/\/www.justiceinfo.net\/fr","logo":{"@type":"ImageObject","inLanguage":"fr-FR","@id":"https:\/\/www.justiceinfo.net\/fr#\/schema\/logo\/image\/","url":"https:\/\/www.justiceinfo.net\/wp-content\/uploads\/justiceinfo_logo-trans_1200x1200px.png","contentUrl":"https:\/\/www.justiceinfo.net\/wp-content\/uploads\/justiceinfo_logo-trans_1200x1200px.png","width":1199,"height":1200,"caption":"Justice Info"},"image":{"@id":"https:\/\/www.justiceinfo.net\/fr#\/schema\/logo\/image\/"},"sameAs":["https:\/\/www.facebook.com\/JusticeInfo\/","https:\/\/x.com\/justiceinfonet","https:\/\/www.linkedin.com\/company\/justice-info","https:\/\/www.youtube.com\/channel\/UCyCEsARodyuWtkWyhn-e7pA"]},{"@type":"Person","name":"AFP","url":"\/fr\/?s=AFP"}]}},"_links":{"self":[{"href":"https:\/\/www.justiceinfo.net\/fr\/wp-json\/wp\/v2\/posts\/36178","targetHints":{"allow":["GET"]}}],"collection":[{"href":"https:\/\/www.justiceinfo.net\/fr\/wp-json\/wp\/v2\/posts"}],"about":[{"href":"https:\/\/www.justiceinfo.net\/fr\/wp-json\/wp\/v2\/types\/post"}],"author":[{"embeddable":true,"href":"https:\/\/www.justiceinfo.net\/fr\/wp-json\/wp\/v2\/users\/60"}],"replies":[{"embeddable":true,"href":"https:\/\/www.justiceinfo.net\/fr\/wp-json\/wp\/v2\/comments?post=36178"}],"version-history":[{"count":0,"href":"https:\/\/www.justiceinfo.net\/fr\/wp-json\/wp\/v2\/posts\/36178\/revisions"}],"wp:attachment":[{"href":"https:\/\/www.justiceinfo.net\/fr\/wp-json\/wp\/v2\/media?parent=36178"}],"wp:term":[{"taxonomy":"category","embeddable":true,"href":"https:\/\/www.justiceinfo.net\/fr\/wp-json\/wp\/v2\/categories?post=36178"},{"taxonomy":"post_tag","embeddable":true,"href":"https:\/\/www.justiceinfo.net\/fr\/wp-json\/wp\/v2\/tags?post=36178"},{"taxonomy":"ji_location","embeddable":true,"href":"https:\/\/www.justiceinfo.net\/fr\/wp-json\/wp\/v2\/ji_location?post=36178"}],"curies":[{"name":"wp","href":"https:\/\/api.w.org\/{rel}","templated":true}]}}