{"id":3627,"date":"2008-04-09T05:54:29","date_gmt":"2008-04-09T03:54:29","guid":{"rendered":"https:\/\/www.justiceinfo.net\/3627-080408-tpirgenocide-le-procureur-du-tpir-suggere-une-justice-preventive417.html"},"modified":"2008-04-09T05:54:29","modified_gmt":"2008-04-09T03:54:29","slug":"080408-tpirgenocide-le-procureur-du-tpir-suggere-une-justice-preventive417","status":"publish","type":"post","link":"https:\/\/www.justiceinfo.net\/fr\/3627-080408-tpirgenocide-le-procureur-du-tpir-suggere-une-justice-preventive417.html","title":{"rendered":"08.04.08 - TPIR\/GENOCIDE  - LE PROCUREUR DU TPIR SUGGERE UNE JUSTICE PREVENTIVE"},"content":{"rendered":"<p  >\nArusha, 8 avril 2008 (FH) -  Hassan Jallow, le procureur du Tribunal p\u00e9nal international pour le Rwanda (TPIR), a souhait\u00e9 lors de la c\u00e9r\u00e9monie qui a marqu\u00e9 \u00e0 Arusha le 14\u00e8me anniversaire du g\u00e9nocide qu\u2019une justice pr\u00e9ventive permette d\u2019\u00e9viter une trag\u00e9die comme celle du g\u00e9nocide rwandais.<br \/>\n\u00ab Notre exp\u00e9rience du g\u00e9nocide rwandais devrait nous pousser \u00e0 \u00e9largir la r\u00e9action \u00e0 de semblables trag\u00e9dies potentielles \u00bb a dit le procureur.\n<\/p>\n<p><!--more--><\/p>\n<p  >\n\u00ab Les r\u00e9ponses l\u00e9gales sont absolument n\u00e9cessaires mais ne r\u00e9pondent pas \u00e0 tout. Nous devons les appuyer par la justice pr\u00e9ventive et avec une justice de restitution \u00bb. Le g\u00e9nocide rwandais est maintenant un fait \u00e9tabli, dont la chambre d\u2019appel du TPIR a fait un constat judiciaire, a-t-il rappel\u00e9.<br \/>\nLe greffier Adama Dieng a, quant \u00e0 lui, exhort\u00e9 le personnel du tribunal qui doit  terminer son mandat d\u2019ici la fin de l\u2019ann\u00e9e \u00e0 continuer \u00e0 s\u2019atteler \u00e0 son travail.  \u00ab Nous le devons aux victimes rwandaises, nous le devons \u00e0 la communaut\u00e9 internationale \u00bb, a-t-il dit. Selon lui, bien que le mandat du tribunal ne comprenne pas de proc\u00e9dure d\u2019indemnisation, le TPIR a \u00ab aid\u00e9 les victimes \u00e0 mieux envisager l\u2019avenir. \u00bb<br \/>\n\u00ab Le Rwanda sonne l\u2019alarme \u00bb a, de son c\u00f4t\u00e9, d\u00e9clar\u00e9  Aloys Mutabingwa, repr\u00e9sentant du gouvernement rwandais aupr\u00e8s du TPIR. \u00ab C\u2019est un r\u00e9veil pour que, nous tous, nous nous dressions contre les origines du g\u00e9nocide \u00bb a-t-il dit. \u00ab Cette comm\u00e9moration, a-t-il ajout\u00e9, est une occasion de donner l\u2019alarme sur la d\u00e9vastation de l\u2019humanit\u00e9 qui pourrait r\u00e9sulter d\u2019un oubli d\u00e9lib\u00e9r\u00e9 de ce qui s\u2019est pass\u00e9 au Rwanda. \u00bb Certains sont encore en train de nier le g\u00e9nocide, a-t-il regrett\u00e9.<br \/>\nCette c\u00e9r\u00e9monie, organis\u00e9e par la communaut\u00e9 rwandaise d'Arusha et l'association du personnel du TPIR, \u00e9tait la premi\u00e8re comm\u00e9moration organis\u00e9e dans l'enceinte du TPIR mise \u00e0 part celle du dixi\u00e8me anniversaire en 2004. Deux des 18 juges y ont  assist\u00e9, ainsi qu\u2019une centaine de membres du personnel.<br \/>\nSC-NI\/PB<\/p>\n","protected":false},"excerpt":{"rendered":"<p>Arusha, 8 avril 2008 (FH) - Hassan Jallow, le procureur du Tribunal p\u00e9nal international pour le Rwanda (TPIR), a souhait\u00e9 lors de la c\u00e9r\u00e9monie qui a marqu\u00e9 \u00e0 Arusha le 14\u00e8me anniversaire du g\u00e9nocide qu\u2019une justice pr\u00e9ventive permette d\u2019\u00e9viter une trag\u00e9die comme celle du g\u00e9nocide rwandais. \u00ab Notre exp\u00e9rience du g\u00e9nocide rwandais devrait nous pousser [&hellip;]<\/p>\n","protected":false},"author":64,"featured_media":0,"comment_status":"open","ping_status":"closed","sticky":false,"template":"","format":"standard","meta":{"_acf_changed":false,"footnotes":""},"categories":[554],"tags":[],"ji_location":[],"class_list":["post-3627","post","type-post","status-publish","format-standard","hentry","category-hirondellenews"],"acf":[],"yoast_head":"<!-- This site is optimized with the Yoast SEO Premium plugin v25.3.1 (Yoast SEO v25.3.1) - https:\/\/yoast.com\/wordpress\/plugins\/seo\/ -->\n<title>08.04.08 - TPIR\/GENOCIDE - LE PROCUREUR DU TPIR SUGGERE UNE JUSTICE PREVENTIVE - JusticeInfo.net<\/title>\n<meta name=\"robots\" content=\"index, follow, max-snippet:-1, max-image-preview:large, max-video-preview:-1\" \/>\n<link rel=\"canonical\" href=\"https:\/\/www.justiceinfo.net\/fr\/3627-080408-tpirgenocide-le-procureur-du-tpir-suggere-une-justice-preventive417.html\" \/>\n<meta property=\"og:locale\" content=\"fr_FR\" \/>\n<meta property=\"og:type\" content=\"article\" \/>\n<meta property=\"og:title\" content=\"08.04.08 - TPIR\/GENOCIDE - LE PROCUREUR DU TPIR SUGGERE UNE JUSTICE PREVENTIVE\" \/>\n<meta property=\"og:description\" content=\"Arusha, 8 avril 2008 (FH) - Hassan Jallow, le procureur du Tribunal p\u00e9nal international pour le Rwanda (TPIR), a souhait\u00e9 lors de la c\u00e9r\u00e9monie qui a marqu\u00e9 \u00e0 Arusha le 14\u00e8me anniversaire du g\u00e9nocide qu\u2019une justice pr\u00e9ventive permette d\u2019\u00e9viter une trag\u00e9die comme celle du g\u00e9nocide rwandais. \u00ab Notre exp\u00e9rience du g\u00e9nocide rwandais devrait nous pousser [&hellip;]\" \/>\n<meta property=\"og:url\" content=\"https:\/\/www.justiceinfo.net\/fr\/3627-080408-tpirgenocide-le-procureur-du-tpir-suggere-une-justice-preventive417.html\" \/>\n<meta property=\"og:site_name\" content=\"JusticeInfo.net\" \/>\n<meta property=\"article:publisher\" content=\"https:\/\/www.facebook.com\/JusticeInfo\/\" \/>\n<meta property=\"article:published_time\" content=\"2008-04-09T03:54:29+00:00\" \/>\n<meta property=\"og:image\" content=\"https:\/\/www.justiceinfo.net\/wp-content\/uploads\/JusticeInfoNet_logo_1200x630px.jpg\" \/>\n\t<meta property=\"og:image:width\" content=\"1200\" \/>\n\t<meta property=\"og:image:height\" content=\"630\" \/>\n\t<meta property=\"og:image:type\" content=\"image\/jpeg\" \/>\n<meta name=\"author\" content=\"solivri\" \/>\n<meta name=\"twitter:card\" content=\"summary_large_image\" \/>\n<meta name=\"twitter:creator\" content=\"@justiceinfonet\" \/>\n<meta name=\"twitter:site\" content=\"@justiceinfonet\" \/>\n<meta name=\"twitter:label1\" content=\"\u00c9crit par\" \/>\n\t<meta name=\"twitter:data1\" content=\"solivri\" \/>\n\t<meta name=\"twitter:label2\" content=\"Dur\u00e9e de lecture estim\u00e9e\" \/>\n\t<meta name=\"twitter:data2\" content=\"2 minutes\" \/>\n<script type=\"application\/ld+json\" class=\"yoast-schema-graph\">{\"@context\":\"https:\/\/schema.org\",\"@graph\":[{\"@type\":\"NewsArticle\",\"@id\":\"https:\/\/www.justiceinfo.net\/fr\/3627-080408-tpirgenocide-le-procureur-du-tpir-suggere-une-justice-preventive417.html#article\",\"isPartOf\":{\"@id\":\"https:\/\/www.justiceinfo.net\/fr\/3627-080408-tpirgenocide-le-procureur-du-tpir-suggere-une-justice-preventive417.html\"},\"author\":{\"name\":\"solivri\",\"@id\":\"https:\/\/www.justiceinfo.net\/fr#\/schema\/person\/6e53cba1629e2e66f3fc1821d3091865\"},\"headline\":\"08.04.08 - TPIR\/GENOCIDE - LE PROCUREUR DU TPIR SUGGERE UNE JUSTICE PREVENTIVE\",\"datePublished\":\"2008-04-09T03:54:29+00:00\",\"mainEntityOfPage\":{\"@id\":\"https:\/\/www.justiceinfo.net\/fr\/3627-080408-tpirgenocide-le-procureur-du-tpir-suggere-une-justice-preventive417.html\"},\"wordCount\":358,\"commentCount\":0,\"publisher\":{\"@id\":\"https:\/\/www.justiceinfo.net\/fr#organization\"},\"articleSection\":[\"Hirondelle News\"],\"inLanguage\":\"fr-FR\",\"potentialAction\":[{\"@type\":\"CommentAction\",\"name\":\"Comment\",\"target\":[\"https:\/\/www.justiceinfo.net\/fr\/3627-080408-tpirgenocide-le-procureur-du-tpir-suggere-une-justice-preventive417.html#respond\"]}]},{\"@type\":\"WebPage\",\"@id\":\"https:\/\/www.justiceinfo.net\/fr\/3627-080408-tpirgenocide-le-procureur-du-tpir-suggere-une-justice-preventive417.html\",\"url\":\"https:\/\/www.justiceinfo.net\/fr\/3627-080408-tpirgenocide-le-procureur-du-tpir-suggere-une-justice-preventive417.html\",\"name\":\"08.04.08 - TPIR\/GENOCIDE - LE PROCUREUR DU TPIR SUGGERE UNE JUSTICE PREVENTIVE - JusticeInfo.net\",\"isPartOf\":{\"@id\":\"https:\/\/www.justiceinfo.net\/fr#website\"},\"datePublished\":\"2008-04-09T03:54:29+00:00\",\"breadcrumb\":{\"@id\":\"https:\/\/www.justiceinfo.net\/fr\/3627-080408-tpirgenocide-le-procureur-du-tpir-suggere-une-justice-preventive417.html#breadcrumb\"},\"inLanguage\":\"fr-FR\",\"potentialAction\":[{\"@type\":\"ReadAction\",\"target\":[\"https:\/\/www.justiceinfo.net\/fr\/3627-080408-tpirgenocide-le-procureur-du-tpir-suggere-une-justice-preventive417.html\"]}]},{\"@type\":\"BreadcrumbList\",\"@id\":\"https:\/\/www.justiceinfo.net\/fr\/3627-080408-tpirgenocide-le-procureur-du-tpir-suggere-une-justice-preventive417.html#breadcrumb\",\"itemListElement\":[{\"@type\":\"ListItem\",\"position\":1,\"name\":\"Home\",\"item\":\"https:\/\/www.justiceinfo.net\/fr\"},{\"@type\":\"ListItem\",\"position\":2,\"name\":\"08.04.08 - TPIR\/GENOCIDE - LE PROCUREUR DU TPIR SUGGERE UNE JUSTICE PREVENTIVE\"}]},{\"@type\":\"WebSite\",\"@id\":\"https:\/\/www.justiceinfo.net\/fr#website\",\"url\":\"https:\/\/www.justiceinfo.net\/fr\",\"name\":\"JusticeInfo.net\",\"description\":\"La justice doit \u00eatre vue pour \u00eatre rendue\",\"publisher\":{\"@id\":\"https:\/\/www.justiceinfo.net\/fr#organization\"},\"potentialAction\":[{\"@type\":\"SearchAction\",\"target\":{\"@type\":\"EntryPoint\",\"urlTemplate\":\"https:\/\/www.justiceinfo.net\/fr?s={search_term_string}\"},\"query-input\":{\"@type\":\"PropertyValueSpecification\",\"valueRequired\":true,\"valueName\":\"search_term_string\"}}],\"inLanguage\":\"fr-FR\"},{\"@type\":\"Organization\",\"@id\":\"https:\/\/www.justiceinfo.net\/fr#organization\",\"name\":\"Justice Info\",\"url\":\"https:\/\/www.justiceinfo.net\/fr\",\"logo\":{\"@type\":\"ImageObject\",\"inLanguage\":\"fr-FR\",\"@id\":\"https:\/\/www.justiceinfo.net\/fr#\/schema\/logo\/image\/\",\"url\":\"https:\/\/www.justiceinfo.net\/wp-content\/uploads\/justiceinfo_logo-trans_1200x1200px.png\",\"contentUrl\":\"https:\/\/www.justiceinfo.net\/wp-content\/uploads\/justiceinfo_logo-trans_1200x1200px.png\",\"width\":1199,\"height\":1200,\"caption\":\"Justice Info\"},\"image\":{\"@id\":\"https:\/\/www.justiceinfo.net\/fr#\/schema\/logo\/image\/\"},\"sameAs\":[\"https:\/\/www.facebook.com\/JusticeInfo\/\",\"https:\/\/x.com\/justiceinfonet\",\"https:\/\/www.linkedin.com\/company\/justice-info\",\"https:\/\/www.youtube.com\/channel\/UCyCEsARodyuWtkWyhn-e7pA\"]},{\"@type\":\"Person\",\"name\":\"solivri\",\"url\":\"\/fr\/?s=solivri\"}]}<\/script>\n<!-- \/ Yoast SEO Premium plugin. -->","yoast_head_json":{"title":"08.04.08 - TPIR\/GENOCIDE - LE PROCUREUR DU TPIR SUGGERE UNE JUSTICE PREVENTIVE - JusticeInfo.net","robots":{"index":"index","follow":"follow","max-snippet":"max-snippet:-1","max-image-preview":"max-image-preview:large","max-video-preview":"max-video-preview:-1"},"canonical":"https:\/\/www.justiceinfo.net\/fr\/3627-080408-tpirgenocide-le-procureur-du-tpir-suggere-une-justice-preventive417.html","og_locale":"fr_FR","og_type":"article","og_title":"08.04.08 - TPIR\/GENOCIDE - LE PROCUREUR DU TPIR SUGGERE UNE JUSTICE PREVENTIVE","og_description":"Arusha, 8 avril 2008 (FH) - Hassan Jallow, le procureur du Tribunal p\u00e9nal international pour le Rwanda (TPIR), a souhait\u00e9 lors de la c\u00e9r\u00e9monie qui a marqu\u00e9 \u00e0 Arusha le 14\u00e8me anniversaire du g\u00e9nocide qu\u2019une justice pr\u00e9ventive permette d\u2019\u00e9viter une trag\u00e9die comme celle du g\u00e9nocide rwandais. \u00ab Notre exp\u00e9rience du g\u00e9nocide rwandais devrait nous pousser [&hellip;]","og_url":"https:\/\/www.justiceinfo.net\/fr\/3627-080408-tpirgenocide-le-procureur-du-tpir-suggere-une-justice-preventive417.html","og_site_name":"JusticeInfo.net","article_publisher":"https:\/\/www.facebook.com\/JusticeInfo\/","article_published_time":"2008-04-09T03:54:29+00:00","og_image":[{"width":1200,"height":630,"url":"https:\/\/www.justiceinfo.net\/wp-content\/uploads\/JusticeInfoNet_logo_1200x630px.jpg","type":"image\/jpeg"}],"author":"solivri","twitter_card":"summary_large_image","twitter_creator":"@justiceinfonet","twitter_site":"@justiceinfonet","twitter_misc":{"\u00c9crit par":"solivri","Dur\u00e9e de lecture estim\u00e9e":"2 minutes"},"schema":{"@context":"https:\/\/schema.org","@graph":[{"@type":"NewsArticle","@id":"https:\/\/www.justiceinfo.net\/fr\/3627-080408-tpirgenocide-le-procureur-du-tpir-suggere-une-justice-preventive417.html#article","isPartOf":{"@id":"https:\/\/www.justiceinfo.net\/fr\/3627-080408-tpirgenocide-le-procureur-du-tpir-suggere-une-justice-preventive417.html"},"author":{"name":"solivri","@id":"https:\/\/www.justiceinfo.net\/fr#\/schema\/person\/6e53cba1629e2e66f3fc1821d3091865"},"headline":"08.04.08 - TPIR\/GENOCIDE - LE PROCUREUR DU TPIR SUGGERE UNE JUSTICE PREVENTIVE","datePublished":"2008-04-09T03:54:29+00:00","mainEntityOfPage":{"@id":"https:\/\/www.justiceinfo.net\/fr\/3627-080408-tpirgenocide-le-procureur-du-tpir-suggere-une-justice-preventive417.html"},"wordCount":358,"commentCount":0,"publisher":{"@id":"https:\/\/www.justiceinfo.net\/fr#organization"},"articleSection":["Hirondelle News"],"inLanguage":"fr-FR","potentialAction":[{"@type":"CommentAction","name":"Comment","target":["https:\/\/www.justiceinfo.net\/fr\/3627-080408-tpirgenocide-le-procureur-du-tpir-suggere-une-justice-preventive417.html#respond"]}]},{"@type":"WebPage","@id":"https:\/\/www.justiceinfo.net\/fr\/3627-080408-tpirgenocide-le-procureur-du-tpir-suggere-une-justice-preventive417.html","url":"https:\/\/www.justiceinfo.net\/fr\/3627-080408-tpirgenocide-le-procureur-du-tpir-suggere-une-justice-preventive417.html","name":"08.04.08 - TPIR\/GENOCIDE - LE PROCUREUR DU TPIR SUGGERE UNE JUSTICE PREVENTIVE - JusticeInfo.net","isPartOf":{"@id":"https:\/\/www.justiceinfo.net\/fr#website"},"datePublished":"2008-04-09T03:54:29+00:00","breadcrumb":{"@id":"https:\/\/www.justiceinfo.net\/fr\/3627-080408-tpirgenocide-le-procureur-du-tpir-suggere-une-justice-preventive417.html#breadcrumb"},"inLanguage":"fr-FR","potentialAction":[{"@type":"ReadAction","target":["https:\/\/www.justiceinfo.net\/fr\/3627-080408-tpirgenocide-le-procureur-du-tpir-suggere-une-justice-preventive417.html"]}]},{"@type":"BreadcrumbList","@id":"https:\/\/www.justiceinfo.net\/fr\/3627-080408-tpirgenocide-le-procureur-du-tpir-suggere-une-justice-preventive417.html#breadcrumb","itemListElement":[{"@type":"ListItem","position":1,"name":"Home","item":"https:\/\/www.justiceinfo.net\/fr"},{"@type":"ListItem","position":2,"name":"08.04.08 - TPIR\/GENOCIDE - LE PROCUREUR DU TPIR SUGGERE UNE JUSTICE PREVENTIVE"}]},{"@type":"WebSite","@id":"https:\/\/www.justiceinfo.net\/fr#website","url":"https:\/\/www.justiceinfo.net\/fr","name":"JusticeInfo.net","description":"La justice doit \u00eatre vue pour \u00eatre rendue","publisher":{"@id":"https:\/\/www.justiceinfo.net\/fr#organization"},"potentialAction":[{"@type":"SearchAction","target":{"@type":"EntryPoint","urlTemplate":"https:\/\/www.justiceinfo.net\/fr?s={search_term_string}"},"query-input":{"@type":"PropertyValueSpecification","valueRequired":true,"valueName":"search_term_string"}}],"inLanguage":"fr-FR"},{"@type":"Organization","@id":"https:\/\/www.justiceinfo.net\/fr#organization","name":"Justice Info","url":"https:\/\/www.justiceinfo.net\/fr","logo":{"@type":"ImageObject","inLanguage":"fr-FR","@id":"https:\/\/www.justiceinfo.net\/fr#\/schema\/logo\/image\/","url":"https:\/\/www.justiceinfo.net\/wp-content\/uploads\/justiceinfo_logo-trans_1200x1200px.png","contentUrl":"https:\/\/www.justiceinfo.net\/wp-content\/uploads\/justiceinfo_logo-trans_1200x1200px.png","width":1199,"height":1200,"caption":"Justice Info"},"image":{"@id":"https:\/\/www.justiceinfo.net\/fr#\/schema\/logo\/image\/"},"sameAs":["https:\/\/www.facebook.com\/JusticeInfo\/","https:\/\/x.com\/justiceinfonet","https:\/\/www.linkedin.com\/company\/justice-info","https:\/\/www.youtube.com\/channel\/UCyCEsARodyuWtkWyhn-e7pA"]},{"@type":"Person","name":"solivri","url":"\/fr\/?s=solivri"}]}},"_links":{"self":[{"href":"https:\/\/www.justiceinfo.net\/fr\/wp-json\/wp\/v2\/posts\/3627","targetHints":{"allow":["GET"]}}],"collection":[{"href":"https:\/\/www.justiceinfo.net\/fr\/wp-json\/wp\/v2\/posts"}],"about":[{"href":"https:\/\/www.justiceinfo.net\/fr\/wp-json\/wp\/v2\/types\/post"}],"author":[{"embeddable":true,"href":"https:\/\/www.justiceinfo.net\/fr\/wp-json\/wp\/v2\/users\/64"}],"replies":[{"embeddable":true,"href":"https:\/\/www.justiceinfo.net\/fr\/wp-json\/wp\/v2\/comments?post=3627"}],"version-history":[{"count":0,"href":"https:\/\/www.justiceinfo.net\/fr\/wp-json\/wp\/v2\/posts\/3627\/revisions"}],"wp:attachment":[{"href":"https:\/\/www.justiceinfo.net\/fr\/wp-json\/wp\/v2\/media?parent=3627"}],"wp:term":[{"taxonomy":"category","embeddable":true,"href":"https:\/\/www.justiceinfo.net\/fr\/wp-json\/wp\/v2\/categories?post=3627"},{"taxonomy":"post_tag","embeddable":true,"href":"https:\/\/www.justiceinfo.net\/fr\/wp-json\/wp\/v2\/tags?post=3627"},{"taxonomy":"ji_location","embeddable":true,"href":"https:\/\/www.justiceinfo.net\/fr\/wp-json\/wp\/v2\/ji_location?post=3627"}],"curies":[{"name":"wp","href":"https:\/\/api.w.org\/{rel}","templated":true}]}}