{"id":36301,"date":"2018-02-02T15:03:57","date_gmt":"2018-02-02T14:03:57","guid":{"rendered":"https:\/\/www.justiceinfo.net\/36301-la-centrafrique-en-quete-de-son-modele-de-justice-transitionnelle.html"},"modified":"2018-02-02T15:03:57","modified_gmt":"2018-02-02T14:03:57","slug":"la-centrafrique-en-quete-de-son-modele-de-justice-transitionnelle","status":"publish","type":"post","link":"https:\/\/www.justiceinfo.net\/fr\/36301-la-centrafrique-en-quete-de-son-modele-de-justice-transitionnelle.html","title":{"rendered":"La Centrafrique en qu\u00eate de \"son mod\u00e8le de justice transitionnelle\", selon Mgr Yombadje"},"content":{"rendered":"<p><strong><em>La crise centrafricaine qui dure depuis 2013 a sap\u00e9 les fondements de l\u2019unit\u00e9 du pays. Les Centrafricains s\u2019accordent aujourd\u2019hui sur le fait que la justice classique, \u00e0 elle seule, ne saurait ressouder le tissu social en lambeaux. C\u2019est pourquoi le pays s\u2019est engag\u00e9 \u00e0 mettre en place un syst\u00e8me de justice transitionnelle, inspir\u00e9 notamment de l\u2019exp\u00e9rience du Rwanda qui a connu un g\u00e9nocide en 1994. JusticeInfo a interrog\u00e9\u00a0 Monseigneur Fran\u00e7ois Xavier Yombadje, \u00e9v\u00eaque \u00e9m\u00e9rite de Bossangoa, qui pr\u00e9side le Groupe de travail mis en place par la Coordination de la soci\u00e9t\u00e9 civile centrafricaine pour d\u00e9finir un mod\u00e8le de justice transitionnelle dans le contexte de ce pays.<\/em><\/strong><\/p>\n<p><strong>JusticeInfo\u00a0: Qu\u2019entendez-vous par justice transitionnelle dans le contexte centrafricain\u00a0? Que peut-on en attendre\u00a0?<\/strong><\/p>\n<p><strong>Mgr\u00a0Fran\u00e7ois Xavier Yombadje <\/strong>: La justice transitionnelle est bas\u00e9e sur quatre piliers, du moins pour ce que notre pays a retenu. Le premier pilier, c\u2019est le devoir de savoir ou le devoir de m\u00e9moire. Il faut que la victime, voire tout le monde sache ce qui s\u2019est pass\u00e9 et comment nous\u00a0 en sommes arriv\u00e9s l\u00e0. Il faut que nous comprenions.\u00a0<\/p>\n<p>Ensuite, il y a le devoir de justice. Nous ne pouvons pas \u00e9chapper \u00e0 cette dimension apr\u00e8s la crise que nous avons connue. Pour que les uns et les autres entrent dans la perspective de la r\u00e9conciliation, et puissent renouer avec la paix et le d\u00e9veloppement, il faut que nous parlions justice. Et la justice ne peut pas se faire sans la r\u00e9paration.<\/p>\n<p>Enfin, il y a la garantie de non-r\u00e9p\u00e9tition. On entend dans le discours officiel\u00a0: \u2018\u2019plus jamais \u00e7a\u00a0!\u2019\u2019. C\u2019est la base m\u00eame du principe de non-r\u00e9p\u00e9tition. Il ne faut pas que nous revivions ce que nous avons v\u00e9cu\u00a0: souffrances, morts, perte de biens et de la dignit\u00e9, d\u00e9molition du pays. Il ne faut plus que nous retombions dans cette logique qui nous a d\u00e9truits. A travers cette garantie de non-r\u00e9p\u00e9tition, on voit les sympt\u00f4mes qui nous diront plus tard que l\u00e0, nous sommes en train de faire une nouvelle glissade, une autre descente aux enfers, qu\u2019il faut qu\u2019on arr\u00eate. Il s\u2019agit d\u2019\u00e9viter que les m\u00eames causes produisent les m\u00eames effets.<\/p>\n<p>Ce m\u00e9canisme de justice transitionnelle aidera par ailleurs la Cour p\u00e9nale sp\u00e9ciale qui se met en place progressivement, ainsi que le syst\u00e8me judiciaire qui est en panne chez nous. Je pr\u00e9cise que la justice transitionnelle n\u2019est pas en concurrence avec la Cour sp\u00e9ciale ou le syst\u00e8me judiciaire national, mais plut\u00f4t un m\u00e9canisme compl\u00e9mentaire.<\/p>\n<p><strong>A quels d\u00e9fis pourrait \u00eatre confront\u00e9 le processus de justice transitionnelle dans le contexte centrafricain\u00a0?<\/strong><\/p>\n<p>Les d\u00e9fis sont nombreux. En Centrafrique,\u00a0 nous sommes une mosa\u00efque d\u2019ethnies, avec une diversit\u00e9 culturelle. Il nous faut en tenir compte pour arriver \u00e0 un mod\u00e8le qui soit un d\u00e9nominateur commun entre le Nord, le Nord-Ouest, le Nord-Est, le Centre, le Sud-Est, le Sud-Ouest.<\/p>\n<p>A un autre niveau, nous avons le probl\u00e8me des archives. Dans le pays, les archives sont des denr\u00e9es rares. Il y a une insuffisance ou un manque de documentations sur l\u2019histoire lointaine, l\u2019histoire r\u00e9cente et l\u2019histoire contemporaine.<\/p>\n<p>On parle d\u2019enqu\u00eates, de victimes,\u00a0\u2026 Mais o\u00f9 est la documentation de base, o\u00f9 sont les archives qui serviront, non seulement dans le cadre de la justice transitionnelle, mais aussi au niveau de la Cour sp\u00e9ciale et du syst\u00e8me judiciaire national classique\u00a0?\u00a0<\/p>\n<p>Le troisi\u00e8me probl\u00e8me va \u00eatre celui des enqu\u00eateurs. Sur le terrain, il y a des zones encore occup\u00e9es par les groupes arm\u00e9s. Comment faire en sorte que ces enqu\u00eateurs ne soient pas en difficult\u00e9 quand ils iront sur le terrain\u00a0?<\/p>\n<p>Nous aurons\u00a0 aussi besoin d\u2019un bureau. Mais en partenariat avec la MINUSCA, nous esp\u00e9rons avoir un si\u00e8ge qui va abriter notre administration et nos archives. C\u2019est que l\u00e0 que nous tiendrons nos r\u00e9unions pour nous projeter dans le temps.<\/p>\n<p><strong>Concr\u00e8tement, qu\u2019est-ce qui a \u00e9t\u00e9 d\u00e9j\u00e0 fait et qu\u2019est-ce qui reste \u00e0 faire pour parvenir au mod\u00e8le centrafricain de justice transitionnelle\u00a0?<\/strong><\/p>\n<p>Dans un premier temps, nous avons beaucoup travaill\u00e9 sur le renforcement des capacit\u00e9s, car il nous fallait bien savoir de quoi nous parlons et ce que nous allons faire ensemble. Ensuite, nous avons mis en place le bureau du Groupe de travail sur la justice transitionnelle dans le but justement de soutenir la CPS qui va na\u00eetre. Puis, nous avons eu des contacts, plusieurs fois avec la MINUSCA, une ou deux fois avec le minist\u00e8re de tutelle. Nous avons \u00e9galement eu \u00e0 travailler dans la Coordination de la soci\u00e9t\u00e9 civile.<\/p>\n<p>Tr\u00e8s prochainement, ce que nous aurons \u00e0 faire, c\u2019est de travailler avec les techniciens et les chercheurs, qui nous permettront\u00a0 de mieux d\u00e9finir ce mod\u00e8le centrafricain de justice transitionnelle. C\u2019est un travail scientifique puisqu\u2019il sera question de r\u00e9colter des donn\u00e9es, en discuter et faire des propositions. Une fois cette phase termin\u00e9e, nous allons travailler sur la sensibilisation avec, bien \u00e9videmment, ces techniciens et experts qui vont renforcer nos capacit\u00e9s en techniques d\u2019enqu\u00eates et de sensibilisation, d\u2019animation de rencontres.<\/p>\n<p>C\u2019est un travail qui doit \u00eatre s\u00e9rieux et nous ne devons pas agir dans la pr\u00e9cipitation. Nous devons avoir toutes les informations. Par exemple, est-ce que des fosses communes existent\u00a0? Comment faire avec un m\u00e9decin - l\u00e9giste pour identifier les victimes, etc. C\u2019est un travail bien lourd. Le but, c\u2019est d\u2019arriver \u00e0 la r\u00e9conciliation.<\/p>\n<p><strong>Comment comptez-vous harmoniser votre action avec celle de la Cour p\u00e9nale sp\u00e9ciale (CPS) qui se met aussi en place\u00a0?<\/strong><\/p>\n<p>Il n\u2019y a pas de danger en cela. Ce ne sont pas des syst\u00e8mes qui sont en concurrence, mais des syst\u00e8mes qui sont en compl\u00e9mentarit\u00e9. Le but n\u2019est pas de juger pour juger. La CPS et la justice nationale vont faire leur travail mais en plus de cela, il va y avoir ce qui se passera chez nous, au niveau des villages, des communaut\u00e9s, comme cela s\u2019est fait au Rwanda (ndlr\u00a0: avec les juridictions populaires gacacas).<\/p>\n<p>La justice classique a montr\u00e9 ses limites dans des situations post-crise, c\u2019est pourquoi les gens, ailleurs, ont compris qu\u2019on ne peut pas se passer de la justice transitionnelle. Car il faut ressouder la soci\u00e9t\u00e9 qui ne doit pas \u00eatre constitu\u00e9e \u00e0 jamais d\u2019\u00e9ternelles victimes et d\u2019\u00e9ternels bourreaux. Il faut que justice soit rendue mais aussi que l\u2019on puisse aller de l\u2019avant, dans la r\u00e9conciliation et l\u2019unit\u00e9 retrouv\u00e9e.<\/p>\n<p><strong>Pensez-vous d\u00e9j\u00e0 \u00e0 quelles formes pourraient prendre la m\u00e9moire et la r\u00e9paration de ce que les Centrafricains ont v\u00e9cu\u00a0?<\/strong><\/p>\n<p>Si jamais on arrive \u00e0 sortir de cette crise, comment faire, comment allons-nous nous acquitter du\u00a0 devoir de m\u00e9moire\u00a0? Allons-nous \u00e9riger un monument, \u00e0 l\u2019image de celui des Martyrs\u00a0? La question est pos\u00e9e et les discussions sont se poursuivre. Et la r\u00e9paration, en quoi consistera-t-elle\u00a0? Sera-t-elle financi\u00e8re ou non\u00a0? Quelle forme prendra-t-elle\u00a0? Oui, le syst\u00e8me de justice transitionnelle qui sera retenu permettra d\u2019y r\u00e9pondre.<\/p>\n<p>Nous avons organis\u00e9 beaucoup de s\u00e9minaires en renforcement des capacit\u00e9s pour voir les probl\u00e8mes que pose la justice transitionnelle, comment nous allons travailler avec les autorit\u00e9s en place, notamment avec le minist\u00e8re de la R\u00e9conciliation et les Droits de l\u2019homme, avec la MINUSCA (Mission de l\u2019ONU en Centrafrique). Bref, nous aurons besoin de l\u2019apport\u00a0 de techniciens, scientifiques, chercheurs pour analyser les donn\u00e9es que nous avons pu recueillir. Nous allons ainsi rentrer dans une synergie d\u2019actions qui mettra le pays sur le chemin de la r\u00e9conciliation nationale et donc de concorde nationale.<\/p>\n<p>\u00a0<\/p>\n","protected":false},"excerpt":{"rendered":"<p>La crise centrafricaine qui dure depuis 2013 a sap\u00e9 les fondements de l\u2019unit\u00e9 du pays. Les Centrafricains s\u2019accordent aujourd\u2019hui sur le fait que la justice classique, \u00e0 elle seule, ne saurait ressouder le tissu social en lambeaux. C\u2019est pourquoi le pays s\u2019est engag\u00e9 \u00e0 mettre en place un syst\u00e8me de justice transitionnelle, inspir\u00e9 notamment de [&hellip;]<\/p>\n","protected":false},"author":63,"featured_media":64373,"comment_status":"open","ping_status":"closed","sticky":false,"template":"","format":"standard","meta":{"_acf_changed":false,"footnotes":""},"categories":[575],"tags":[],"ji_location":[2164],"class_list":["post-36301","post","type-post","status-publish","format-standard","has-post-thumbnail","hentry","category-opinions","ji_location-republique-centrafricaine"],"acf":[],"yoast_head":"<!-- This site is optimized with the Yoast SEO Premium plugin v25.3.1 (Yoast SEO v25.3.1) - https:\/\/yoast.com\/wordpress\/plugins\/seo\/ -->\n<title>La Centrafrique en qu\u00eate de &quot;son mod\u00e8le de justice transitionnelle&quot;, selon Mgr Yombadje - JusticeInfo.net<\/title>\n<meta name=\"robots\" content=\"index, follow, max-snippet:-1, max-image-preview:large, max-video-preview:-1\" \/>\n<link rel=\"canonical\" href=\"https:\/\/www.justiceinfo.net\/fr\/36301-la-centrafrique-en-quete-de-son-modele-de-justice-transitionnelle.html\" \/>\n<meta property=\"og:locale\" content=\"fr_FR\" \/>\n<meta property=\"og:type\" content=\"article\" \/>\n<meta property=\"og:title\" content=\"La Centrafrique en qu\u00eate de &quot;son mod\u00e8le de justice transitionnelle&quot;, selon Mgr Yombadje\" \/>\n<meta property=\"og:description\" content=\"La crise centrafricaine qui dure depuis 2013 a sap\u00e9 les fondements de l\u2019unit\u00e9 du pays. Les Centrafricains s\u2019accordent aujourd\u2019hui sur le fait que la justice classique, \u00e0 elle seule, ne saurait ressouder le tissu social en lambeaux. C\u2019est pourquoi le pays s\u2019est engag\u00e9 \u00e0 mettre en place un syst\u00e8me de justice transitionnelle, inspir\u00e9 notamment de [&hellip;]\" \/>\n<meta property=\"og:url\" content=\"https:\/\/www.justiceinfo.net\/fr\/36301-la-centrafrique-en-quete-de-son-modele-de-justice-transitionnelle.html\" \/>\n<meta property=\"og:site_name\" content=\"JusticeInfo.net\" \/>\n<meta property=\"article:publisher\" content=\"https:\/\/www.facebook.com\/JusticeInfo\/\" \/>\n<meta property=\"article:published_time\" content=\"2018-02-02T14:03:57+00:00\" \/>\n<meta property=\"og:image\" content=\"https:\/\/www.justiceinfo.net\/wp-content\/uploads\/a8de6c82c5d5c4c4b6ac4553838407d6.jpg\" \/>\n\t<meta property=\"og:image:width\" content=\"800\" \/>\n\t<meta property=\"og:image:height\" content=\"600\" \/>\n\t<meta property=\"og:image:type\" content=\"image\/jpeg\" \/>\n<meta name=\"author\" content=\"Yann Williamson KOGALAMA et Sylvestre KROCK (Bangui)\" \/>\n<meta name=\"twitter:card\" content=\"summary_large_image\" \/>\n<meta name=\"twitter:creator\" content=\"@justiceinfonet\" \/>\n<meta name=\"twitter:site\" content=\"@justiceinfonet\" \/>\n<meta name=\"twitter:label1\" content=\"\u00c9crit par\" \/>\n\t<meta name=\"twitter:data1\" content=\"Yann Williamson KOGALAMA et Sylvestre KROCK (Bangui)\" \/>\n\t<meta name=\"twitter:label2\" content=\"Dur\u00e9e de lecture estim\u00e9e\" \/>\n\t<meta name=\"twitter:data2\" content=\"7 minutes\" \/>\n<script type=\"application\/ld+json\" class=\"yoast-schema-graph\">{\"@context\":\"https:\/\/schema.org\",\"@graph\":[{\"@type\":\"NewsArticle\",\"@id\":\"https:\/\/www.justiceinfo.net\/fr\/36301-la-centrafrique-en-quete-de-son-modele-de-justice-transitionnelle.html#article\",\"isPartOf\":{\"@id\":\"https:\/\/www.justiceinfo.net\/fr\/36301-la-centrafrique-en-quete-de-son-modele-de-justice-transitionnelle.html\"},\"author\":{\"name\":\"civiliste\",\"@id\":\"https:\/\/www.justiceinfo.net\/fr#\/schema\/person\/015ad428615c9bd082c2b6aa8df6cad0\"},\"headline\":\"La Centrafrique en qu\u00eate de \\\"son mod\u00e8le de justice transitionnelle\\\", selon Mgr Yombadje\",\"datePublished\":\"2018-02-02T14:03:57+00:00\",\"mainEntityOfPage\":{\"@id\":\"https:\/\/www.justiceinfo.net\/fr\/36301-la-centrafrique-en-quete-de-son-modele-de-justice-transitionnelle.html\"},\"wordCount\":1359,\"commentCount\":0,\"publisher\":{\"@id\":\"https:\/\/www.justiceinfo.net\/fr#organization\"},\"image\":{\"@id\":\"https:\/\/www.justiceinfo.net\/fr\/36301-la-centrafrique-en-quete-de-son-modele-de-justice-transitionnelle.html#primaryimage\"},\"thumbnailUrl\":\"https:\/\/www.justiceinfo.net\/wp-content\/uploads\/a8de6c82c5d5c4c4b6ac4553838407d6.jpg\",\"articleSection\":[\"Opinions\"],\"inLanguage\":\"fr-FR\",\"potentialAction\":[{\"@type\":\"CommentAction\",\"name\":\"Comment\",\"target\":[\"https:\/\/www.justiceinfo.net\/fr\/36301-la-centrafrique-en-quete-de-son-modele-de-justice-transitionnelle.html#respond\"]}]},{\"@type\":\"WebPage\",\"@id\":\"https:\/\/www.justiceinfo.net\/fr\/36301-la-centrafrique-en-quete-de-son-modele-de-justice-transitionnelle.html\",\"url\":\"https:\/\/www.justiceinfo.net\/fr\/36301-la-centrafrique-en-quete-de-son-modele-de-justice-transitionnelle.html\",\"name\":\"La Centrafrique en qu\u00eate de \\\"son mod\u00e8le de justice transitionnelle\\\", selon Mgr Yombadje - JusticeInfo.net\",\"isPartOf\":{\"@id\":\"https:\/\/www.justiceinfo.net\/fr#website\"},\"primaryImageOfPage\":{\"@id\":\"https:\/\/www.justiceinfo.net\/fr\/36301-la-centrafrique-en-quete-de-son-modele-de-justice-transitionnelle.html#primaryimage\"},\"image\":{\"@id\":\"https:\/\/www.justiceinfo.net\/fr\/36301-la-centrafrique-en-quete-de-son-modele-de-justice-transitionnelle.html#primaryimage\"},\"thumbnailUrl\":\"https:\/\/www.justiceinfo.net\/wp-content\/uploads\/a8de6c82c5d5c4c4b6ac4553838407d6.jpg\",\"datePublished\":\"2018-02-02T14:03:57+00:00\",\"breadcrumb\":{\"@id\":\"https:\/\/www.justiceinfo.net\/fr\/36301-la-centrafrique-en-quete-de-son-modele-de-justice-transitionnelle.html#breadcrumb\"},\"inLanguage\":\"fr-FR\",\"potentialAction\":[{\"@type\":\"ReadAction\",\"target\":[\"https:\/\/www.justiceinfo.net\/fr\/36301-la-centrafrique-en-quete-de-son-modele-de-justice-transitionnelle.html\"]}]},{\"@type\":\"ImageObject\",\"inLanguage\":\"fr-FR\",\"@id\":\"https:\/\/www.justiceinfo.net\/fr\/36301-la-centrafrique-en-quete-de-son-modele-de-justice-transitionnelle.html#primaryimage\",\"url\":\"https:\/\/www.justiceinfo.net\/wp-content\/uploads\/a8de6c82c5d5c4c4b6ac4553838407d6.jpg\",\"contentUrl\":\"https:\/\/www.justiceinfo.net\/wp-content\/uploads\/a8de6c82c5d5c4c4b6ac4553838407d6.jpg\",\"width\":800,\"height\":600},{\"@type\":\"BreadcrumbList\",\"@id\":\"https:\/\/www.justiceinfo.net\/fr\/36301-la-centrafrique-en-quete-de-son-modele-de-justice-transitionnelle.html#breadcrumb\",\"itemListElement\":[{\"@type\":\"ListItem\",\"position\":1,\"name\":\"Home\",\"item\":\"https:\/\/www.justiceinfo.net\/fr\"},{\"@type\":\"ListItem\",\"position\":2,\"name\":\"La Centrafrique en qu\u00eate de \\\"son mod\u00e8le de justice transitionnelle\\\", selon Mgr Yombadje\"}]},{\"@type\":\"WebSite\",\"@id\":\"https:\/\/www.justiceinfo.net\/fr#website\",\"url\":\"https:\/\/www.justiceinfo.net\/fr\",\"name\":\"JusticeInfo.net\",\"description\":\"La justice doit \u00eatre vue pour \u00eatre rendue\",\"publisher\":{\"@id\":\"https:\/\/www.justiceinfo.net\/fr#organization\"},\"potentialAction\":[{\"@type\":\"SearchAction\",\"target\":{\"@type\":\"EntryPoint\",\"urlTemplate\":\"https:\/\/www.justiceinfo.net\/fr?s={search_term_string}\"},\"query-input\":{\"@type\":\"PropertyValueSpecification\",\"valueRequired\":true,\"valueName\":\"search_term_string\"}}],\"inLanguage\":\"fr-FR\"},{\"@type\":\"Organization\",\"@id\":\"https:\/\/www.justiceinfo.net\/fr#organization\",\"name\":\"Justice Info\",\"url\":\"https:\/\/www.justiceinfo.net\/fr\",\"logo\":{\"@type\":\"ImageObject\",\"inLanguage\":\"fr-FR\",\"@id\":\"https:\/\/www.justiceinfo.net\/fr#\/schema\/logo\/image\/\",\"url\":\"https:\/\/www.justiceinfo.net\/wp-content\/uploads\/justiceinfo_logo-trans_1200x1200px.png\",\"contentUrl\":\"https:\/\/www.justiceinfo.net\/wp-content\/uploads\/justiceinfo_logo-trans_1200x1200px.png\",\"width\":1199,\"height\":1200,\"caption\":\"Justice Info\"},\"image\":{\"@id\":\"https:\/\/www.justiceinfo.net\/fr#\/schema\/logo\/image\/\"},\"sameAs\":[\"https:\/\/www.facebook.com\/JusticeInfo\/\",\"https:\/\/x.com\/justiceinfonet\",\"https:\/\/www.linkedin.com\/company\/justice-info\",\"https:\/\/www.youtube.com\/channel\/UCyCEsARodyuWtkWyhn-e7pA\"]},{\"@type\":\"Person\",\"name\":\"Yann Williamson KOGALAMA et Sylvestre KROCK (Bangui)\",\"url\":\"\/fr\/?s=Yann Williamson KOGALAMA et Sylvestre KROCK (Bangui)\"}]}<\/script>\n<!-- \/ Yoast SEO Premium plugin. -->","yoast_head_json":{"title":"La Centrafrique en qu\u00eate de \"son mod\u00e8le de justice transitionnelle\", selon Mgr Yombadje - JusticeInfo.net","robots":{"index":"index","follow":"follow","max-snippet":"max-snippet:-1","max-image-preview":"max-image-preview:large","max-video-preview":"max-video-preview:-1"},"canonical":"https:\/\/www.justiceinfo.net\/fr\/36301-la-centrafrique-en-quete-de-son-modele-de-justice-transitionnelle.html","og_locale":"fr_FR","og_type":"article","og_title":"La Centrafrique en qu\u00eate de \"son mod\u00e8le de justice transitionnelle\", selon Mgr Yombadje","og_description":"La crise centrafricaine qui dure depuis 2013 a sap\u00e9 les fondements de l\u2019unit\u00e9 du pays. Les Centrafricains s\u2019accordent aujourd\u2019hui sur le fait que la justice classique, \u00e0 elle seule, ne saurait ressouder le tissu social en lambeaux. C\u2019est pourquoi le pays s\u2019est engag\u00e9 \u00e0 mettre en place un syst\u00e8me de justice transitionnelle, inspir\u00e9 notamment de [&hellip;]","og_url":"https:\/\/www.justiceinfo.net\/fr\/36301-la-centrafrique-en-quete-de-son-modele-de-justice-transitionnelle.html","og_site_name":"JusticeInfo.net","article_publisher":"https:\/\/www.facebook.com\/JusticeInfo\/","article_published_time":"2018-02-02T14:03:57+00:00","og_image":[{"width":800,"height":600,"url":"https:\/\/www.justiceinfo.net\/wp-content\/uploads\/a8de6c82c5d5c4c4b6ac4553838407d6.jpg","type":"image\/jpeg"}],"author":"Yann Williamson KOGALAMA et Sylvestre KROCK (Bangui)","twitter_card":"summary_large_image","twitter_creator":"@justiceinfonet","twitter_site":"@justiceinfonet","twitter_misc":{"\u00c9crit par":"Yann Williamson KOGALAMA et Sylvestre KROCK (Bangui)","Dur\u00e9e de lecture estim\u00e9e":"7 minutes"},"schema":{"@context":"https:\/\/schema.org","@graph":[{"@type":"NewsArticle","@id":"https:\/\/www.justiceinfo.net\/fr\/36301-la-centrafrique-en-quete-de-son-modele-de-justice-transitionnelle.html#article","isPartOf":{"@id":"https:\/\/www.justiceinfo.net\/fr\/36301-la-centrafrique-en-quete-de-son-modele-de-justice-transitionnelle.html"},"author":{"name":"civiliste","@id":"https:\/\/www.justiceinfo.net\/fr#\/schema\/person\/015ad428615c9bd082c2b6aa8df6cad0"},"headline":"La Centrafrique en qu\u00eate de \"son mod\u00e8le de justice transitionnelle\", selon Mgr Yombadje","datePublished":"2018-02-02T14:03:57+00:00","mainEntityOfPage":{"@id":"https:\/\/www.justiceinfo.net\/fr\/36301-la-centrafrique-en-quete-de-son-modele-de-justice-transitionnelle.html"},"wordCount":1359,"commentCount":0,"publisher":{"@id":"https:\/\/www.justiceinfo.net\/fr#organization"},"image":{"@id":"https:\/\/www.justiceinfo.net\/fr\/36301-la-centrafrique-en-quete-de-son-modele-de-justice-transitionnelle.html#primaryimage"},"thumbnailUrl":"https:\/\/www.justiceinfo.net\/wp-content\/uploads\/a8de6c82c5d5c4c4b6ac4553838407d6.jpg","articleSection":["Opinions"],"inLanguage":"fr-FR","potentialAction":[{"@type":"CommentAction","name":"Comment","target":["https:\/\/www.justiceinfo.net\/fr\/36301-la-centrafrique-en-quete-de-son-modele-de-justice-transitionnelle.html#respond"]}]},{"@type":"WebPage","@id":"https:\/\/www.justiceinfo.net\/fr\/36301-la-centrafrique-en-quete-de-son-modele-de-justice-transitionnelle.html","url":"https:\/\/www.justiceinfo.net\/fr\/36301-la-centrafrique-en-quete-de-son-modele-de-justice-transitionnelle.html","name":"La Centrafrique en qu\u00eate de \"son mod\u00e8le de justice transitionnelle\", selon Mgr Yombadje - JusticeInfo.net","isPartOf":{"@id":"https:\/\/www.justiceinfo.net\/fr#website"},"primaryImageOfPage":{"@id":"https:\/\/www.justiceinfo.net\/fr\/36301-la-centrafrique-en-quete-de-son-modele-de-justice-transitionnelle.html#primaryimage"},"image":{"@id":"https:\/\/www.justiceinfo.net\/fr\/36301-la-centrafrique-en-quete-de-son-modele-de-justice-transitionnelle.html#primaryimage"},"thumbnailUrl":"https:\/\/www.justiceinfo.net\/wp-content\/uploads\/a8de6c82c5d5c4c4b6ac4553838407d6.jpg","datePublished":"2018-02-02T14:03:57+00:00","breadcrumb":{"@id":"https:\/\/www.justiceinfo.net\/fr\/36301-la-centrafrique-en-quete-de-son-modele-de-justice-transitionnelle.html#breadcrumb"},"inLanguage":"fr-FR","potentialAction":[{"@type":"ReadAction","target":["https:\/\/www.justiceinfo.net\/fr\/36301-la-centrafrique-en-quete-de-son-modele-de-justice-transitionnelle.html"]}]},{"@type":"ImageObject","inLanguage":"fr-FR","@id":"https:\/\/www.justiceinfo.net\/fr\/36301-la-centrafrique-en-quete-de-son-modele-de-justice-transitionnelle.html#primaryimage","url":"https:\/\/www.justiceinfo.net\/wp-content\/uploads\/a8de6c82c5d5c4c4b6ac4553838407d6.jpg","contentUrl":"https:\/\/www.justiceinfo.net\/wp-content\/uploads\/a8de6c82c5d5c4c4b6ac4553838407d6.jpg","width":800,"height":600},{"@type":"BreadcrumbList","@id":"https:\/\/www.justiceinfo.net\/fr\/36301-la-centrafrique-en-quete-de-son-modele-de-justice-transitionnelle.html#breadcrumb","itemListElement":[{"@type":"ListItem","position":1,"name":"Home","item":"https:\/\/www.justiceinfo.net\/fr"},{"@type":"ListItem","position":2,"name":"La Centrafrique en qu\u00eate de \"son mod\u00e8le de justice transitionnelle\", selon Mgr Yombadje"}]},{"@type":"WebSite","@id":"https:\/\/www.justiceinfo.net\/fr#website","url":"https:\/\/www.justiceinfo.net\/fr","name":"JusticeInfo.net","description":"La justice doit \u00eatre vue pour \u00eatre rendue","publisher":{"@id":"https:\/\/www.justiceinfo.net\/fr#organization"},"potentialAction":[{"@type":"SearchAction","target":{"@type":"EntryPoint","urlTemplate":"https:\/\/www.justiceinfo.net\/fr?s={search_term_string}"},"query-input":{"@type":"PropertyValueSpecification","valueRequired":true,"valueName":"search_term_string"}}],"inLanguage":"fr-FR"},{"@type":"Organization","@id":"https:\/\/www.justiceinfo.net\/fr#organization","name":"Justice Info","url":"https:\/\/www.justiceinfo.net\/fr","logo":{"@type":"ImageObject","inLanguage":"fr-FR","@id":"https:\/\/www.justiceinfo.net\/fr#\/schema\/logo\/image\/","url":"https:\/\/www.justiceinfo.net\/wp-content\/uploads\/justiceinfo_logo-trans_1200x1200px.png","contentUrl":"https:\/\/www.justiceinfo.net\/wp-content\/uploads\/justiceinfo_logo-trans_1200x1200px.png","width":1199,"height":1200,"caption":"Justice Info"},"image":{"@id":"https:\/\/www.justiceinfo.net\/fr#\/schema\/logo\/image\/"},"sameAs":["https:\/\/www.facebook.com\/JusticeInfo\/","https:\/\/x.com\/justiceinfonet","https:\/\/www.linkedin.com\/company\/justice-info","https:\/\/www.youtube.com\/channel\/UCyCEsARodyuWtkWyhn-e7pA"]},{"@type":"Person","name":"Yann Williamson KOGALAMA et Sylvestre KROCK (Bangui)","url":"\/fr\/?s=Yann Williamson KOGALAMA et Sylvestre KROCK (Bangui)"}]}},"_links":{"self":[{"href":"https:\/\/www.justiceinfo.net\/fr\/wp-json\/wp\/v2\/posts\/36301","targetHints":{"allow":["GET"]}}],"collection":[{"href":"https:\/\/www.justiceinfo.net\/fr\/wp-json\/wp\/v2\/posts"}],"about":[{"href":"https:\/\/www.justiceinfo.net\/fr\/wp-json\/wp\/v2\/types\/post"}],"author":[{"embeddable":true,"href":"https:\/\/www.justiceinfo.net\/fr\/wp-json\/wp\/v2\/users\/63"}],"replies":[{"embeddable":true,"href":"https:\/\/www.justiceinfo.net\/fr\/wp-json\/wp\/v2\/comments?post=36301"}],"version-history":[{"count":0,"href":"https:\/\/www.justiceinfo.net\/fr\/wp-json\/wp\/v2\/posts\/36301\/revisions"}],"wp:featuredmedia":[{"embeddable":true,"href":"https:\/\/www.justiceinfo.net\/fr\/wp-json\/wp\/v2\/media\/64373"}],"wp:attachment":[{"href":"https:\/\/www.justiceinfo.net\/fr\/wp-json\/wp\/v2\/media?parent=36301"}],"wp:term":[{"taxonomy":"category","embeddable":true,"href":"https:\/\/www.justiceinfo.net\/fr\/wp-json\/wp\/v2\/categories?post=36301"},{"taxonomy":"post_tag","embeddable":true,"href":"https:\/\/www.justiceinfo.net\/fr\/wp-json\/wp\/v2\/tags?post=36301"},{"taxonomy":"ji_location","embeddable":true,"href":"https:\/\/www.justiceinfo.net\/fr\/wp-json\/wp\/v2\/ji_location?post=36301"}],"curies":[{"name":"wp","href":"https:\/\/api.w.org\/{rel}","templated":true}]}}