{"id":3633,"date":"2008-04-05T12:29:31","date_gmt":"2008-04-05T10:29:31","guid":{"rendered":"https:\/\/www.justiceinfo.net\/3633-020408-rwandaespagne-kagame-denonce-l-larrogance-r-du-juge-espagnol-merelles423.html"},"modified":"2008-04-05T12:29:31","modified_gmt":"2008-04-05T10:29:31","slug":"020408-rwandaespagne-kagame-denonce-l-larrogance-r-du-juge-espagnol-merelles423","status":"publish","type":"post","link":"https:\/\/www.justiceinfo.net\/fr\/3633-020408-rwandaespagne-kagame-denonce-l-larrogance-r-du-juge-espagnol-merelles423.html","title":{"rendered":"02.04.08 - RWANDA\/ESPAGNE - KAGAME DENONCE \u00ab L'ARROGANCE \u00bb DU JUGE ESPAGNOL MERELLES"},"content":{"rendered":"<p  >\nArusha, 2 avril 2008 (FH) - Le pr\u00e9sident rwandais Paul Kagame a d\u00e9nonc\u00e9 \u00ab l'arrogance\u00bb du juge espagnol Fernando Andreu Merelles qui a \u00e9mis en f\u00e9vrier dernier des mandats d'arr\u00eat \u00e0 l'encontre de 40 officiers de l'arm\u00e9e rwandaise qu'il accuse de g\u00e9nocide et de terrorisme, a rapport\u00e9 mercredi le quotidien pro-gouvernemental rwandais, le New Times.\n<\/p>\n<p  >\n\u00ab Si vous regardez ce qu'il y a dans le dossier, ils n'accusent pas seulement les individus cit\u00e9s, ils mettent en accusation le FPR (Front patriotique rwandais au pouvoir).\n<\/p>\n<p><!--more--><\/p>\n<p  >\nImaginez-vous cette arrogance! \u00bb, a d\u00e9clar\u00e9 mardi lors d'une conf\u00e9rence de presse, le chef de l'Etat rwandais cit\u00e9 mercredi par le journal.\n<\/p>\n<p  >\n\u00ab Comment un juge espagnol assis dans un village espagnol se sent-il charg\u00e9 de mettre en accusation la direction enti\u00e8re d'un pays ? \u00bb, s'est interrog\u00e9 Kagame dont c'\u00e9tait la premi\u00e8re r\u00e9action publique aux mandats d'arr\u00eat du juge espagnol.\n<\/p>\n<p  >\n\u00abCertaines personnes en Occident se mettent \u00e0 la place de Dieu ; elles pensent qu'elles ont de l'autorit\u00e9 sur nous. Elles n'ont pas de comp\u00e9tence judiciaire sur nous, sur le Rwanda, sur moi \u00bb, s'est indign\u00e9 le pr\u00e9sident rwandais.\n<\/p>\n<p  >\n\u00ab Elles pensent que les Rwandais ou les Africains sont tous des tueurs. Pour elles, nous sommes tous les m\u00eames. Mais sommes-nous r\u00e9ellement tous les m\u00eames ? Non, je ne peux pas accepter cela\u00bb, a poursuivi Kagame.\u00ab La guerre que nous avons d\u00e9clench\u00e9e, c'\u00e9tait pour lib\u00e9rer notre pays \u00bb, a affirm\u00e9 le pr\u00e9sident rwandais, assurant que s'il rencontrait le juge Merelles, il lui dirait \u00ab d'aller en enfer \u00bb.\n<\/p>\n<p  >\n\u00abToutes les personnes mises en accusation \u00e9taient sous mon commandement; il devrait mettre toute la responsabilit\u00e9 sur mes \u00e9paules et attendre la fin de mon mandat \u00bb, a -t-il sugg\u00e9r\u00e9. Le juge Merelles a d\u00e9clar\u00e9 dans sa d\u00e9cision qu'il ne pouvait mettre en accusation Kagame, du fait de son immunit\u00e9 de chef d'Etat en exercice. \u00ab Ce juge-l\u00e0 vient d'une certaine \u00e9cole de pens\u00e9e, il appartient \u00e0 un courant ; il est au service d'un objectif \u00bb, a conclu le chef de l'Etat rwandais, lors de sa conf\u00e9rence de presse mensuelle.\n<\/p>\n<p  >\nLe juge de l'Audience nationale a annonc\u00e9 le 6 f\u00e9vrier avoir \u00e9mis des mandats d'arr\u00eat contre 40 militaires de l'actuel r\u00e9gime rwandais, dont 11 g\u00e9n\u00e9raux, en les accusant de \"g\u00e9nocide, crime contre l'humanit\u00e9 et terrorisme\" dans les ann\u00e9es 90. Ils sont notamment accus\u00e9s d'avoir sciemment d\u00e9stabilis\u00e9 le r\u00e9gime de Juv\u00e9nal Habyarimana en place \u00e0 l'\u00e9poque, en commettant des actes terroristes avant de s'emparer du pouvoir.\n<\/p>\n<p  >\nLe gouvernement rwandais a qualifi\u00e9 de \u00ab ridicules \u00bb ces mises en accusation et appel\u00e9 la communaut\u00e9 internationale et Inperpol \u00e0 ignorer ces mandats d'arr\u00eat. De son c\u00f4t\u00e9, le Parlement rwandais a demand\u00e9 au gouvernement de poursuivre le juge espagnol pour n\u00e9gationnisme.\n<\/p>\n<p  >\nER\/PB\/GF<\/p>\n","protected":false},"excerpt":{"rendered":"<p>Arusha, 2 avril 2008 (FH) - Le pr\u00e9sident rwandais Paul Kagame a d\u00e9nonc\u00e9 \u00ab l'arrogance\u00bb du juge espagnol Fernando Andreu Merelles qui a \u00e9mis en f\u00e9vrier dernier des mandats d'arr\u00eat \u00e0 l'encontre de 40 officiers de l'arm\u00e9e rwandaise qu'il accuse de g\u00e9nocide et de terrorisme, a rapport\u00e9 mercredi le quotidien pro-gouvernemental rwandais, le New Times. [&hellip;]<\/p>\n","protected":false},"author":64,"featured_media":0,"comment_status":"open","ping_status":"closed","sticky":false,"template":"","format":"standard","meta":{"_acf_changed":false,"footnotes":""},"categories":[554],"tags":[],"ji_location":[],"class_list":["post-3633","post","type-post","status-publish","format-standard","hentry","category-hirondellenews"],"acf":[],"yoast_head":"<!-- This site is optimized with the Yoast SEO Premium plugin v25.3.1 (Yoast SEO v25.3.1) - https:\/\/yoast.com\/wordpress\/plugins\/seo\/ -->\n<title>02.04.08 - RWANDA\/ESPAGNE - KAGAME DENONCE \u00ab L&#039;ARROGANCE \u00bb DU JUGE ESPAGNOL MERELLES - JusticeInfo.net<\/title>\n<meta name=\"robots\" content=\"index, follow, max-snippet:-1, max-image-preview:large, max-video-preview:-1\" \/>\n<link rel=\"canonical\" href=\"https:\/\/www.justiceinfo.net\/fr\/3633-020408-rwandaespagne-kagame-denonce-l-larrogance-r-du-juge-espagnol-merelles423.html\" \/>\n<meta property=\"og:locale\" content=\"fr_FR\" \/>\n<meta property=\"og:type\" content=\"article\" \/>\n<meta property=\"og:title\" content=\"02.04.08 - RWANDA\/ESPAGNE - KAGAME DENONCE \u00ab L&#039;ARROGANCE \u00bb DU JUGE ESPAGNOL MERELLES\" \/>\n<meta property=\"og:description\" content=\"Arusha, 2 avril 2008 (FH) - Le pr\u00e9sident rwandais Paul Kagame a d\u00e9nonc\u00e9 \u00ab l&#039;arrogance\u00bb du juge espagnol Fernando Andreu Merelles qui a \u00e9mis en f\u00e9vrier dernier des mandats d&#039;arr\u00eat \u00e0 l&#039;encontre de 40 officiers de l&#039;arm\u00e9e rwandaise qu&#039;il accuse de g\u00e9nocide et de terrorisme, a rapport\u00e9 mercredi le quotidien pro-gouvernemental rwandais, le New Times. [&hellip;]\" \/>\n<meta property=\"og:url\" content=\"https:\/\/www.justiceinfo.net\/fr\/3633-020408-rwandaespagne-kagame-denonce-l-larrogance-r-du-juge-espagnol-merelles423.html\" \/>\n<meta property=\"og:site_name\" content=\"JusticeInfo.net\" \/>\n<meta property=\"article:publisher\" content=\"https:\/\/www.facebook.com\/JusticeInfo\/\" \/>\n<meta property=\"article:published_time\" content=\"2008-04-05T10:29:31+00:00\" \/>\n<meta property=\"og:image\" content=\"https:\/\/www.justiceinfo.net\/wp-content\/uploads\/JusticeInfoNet_logo_1200x630px.jpg\" \/>\n\t<meta property=\"og:image:width\" content=\"1200\" \/>\n\t<meta property=\"og:image:height\" content=\"630\" \/>\n\t<meta property=\"og:image:type\" content=\"image\/jpeg\" \/>\n<meta name=\"author\" content=\"solivri\" \/>\n<meta name=\"twitter:card\" content=\"summary_large_image\" \/>\n<meta name=\"twitter:creator\" content=\"@justiceinfonet\" \/>\n<meta name=\"twitter:site\" content=\"@justiceinfonet\" \/>\n<meta name=\"twitter:label1\" content=\"\u00c9crit par\" \/>\n\t<meta name=\"twitter:data1\" content=\"solivri\" \/>\n\t<meta name=\"twitter:label2\" content=\"Dur\u00e9e de lecture estim\u00e9e\" \/>\n\t<meta name=\"twitter:data2\" content=\"2 minutes\" \/>\n<script type=\"application\/ld+json\" class=\"yoast-schema-graph\">{\"@context\":\"https:\/\/schema.org\",\"@graph\":[{\"@type\":\"NewsArticle\",\"@id\":\"https:\/\/www.justiceinfo.net\/fr\/3633-020408-rwandaespagne-kagame-denonce-l-larrogance-r-du-juge-espagnol-merelles423.html#article\",\"isPartOf\":{\"@id\":\"https:\/\/www.justiceinfo.net\/fr\/3633-020408-rwandaespagne-kagame-denonce-l-larrogance-r-du-juge-espagnol-merelles423.html\"},\"author\":{\"name\":\"solivri\",\"@id\":\"https:\/\/www.justiceinfo.net\/fr#\/schema\/person\/6e53cba1629e2e66f3fc1821d3091865\"},\"headline\":\"02.04.08 - RWANDA\/ESPAGNE - KAGAME DENONCE \u00ab L'ARROGANCE \u00bb DU JUGE ESPAGNOL MERELLES\",\"datePublished\":\"2008-04-05T10:29:31+00:00\",\"mainEntityOfPage\":{\"@id\":\"https:\/\/www.justiceinfo.net\/fr\/3633-020408-rwandaespagne-kagame-denonce-l-larrogance-r-du-juge-espagnol-merelles423.html\"},\"wordCount\":509,\"commentCount\":0,\"publisher\":{\"@id\":\"https:\/\/www.justiceinfo.net\/fr#organization\"},\"articleSection\":[\"Hirondelle News\"],\"inLanguage\":\"fr-FR\",\"potentialAction\":[{\"@type\":\"CommentAction\",\"name\":\"Comment\",\"target\":[\"https:\/\/www.justiceinfo.net\/fr\/3633-020408-rwandaespagne-kagame-denonce-l-larrogance-r-du-juge-espagnol-merelles423.html#respond\"]}]},{\"@type\":\"WebPage\",\"@id\":\"https:\/\/www.justiceinfo.net\/fr\/3633-020408-rwandaespagne-kagame-denonce-l-larrogance-r-du-juge-espagnol-merelles423.html\",\"url\":\"https:\/\/www.justiceinfo.net\/fr\/3633-020408-rwandaespagne-kagame-denonce-l-larrogance-r-du-juge-espagnol-merelles423.html\",\"name\":\"02.04.08 - RWANDA\/ESPAGNE - KAGAME DENONCE \u00ab L'ARROGANCE \u00bb DU JUGE ESPAGNOL MERELLES - JusticeInfo.net\",\"isPartOf\":{\"@id\":\"https:\/\/www.justiceinfo.net\/fr#website\"},\"datePublished\":\"2008-04-05T10:29:31+00:00\",\"breadcrumb\":{\"@id\":\"https:\/\/www.justiceinfo.net\/fr\/3633-020408-rwandaespagne-kagame-denonce-l-larrogance-r-du-juge-espagnol-merelles423.html#breadcrumb\"},\"inLanguage\":\"fr-FR\",\"potentialAction\":[{\"@type\":\"ReadAction\",\"target\":[\"https:\/\/www.justiceinfo.net\/fr\/3633-020408-rwandaespagne-kagame-denonce-l-larrogance-r-du-juge-espagnol-merelles423.html\"]}]},{\"@type\":\"BreadcrumbList\",\"@id\":\"https:\/\/www.justiceinfo.net\/fr\/3633-020408-rwandaespagne-kagame-denonce-l-larrogance-r-du-juge-espagnol-merelles423.html#breadcrumb\",\"itemListElement\":[{\"@type\":\"ListItem\",\"position\":1,\"name\":\"Home\",\"item\":\"https:\/\/www.justiceinfo.net\/fr\"},{\"@type\":\"ListItem\",\"position\":2,\"name\":\"02.04.08 - RWANDA\/ESPAGNE - KAGAME DENONCE \u00ab L'ARROGANCE \u00bb DU JUGE ESPAGNOL MERELLES\"}]},{\"@type\":\"WebSite\",\"@id\":\"https:\/\/www.justiceinfo.net\/fr#website\",\"url\":\"https:\/\/www.justiceinfo.net\/fr\",\"name\":\"JusticeInfo.net\",\"description\":\"La justice doit \u00eatre vue pour \u00eatre rendue\",\"publisher\":{\"@id\":\"https:\/\/www.justiceinfo.net\/fr#organization\"},\"potentialAction\":[{\"@type\":\"SearchAction\",\"target\":{\"@type\":\"EntryPoint\",\"urlTemplate\":\"https:\/\/www.justiceinfo.net\/fr?s={search_term_string}\"},\"query-input\":{\"@type\":\"PropertyValueSpecification\",\"valueRequired\":true,\"valueName\":\"search_term_string\"}}],\"inLanguage\":\"fr-FR\"},{\"@type\":\"Organization\",\"@id\":\"https:\/\/www.justiceinfo.net\/fr#organization\",\"name\":\"Justice Info\",\"url\":\"https:\/\/www.justiceinfo.net\/fr\",\"logo\":{\"@type\":\"ImageObject\",\"inLanguage\":\"fr-FR\",\"@id\":\"https:\/\/www.justiceinfo.net\/fr#\/schema\/logo\/image\/\",\"url\":\"https:\/\/www.justiceinfo.net\/wp-content\/uploads\/justiceinfo_logo-trans_1200x1200px.png\",\"contentUrl\":\"https:\/\/www.justiceinfo.net\/wp-content\/uploads\/justiceinfo_logo-trans_1200x1200px.png\",\"width\":1199,\"height\":1200,\"caption\":\"Justice Info\"},\"image\":{\"@id\":\"https:\/\/www.justiceinfo.net\/fr#\/schema\/logo\/image\/\"},\"sameAs\":[\"https:\/\/www.facebook.com\/JusticeInfo\/\",\"https:\/\/x.com\/justiceinfonet\",\"https:\/\/www.linkedin.com\/company\/justice-info\",\"https:\/\/www.youtube.com\/channel\/UCyCEsARodyuWtkWyhn-e7pA\"]},{\"@type\":\"Person\",\"name\":\"solivri\",\"url\":\"\/fr\/?s=solivri\"}]}<\/script>\n<!-- \/ Yoast SEO Premium plugin. -->","yoast_head_json":{"title":"02.04.08 - RWANDA\/ESPAGNE - KAGAME DENONCE \u00ab L'ARROGANCE \u00bb DU JUGE ESPAGNOL MERELLES - JusticeInfo.net","robots":{"index":"index","follow":"follow","max-snippet":"max-snippet:-1","max-image-preview":"max-image-preview:large","max-video-preview":"max-video-preview:-1"},"canonical":"https:\/\/www.justiceinfo.net\/fr\/3633-020408-rwandaespagne-kagame-denonce-l-larrogance-r-du-juge-espagnol-merelles423.html","og_locale":"fr_FR","og_type":"article","og_title":"02.04.08 - RWANDA\/ESPAGNE - KAGAME DENONCE \u00ab L'ARROGANCE \u00bb DU JUGE ESPAGNOL MERELLES","og_description":"Arusha, 2 avril 2008 (FH) - Le pr\u00e9sident rwandais Paul Kagame a d\u00e9nonc\u00e9 \u00ab l'arrogance\u00bb du juge espagnol Fernando Andreu Merelles qui a \u00e9mis en f\u00e9vrier dernier des mandats d'arr\u00eat \u00e0 l'encontre de 40 officiers de l'arm\u00e9e rwandaise qu'il accuse de g\u00e9nocide et de terrorisme, a rapport\u00e9 mercredi le quotidien pro-gouvernemental rwandais, le New Times. [&hellip;]","og_url":"https:\/\/www.justiceinfo.net\/fr\/3633-020408-rwandaespagne-kagame-denonce-l-larrogance-r-du-juge-espagnol-merelles423.html","og_site_name":"JusticeInfo.net","article_publisher":"https:\/\/www.facebook.com\/JusticeInfo\/","article_published_time":"2008-04-05T10:29:31+00:00","og_image":[{"width":1200,"height":630,"url":"https:\/\/www.justiceinfo.net\/wp-content\/uploads\/JusticeInfoNet_logo_1200x630px.jpg","type":"image\/jpeg"}],"author":"solivri","twitter_card":"summary_large_image","twitter_creator":"@justiceinfonet","twitter_site":"@justiceinfonet","twitter_misc":{"\u00c9crit par":"solivri","Dur\u00e9e de lecture estim\u00e9e":"2 minutes"},"schema":{"@context":"https:\/\/schema.org","@graph":[{"@type":"NewsArticle","@id":"https:\/\/www.justiceinfo.net\/fr\/3633-020408-rwandaespagne-kagame-denonce-l-larrogance-r-du-juge-espagnol-merelles423.html#article","isPartOf":{"@id":"https:\/\/www.justiceinfo.net\/fr\/3633-020408-rwandaespagne-kagame-denonce-l-larrogance-r-du-juge-espagnol-merelles423.html"},"author":{"name":"solivri","@id":"https:\/\/www.justiceinfo.net\/fr#\/schema\/person\/6e53cba1629e2e66f3fc1821d3091865"},"headline":"02.04.08 - RWANDA\/ESPAGNE - KAGAME DENONCE \u00ab L'ARROGANCE \u00bb DU JUGE ESPAGNOL MERELLES","datePublished":"2008-04-05T10:29:31+00:00","mainEntityOfPage":{"@id":"https:\/\/www.justiceinfo.net\/fr\/3633-020408-rwandaespagne-kagame-denonce-l-larrogance-r-du-juge-espagnol-merelles423.html"},"wordCount":509,"commentCount":0,"publisher":{"@id":"https:\/\/www.justiceinfo.net\/fr#organization"},"articleSection":["Hirondelle News"],"inLanguage":"fr-FR","potentialAction":[{"@type":"CommentAction","name":"Comment","target":["https:\/\/www.justiceinfo.net\/fr\/3633-020408-rwandaespagne-kagame-denonce-l-larrogance-r-du-juge-espagnol-merelles423.html#respond"]}]},{"@type":"WebPage","@id":"https:\/\/www.justiceinfo.net\/fr\/3633-020408-rwandaespagne-kagame-denonce-l-larrogance-r-du-juge-espagnol-merelles423.html","url":"https:\/\/www.justiceinfo.net\/fr\/3633-020408-rwandaespagne-kagame-denonce-l-larrogance-r-du-juge-espagnol-merelles423.html","name":"02.04.08 - RWANDA\/ESPAGNE - KAGAME DENONCE \u00ab L'ARROGANCE \u00bb DU JUGE ESPAGNOL MERELLES - JusticeInfo.net","isPartOf":{"@id":"https:\/\/www.justiceinfo.net\/fr#website"},"datePublished":"2008-04-05T10:29:31+00:00","breadcrumb":{"@id":"https:\/\/www.justiceinfo.net\/fr\/3633-020408-rwandaespagne-kagame-denonce-l-larrogance-r-du-juge-espagnol-merelles423.html#breadcrumb"},"inLanguage":"fr-FR","potentialAction":[{"@type":"ReadAction","target":["https:\/\/www.justiceinfo.net\/fr\/3633-020408-rwandaespagne-kagame-denonce-l-larrogance-r-du-juge-espagnol-merelles423.html"]}]},{"@type":"BreadcrumbList","@id":"https:\/\/www.justiceinfo.net\/fr\/3633-020408-rwandaespagne-kagame-denonce-l-larrogance-r-du-juge-espagnol-merelles423.html#breadcrumb","itemListElement":[{"@type":"ListItem","position":1,"name":"Home","item":"https:\/\/www.justiceinfo.net\/fr"},{"@type":"ListItem","position":2,"name":"02.04.08 - RWANDA\/ESPAGNE - KAGAME DENONCE \u00ab L'ARROGANCE \u00bb DU JUGE ESPAGNOL MERELLES"}]},{"@type":"WebSite","@id":"https:\/\/www.justiceinfo.net\/fr#website","url":"https:\/\/www.justiceinfo.net\/fr","name":"JusticeInfo.net","description":"La justice doit \u00eatre vue pour \u00eatre rendue","publisher":{"@id":"https:\/\/www.justiceinfo.net\/fr#organization"},"potentialAction":[{"@type":"SearchAction","target":{"@type":"EntryPoint","urlTemplate":"https:\/\/www.justiceinfo.net\/fr?s={search_term_string}"},"query-input":{"@type":"PropertyValueSpecification","valueRequired":true,"valueName":"search_term_string"}}],"inLanguage":"fr-FR"},{"@type":"Organization","@id":"https:\/\/www.justiceinfo.net\/fr#organization","name":"Justice Info","url":"https:\/\/www.justiceinfo.net\/fr","logo":{"@type":"ImageObject","inLanguage":"fr-FR","@id":"https:\/\/www.justiceinfo.net\/fr#\/schema\/logo\/image\/","url":"https:\/\/www.justiceinfo.net\/wp-content\/uploads\/justiceinfo_logo-trans_1200x1200px.png","contentUrl":"https:\/\/www.justiceinfo.net\/wp-content\/uploads\/justiceinfo_logo-trans_1200x1200px.png","width":1199,"height":1200,"caption":"Justice Info"},"image":{"@id":"https:\/\/www.justiceinfo.net\/fr#\/schema\/logo\/image\/"},"sameAs":["https:\/\/www.facebook.com\/JusticeInfo\/","https:\/\/x.com\/justiceinfonet","https:\/\/www.linkedin.com\/company\/justice-info","https:\/\/www.youtube.com\/channel\/UCyCEsARodyuWtkWyhn-e7pA"]},{"@type":"Person","name":"solivri","url":"\/fr\/?s=solivri"}]}},"_links":{"self":[{"href":"https:\/\/www.justiceinfo.net\/fr\/wp-json\/wp\/v2\/posts\/3633","targetHints":{"allow":["GET"]}}],"collection":[{"href":"https:\/\/www.justiceinfo.net\/fr\/wp-json\/wp\/v2\/posts"}],"about":[{"href":"https:\/\/www.justiceinfo.net\/fr\/wp-json\/wp\/v2\/types\/post"}],"author":[{"embeddable":true,"href":"https:\/\/www.justiceinfo.net\/fr\/wp-json\/wp\/v2\/users\/64"}],"replies":[{"embeddable":true,"href":"https:\/\/www.justiceinfo.net\/fr\/wp-json\/wp\/v2\/comments?post=3633"}],"version-history":[{"count":0,"href":"https:\/\/www.justiceinfo.net\/fr\/wp-json\/wp\/v2\/posts\/3633\/revisions"}],"wp:attachment":[{"href":"https:\/\/www.justiceinfo.net\/fr\/wp-json\/wp\/v2\/media?parent=3633"}],"wp:term":[{"taxonomy":"category","embeddable":true,"href":"https:\/\/www.justiceinfo.net\/fr\/wp-json\/wp\/v2\/categories?post=3633"},{"taxonomy":"post_tag","embeddable":true,"href":"https:\/\/www.justiceinfo.net\/fr\/wp-json\/wp\/v2\/tags?post=3633"},{"taxonomy":"ji_location","embeddable":true,"href":"https:\/\/www.justiceinfo.net\/fr\/wp-json\/wp\/v2\/ji_location?post=3633"}],"curies":[{"name":"wp","href":"https:\/\/api.w.org\/{rel}","templated":true}]}}