{"id":3637,"date":"2008-04-03T06:07:06","date_gmt":"2008-04-03T04:07:06","guid":{"rendered":"https:\/\/www.justiceinfo.net\/3637-020408-rwandagenocide-arusha-commemore-le-genocide-des-tutsis-le-7-avril427.html"},"modified":"2008-04-03T06:07:06","modified_gmt":"2008-04-03T04:07:06","slug":"020408-rwandagenocide-arusha-commemore-le-genocide-des-tutsis-le-7-avril427","status":"publish","type":"post","link":"https:\/\/www.justiceinfo.net\/fr\/3637-020408-rwandagenocide-arusha-commemore-le-genocide-des-tutsis-le-7-avril427.html","title":{"rendered":"02.04.08 - RWANDA\/GENOCIDE  - ARUSHA COMMEMORE LE GENOCIDE DES TUTSIS LE 7 AVRIL"},"content":{"rendered":"<p  >\nArusha, 2 avril  2008 (FH) - Trois institutions joindront leurs forces pour organiser la comm\u00e9moration du 14\u00e8me  anniversaire du g\u00e9nocide des Tutsis au si\u00e8ge du Tribunal p\u00e9nal international pour le Rwanda (TPIR) \u00e0 Arusha lundi prochain le 7 avril.<br \/>\nLe repr\u00e9sentant du gouvernement rwandais au TPIR, Aloys Mutabingwa, a d\u00e9clar\u00e9 mercredi \u00e0 l\u2019agence Hirondelle que cette c\u00e9r\u00e9monie sera organis\u00e9e cette ann\u00e9e conjointement par son bureau, la communaut\u00e9 rwandaise d\u2019Arusha et l\u2019association du personnel du TPIR.\n<\/p>\n<p><!--more--><\/p>\n<p  >\nJusqu'\u00e0 pr\u00e9sent c\u2019\u00e9tait la communaut\u00e9 rwandaise qui s\u2019en chargeait.<br \/>\n Il a indiqu\u00e9 que ce devrait \u00eatre la derni\u00e8re fois que ce genre de c\u00e9r\u00e9monie se d\u00e9roulera \u00e0 Arusha car le TPIR devrait terminer ses proc\u00e8s en premi\u00e8re instance \u00e0 la fin de cette ann\u00e9e.<br \/>\nSelon Mutabingwa, des orateurs du jour centreront leurs interventions sur ce qui s\u2019est pass\u00e9 au Rwanda pendant les 100 jours du g\u00e9nocide pour montrer \u00ab que plus jamais ne doit pas rester un simple slogan \u00bb. Sont cens\u00e9s prendre la parole, notamment le commissaire r\u00e9gional d\u2019Arusha, Isidore Shirima, le greffier du TPIR, Adama Dieng, le procureur, Hassan Bubacar Jallow, ainsi que Mutabingwa lui-m\u00eame. Selon une autre source, le procureur Jallow doit participer \u00e0 la comm\u00e9moration officielle des Nations Unies pr\u00e9vue comme chaque ann\u00e9e dans la capitale de la Tanzanie, Dar es Salaam.<br \/>\nLes invit\u00e9s se rencontreront dans l\u2019apr\u00e8s-midi au Centre international des conf\u00e9rences d\u2019Arusha qui abrite \u00e9galement le TPIR. Les discours officiels  seront pr\u00e9c\u00e9d\u00e9s par des pri\u00e8res.<br \/>\nMutabingwa a saisi cette occasion pour louer le travail effectu\u00e9 par le TPIR cr\u00e9\u00e9 par les Nations unies en 1994 pour juger les principaux suspects du g\u00e9nocide. \u00ab Je dois louer les efforts d\u00e9ploy\u00e9s par les responsables du TPIR pour am\u00e9liorer son efficacit\u00e9 \u00bb, a d\u00e9clar\u00e9 Mutabingwa. Au cours des quatre ans qu\u2019il vient de passer au TPIR, le nombre de jugements rendus par cette juridiction a doubl\u00e9 par rapport aux ann\u00e9es pr\u00e9c\u00e9dentes, a-t-il soulign\u00e9.<br \/>\n Le TPIR a jug\u00e9 \u00e0 ce jour 35 personnes. Le g\u00e9nocide rwandais a fait 800.000 morts, selon l\u2019ONU.<br \/>\nNI\/SC<\/p>\n","protected":false},"excerpt":{"rendered":"<p>Arusha, 2 avril 2008 (FH) - Trois institutions joindront leurs forces pour organiser la comm\u00e9moration du 14\u00e8me anniversaire du g\u00e9nocide des Tutsis au si\u00e8ge du Tribunal p\u00e9nal international pour le Rwanda (TPIR) \u00e0 Arusha lundi prochain le 7 avril. Le repr\u00e9sentant du gouvernement rwandais au TPIR, Aloys Mutabingwa, a d\u00e9clar\u00e9 mercredi \u00e0 l\u2019agence Hirondelle que [&hellip;]<\/p>\n","protected":false},"author":64,"featured_media":0,"comment_status":"open","ping_status":"closed","sticky":false,"template":"","format":"standard","meta":{"_acf_changed":false,"footnotes":""},"categories":[554],"tags":[],"ji_location":[],"class_list":["post-3637","post","type-post","status-publish","format-standard","hentry","category-hirondellenews"],"acf":[],"yoast_head":"<!-- This site is optimized with the Yoast SEO Premium plugin v25.3.1 (Yoast SEO v25.3.1) - https:\/\/yoast.com\/wordpress\/plugins\/seo\/ -->\n<title>02.04.08 - RWANDA\/GENOCIDE - ARUSHA COMMEMORE LE GENOCIDE DES TUTSIS LE 7 AVRIL - JusticeInfo.net<\/title>\n<meta name=\"robots\" content=\"index, follow, max-snippet:-1, max-image-preview:large, max-video-preview:-1\" \/>\n<link rel=\"canonical\" href=\"https:\/\/www.justiceinfo.net\/fr\/3637-020408-rwandagenocide-arusha-commemore-le-genocide-des-tutsis-le-7-avril427.html\" \/>\n<meta property=\"og:locale\" content=\"fr_FR\" \/>\n<meta property=\"og:type\" content=\"article\" \/>\n<meta property=\"og:title\" content=\"02.04.08 - RWANDA\/GENOCIDE - ARUSHA COMMEMORE LE GENOCIDE DES TUTSIS LE 7 AVRIL\" \/>\n<meta property=\"og:description\" content=\"Arusha, 2 avril 2008 (FH) - Trois institutions joindront leurs forces pour organiser la comm\u00e9moration du 14\u00e8me anniversaire du g\u00e9nocide des Tutsis au si\u00e8ge du Tribunal p\u00e9nal international pour le Rwanda (TPIR) \u00e0 Arusha lundi prochain le 7 avril. Le repr\u00e9sentant du gouvernement rwandais au TPIR, Aloys Mutabingwa, a d\u00e9clar\u00e9 mercredi \u00e0 l\u2019agence Hirondelle que [&hellip;]\" \/>\n<meta property=\"og:url\" content=\"https:\/\/www.justiceinfo.net\/fr\/3637-020408-rwandagenocide-arusha-commemore-le-genocide-des-tutsis-le-7-avril427.html\" \/>\n<meta property=\"og:site_name\" content=\"JusticeInfo.net\" \/>\n<meta property=\"article:publisher\" content=\"https:\/\/www.facebook.com\/JusticeInfo\/\" \/>\n<meta property=\"article:published_time\" content=\"2008-04-03T04:07:06+00:00\" \/>\n<meta property=\"og:image\" content=\"https:\/\/www.justiceinfo.net\/wp-content\/uploads\/JusticeInfoNet_logo_1200x630px.jpg\" \/>\n\t<meta property=\"og:image:width\" content=\"1200\" \/>\n\t<meta property=\"og:image:height\" content=\"630\" \/>\n\t<meta property=\"og:image:type\" content=\"image\/jpeg\" \/>\n<meta name=\"author\" content=\"solivri\" \/>\n<meta name=\"twitter:card\" content=\"summary_large_image\" \/>\n<meta name=\"twitter:creator\" content=\"@justiceinfonet\" \/>\n<meta name=\"twitter:site\" content=\"@justiceinfonet\" \/>\n<meta name=\"twitter:label1\" content=\"\u00c9crit par\" \/>\n\t<meta name=\"twitter:data1\" content=\"solivri\" \/>\n\t<meta name=\"twitter:label2\" content=\"Dur\u00e9e de lecture estim\u00e9e\" \/>\n\t<meta name=\"twitter:data2\" content=\"2 minutes\" \/>\n<script type=\"application\/ld+json\" class=\"yoast-schema-graph\">{\"@context\":\"https:\/\/schema.org\",\"@graph\":[{\"@type\":\"NewsArticle\",\"@id\":\"https:\/\/www.justiceinfo.net\/fr\/3637-020408-rwandagenocide-arusha-commemore-le-genocide-des-tutsis-le-7-avril427.html#article\",\"isPartOf\":{\"@id\":\"https:\/\/www.justiceinfo.net\/fr\/3637-020408-rwandagenocide-arusha-commemore-le-genocide-des-tutsis-le-7-avril427.html\"},\"author\":{\"name\":\"solivri\",\"@id\":\"https:\/\/www.justiceinfo.net\/fr#\/schema\/person\/6e53cba1629e2e66f3fc1821d3091865\"},\"headline\":\"02.04.08 - RWANDA\/GENOCIDE - ARUSHA COMMEMORE LE GENOCIDE DES TUTSIS LE 7 AVRIL\",\"datePublished\":\"2008-04-03T04:07:06+00:00\",\"mainEntityOfPage\":{\"@id\":\"https:\/\/www.justiceinfo.net\/fr\/3637-020408-rwandagenocide-arusha-commemore-le-genocide-des-tutsis-le-7-avril427.html\"},\"wordCount\":378,\"commentCount\":0,\"publisher\":{\"@id\":\"https:\/\/www.justiceinfo.net\/fr#organization\"},\"articleSection\":[\"Hirondelle News\"],\"inLanguage\":\"fr-FR\",\"potentialAction\":[{\"@type\":\"CommentAction\",\"name\":\"Comment\",\"target\":[\"https:\/\/www.justiceinfo.net\/fr\/3637-020408-rwandagenocide-arusha-commemore-le-genocide-des-tutsis-le-7-avril427.html#respond\"]}]},{\"@type\":\"WebPage\",\"@id\":\"https:\/\/www.justiceinfo.net\/fr\/3637-020408-rwandagenocide-arusha-commemore-le-genocide-des-tutsis-le-7-avril427.html\",\"url\":\"https:\/\/www.justiceinfo.net\/fr\/3637-020408-rwandagenocide-arusha-commemore-le-genocide-des-tutsis-le-7-avril427.html\",\"name\":\"02.04.08 - RWANDA\/GENOCIDE - ARUSHA COMMEMORE LE GENOCIDE DES TUTSIS LE 7 AVRIL - JusticeInfo.net\",\"isPartOf\":{\"@id\":\"https:\/\/www.justiceinfo.net\/fr#website\"},\"datePublished\":\"2008-04-03T04:07:06+00:00\",\"breadcrumb\":{\"@id\":\"https:\/\/www.justiceinfo.net\/fr\/3637-020408-rwandagenocide-arusha-commemore-le-genocide-des-tutsis-le-7-avril427.html#breadcrumb\"},\"inLanguage\":\"fr-FR\",\"potentialAction\":[{\"@type\":\"ReadAction\",\"target\":[\"https:\/\/www.justiceinfo.net\/fr\/3637-020408-rwandagenocide-arusha-commemore-le-genocide-des-tutsis-le-7-avril427.html\"]}]},{\"@type\":\"BreadcrumbList\",\"@id\":\"https:\/\/www.justiceinfo.net\/fr\/3637-020408-rwandagenocide-arusha-commemore-le-genocide-des-tutsis-le-7-avril427.html#breadcrumb\",\"itemListElement\":[{\"@type\":\"ListItem\",\"position\":1,\"name\":\"Home\",\"item\":\"https:\/\/www.justiceinfo.net\/fr\"},{\"@type\":\"ListItem\",\"position\":2,\"name\":\"02.04.08 - RWANDA\/GENOCIDE - ARUSHA COMMEMORE LE GENOCIDE DES TUTSIS LE 7 AVRIL\"}]},{\"@type\":\"WebSite\",\"@id\":\"https:\/\/www.justiceinfo.net\/fr#website\",\"url\":\"https:\/\/www.justiceinfo.net\/fr\",\"name\":\"JusticeInfo.net\",\"description\":\"La justice doit \u00eatre vue pour \u00eatre rendue\",\"publisher\":{\"@id\":\"https:\/\/www.justiceinfo.net\/fr#organization\"},\"potentialAction\":[{\"@type\":\"SearchAction\",\"target\":{\"@type\":\"EntryPoint\",\"urlTemplate\":\"https:\/\/www.justiceinfo.net\/fr?s={search_term_string}\"},\"query-input\":{\"@type\":\"PropertyValueSpecification\",\"valueRequired\":true,\"valueName\":\"search_term_string\"}}],\"inLanguage\":\"fr-FR\"},{\"@type\":\"Organization\",\"@id\":\"https:\/\/www.justiceinfo.net\/fr#organization\",\"name\":\"Justice Info\",\"url\":\"https:\/\/www.justiceinfo.net\/fr\",\"logo\":{\"@type\":\"ImageObject\",\"inLanguage\":\"fr-FR\",\"@id\":\"https:\/\/www.justiceinfo.net\/fr#\/schema\/logo\/image\/\",\"url\":\"https:\/\/www.justiceinfo.net\/wp-content\/uploads\/justiceinfo_logo-trans_1200x1200px.png\",\"contentUrl\":\"https:\/\/www.justiceinfo.net\/wp-content\/uploads\/justiceinfo_logo-trans_1200x1200px.png\",\"width\":1199,\"height\":1200,\"caption\":\"Justice Info\"},\"image\":{\"@id\":\"https:\/\/www.justiceinfo.net\/fr#\/schema\/logo\/image\/\"},\"sameAs\":[\"https:\/\/www.facebook.com\/JusticeInfo\/\",\"https:\/\/x.com\/justiceinfonet\",\"https:\/\/www.linkedin.com\/company\/justice-info\",\"https:\/\/www.youtube.com\/channel\/UCyCEsARodyuWtkWyhn-e7pA\"]},{\"@type\":\"Person\",\"name\":\"solivri\",\"url\":\"\/fr\/?s=solivri\"}]}<\/script>\n<!-- \/ Yoast SEO Premium plugin. -->","yoast_head_json":{"title":"02.04.08 - RWANDA\/GENOCIDE - ARUSHA COMMEMORE LE GENOCIDE DES TUTSIS LE 7 AVRIL - JusticeInfo.net","robots":{"index":"index","follow":"follow","max-snippet":"max-snippet:-1","max-image-preview":"max-image-preview:large","max-video-preview":"max-video-preview:-1"},"canonical":"https:\/\/www.justiceinfo.net\/fr\/3637-020408-rwandagenocide-arusha-commemore-le-genocide-des-tutsis-le-7-avril427.html","og_locale":"fr_FR","og_type":"article","og_title":"02.04.08 - RWANDA\/GENOCIDE - ARUSHA COMMEMORE LE GENOCIDE DES TUTSIS LE 7 AVRIL","og_description":"Arusha, 2 avril 2008 (FH) - Trois institutions joindront leurs forces pour organiser la comm\u00e9moration du 14\u00e8me anniversaire du g\u00e9nocide des Tutsis au si\u00e8ge du Tribunal p\u00e9nal international pour le Rwanda (TPIR) \u00e0 Arusha lundi prochain le 7 avril. Le repr\u00e9sentant du gouvernement rwandais au TPIR, Aloys Mutabingwa, a d\u00e9clar\u00e9 mercredi \u00e0 l\u2019agence Hirondelle que [&hellip;]","og_url":"https:\/\/www.justiceinfo.net\/fr\/3637-020408-rwandagenocide-arusha-commemore-le-genocide-des-tutsis-le-7-avril427.html","og_site_name":"JusticeInfo.net","article_publisher":"https:\/\/www.facebook.com\/JusticeInfo\/","article_published_time":"2008-04-03T04:07:06+00:00","og_image":[{"width":1200,"height":630,"url":"https:\/\/www.justiceinfo.net\/wp-content\/uploads\/JusticeInfoNet_logo_1200x630px.jpg","type":"image\/jpeg"}],"author":"solivri","twitter_card":"summary_large_image","twitter_creator":"@justiceinfonet","twitter_site":"@justiceinfonet","twitter_misc":{"\u00c9crit par":"solivri","Dur\u00e9e de lecture estim\u00e9e":"2 minutes"},"schema":{"@context":"https:\/\/schema.org","@graph":[{"@type":"NewsArticle","@id":"https:\/\/www.justiceinfo.net\/fr\/3637-020408-rwandagenocide-arusha-commemore-le-genocide-des-tutsis-le-7-avril427.html#article","isPartOf":{"@id":"https:\/\/www.justiceinfo.net\/fr\/3637-020408-rwandagenocide-arusha-commemore-le-genocide-des-tutsis-le-7-avril427.html"},"author":{"name":"solivri","@id":"https:\/\/www.justiceinfo.net\/fr#\/schema\/person\/6e53cba1629e2e66f3fc1821d3091865"},"headline":"02.04.08 - RWANDA\/GENOCIDE - ARUSHA COMMEMORE LE GENOCIDE DES TUTSIS LE 7 AVRIL","datePublished":"2008-04-03T04:07:06+00:00","mainEntityOfPage":{"@id":"https:\/\/www.justiceinfo.net\/fr\/3637-020408-rwandagenocide-arusha-commemore-le-genocide-des-tutsis-le-7-avril427.html"},"wordCount":378,"commentCount":0,"publisher":{"@id":"https:\/\/www.justiceinfo.net\/fr#organization"},"articleSection":["Hirondelle News"],"inLanguage":"fr-FR","potentialAction":[{"@type":"CommentAction","name":"Comment","target":["https:\/\/www.justiceinfo.net\/fr\/3637-020408-rwandagenocide-arusha-commemore-le-genocide-des-tutsis-le-7-avril427.html#respond"]}]},{"@type":"WebPage","@id":"https:\/\/www.justiceinfo.net\/fr\/3637-020408-rwandagenocide-arusha-commemore-le-genocide-des-tutsis-le-7-avril427.html","url":"https:\/\/www.justiceinfo.net\/fr\/3637-020408-rwandagenocide-arusha-commemore-le-genocide-des-tutsis-le-7-avril427.html","name":"02.04.08 - RWANDA\/GENOCIDE - ARUSHA COMMEMORE LE GENOCIDE DES TUTSIS LE 7 AVRIL - JusticeInfo.net","isPartOf":{"@id":"https:\/\/www.justiceinfo.net\/fr#website"},"datePublished":"2008-04-03T04:07:06+00:00","breadcrumb":{"@id":"https:\/\/www.justiceinfo.net\/fr\/3637-020408-rwandagenocide-arusha-commemore-le-genocide-des-tutsis-le-7-avril427.html#breadcrumb"},"inLanguage":"fr-FR","potentialAction":[{"@type":"ReadAction","target":["https:\/\/www.justiceinfo.net\/fr\/3637-020408-rwandagenocide-arusha-commemore-le-genocide-des-tutsis-le-7-avril427.html"]}]},{"@type":"BreadcrumbList","@id":"https:\/\/www.justiceinfo.net\/fr\/3637-020408-rwandagenocide-arusha-commemore-le-genocide-des-tutsis-le-7-avril427.html#breadcrumb","itemListElement":[{"@type":"ListItem","position":1,"name":"Home","item":"https:\/\/www.justiceinfo.net\/fr"},{"@type":"ListItem","position":2,"name":"02.04.08 - RWANDA\/GENOCIDE - ARUSHA COMMEMORE LE GENOCIDE DES TUTSIS LE 7 AVRIL"}]},{"@type":"WebSite","@id":"https:\/\/www.justiceinfo.net\/fr#website","url":"https:\/\/www.justiceinfo.net\/fr","name":"JusticeInfo.net","description":"La justice doit \u00eatre vue pour \u00eatre rendue","publisher":{"@id":"https:\/\/www.justiceinfo.net\/fr#organization"},"potentialAction":[{"@type":"SearchAction","target":{"@type":"EntryPoint","urlTemplate":"https:\/\/www.justiceinfo.net\/fr?s={search_term_string}"},"query-input":{"@type":"PropertyValueSpecification","valueRequired":true,"valueName":"search_term_string"}}],"inLanguage":"fr-FR"},{"@type":"Organization","@id":"https:\/\/www.justiceinfo.net\/fr#organization","name":"Justice Info","url":"https:\/\/www.justiceinfo.net\/fr","logo":{"@type":"ImageObject","inLanguage":"fr-FR","@id":"https:\/\/www.justiceinfo.net\/fr#\/schema\/logo\/image\/","url":"https:\/\/www.justiceinfo.net\/wp-content\/uploads\/justiceinfo_logo-trans_1200x1200px.png","contentUrl":"https:\/\/www.justiceinfo.net\/wp-content\/uploads\/justiceinfo_logo-trans_1200x1200px.png","width":1199,"height":1200,"caption":"Justice Info"},"image":{"@id":"https:\/\/www.justiceinfo.net\/fr#\/schema\/logo\/image\/"},"sameAs":["https:\/\/www.facebook.com\/JusticeInfo\/","https:\/\/x.com\/justiceinfonet","https:\/\/www.linkedin.com\/company\/justice-info","https:\/\/www.youtube.com\/channel\/UCyCEsARodyuWtkWyhn-e7pA"]},{"@type":"Person","name":"solivri","url":"\/fr\/?s=solivri"}]}},"_links":{"self":[{"href":"https:\/\/www.justiceinfo.net\/fr\/wp-json\/wp\/v2\/posts\/3637","targetHints":{"allow":["GET"]}}],"collection":[{"href":"https:\/\/www.justiceinfo.net\/fr\/wp-json\/wp\/v2\/posts"}],"about":[{"href":"https:\/\/www.justiceinfo.net\/fr\/wp-json\/wp\/v2\/types\/post"}],"author":[{"embeddable":true,"href":"https:\/\/www.justiceinfo.net\/fr\/wp-json\/wp\/v2\/users\/64"}],"replies":[{"embeddable":true,"href":"https:\/\/www.justiceinfo.net\/fr\/wp-json\/wp\/v2\/comments?post=3637"}],"version-history":[{"count":0,"href":"https:\/\/www.justiceinfo.net\/fr\/wp-json\/wp\/v2\/posts\/3637\/revisions"}],"wp:attachment":[{"href":"https:\/\/www.justiceinfo.net\/fr\/wp-json\/wp\/v2\/media?parent=3637"}],"wp:term":[{"taxonomy":"category","embeddable":true,"href":"https:\/\/www.justiceinfo.net\/fr\/wp-json\/wp\/v2\/categories?post=3637"},{"taxonomy":"post_tag","embeddable":true,"href":"https:\/\/www.justiceinfo.net\/fr\/wp-json\/wp\/v2\/tags?post=3637"},{"taxonomy":"ji_location","embeddable":true,"href":"https:\/\/www.justiceinfo.net\/fr\/wp-json\/wp\/v2\/ji_location?post=3637"}],"curies":[{"name":"wp","href":"https:\/\/api.w.org\/{rel}","templated":true}]}}