{"id":36428,"date":"2018-02-13T07:40:02","date_gmt":"2018-02-13T06:40:02","guid":{"rendered":"https:\/\/www.justiceinfo.net\/36428-tchad-manifester-son-mecontement-reste-un-pari-risque.html"},"modified":"2018-02-13T07:40:02","modified_gmt":"2018-02-13T06:40:02","slug":"tchad-manifester-son-mecontement-reste-un-pari-risque","status":"publish","type":"post","link":"https:\/\/www.justiceinfo.net\/fr\/36428-tchad-manifester-son-mecontement-reste-un-pari-risque.html","title":{"rendered":"Tchad : Le Pr\u00e9sident Deby r\u00e9prime durement les opposants \u00e0 sa \"mauvaise gouvernance\""},"content":{"rendered":"<div class=\"content-excerpt\">\n<p>Au Tchad, sous la f\u00e9rule du pr\u00e9sident Idriss Deby Itno, manifester son m\u00e9contentement face aux difficult\u00e9s de la vie quotidienne et la \"mauvaise gouvernance\" reste un pari risqu\u00e9.<\/p>\n<\/div>\n<p>Depuis janvier, la gr\u00e8ve du secteur public est relativement bien suivie, mais les appels \u00e0 manifester des syndicats, \u00e9tudiants, soci\u00e9t\u00e9 civile ou partis d'opposition, le sont peu, par crainte de la r\u00e9pression des forces de l'ordre d\u00e9ploy\u00e9es en grand nombre dans les rues de N'Djamena.<\/p>\n<p>Le r\u00e9gime, en lutte contre le groupe jihadiste Boko Haram - bas\u00e9 au Nigeria mais qui \u00e9tend ses actions violentes aux pays voisins, dont le Tchad - met en avant le risque repr\u00e9sent\u00e9 par les rassemblements de foule et les marches d'opposants.<\/p>\n<p>\"Des terroristes, des voyous, peuvent \u00eatre dans la marche\", a r\u00e9cemment d\u00e9clar\u00e9 Ahmat Bachir, ministre tchadien de la S\u00e9curit\u00e9.<\/p>\n<p>Plusieurs centaines de manifestants ont \u00e9t\u00e9 arr\u00eat\u00e9s depuis fin janvier, pour la plupart rel\u00e2ch\u00e9s apr\u00e8s avoir pass\u00e9 quelques heures en garde \u00e0 vue ou d\u00e9f\u00e9r\u00e9s au Parquet.<\/p>\n<p>La semaine derni\u00e8re, dix partis d'opposition qui avaient appel\u00e9 \u00e0 manifester \u00e0 N'Djamena ont \u00e9t\u00e9 suspendus pour \"trouble \u00e0 l'ordre public\".<\/p>\n<h3>- 'Peur sur la ville' -<\/h3>\n<p>\"La peur r\u00e8gne sur la ville\", affirme Mahamat (nom d'emprunt) qui habite la capitale tchadienne depuis plus de 40 ans. \"Malgr\u00e9 les frustrations, les gens ne veulent pas se faire arr\u00eater, enlever, torturer\".<\/p>\n<p>Selon un r\u00e9cent rapport d'Amnesty international, la r\u00e9pression s'est accentu\u00e9e au Tchad depuis 2016 o\u00f9 l'Agence nationale des renseignements (ANS) joue un r\u00f4le central, selon l'ONG.<\/p>\n<p>L'ANS \"reproduit certaines pratiques obscures du pass\u00e9, notamment les arrestations arbitraires, la d\u00e9tention au secret\", selon Amnesty. Une r\u00e9f\u00e9rence \u00e0 la tristement c\u00e9l\u00e8bre Direction de la documentation et de la s\u00e9curit\u00e9 (DDS) de l'ex-p\u00e9sident Hiss\u00e8ne Habr\u00e9, renvers\u00e9 par Idriss Deby Itno en 1990 et condamn\u00e9 en 2016 par un tribunal sp\u00e9cial \u00e0 Dakar \u00e0 la perp\u00e9tuit\u00e9 pour crime contre l'humanit\u00e9.<\/p>\n<p>\"Depuis deux semaines, on assiste \u00e0 ce qui s'est pass\u00e9 sous Habr\u00e9\", en particulier les arrestations \u00e0 domicile, \"dans les chambres\", t\u00e9moigne \u00e0 l\"AFP Cl\u00e9ment Abaifouta, pr\u00e9sident du collectif des victimes d'Hiss\u00e8ne Habr\u00e9.<\/p>\n<p>Ce quadrillage de N'Djamena par les \"espions\" du r\u00e9gime et les forces de s\u00e9curit\u00e9 encourage les rumeurs d'infiltration des groupes d'opposants. \"On se m\u00e9fie entre nous-m\u00eames\", reconna\u00eet un militant des droits de l'homme qui a pr\u00e9f\u00e8r\u00e9 l'exil et l'anonymat.<\/p>\n<p>En d\u00e9pit de ce climat pesant, le Tchad connait pourtant depuis trois ans \"une mont\u00e9e en puissance des mouvements sociaux et des contestations populaires qui se d\u00e9tachent des oppositions politiques et des groupes rebelles arm\u00e9s\", assure le sociologue tchadien Appolinaire Rititingar.<\/p>\n<h3>- '\u00c7a va p\u00e9ter' -<\/h3>\n<p>Avec le mouvement \"Iyina\" (\u00c7a suffit), les jeunes tchadiens ont voulu imiter les jeunes s\u00e9n\u00e9galais et burkinab\u00e8 de \"Y'en a marre\" et du \"Balai citoyen\".<\/p>\n<p>Ces deux mouvements ont jou\u00e9 r\u00f4le d\u00e9terminant sur la sc\u00e8ne politique de leurs pays respectifs contre les pouvoirs aujourd'hui d\u00e9chus des ex-pr\u00e9sidents Abdoulaye Wade et Blaise Compaor\u00e9.<\/p>\n<p>Mais au Tchad, outre la r\u00e9pression, \"nous manquons d'unit\u00e9 dans la contestation et les appels \u00e0 manifester, beaucoup de nos leaders la jouent solo\", admet un acteur de la soci\u00e9t\u00e9 civile qui pr\u00e9f\u00e8re rester anonyme.<\/p>\n<p>De plus, estime Evariste Ngarlem Tolde, politilogue \u00e0 l'universit\u00e9 de N'Djamena, \"la soci\u00e9t\u00e9 civile tchadienne n'a pas de base sociale, elle n'a pas fait ce travail de sensibilisation comme dans d'autres pays\".<\/p>\n<p>\"Les gens, souvent, ne comprennent m\u00eame pas le pourquoi des actions de la soci\u00e9t\u00e9 civile\", selon M. Rititingar. Pr\u00e8s de la moiti\u00e9 des Tchadiens vivent sous le seuil de pauvret\u00e9 et \"au jour au jour\", ajoute-t-il.<\/p>\n<p>Alors, \"un jour, \u00e7a va p\u00e9ter d'un seul coup\", veut croire mi-inquiet, mi-joyeux, Abakar (nom d'emprunt) un habitant de N'Djamena.<\/p>\n","protected":false},"excerpt":{"rendered":"<p>Au Tchad, sous la f\u00e9rule du pr\u00e9sident Idriss Deby Itno, manifester son m\u00e9contentement face aux difficult\u00e9s de la vie quotidienne et la \"mauvaise gouvernance\" reste un pari risqu\u00e9. Depuis janvier, la gr\u00e8ve du secteur public est relativement bien suivie, mais les appels \u00e0 manifester des syndicats, \u00e9tudiants, soci\u00e9t\u00e9 civile ou partis d'opposition, le sont peu, [&hellip;]<\/p>\n","protected":false},"author":60,"featured_media":61749,"comment_status":"open","ping_status":"closed","sticky":false,"template":"","format":"standard","meta":{"_acf_changed":false,"footnotes":""},"categories":[556],"tags":[],"ji_location":[2166],"class_list":["post-36428","post","type-post","status-publish","format-standard","has-post-thumbnail","hentry","category-divers","ji_location-tchad"],"acf":[],"yoast_head":"<!-- This site is optimized with the Yoast SEO Premium plugin v25.3.1 (Yoast SEO v25.3.1) - https:\/\/yoast.com\/wordpress\/plugins\/seo\/ -->\n<title>Tchad : Le Pr\u00e9sident Deby r\u00e9prime durement les opposants \u00e0 sa &quot;mauvaise gouvernance&quot; - JusticeInfo.net<\/title>\n<meta name=\"description\" content=\"Au Tchad, sous la f\u00e9rule du pr\u00e9sident Deby manifester face aux difficult\u00e9s de la vie quotidienne et la &quot;mauvaise gouvernance&quot; reste un pari risqu\u00e9.\" \/>\n<meta name=\"robots\" content=\"index, follow, max-snippet:-1, max-image-preview:large, max-video-preview:-1\" \/>\n<link rel=\"canonical\" href=\"https:\/\/www.justiceinfo.net\/fr\/36428-tchad-manifester-son-mecontement-reste-un-pari-risque.html\" \/>\n<meta property=\"og:locale\" content=\"fr_FR\" \/>\n<meta property=\"og:type\" content=\"article\" \/>\n<meta property=\"og:title\" content=\"Tchad : Le Pr\u00e9sident Deby r\u00e9prime durement les opposants \u00e0 sa &quot;mauvaise gouvernance&quot;\" \/>\n<meta property=\"og:description\" content=\"Au Tchad, sous la f\u00e9rule du pr\u00e9sident Deby manifester face aux difficult\u00e9s de la vie quotidienne et la &quot;mauvaise gouvernance&quot; reste un pari risqu\u00e9.\" \/>\n<meta property=\"og:url\" content=\"https:\/\/www.justiceinfo.net\/fr\/36428-tchad-manifester-son-mecontement-reste-un-pari-risque.html\" \/>\n<meta property=\"og:site_name\" content=\"JusticeInfo.net\" \/>\n<meta property=\"article:publisher\" content=\"https:\/\/www.facebook.com\/JusticeInfo\/\" \/>\n<meta property=\"article:published_time\" content=\"2018-02-13T06:40:02+00:00\" \/>\n<meta property=\"og:image\" content=\"https:\/\/www.justiceinfo.net\/wp-content\/uploads\/4206f581278144c967b90ead0be9553c-scaled.jpg\" \/>\n\t<meta property=\"og:image:width\" content=\"2560\" \/>\n\t<meta property=\"og:image:height\" content=\"1793\" \/>\n\t<meta property=\"og:image:type\" content=\"image\/jpeg\" \/>\n<meta name=\"author\" content=\"AFP\" \/>\n<meta name=\"twitter:card\" content=\"summary_large_image\" \/>\n<meta name=\"twitter:creator\" content=\"@justiceinfonet\" \/>\n<meta name=\"twitter:site\" content=\"@justiceinfonet\" \/>\n<meta name=\"twitter:label1\" content=\"\u00c9crit par\" \/>\n\t<meta name=\"twitter:data1\" content=\"AFP\" \/>\n\t<meta name=\"twitter:label2\" content=\"Dur\u00e9e de lecture estim\u00e9e\" \/>\n\t<meta name=\"twitter:data2\" content=\"3 minutes\" \/>\n<script type=\"application\/ld+json\" class=\"yoast-schema-graph\">{\"@context\":\"https:\/\/schema.org\",\"@graph\":[{\"@type\":\"NewsArticle\",\"@id\":\"https:\/\/www.justiceinfo.net\/fr\/36428-tchad-manifester-son-mecontement-reste-un-pari-risque.html#article\",\"isPartOf\":{\"@id\":\"https:\/\/www.justiceinfo.net\/fr\/36428-tchad-manifester-son-mecontement-reste-un-pari-risque.html\"},\"author\":{\"name\":\"afp\",\"@id\":\"https:\/\/www.justiceinfo.net\/fr#\/schema\/person\/713d340ef5f218fc36ce9b4244364a7f\"},\"headline\":\"Tchad : Le Pr\u00e9sident Deby r\u00e9prime durement les opposants \u00e0 sa \\\"mauvaise gouvernance\\\"\",\"datePublished\":\"2018-02-13T06:40:02+00:00\",\"mainEntityOfPage\":{\"@id\":\"https:\/\/www.justiceinfo.net\/fr\/36428-tchad-manifester-son-mecontement-reste-un-pari-risque.html\"},\"wordCount\":702,\"commentCount\":0,\"publisher\":{\"@id\":\"https:\/\/www.justiceinfo.net\/fr#organization\"},\"image\":{\"@id\":\"https:\/\/www.justiceinfo.net\/fr\/36428-tchad-manifester-son-mecontement-reste-un-pari-risque.html#primaryimage\"},\"thumbnailUrl\":\"https:\/\/www.justiceinfo.net\/wp-content\/uploads\/4206f581278144c967b90ead0be9553c-scaled.jpg\",\"articleSection\":[\"Divers\"],\"inLanguage\":\"fr-FR\",\"potentialAction\":[{\"@type\":\"CommentAction\",\"name\":\"Comment\",\"target\":[\"https:\/\/www.justiceinfo.net\/fr\/36428-tchad-manifester-son-mecontement-reste-un-pari-risque.html#respond\"]}]},{\"@type\":\"WebPage\",\"@id\":\"https:\/\/www.justiceinfo.net\/fr\/36428-tchad-manifester-son-mecontement-reste-un-pari-risque.html\",\"url\":\"https:\/\/www.justiceinfo.net\/fr\/36428-tchad-manifester-son-mecontement-reste-un-pari-risque.html\",\"name\":\"Tchad : Le Pr\u00e9sident Deby r\u00e9prime durement les opposants \u00e0 sa \\\"mauvaise gouvernance\\\" - JusticeInfo.net\",\"isPartOf\":{\"@id\":\"https:\/\/www.justiceinfo.net\/fr#website\"},\"primaryImageOfPage\":{\"@id\":\"https:\/\/www.justiceinfo.net\/fr\/36428-tchad-manifester-son-mecontement-reste-un-pari-risque.html#primaryimage\"},\"image\":{\"@id\":\"https:\/\/www.justiceinfo.net\/fr\/36428-tchad-manifester-son-mecontement-reste-un-pari-risque.html#primaryimage\"},\"thumbnailUrl\":\"https:\/\/www.justiceinfo.net\/wp-content\/uploads\/4206f581278144c967b90ead0be9553c-scaled.jpg\",\"datePublished\":\"2018-02-13T06:40:02+00:00\",\"description\":\"Au Tchad, sous la f\u00e9rule du pr\u00e9sident Deby manifester face aux difficult\u00e9s de la vie quotidienne et la \\\"mauvaise gouvernance\\\" reste un pari risqu\u00e9.\",\"breadcrumb\":{\"@id\":\"https:\/\/www.justiceinfo.net\/fr\/36428-tchad-manifester-son-mecontement-reste-un-pari-risque.html#breadcrumb\"},\"inLanguage\":\"fr-FR\",\"potentialAction\":[{\"@type\":\"ReadAction\",\"target\":[\"https:\/\/www.justiceinfo.net\/fr\/36428-tchad-manifester-son-mecontement-reste-un-pari-risque.html\"]}]},{\"@type\":\"ImageObject\",\"inLanguage\":\"fr-FR\",\"@id\":\"https:\/\/www.justiceinfo.net\/fr\/36428-tchad-manifester-son-mecontement-reste-un-pari-risque.html#primaryimage\",\"url\":\"https:\/\/www.justiceinfo.net\/wp-content\/uploads\/4206f581278144c967b90ead0be9553c-scaled.jpg\",\"contentUrl\":\"https:\/\/www.justiceinfo.net\/wp-content\/uploads\/4206f581278144c967b90ead0be9553c-scaled.jpg\",\"width\":2560,\"height\":1793},{\"@type\":\"BreadcrumbList\",\"@id\":\"https:\/\/www.justiceinfo.net\/fr\/36428-tchad-manifester-son-mecontement-reste-un-pari-risque.html#breadcrumb\",\"itemListElement\":[{\"@type\":\"ListItem\",\"position\":1,\"name\":\"Home\",\"item\":\"https:\/\/www.justiceinfo.net\/fr\"},{\"@type\":\"ListItem\",\"position\":2,\"name\":\"Tchad : Le Pr\u00e9sident Deby r\u00e9prime durement les opposants \u00e0 sa \\\"mauvaise gouvernance\\\"\"}]},{\"@type\":\"WebSite\",\"@id\":\"https:\/\/www.justiceinfo.net\/fr#website\",\"url\":\"https:\/\/www.justiceinfo.net\/fr\",\"name\":\"JusticeInfo.net\",\"description\":\"La justice doit \u00eatre vue pour \u00eatre rendue\",\"publisher\":{\"@id\":\"https:\/\/www.justiceinfo.net\/fr#organization\"},\"potentialAction\":[{\"@type\":\"SearchAction\",\"target\":{\"@type\":\"EntryPoint\",\"urlTemplate\":\"https:\/\/www.justiceinfo.net\/fr?s={search_term_string}\"},\"query-input\":{\"@type\":\"PropertyValueSpecification\",\"valueRequired\":true,\"valueName\":\"search_term_string\"}}],\"inLanguage\":\"fr-FR\"},{\"@type\":\"Organization\",\"@id\":\"https:\/\/www.justiceinfo.net\/fr#organization\",\"name\":\"Justice Info\",\"url\":\"https:\/\/www.justiceinfo.net\/fr\",\"logo\":{\"@type\":\"ImageObject\",\"inLanguage\":\"fr-FR\",\"@id\":\"https:\/\/www.justiceinfo.net\/fr#\/schema\/logo\/image\/\",\"url\":\"https:\/\/www.justiceinfo.net\/wp-content\/uploads\/justiceinfo_logo-trans_1200x1200px.png\",\"contentUrl\":\"https:\/\/www.justiceinfo.net\/wp-content\/uploads\/justiceinfo_logo-trans_1200x1200px.png\",\"width\":1199,\"height\":1200,\"caption\":\"Justice Info\"},\"image\":{\"@id\":\"https:\/\/www.justiceinfo.net\/fr#\/schema\/logo\/image\/\"},\"sameAs\":[\"https:\/\/www.facebook.com\/JusticeInfo\/\",\"https:\/\/x.com\/justiceinfonet\",\"https:\/\/www.linkedin.com\/company\/justice-info\",\"https:\/\/www.youtube.com\/channel\/UCyCEsARodyuWtkWyhn-e7pA\"]},{\"@type\":\"Person\",\"name\":\"AFP\",\"url\":\"\/fr\/?s=AFP\"}]}<\/script>\n<!-- \/ Yoast SEO Premium plugin. -->","yoast_head_json":{"title":"Tchad : Le Pr\u00e9sident Deby r\u00e9prime durement les opposants \u00e0 sa \"mauvaise gouvernance\" - JusticeInfo.net","description":"Au Tchad, sous la f\u00e9rule du pr\u00e9sident Deby manifester face aux difficult\u00e9s de la vie quotidienne et la \"mauvaise gouvernance\" reste un pari risqu\u00e9.","robots":{"index":"index","follow":"follow","max-snippet":"max-snippet:-1","max-image-preview":"max-image-preview:large","max-video-preview":"max-video-preview:-1"},"canonical":"https:\/\/www.justiceinfo.net\/fr\/36428-tchad-manifester-son-mecontement-reste-un-pari-risque.html","og_locale":"fr_FR","og_type":"article","og_title":"Tchad : Le Pr\u00e9sident Deby r\u00e9prime durement les opposants \u00e0 sa \"mauvaise gouvernance\"","og_description":"Au Tchad, sous la f\u00e9rule du pr\u00e9sident Deby manifester face aux difficult\u00e9s de la vie quotidienne et la \"mauvaise gouvernance\" reste un pari risqu\u00e9.","og_url":"https:\/\/www.justiceinfo.net\/fr\/36428-tchad-manifester-son-mecontement-reste-un-pari-risque.html","og_site_name":"JusticeInfo.net","article_publisher":"https:\/\/www.facebook.com\/JusticeInfo\/","article_published_time":"2018-02-13T06:40:02+00:00","og_image":[{"width":2560,"height":1793,"url":"https:\/\/www.justiceinfo.net\/wp-content\/uploads\/4206f581278144c967b90ead0be9553c-scaled.jpg","type":"image\/jpeg"}],"author":"AFP","twitter_card":"summary_large_image","twitter_creator":"@justiceinfonet","twitter_site":"@justiceinfonet","twitter_misc":{"\u00c9crit par":"AFP","Dur\u00e9e de lecture estim\u00e9e":"3 minutes"},"schema":{"@context":"https:\/\/schema.org","@graph":[{"@type":"NewsArticle","@id":"https:\/\/www.justiceinfo.net\/fr\/36428-tchad-manifester-son-mecontement-reste-un-pari-risque.html#article","isPartOf":{"@id":"https:\/\/www.justiceinfo.net\/fr\/36428-tchad-manifester-son-mecontement-reste-un-pari-risque.html"},"author":{"name":"afp","@id":"https:\/\/www.justiceinfo.net\/fr#\/schema\/person\/713d340ef5f218fc36ce9b4244364a7f"},"headline":"Tchad : Le Pr\u00e9sident Deby r\u00e9prime durement les opposants \u00e0 sa \"mauvaise gouvernance\"","datePublished":"2018-02-13T06:40:02+00:00","mainEntityOfPage":{"@id":"https:\/\/www.justiceinfo.net\/fr\/36428-tchad-manifester-son-mecontement-reste-un-pari-risque.html"},"wordCount":702,"commentCount":0,"publisher":{"@id":"https:\/\/www.justiceinfo.net\/fr#organization"},"image":{"@id":"https:\/\/www.justiceinfo.net\/fr\/36428-tchad-manifester-son-mecontement-reste-un-pari-risque.html#primaryimage"},"thumbnailUrl":"https:\/\/www.justiceinfo.net\/wp-content\/uploads\/4206f581278144c967b90ead0be9553c-scaled.jpg","articleSection":["Divers"],"inLanguage":"fr-FR","potentialAction":[{"@type":"CommentAction","name":"Comment","target":["https:\/\/www.justiceinfo.net\/fr\/36428-tchad-manifester-son-mecontement-reste-un-pari-risque.html#respond"]}]},{"@type":"WebPage","@id":"https:\/\/www.justiceinfo.net\/fr\/36428-tchad-manifester-son-mecontement-reste-un-pari-risque.html","url":"https:\/\/www.justiceinfo.net\/fr\/36428-tchad-manifester-son-mecontement-reste-un-pari-risque.html","name":"Tchad : Le Pr\u00e9sident Deby r\u00e9prime durement les opposants \u00e0 sa \"mauvaise gouvernance\" - JusticeInfo.net","isPartOf":{"@id":"https:\/\/www.justiceinfo.net\/fr#website"},"primaryImageOfPage":{"@id":"https:\/\/www.justiceinfo.net\/fr\/36428-tchad-manifester-son-mecontement-reste-un-pari-risque.html#primaryimage"},"image":{"@id":"https:\/\/www.justiceinfo.net\/fr\/36428-tchad-manifester-son-mecontement-reste-un-pari-risque.html#primaryimage"},"thumbnailUrl":"https:\/\/www.justiceinfo.net\/wp-content\/uploads\/4206f581278144c967b90ead0be9553c-scaled.jpg","datePublished":"2018-02-13T06:40:02+00:00","description":"Au Tchad, sous la f\u00e9rule du pr\u00e9sident Deby manifester face aux difficult\u00e9s de la vie quotidienne et la \"mauvaise gouvernance\" reste un pari risqu\u00e9.","breadcrumb":{"@id":"https:\/\/www.justiceinfo.net\/fr\/36428-tchad-manifester-son-mecontement-reste-un-pari-risque.html#breadcrumb"},"inLanguage":"fr-FR","potentialAction":[{"@type":"ReadAction","target":["https:\/\/www.justiceinfo.net\/fr\/36428-tchad-manifester-son-mecontement-reste-un-pari-risque.html"]}]},{"@type":"ImageObject","inLanguage":"fr-FR","@id":"https:\/\/www.justiceinfo.net\/fr\/36428-tchad-manifester-son-mecontement-reste-un-pari-risque.html#primaryimage","url":"https:\/\/www.justiceinfo.net\/wp-content\/uploads\/4206f581278144c967b90ead0be9553c-scaled.jpg","contentUrl":"https:\/\/www.justiceinfo.net\/wp-content\/uploads\/4206f581278144c967b90ead0be9553c-scaled.jpg","width":2560,"height":1793},{"@type":"BreadcrumbList","@id":"https:\/\/www.justiceinfo.net\/fr\/36428-tchad-manifester-son-mecontement-reste-un-pari-risque.html#breadcrumb","itemListElement":[{"@type":"ListItem","position":1,"name":"Home","item":"https:\/\/www.justiceinfo.net\/fr"},{"@type":"ListItem","position":2,"name":"Tchad : Le Pr\u00e9sident Deby r\u00e9prime durement les opposants \u00e0 sa \"mauvaise gouvernance\""}]},{"@type":"WebSite","@id":"https:\/\/www.justiceinfo.net\/fr#website","url":"https:\/\/www.justiceinfo.net\/fr","name":"JusticeInfo.net","description":"La justice doit \u00eatre vue pour \u00eatre rendue","publisher":{"@id":"https:\/\/www.justiceinfo.net\/fr#organization"},"potentialAction":[{"@type":"SearchAction","target":{"@type":"EntryPoint","urlTemplate":"https:\/\/www.justiceinfo.net\/fr?s={search_term_string}"},"query-input":{"@type":"PropertyValueSpecification","valueRequired":true,"valueName":"search_term_string"}}],"inLanguage":"fr-FR"},{"@type":"Organization","@id":"https:\/\/www.justiceinfo.net\/fr#organization","name":"Justice Info","url":"https:\/\/www.justiceinfo.net\/fr","logo":{"@type":"ImageObject","inLanguage":"fr-FR","@id":"https:\/\/www.justiceinfo.net\/fr#\/schema\/logo\/image\/","url":"https:\/\/www.justiceinfo.net\/wp-content\/uploads\/justiceinfo_logo-trans_1200x1200px.png","contentUrl":"https:\/\/www.justiceinfo.net\/wp-content\/uploads\/justiceinfo_logo-trans_1200x1200px.png","width":1199,"height":1200,"caption":"Justice Info"},"image":{"@id":"https:\/\/www.justiceinfo.net\/fr#\/schema\/logo\/image\/"},"sameAs":["https:\/\/www.facebook.com\/JusticeInfo\/","https:\/\/x.com\/justiceinfonet","https:\/\/www.linkedin.com\/company\/justice-info","https:\/\/www.youtube.com\/channel\/UCyCEsARodyuWtkWyhn-e7pA"]},{"@type":"Person","name":"AFP","url":"\/fr\/?s=AFP"}]}},"_links":{"self":[{"href":"https:\/\/www.justiceinfo.net\/fr\/wp-json\/wp\/v2\/posts\/36428","targetHints":{"allow":["GET"]}}],"collection":[{"href":"https:\/\/www.justiceinfo.net\/fr\/wp-json\/wp\/v2\/posts"}],"about":[{"href":"https:\/\/www.justiceinfo.net\/fr\/wp-json\/wp\/v2\/types\/post"}],"author":[{"embeddable":true,"href":"https:\/\/www.justiceinfo.net\/fr\/wp-json\/wp\/v2\/users\/60"}],"replies":[{"embeddable":true,"href":"https:\/\/www.justiceinfo.net\/fr\/wp-json\/wp\/v2\/comments?post=36428"}],"version-history":[{"count":0,"href":"https:\/\/www.justiceinfo.net\/fr\/wp-json\/wp\/v2\/posts\/36428\/revisions"}],"wp:featuredmedia":[{"embeddable":true,"href":"https:\/\/www.justiceinfo.net\/fr\/wp-json\/wp\/v2\/media\/61749"}],"wp:attachment":[{"href":"https:\/\/www.justiceinfo.net\/fr\/wp-json\/wp\/v2\/media?parent=36428"}],"wp:term":[{"taxonomy":"category","embeddable":true,"href":"https:\/\/www.justiceinfo.net\/fr\/wp-json\/wp\/v2\/categories?post=36428"},{"taxonomy":"post_tag","embeddable":true,"href":"https:\/\/www.justiceinfo.net\/fr\/wp-json\/wp\/v2\/tags?post=36428"},{"taxonomy":"ji_location","embeddable":true,"href":"https:\/\/www.justiceinfo.net\/fr\/wp-json\/wp\/v2\/ji_location?post=36428"}],"curies":[{"name":"wp","href":"https:\/\/api.w.org\/{rel}","templated":true}]}}