{"id":36445,"date":"2018-02-14T13:04:59","date_gmt":"2018-02-14T12:04:59","guid":{"rendered":"https:\/\/www.justiceinfo.net\/36445-guinee-une-mission-de-la-cpi-temoin-des-violences-post-electorales.html"},"modified":"2018-02-14T13:04:59","modified_gmt":"2018-02-14T12:04:59","slug":"guinee-une-mission-de-la-cpi-temoin-des-violences-post-electorales","status":"publish","type":"post","link":"https:\/\/www.justiceinfo.net\/fr\/36445-guinee-une-mission-de-la-cpi-temoin-des-violences-post-electorales.html","title":{"rendered":"Guin\u00e9e: Une mission de la CPI t\u00e9moin des violences post-\u00e9lectorales"},"content":{"rendered":"<div class=\"content-excerpt\">\n<p>Situation in\u00e9dite pour une d\u00e9l\u00e9gation de la Cour P\u00e9nale Internationale (CPI) \u00e0 Conakry. Venue s\u2019enqu\u00e9rir de la pr\u00e9paration du proc\u00e8s sur les \u00e9v\u00e9nements du 28 septembre 2009, elle a assist\u00e9 aux manifestations post-\u00e9lectorales qui ont fait au moins 5 morts dans la capitale et en et en r\u00e9gions dans la semaine du 5 f\u00e9vrier 2018. Face \u00e0 la violence, la Mission a pr\u00e9venu les acteurs des possibles poursuites contre les fautifs.<\/p>\n<\/div>\n<p>A chaque grande \u00e9tape dans l\u2019enqu\u00eate sur \u00e9v\u00e9nements du 28 septembre 2009, la CPI se manifeste \u00e0 Conakry. A chaque nouvel \u00e9l\u00e9ment des experts arrivent de La Haye pour rencontrer les magistrats en charge de l\u2019instruction, puis le ministre de la Justice. Toujours sur la table, le dossier du massacre du 28 septembre 2009, o\u00f9 au moins 150 opposants politiques ont \u00e9t\u00e9 tu\u00e9s et une centaine de femmes viol\u00e9es. Il en a \u00e9t\u00e9 ainsi en mars 2017. La Cour P\u00e9nale Internationale \u00e9tait venue dresser le bilan de l\u2019extradition puis de l\u2019inculpation du militaire Toumba Diakit\u00e9, l\u2019un des principaux responsables pr\u00e9sum\u00e9s du massacre du stade.<\/p>\n<p>Cette fois, une d\u00e9l\u00e9gation est venue faire le point et prendre acte de la cl\u00f4ture de l\u2019instruction relative aux \u00e9v\u00e8nements du 28 septembre 2009. La justice guin\u00e9enne a annonc\u00e9 en effet en novembre 2017 la fin de l\u2019instruction du dossier. Elle attend d\u00e9sormais que l\u2019Etat mette les moyens logistiques et financiers pour d\u00e9clencher la phase de jugement.<\/p>\n<p>Conduite par Emeric Roger, chef de la section de l\u2019analyse des situations, la d\u00e9l\u00e9gation de la CPI est arriv\u00e9e \u00e0 Conakry et a \u00e9t\u00e9 re\u00e7ue en audience le 9 F\u00e9vrier par le Ministre de la justice, Garde des Sceaux \u00e0 Conakry.<\/p>\n<h3>Quatorzi\u00e8me visite de la CPI dans la capitale guin\u00e9enne.<\/h3>\n<p>Lors de cette audience, l\u2019\u00e9quipe de la CPI s\u2019est r\u00e9joui des avanc\u00e9es significatives du dossier. Pour Emeric Rogier qui a conduit l\u2019\u00e9quipe, <em>\u00ab\u00a0les efforts consentis par les autorit\u00e9s judiciaires guin\u00e9ennes sont significatifs car\u00a0un certain nombre de protagonistes vont \u00eatre prochainement renvoy\u00e9s devant le tribunal criminel\u00a0\u00bb<\/em> Il s\u2019est f\u00e9licit\u00e9 du <em>\u00ab\u00a0travail remarquable\u00a0<\/em>\u00bb du pool de juges d\u2019instruction, ajoutant que la CPI fait enti\u00e8rement confiance aux autorit\u00e9s judiciaires guin\u00e9ennes pour g\u00e9rer ce dossier et tenir le proc\u00e8s dans un bref d\u00e9lai avec la cl\u00f4ture des instructions relative aux \u00e9v\u00e8nements du 28 septembre 2009. L\u2019\u00e9quipe de la CPI a \u00e9galement discut\u00e9 avec les autorit\u00e9s judiciaires des pr\u00e9parations n\u00e9cessaires pour l\u2019organisation d\u2019un proc\u00e8s \u00e9quitable dans de bonne conditions et dans un d\u00e9lai aussi raisonnable que possible pour toutes les parties impliqu\u00e9es dans le processus.<\/p>\n<p>Face \u00e0 la d\u00e9l\u00e9gation, et du c\u00f4t\u00e9 du ministre de la Justice, vraiment rien de nouveau. Du d\u00e9j\u00e0 vu et entendu. Me Cheik Sako, n\u2019a en effet que r\u00e9affirm\u00e9 \u00e0 la d\u00e9l\u00e9gation de la CPI \u00ab\u00a0<em>la volont\u00e9 du <\/em><em>Gouvernement guin\u00e9en de<\/em>\u00a0<em>lutter contre l\u2019impunit\u00e9 sous toutes ces formes, m\u00eame au-del\u00e0 des \u00e9v\u00e8nements du 28 septembre 2009<\/em>\u00a0\u00bb.<\/p>\n<p>Mais, le s\u00e9jour de cette d\u00e9l\u00e9gation a co\u00efncid\u00e9 avec les violences \u00e9lectorales survenues apr\u00e8s le scrutin du 4 f\u00e9vrier 2018 en Guin\u00e9e. Au lendemain des \u00e9lections locales, ces violences ont fait 7 morts \u00e0 Conakry et en r\u00e9gions, en plus des nombreux d\u00e9g\u00e2ts mat\u00e9riels. Emeric Roger a regrett\u00e9 ces morts avant d\u2019avertir que \u00ab\u00a0<em>ces violences \u00e9lectorales peuvent aboutir \u00e0 des crimes de masses ou \u00e0 d\u2019autres situations devant amener des gens \u00e0 rendre des comptes devant les juridictions nationales ou internationales<\/em>\u00a0\u00bb<em>. <\/em>Il a d\u00e9clar\u00e9 haut et fort que le bureau de la procureure Fatou Bensouda garde un \u0153il sur tout ce qui se passe en Guin\u00e9e, demandant aux leaders politiques de r\u00e9gler tous les diff\u00e9rents par les voies pacifiques et l\u00e9gales.<\/p>\n<p>Un message qui sonne comme un avertissement \u00e0 l\u2019endroit des acteurs politiques guin\u00e9ens, alors que les r\u00e9sultats des \u00e9lections communales du 4 f\u00e9vrier tombent encore au compte-goutte.<\/p>\n<p>\u00a0<\/p>\n<p>\u00a0<\/p>\n<p>\u00a0<\/p>\n","protected":false},"excerpt":{"rendered":"<p>Situation in\u00e9dite pour une d\u00e9l\u00e9gation de la Cour P\u00e9nale Internationale (CPI) \u00e0 Conakry. Venue s\u2019enqu\u00e9rir de la pr\u00e9paration du proc\u00e8s sur les \u00e9v\u00e9nements du 28 septembre 2009, elle a assist\u00e9 aux manifestations post-\u00e9lectorales qui ont fait au moins 5 morts dans la capitale et en et en r\u00e9gions dans la semaine du 5 f\u00e9vrier 2018. [&hellip;]<\/p>\n","protected":false},"author":64,"featured_media":62684,"comment_status":"open","ping_status":"closed","sticky":false,"template":"","format":"standard","meta":{"_acf_changed":false,"footnotes":""},"categories":[570],"tags":[],"ji_location":[2256],"class_list":["post-36445","post","type-post","status-publish","format-standard","has-post-thumbnail","hentry","category-cpi","ji_location-guinee"],"acf":[],"yoast_head":"<!-- This site is optimized with the Yoast SEO Premium plugin v25.3.1 (Yoast SEO v25.3.1) - https:\/\/yoast.com\/wordpress\/plugins\/seo\/ -->\n<title>Guin\u00e9e: Une mission de la CPI t\u00e9moin des violences post-\u00e9lectorales - JusticeInfo.net<\/title>\n<meta name=\"description\" content=\"ne d\u00e9l\u00e9gation de la Cour P\u00e9nale Internationale (CPI) \u00e0 Conakry. Venue s\u2019enqu\u00e9rir de la pr\u00e9paration du proc\u00e8s sur les \u00e9v\u00e9nements du 28 septembre 2009, elle a assist\u00e9 aux manifestations post-\u00e9lectorales qui ont fait au moins 5 morts , la Mission a pr\u00e9venu les acteurs des possibles poursuites contre les fautifs.\" \/>\n<meta name=\"robots\" content=\"index, follow, max-snippet:-1, max-image-preview:large, max-video-preview:-1\" \/>\n<link rel=\"canonical\" href=\"https:\/\/www.justiceinfo.net\/fr\/36445-guinee-une-mission-de-la-cpi-temoin-des-violences-post-electorales.html\" \/>\n<meta property=\"og:locale\" content=\"fr_FR\" \/>\n<meta property=\"og:type\" content=\"article\" \/>\n<meta property=\"og:title\" content=\"Guin\u00e9e: Une mission de la CPI t\u00e9moin des violences post-\u00e9lectorales\" \/>\n<meta property=\"og:description\" content=\"ne d\u00e9l\u00e9gation de la Cour P\u00e9nale Internationale (CPI) \u00e0 Conakry. Venue s\u2019enqu\u00e9rir de la pr\u00e9paration du proc\u00e8s sur les \u00e9v\u00e9nements du 28 septembre 2009, elle a assist\u00e9 aux manifestations post-\u00e9lectorales qui ont fait au moins 5 morts , la Mission a pr\u00e9venu les acteurs des possibles poursuites contre les fautifs.\" \/>\n<meta property=\"og:url\" content=\"https:\/\/www.justiceinfo.net\/fr\/36445-guinee-une-mission-de-la-cpi-temoin-des-violences-post-electorales.html\" \/>\n<meta property=\"og:site_name\" content=\"JusticeInfo.net\" \/>\n<meta property=\"article:publisher\" content=\"https:\/\/www.facebook.com\/JusticeInfo\/\" \/>\n<meta property=\"article:published_time\" content=\"2018-02-14T12:04:59+00:00\" \/>\n<meta property=\"og:image\" content=\"https:\/\/www.justiceinfo.net\/wp-content\/uploads\/4eaab62df6a22ab5c19269ea9d0a384c.jpg\" \/>\n\t<meta property=\"og:image:width\" content=\"768\" \/>\n\t<meta property=\"og:image:height\" content=\"481\" \/>\n\t<meta property=\"og:image:type\" content=\"image\/jpeg\" \/>\n<meta name=\"author\" content=\"A\u00efssatou Barry\" \/>\n<meta name=\"twitter:card\" content=\"summary_large_image\" \/>\n<meta name=\"twitter:creator\" content=\"@justiceinfonet\" \/>\n<meta name=\"twitter:site\" content=\"@justiceinfonet\" \/>\n<meta name=\"twitter:label1\" content=\"\u00c9crit par\" \/>\n\t<meta name=\"twitter:data1\" content=\"A\u00efssatou Barry\" \/>\n\t<meta name=\"twitter:label2\" content=\"Dur\u00e9e de lecture estim\u00e9e\" \/>\n\t<meta name=\"twitter:data2\" content=\"3 minutes\" \/>\n<script type=\"application\/ld+json\" class=\"yoast-schema-graph\">{\"@context\":\"https:\/\/schema.org\",\"@graph\":[{\"@type\":\"NewsArticle\",\"@id\":\"https:\/\/www.justiceinfo.net\/fr\/36445-guinee-une-mission-de-la-cpi-temoin-des-violences-post-electorales.html#article\",\"isPartOf\":{\"@id\":\"https:\/\/www.justiceinfo.net\/fr\/36445-guinee-une-mission-de-la-cpi-temoin-des-violences-post-electorales.html\"},\"author\":{\"name\":\"solivri\",\"@id\":\"https:\/\/www.justiceinfo.net\/fr#\/schema\/person\/6e53cba1629e2e66f3fc1821d3091865\"},\"headline\":\"Guin\u00e9e: Une mission de la CPI t\u00e9moin des violences post-\u00e9lectorales\",\"datePublished\":\"2018-02-14T12:04:59+00:00\",\"mainEntityOfPage\":{\"@id\":\"https:\/\/www.justiceinfo.net\/fr\/36445-guinee-une-mission-de-la-cpi-temoin-des-violences-post-electorales.html\"},\"wordCount\":701,\"commentCount\":0,\"publisher\":{\"@id\":\"https:\/\/www.justiceinfo.net\/fr#organization\"},\"image\":{\"@id\":\"https:\/\/www.justiceinfo.net\/fr\/36445-guinee-une-mission-de-la-cpi-temoin-des-violences-post-electorales.html#primaryimage\"},\"thumbnailUrl\":\"https:\/\/www.justiceinfo.net\/wp-content\/uploads\/4eaab62df6a22ab5c19269ea9d0a384c.jpg\",\"articleSection\":[\"CPI\"],\"inLanguage\":\"fr-FR\",\"potentialAction\":[{\"@type\":\"CommentAction\",\"name\":\"Comment\",\"target\":[\"https:\/\/www.justiceinfo.net\/fr\/36445-guinee-une-mission-de-la-cpi-temoin-des-violences-post-electorales.html#respond\"]}]},{\"@type\":\"WebPage\",\"@id\":\"https:\/\/www.justiceinfo.net\/fr\/36445-guinee-une-mission-de-la-cpi-temoin-des-violences-post-electorales.html\",\"url\":\"https:\/\/www.justiceinfo.net\/fr\/36445-guinee-une-mission-de-la-cpi-temoin-des-violences-post-electorales.html\",\"name\":\"Guin\u00e9e: Une mission de la CPI t\u00e9moin des violences post-\u00e9lectorales - JusticeInfo.net\",\"isPartOf\":{\"@id\":\"https:\/\/www.justiceinfo.net\/fr#website\"},\"primaryImageOfPage\":{\"@id\":\"https:\/\/www.justiceinfo.net\/fr\/36445-guinee-une-mission-de-la-cpi-temoin-des-violences-post-electorales.html#primaryimage\"},\"image\":{\"@id\":\"https:\/\/www.justiceinfo.net\/fr\/36445-guinee-une-mission-de-la-cpi-temoin-des-violences-post-electorales.html#primaryimage\"},\"thumbnailUrl\":\"https:\/\/www.justiceinfo.net\/wp-content\/uploads\/4eaab62df6a22ab5c19269ea9d0a384c.jpg\",\"datePublished\":\"2018-02-14T12:04:59+00:00\",\"description\":\"ne d\u00e9l\u00e9gation de la Cour P\u00e9nale Internationale (CPI) \u00e0 Conakry. Venue s\u2019enqu\u00e9rir de la pr\u00e9paration du proc\u00e8s sur les \u00e9v\u00e9nements du 28 septembre 2009, elle a assist\u00e9 aux manifestations post-\u00e9lectorales qui ont fait au moins 5 morts , la Mission a pr\u00e9venu les acteurs des possibles poursuites contre les fautifs.\",\"breadcrumb\":{\"@id\":\"https:\/\/www.justiceinfo.net\/fr\/36445-guinee-une-mission-de-la-cpi-temoin-des-violences-post-electorales.html#breadcrumb\"},\"inLanguage\":\"fr-FR\",\"potentialAction\":[{\"@type\":\"ReadAction\",\"target\":[\"https:\/\/www.justiceinfo.net\/fr\/36445-guinee-une-mission-de-la-cpi-temoin-des-violences-post-electorales.html\"]}]},{\"@type\":\"ImageObject\",\"inLanguage\":\"fr-FR\",\"@id\":\"https:\/\/www.justiceinfo.net\/fr\/36445-guinee-une-mission-de-la-cpi-temoin-des-violences-post-electorales.html#primaryimage\",\"url\":\"https:\/\/www.justiceinfo.net\/wp-content\/uploads\/4eaab62df6a22ab5c19269ea9d0a384c.jpg\",\"contentUrl\":\"https:\/\/www.justiceinfo.net\/wp-content\/uploads\/4eaab62df6a22ab5c19269ea9d0a384c.jpg\",\"width\":768,\"height\":481},{\"@type\":\"BreadcrumbList\",\"@id\":\"https:\/\/www.justiceinfo.net\/fr\/36445-guinee-une-mission-de-la-cpi-temoin-des-violences-post-electorales.html#breadcrumb\",\"itemListElement\":[{\"@type\":\"ListItem\",\"position\":1,\"name\":\"Home\",\"item\":\"https:\/\/www.justiceinfo.net\/fr\"},{\"@type\":\"ListItem\",\"position\":2,\"name\":\"Guin\u00e9e: Une mission de la CPI t\u00e9moin des violences post-\u00e9lectorales\"}]},{\"@type\":\"WebSite\",\"@id\":\"https:\/\/www.justiceinfo.net\/fr#website\",\"url\":\"https:\/\/www.justiceinfo.net\/fr\",\"name\":\"JusticeInfo.net\",\"description\":\"La justice doit \u00eatre vue pour \u00eatre rendue\",\"publisher\":{\"@id\":\"https:\/\/www.justiceinfo.net\/fr#organization\"},\"potentialAction\":[{\"@type\":\"SearchAction\",\"target\":{\"@type\":\"EntryPoint\",\"urlTemplate\":\"https:\/\/www.justiceinfo.net\/fr?s={search_term_string}\"},\"query-input\":{\"@type\":\"PropertyValueSpecification\",\"valueRequired\":true,\"valueName\":\"search_term_string\"}}],\"inLanguage\":\"fr-FR\"},{\"@type\":\"Organization\",\"@id\":\"https:\/\/www.justiceinfo.net\/fr#organization\",\"name\":\"Justice Info\",\"url\":\"https:\/\/www.justiceinfo.net\/fr\",\"logo\":{\"@type\":\"ImageObject\",\"inLanguage\":\"fr-FR\",\"@id\":\"https:\/\/www.justiceinfo.net\/fr#\/schema\/logo\/image\/\",\"url\":\"https:\/\/www.justiceinfo.net\/wp-content\/uploads\/justiceinfo_logo-trans_1200x1200px.png\",\"contentUrl\":\"https:\/\/www.justiceinfo.net\/wp-content\/uploads\/justiceinfo_logo-trans_1200x1200px.png\",\"width\":1199,\"height\":1200,\"caption\":\"Justice Info\"},\"image\":{\"@id\":\"https:\/\/www.justiceinfo.net\/fr#\/schema\/logo\/image\/\"},\"sameAs\":[\"https:\/\/www.facebook.com\/JusticeInfo\/\",\"https:\/\/x.com\/justiceinfonet\",\"https:\/\/www.linkedin.com\/company\/justice-info\",\"https:\/\/www.youtube.com\/channel\/UCyCEsARodyuWtkWyhn-e7pA\"]},{\"@type\":\"Person\",\"name\":\"A\u00efssatou Barry\",\"url\":\"\/fr\/?s=A\u00efssatou Barry\"}]}<\/script>\n<!-- \/ Yoast SEO Premium plugin. -->","yoast_head_json":{"title":"Guin\u00e9e: Une mission de la CPI t\u00e9moin des violences post-\u00e9lectorales - JusticeInfo.net","description":"ne d\u00e9l\u00e9gation de la Cour P\u00e9nale Internationale (CPI) \u00e0 Conakry. Venue s\u2019enqu\u00e9rir de la pr\u00e9paration du proc\u00e8s sur les \u00e9v\u00e9nements du 28 septembre 2009, elle a assist\u00e9 aux manifestations post-\u00e9lectorales qui ont fait au moins 5 morts , la Mission a pr\u00e9venu les acteurs des possibles poursuites contre les fautifs.","robots":{"index":"index","follow":"follow","max-snippet":"max-snippet:-1","max-image-preview":"max-image-preview:large","max-video-preview":"max-video-preview:-1"},"canonical":"https:\/\/www.justiceinfo.net\/fr\/36445-guinee-une-mission-de-la-cpi-temoin-des-violences-post-electorales.html","og_locale":"fr_FR","og_type":"article","og_title":"Guin\u00e9e: Une mission de la CPI t\u00e9moin des violences post-\u00e9lectorales","og_description":"ne d\u00e9l\u00e9gation de la Cour P\u00e9nale Internationale (CPI) \u00e0 Conakry. Venue s\u2019enqu\u00e9rir de la pr\u00e9paration du proc\u00e8s sur les \u00e9v\u00e9nements du 28 septembre 2009, elle a assist\u00e9 aux manifestations post-\u00e9lectorales qui ont fait au moins 5 morts , la Mission a pr\u00e9venu les acteurs des possibles poursuites contre les fautifs.","og_url":"https:\/\/www.justiceinfo.net\/fr\/36445-guinee-une-mission-de-la-cpi-temoin-des-violences-post-electorales.html","og_site_name":"JusticeInfo.net","article_publisher":"https:\/\/www.facebook.com\/JusticeInfo\/","article_published_time":"2018-02-14T12:04:59+00:00","og_image":[{"width":768,"height":481,"url":"https:\/\/www.justiceinfo.net\/wp-content\/uploads\/4eaab62df6a22ab5c19269ea9d0a384c.jpg","type":"image\/jpeg"}],"author":"A\u00efssatou Barry","twitter_card":"summary_large_image","twitter_creator":"@justiceinfonet","twitter_site":"@justiceinfonet","twitter_misc":{"\u00c9crit par":"A\u00efssatou Barry","Dur\u00e9e de lecture estim\u00e9e":"3 minutes"},"schema":{"@context":"https:\/\/schema.org","@graph":[{"@type":"NewsArticle","@id":"https:\/\/www.justiceinfo.net\/fr\/36445-guinee-une-mission-de-la-cpi-temoin-des-violences-post-electorales.html#article","isPartOf":{"@id":"https:\/\/www.justiceinfo.net\/fr\/36445-guinee-une-mission-de-la-cpi-temoin-des-violences-post-electorales.html"},"author":{"name":"solivri","@id":"https:\/\/www.justiceinfo.net\/fr#\/schema\/person\/6e53cba1629e2e66f3fc1821d3091865"},"headline":"Guin\u00e9e: Une mission de la CPI t\u00e9moin des violences post-\u00e9lectorales","datePublished":"2018-02-14T12:04:59+00:00","mainEntityOfPage":{"@id":"https:\/\/www.justiceinfo.net\/fr\/36445-guinee-une-mission-de-la-cpi-temoin-des-violences-post-electorales.html"},"wordCount":701,"commentCount":0,"publisher":{"@id":"https:\/\/www.justiceinfo.net\/fr#organization"},"image":{"@id":"https:\/\/www.justiceinfo.net\/fr\/36445-guinee-une-mission-de-la-cpi-temoin-des-violences-post-electorales.html#primaryimage"},"thumbnailUrl":"https:\/\/www.justiceinfo.net\/wp-content\/uploads\/4eaab62df6a22ab5c19269ea9d0a384c.jpg","articleSection":["CPI"],"inLanguage":"fr-FR","potentialAction":[{"@type":"CommentAction","name":"Comment","target":["https:\/\/www.justiceinfo.net\/fr\/36445-guinee-une-mission-de-la-cpi-temoin-des-violences-post-electorales.html#respond"]}]},{"@type":"WebPage","@id":"https:\/\/www.justiceinfo.net\/fr\/36445-guinee-une-mission-de-la-cpi-temoin-des-violences-post-electorales.html","url":"https:\/\/www.justiceinfo.net\/fr\/36445-guinee-une-mission-de-la-cpi-temoin-des-violences-post-electorales.html","name":"Guin\u00e9e: Une mission de la CPI t\u00e9moin des violences post-\u00e9lectorales - JusticeInfo.net","isPartOf":{"@id":"https:\/\/www.justiceinfo.net\/fr#website"},"primaryImageOfPage":{"@id":"https:\/\/www.justiceinfo.net\/fr\/36445-guinee-une-mission-de-la-cpi-temoin-des-violences-post-electorales.html#primaryimage"},"image":{"@id":"https:\/\/www.justiceinfo.net\/fr\/36445-guinee-une-mission-de-la-cpi-temoin-des-violences-post-electorales.html#primaryimage"},"thumbnailUrl":"https:\/\/www.justiceinfo.net\/wp-content\/uploads\/4eaab62df6a22ab5c19269ea9d0a384c.jpg","datePublished":"2018-02-14T12:04:59+00:00","description":"ne d\u00e9l\u00e9gation de la Cour P\u00e9nale Internationale (CPI) \u00e0 Conakry. Venue s\u2019enqu\u00e9rir de la pr\u00e9paration du proc\u00e8s sur les \u00e9v\u00e9nements du 28 septembre 2009, elle a assist\u00e9 aux manifestations post-\u00e9lectorales qui ont fait au moins 5 morts , la Mission a pr\u00e9venu les acteurs des possibles poursuites contre les fautifs.","breadcrumb":{"@id":"https:\/\/www.justiceinfo.net\/fr\/36445-guinee-une-mission-de-la-cpi-temoin-des-violences-post-electorales.html#breadcrumb"},"inLanguage":"fr-FR","potentialAction":[{"@type":"ReadAction","target":["https:\/\/www.justiceinfo.net\/fr\/36445-guinee-une-mission-de-la-cpi-temoin-des-violences-post-electorales.html"]}]},{"@type":"ImageObject","inLanguage":"fr-FR","@id":"https:\/\/www.justiceinfo.net\/fr\/36445-guinee-une-mission-de-la-cpi-temoin-des-violences-post-electorales.html#primaryimage","url":"https:\/\/www.justiceinfo.net\/wp-content\/uploads\/4eaab62df6a22ab5c19269ea9d0a384c.jpg","contentUrl":"https:\/\/www.justiceinfo.net\/wp-content\/uploads\/4eaab62df6a22ab5c19269ea9d0a384c.jpg","width":768,"height":481},{"@type":"BreadcrumbList","@id":"https:\/\/www.justiceinfo.net\/fr\/36445-guinee-une-mission-de-la-cpi-temoin-des-violences-post-electorales.html#breadcrumb","itemListElement":[{"@type":"ListItem","position":1,"name":"Home","item":"https:\/\/www.justiceinfo.net\/fr"},{"@type":"ListItem","position":2,"name":"Guin\u00e9e: Une mission de la CPI t\u00e9moin des violences post-\u00e9lectorales"}]},{"@type":"WebSite","@id":"https:\/\/www.justiceinfo.net\/fr#website","url":"https:\/\/www.justiceinfo.net\/fr","name":"JusticeInfo.net","description":"La justice doit \u00eatre vue pour \u00eatre rendue","publisher":{"@id":"https:\/\/www.justiceinfo.net\/fr#organization"},"potentialAction":[{"@type":"SearchAction","target":{"@type":"EntryPoint","urlTemplate":"https:\/\/www.justiceinfo.net\/fr?s={search_term_string}"},"query-input":{"@type":"PropertyValueSpecification","valueRequired":true,"valueName":"search_term_string"}}],"inLanguage":"fr-FR"},{"@type":"Organization","@id":"https:\/\/www.justiceinfo.net\/fr#organization","name":"Justice Info","url":"https:\/\/www.justiceinfo.net\/fr","logo":{"@type":"ImageObject","inLanguage":"fr-FR","@id":"https:\/\/www.justiceinfo.net\/fr#\/schema\/logo\/image\/","url":"https:\/\/www.justiceinfo.net\/wp-content\/uploads\/justiceinfo_logo-trans_1200x1200px.png","contentUrl":"https:\/\/www.justiceinfo.net\/wp-content\/uploads\/justiceinfo_logo-trans_1200x1200px.png","width":1199,"height":1200,"caption":"Justice Info"},"image":{"@id":"https:\/\/www.justiceinfo.net\/fr#\/schema\/logo\/image\/"},"sameAs":["https:\/\/www.facebook.com\/JusticeInfo\/","https:\/\/x.com\/justiceinfonet","https:\/\/www.linkedin.com\/company\/justice-info","https:\/\/www.youtube.com\/channel\/UCyCEsARodyuWtkWyhn-e7pA"]},{"@type":"Person","name":"A\u00efssatou Barry","url":"\/fr\/?s=A\u00efssatou Barry"}]}},"_links":{"self":[{"href":"https:\/\/www.justiceinfo.net\/fr\/wp-json\/wp\/v2\/posts\/36445","targetHints":{"allow":["GET"]}}],"collection":[{"href":"https:\/\/www.justiceinfo.net\/fr\/wp-json\/wp\/v2\/posts"}],"about":[{"href":"https:\/\/www.justiceinfo.net\/fr\/wp-json\/wp\/v2\/types\/post"}],"author":[{"embeddable":true,"href":"https:\/\/www.justiceinfo.net\/fr\/wp-json\/wp\/v2\/users\/64"}],"replies":[{"embeddable":true,"href":"https:\/\/www.justiceinfo.net\/fr\/wp-json\/wp\/v2\/comments?post=36445"}],"version-history":[{"count":0,"href":"https:\/\/www.justiceinfo.net\/fr\/wp-json\/wp\/v2\/posts\/36445\/revisions"}],"wp:featuredmedia":[{"embeddable":true,"href":"https:\/\/www.justiceinfo.net\/fr\/wp-json\/wp\/v2\/media\/62684"}],"wp:attachment":[{"href":"https:\/\/www.justiceinfo.net\/fr\/wp-json\/wp\/v2\/media?parent=36445"}],"wp:term":[{"taxonomy":"category","embeddable":true,"href":"https:\/\/www.justiceinfo.net\/fr\/wp-json\/wp\/v2\/categories?post=36445"},{"taxonomy":"post_tag","embeddable":true,"href":"https:\/\/www.justiceinfo.net\/fr\/wp-json\/wp\/v2\/tags?post=36445"},{"taxonomy":"ji_location","embeddable":true,"href":"https:\/\/www.justiceinfo.net\/fr\/wp-json\/wp\/v2\/ji_location?post=36445"}],"curies":[{"name":"wp","href":"https:\/\/api.w.org\/{rel}","templated":true}]}}