{"id":36483,"date":"2018-02-19T07:24:32","date_gmt":"2018-02-19T06:24:32","guid":{"rendered":"https:\/\/www.justiceinfo.net\/36483-la-semaine-de-la-justice-transitionnelle-le-mali-a-la-peine-la-tunisie-aussi.html"},"modified":"2018-02-19T07:24:32","modified_gmt":"2018-02-19T06:24:32","slug":"la-semaine-de-la-justice-transitionnelle-le-mali-a-la-peine-la-tunisie-aussi","status":"publish","type":"post","link":"https:\/\/www.justiceinfo.net\/fr\/36483-la-semaine-de-la-justice-transitionnelle-le-mali-a-la-peine-la-tunisie-aussi.html","title":{"rendered":"La semaine de la justice transitionnelle : le Mali \u00e0 la peine, la Tunisie aussi"},"content":{"rendered":"<div class=\"content-excerpt\">\n<p>Dans le large domaine de la \u00ab justice transitionnelle \u00bb, les processus de r\u00e9conciliation sont la clef obvie de la transition. Le Mali le montre une nouvelle fois \u00e0 ses d\u00e9pens, comme l\u2019explique le correspondant de JusticeInfo.net \u00e0 Bamako, Bokar Sangar\u00e9.<\/p>\n<\/div>\n<p>Faute d\u2019application de l\u2019accord de 2015 dit d\u2019Alger cens\u00e9 r\u00e9concilier le nord et le sud du pays et ses communaut\u00e9s, la situation se d\u00e9grade dangereusement. Et met en alerte acteurs maliens ainsi que la communaut\u00e9 internationale en cette ann\u00e9e 2018 o\u00f9 le pays doit organiser une \u00e9lection pr\u00e9sidentielle dans une situation s\u00e9curitaire de plus en plus pr\u00e9caire sur l\u2019ensemble du territoire. Cit\u00e9 par JusticeInfo.net, Ilad Ag Mohamed, porte-parole de la Coordination des mouvements de l\u2019Azawad avoue : \u00ab Plus on met du temps \u00e0 mettre en \u0153uvre les dispositions s\u00e9curitaires de l\u2019Accord, plus la situation va se d\u00e9grader et moins on aura de chance de sauver le reste \u00bb.\u00a0 La pr\u00e9sidentielle, gage th\u00e9orique d\u2019une transition bien ordonn\u00e9e, est incertaine, m\u00eame si le gouvernement se d\u00e9fend de tout report. Refusant de pr\u00e9texter, \u00ab l\u2019exception de s\u00e9curit\u00e9 \u00bb, expos\u00e9e dans nos pages par l\u2019universitaire et juriste Didier Niewiadowski. Un ancien premier ministre Moussa\u00a0 Mara, explique : \u00ab L\u2019ins\u00e9curit\u00e9 cr\u00e9e des incertitudes sur les \u00e9ch\u00e9ances \u00e9lectorales m\u00eame si des \u00e9lections imparfaites valent mieux que l\u2019absence d\u2019\u00e9lections \u00bb. \u00c0 ces violences politiques, islamistes mais pas seulement, se nouent un climat de violences criminelles entretenues par des bandes arm\u00e9es de multiple ob\u00e9dience. \u00ab Dans des r\u00e9gions en tr\u00e8s grande difficult\u00e9 \u00e9conomique, la tentation est grande pour certains de recourir \u00e0 des m\u00e9thodes brutales contre les populations afin de subvenir \u00e0 leurs besoins \u00bb, \u00e9crivait ainsi, Ibrahim Ma\u00efga, chercheur \u00e0 l\u2019Institut d\u2019\u00e9tudes de s\u00e9curit\u00e9.<\/p>\n<p>\u00a0<\/p>\n<h3>Violences<\/h3>\n<p>Ces liens entre violences politiques et criminelles sont analys\u00e9s par notre conseiller \u00e9ditorial Pierre Hazan qui explique que \u00ab le continuum entre violence politique et criminelle est insuffisamment explor\u00e9, comme si une soci\u00e9t\u00e9 devenait subitement diff\u00e9rente d\u00e8s lors que la paix a \u00e9t\u00e9 sign\u00e9e \u00bb. \u00ab Pourtant, une soci\u00e9t\u00e9 brutalis\u00e9e et traumatis\u00e9e par des ann\u00e9es de conflit porte en elle les s\u00e9quelles de la violence pour longtemps \u00bb, ajoute-t-il.<br \/>En Tunisie aussi, rien n\u2019est gagn\u00e9, selon Amna Guellali. La directrice de Human Rights Watch \u00e0 Tunis explique ainsi : \u00ab Pendant ces sept ann\u00e9es (NDLR depuis la R\u00e9volution)\u00a0 il n\u2019y a pas eu de r\u00e9forme en profondeur de l\u2019appareil s\u00e9curitaire. On rel\u00e8ve surtout la pr\u00e9valence d\u2019un \u00e9tat d\u2019impunit\u00e9 g\u00e9n\u00e9ralis\u00e9e qui ne peut que mener \u00e0 la poursuite\u00a0 des m\u00eames pratiques. L\u2019impunit\u00e9, on le sait, alimente les violations \u00bb. <br \/>Dans un autre pays, le N\u00e9pal, les d\u00e9fenseurs des droits de l\u2019homme d\u00e9\u00e7us par les atermoiements de la justice transitionnelle ne disent pas autre chose : \u00ab si les commissions Justice et V\u00e9rit\u00e9 \u00e9chouent \u00e0 r\u00e9pondre aux demandes des victimes en termes de justice et v\u00e9rit\u00e9, les gens ne croiront plus \u00e0 ces m\u00e9canismes et poseront de bonnes questions sur la cr\u00e9dibilit\u00e9 de la justice \u00bb.<\/p>\n","protected":false},"excerpt":{"rendered":"<p>Dans le large domaine de la \u00ab justice transitionnelle \u00bb, les processus de r\u00e9conciliation sont la clef obvie de la transition. Le Mali le montre une nouvelle fois \u00e0 ses d\u00e9pens, comme l\u2019explique le correspondant de JusticeInfo.net \u00e0 Bamako, Bokar Sangar\u00e9. Faute d\u2019application de l\u2019accord de 2015 dit d\u2019Alger cens\u00e9 r\u00e9concilier le nord et le [&hellip;]<\/p>\n","protected":false},"author":58,"featured_media":66581,"comment_status":"open","ping_status":"closed","sticky":false,"template":"","format":"standard","meta":{"_acf_changed":false,"footnotes":""},"categories":[556],"tags":[],"ji_location":[2566],"class_list":["post-36483","post","type-post","status-publish","format-standard","has-post-thumbnail","hentry","category-divers","ji_location-international"],"acf":[],"yoast_head":"<!-- This site is optimized with the Yoast SEO Premium plugin v25.3.1 (Yoast SEO v25.3.1) - https:\/\/yoast.com\/wordpress\/plugins\/seo\/ -->\n<title>La semaine de la justice transitionnelle : le Mali \u00e0 la peine, la Tunisie aussi - JusticeInfo.net<\/title>\n<meta name=\"robots\" content=\"index, follow, max-snippet:-1, max-image-preview:large, max-video-preview:-1\" \/>\n<link rel=\"canonical\" href=\"https:\/\/www.justiceinfo.net\/fr\/36483-la-semaine-de-la-justice-transitionnelle-le-mali-a-la-peine-la-tunisie-aussi.html\" \/>\n<meta property=\"og:locale\" content=\"fr_FR\" \/>\n<meta property=\"og:type\" content=\"article\" \/>\n<meta property=\"og:title\" content=\"La semaine de la justice transitionnelle : le Mali \u00e0 la peine, la Tunisie aussi\" \/>\n<meta property=\"og:description\" content=\"Dans le large domaine de la \u00ab justice transitionnelle \u00bb, les processus de r\u00e9conciliation sont la clef obvie de la transition. Le Mali le montre une nouvelle fois \u00e0 ses d\u00e9pens, comme l\u2019explique le correspondant de JusticeInfo.net \u00e0 Bamako, Bokar Sangar\u00e9. Faute d\u2019application de l\u2019accord de 2015 dit d\u2019Alger cens\u00e9 r\u00e9concilier le nord et le [&hellip;]\" \/>\n<meta property=\"og:url\" content=\"https:\/\/www.justiceinfo.net\/fr\/36483-la-semaine-de-la-justice-transitionnelle-le-mali-a-la-peine-la-tunisie-aussi.html\" \/>\n<meta property=\"og:site_name\" content=\"JusticeInfo.net\" \/>\n<meta property=\"article:publisher\" content=\"https:\/\/www.facebook.com\/JusticeInfo\/\" \/>\n<meta property=\"article:author\" content=\"https:\/\/www.facebook.com\/profile.php?id=100004809918727\" \/>\n<meta property=\"article:published_time\" content=\"2018-02-19T06:24:32+00:00\" \/>\n<meta property=\"og:image\" content=\"https:\/\/www.justiceinfo.net\/wp-content\/uploads\/e713f82e1992ba98dbb8349a14dd05aa-scaled.jpg\" \/>\n\t<meta property=\"og:image:width\" content=\"2560\" \/>\n\t<meta property=\"og:image:height\" content=\"1703\" \/>\n\t<meta property=\"og:image:type\" content=\"image\/jpeg\" \/>\n<meta name=\"author\" content=\"Fran\u00e7ois Sergent\" \/>\n<meta name=\"twitter:card\" content=\"summary_large_image\" \/>\n<meta name=\"twitter:creator\" content=\"@FrancoisSergent\" \/>\n<meta name=\"twitter:site\" content=\"@justiceinfonet\" \/>\n<meta name=\"twitter:label1\" content=\"\u00c9crit par\" \/>\n\t<meta name=\"twitter:data1\" content=\"Fran\u00e7ois Sergent\" \/>\n\t<meta name=\"twitter:label2\" content=\"Dur\u00e9e de lecture estim\u00e9e\" \/>\n\t<meta name=\"twitter:data2\" content=\"3 minutes\" \/>\n<script type=\"application\/ld+json\" class=\"yoast-schema-graph\">{\"@context\":\"https:\/\/schema.org\",\"@graph\":[{\"@type\":\"NewsArticle\",\"@id\":\"https:\/\/www.justiceinfo.net\/fr\/36483-la-semaine-de-la-justice-transitionnelle-le-mali-a-la-peine-la-tunisie-aussi.html#article\",\"isPartOf\":{\"@id\":\"https:\/\/www.justiceinfo.net\/fr\/36483-la-semaine-de-la-justice-transitionnelle-le-mali-a-la-peine-la-tunisie-aussi.html\"},\"author\":{\"name\":\"fsergent\",\"@id\":\"https:\/\/www.justiceinfo.net\/fr#\/schema\/person\/724414fc3a7779fc189a73a27563e5e1\"},\"headline\":\"La semaine de la justice transitionnelle : le Mali \u00e0 la peine, la Tunisie aussi\",\"datePublished\":\"2018-02-19T06:24:32+00:00\",\"mainEntityOfPage\":{\"@id\":\"https:\/\/www.justiceinfo.net\/fr\/36483-la-semaine-de-la-justice-transitionnelle-le-mali-a-la-peine-la-tunisie-aussi.html\"},\"wordCount\":544,\"commentCount\":0,\"publisher\":{\"@id\":\"https:\/\/www.justiceinfo.net\/fr#organization\"},\"image\":{\"@id\":\"https:\/\/www.justiceinfo.net\/fr\/36483-la-semaine-de-la-justice-transitionnelle-le-mali-a-la-peine-la-tunisie-aussi.html#primaryimage\"},\"thumbnailUrl\":\"https:\/\/www.justiceinfo.net\/wp-content\/uploads\/e713f82e1992ba98dbb8349a14dd05aa-scaled.jpg\",\"articleSection\":[\"Divers\"],\"inLanguage\":\"fr-FR\",\"potentialAction\":[{\"@type\":\"CommentAction\",\"name\":\"Comment\",\"target\":[\"https:\/\/www.justiceinfo.net\/fr\/36483-la-semaine-de-la-justice-transitionnelle-le-mali-a-la-peine-la-tunisie-aussi.html#respond\"]}]},{\"@type\":\"WebPage\",\"@id\":\"https:\/\/www.justiceinfo.net\/fr\/36483-la-semaine-de-la-justice-transitionnelle-le-mali-a-la-peine-la-tunisie-aussi.html\",\"url\":\"https:\/\/www.justiceinfo.net\/fr\/36483-la-semaine-de-la-justice-transitionnelle-le-mali-a-la-peine-la-tunisie-aussi.html\",\"name\":\"La semaine de la justice transitionnelle : le Mali \u00e0 la peine, la Tunisie aussi - JusticeInfo.net\",\"isPartOf\":{\"@id\":\"https:\/\/www.justiceinfo.net\/fr#website\"},\"primaryImageOfPage\":{\"@id\":\"https:\/\/www.justiceinfo.net\/fr\/36483-la-semaine-de-la-justice-transitionnelle-le-mali-a-la-peine-la-tunisie-aussi.html#primaryimage\"},\"image\":{\"@id\":\"https:\/\/www.justiceinfo.net\/fr\/36483-la-semaine-de-la-justice-transitionnelle-le-mali-a-la-peine-la-tunisie-aussi.html#primaryimage\"},\"thumbnailUrl\":\"https:\/\/www.justiceinfo.net\/wp-content\/uploads\/e713f82e1992ba98dbb8349a14dd05aa-scaled.jpg\",\"datePublished\":\"2018-02-19T06:24:32+00:00\",\"breadcrumb\":{\"@id\":\"https:\/\/www.justiceinfo.net\/fr\/36483-la-semaine-de-la-justice-transitionnelle-le-mali-a-la-peine-la-tunisie-aussi.html#breadcrumb\"},\"inLanguage\":\"fr-FR\",\"potentialAction\":[{\"@type\":\"ReadAction\",\"target\":[\"https:\/\/www.justiceinfo.net\/fr\/36483-la-semaine-de-la-justice-transitionnelle-le-mali-a-la-peine-la-tunisie-aussi.html\"]}]},{\"@type\":\"ImageObject\",\"inLanguage\":\"fr-FR\",\"@id\":\"https:\/\/www.justiceinfo.net\/fr\/36483-la-semaine-de-la-justice-transitionnelle-le-mali-a-la-peine-la-tunisie-aussi.html#primaryimage\",\"url\":\"https:\/\/www.justiceinfo.net\/wp-content\/uploads\/e713f82e1992ba98dbb8349a14dd05aa-scaled.jpg\",\"contentUrl\":\"https:\/\/www.justiceinfo.net\/wp-content\/uploads\/e713f82e1992ba98dbb8349a14dd05aa-scaled.jpg\",\"width\":2560,\"height\":1703},{\"@type\":\"BreadcrumbList\",\"@id\":\"https:\/\/www.justiceinfo.net\/fr\/36483-la-semaine-de-la-justice-transitionnelle-le-mali-a-la-peine-la-tunisie-aussi.html#breadcrumb\",\"itemListElement\":[{\"@type\":\"ListItem\",\"position\":1,\"name\":\"Home\",\"item\":\"https:\/\/www.justiceinfo.net\/fr\"},{\"@type\":\"ListItem\",\"position\":2,\"name\":\"La semaine de la justice transitionnelle : le Mali \u00e0 la peine, la Tunisie aussi\"}]},{\"@type\":\"WebSite\",\"@id\":\"https:\/\/www.justiceinfo.net\/fr#website\",\"url\":\"https:\/\/www.justiceinfo.net\/fr\",\"name\":\"JusticeInfo.net\",\"description\":\"La justice doit \u00eatre vue pour \u00eatre rendue\",\"publisher\":{\"@id\":\"https:\/\/www.justiceinfo.net\/fr#organization\"},\"potentialAction\":[{\"@type\":\"SearchAction\",\"target\":{\"@type\":\"EntryPoint\",\"urlTemplate\":\"https:\/\/www.justiceinfo.net\/fr?s={search_term_string}\"},\"query-input\":{\"@type\":\"PropertyValueSpecification\",\"valueRequired\":true,\"valueName\":\"search_term_string\"}}],\"inLanguage\":\"fr-FR\"},{\"@type\":\"Organization\",\"@id\":\"https:\/\/www.justiceinfo.net\/fr#organization\",\"name\":\"Justice Info\",\"url\":\"https:\/\/www.justiceinfo.net\/fr\",\"logo\":{\"@type\":\"ImageObject\",\"inLanguage\":\"fr-FR\",\"@id\":\"https:\/\/www.justiceinfo.net\/fr#\/schema\/logo\/image\/\",\"url\":\"https:\/\/www.justiceinfo.net\/wp-content\/uploads\/justiceinfo_logo-trans_1200x1200px.png\",\"contentUrl\":\"https:\/\/www.justiceinfo.net\/wp-content\/uploads\/justiceinfo_logo-trans_1200x1200px.png\",\"width\":1199,\"height\":1200,\"caption\":\"Justice Info\"},\"image\":{\"@id\":\"https:\/\/www.justiceinfo.net\/fr#\/schema\/logo\/image\/\"},\"sameAs\":[\"https:\/\/www.facebook.com\/JusticeInfo\/\",\"https:\/\/x.com\/justiceinfonet\",\"https:\/\/www.linkedin.com\/company\/justice-info\",\"https:\/\/www.youtube.com\/channel\/UCyCEsARodyuWtkWyhn-e7pA\"]},{\"@type\":\"Person\",\"name\":\"Fran\u00e7ois Sergent\",\"sameAs\":[\"https:\/\/www.facebook.com\/profile.php?id=100004809918727\",\"https:\/\/x.com\/FrancoisSergent\"],\"url\":\"https:\/\/www.justiceinfo.net\/fr\/auteur\/fsergent\"}]}<\/script>\n<!-- \/ Yoast SEO Premium plugin. -->","yoast_head_json":{"title":"La semaine de la justice transitionnelle : le Mali \u00e0 la peine, la Tunisie aussi - JusticeInfo.net","robots":{"index":"index","follow":"follow","max-snippet":"max-snippet:-1","max-image-preview":"max-image-preview:large","max-video-preview":"max-video-preview:-1"},"canonical":"https:\/\/www.justiceinfo.net\/fr\/36483-la-semaine-de-la-justice-transitionnelle-le-mali-a-la-peine-la-tunisie-aussi.html","og_locale":"fr_FR","og_type":"article","og_title":"La semaine de la justice transitionnelle : le Mali \u00e0 la peine, la Tunisie aussi","og_description":"Dans le large domaine de la \u00ab justice transitionnelle \u00bb, les processus de r\u00e9conciliation sont la clef obvie de la transition. Le Mali le montre une nouvelle fois \u00e0 ses d\u00e9pens, comme l\u2019explique le correspondant de JusticeInfo.net \u00e0 Bamako, Bokar Sangar\u00e9. Faute d\u2019application de l\u2019accord de 2015 dit d\u2019Alger cens\u00e9 r\u00e9concilier le nord et le [&hellip;]","og_url":"https:\/\/www.justiceinfo.net\/fr\/36483-la-semaine-de-la-justice-transitionnelle-le-mali-a-la-peine-la-tunisie-aussi.html","og_site_name":"JusticeInfo.net","article_publisher":"https:\/\/www.facebook.com\/JusticeInfo\/","article_author":"https:\/\/www.facebook.com\/profile.php?id=100004809918727","article_published_time":"2018-02-19T06:24:32+00:00","og_image":[{"width":2560,"height":1703,"url":"https:\/\/www.justiceinfo.net\/wp-content\/uploads\/e713f82e1992ba98dbb8349a14dd05aa-scaled.jpg","type":"image\/jpeg"}],"author":"Fran\u00e7ois Sergent","twitter_card":"summary_large_image","twitter_creator":"@FrancoisSergent","twitter_site":"@justiceinfonet","twitter_misc":{"\u00c9crit par":"Fran\u00e7ois Sergent","Dur\u00e9e de lecture estim\u00e9e":"3 minutes"},"schema":{"@context":"https:\/\/schema.org","@graph":[{"@type":"NewsArticle","@id":"https:\/\/www.justiceinfo.net\/fr\/36483-la-semaine-de-la-justice-transitionnelle-le-mali-a-la-peine-la-tunisie-aussi.html#article","isPartOf":{"@id":"https:\/\/www.justiceinfo.net\/fr\/36483-la-semaine-de-la-justice-transitionnelle-le-mali-a-la-peine-la-tunisie-aussi.html"},"author":{"name":"fsergent","@id":"https:\/\/www.justiceinfo.net\/fr#\/schema\/person\/724414fc3a7779fc189a73a27563e5e1"},"headline":"La semaine de la justice transitionnelle : le Mali \u00e0 la peine, la Tunisie aussi","datePublished":"2018-02-19T06:24:32+00:00","mainEntityOfPage":{"@id":"https:\/\/www.justiceinfo.net\/fr\/36483-la-semaine-de-la-justice-transitionnelle-le-mali-a-la-peine-la-tunisie-aussi.html"},"wordCount":544,"commentCount":0,"publisher":{"@id":"https:\/\/www.justiceinfo.net\/fr#organization"},"image":{"@id":"https:\/\/www.justiceinfo.net\/fr\/36483-la-semaine-de-la-justice-transitionnelle-le-mali-a-la-peine-la-tunisie-aussi.html#primaryimage"},"thumbnailUrl":"https:\/\/www.justiceinfo.net\/wp-content\/uploads\/e713f82e1992ba98dbb8349a14dd05aa-scaled.jpg","articleSection":["Divers"],"inLanguage":"fr-FR","potentialAction":[{"@type":"CommentAction","name":"Comment","target":["https:\/\/www.justiceinfo.net\/fr\/36483-la-semaine-de-la-justice-transitionnelle-le-mali-a-la-peine-la-tunisie-aussi.html#respond"]}]},{"@type":"WebPage","@id":"https:\/\/www.justiceinfo.net\/fr\/36483-la-semaine-de-la-justice-transitionnelle-le-mali-a-la-peine-la-tunisie-aussi.html","url":"https:\/\/www.justiceinfo.net\/fr\/36483-la-semaine-de-la-justice-transitionnelle-le-mali-a-la-peine-la-tunisie-aussi.html","name":"La semaine de la justice transitionnelle : le Mali \u00e0 la peine, la Tunisie aussi - JusticeInfo.net","isPartOf":{"@id":"https:\/\/www.justiceinfo.net\/fr#website"},"primaryImageOfPage":{"@id":"https:\/\/www.justiceinfo.net\/fr\/36483-la-semaine-de-la-justice-transitionnelle-le-mali-a-la-peine-la-tunisie-aussi.html#primaryimage"},"image":{"@id":"https:\/\/www.justiceinfo.net\/fr\/36483-la-semaine-de-la-justice-transitionnelle-le-mali-a-la-peine-la-tunisie-aussi.html#primaryimage"},"thumbnailUrl":"https:\/\/www.justiceinfo.net\/wp-content\/uploads\/e713f82e1992ba98dbb8349a14dd05aa-scaled.jpg","datePublished":"2018-02-19T06:24:32+00:00","breadcrumb":{"@id":"https:\/\/www.justiceinfo.net\/fr\/36483-la-semaine-de-la-justice-transitionnelle-le-mali-a-la-peine-la-tunisie-aussi.html#breadcrumb"},"inLanguage":"fr-FR","potentialAction":[{"@type":"ReadAction","target":["https:\/\/www.justiceinfo.net\/fr\/36483-la-semaine-de-la-justice-transitionnelle-le-mali-a-la-peine-la-tunisie-aussi.html"]}]},{"@type":"ImageObject","inLanguage":"fr-FR","@id":"https:\/\/www.justiceinfo.net\/fr\/36483-la-semaine-de-la-justice-transitionnelle-le-mali-a-la-peine-la-tunisie-aussi.html#primaryimage","url":"https:\/\/www.justiceinfo.net\/wp-content\/uploads\/e713f82e1992ba98dbb8349a14dd05aa-scaled.jpg","contentUrl":"https:\/\/www.justiceinfo.net\/wp-content\/uploads\/e713f82e1992ba98dbb8349a14dd05aa-scaled.jpg","width":2560,"height":1703},{"@type":"BreadcrumbList","@id":"https:\/\/www.justiceinfo.net\/fr\/36483-la-semaine-de-la-justice-transitionnelle-le-mali-a-la-peine-la-tunisie-aussi.html#breadcrumb","itemListElement":[{"@type":"ListItem","position":1,"name":"Home","item":"https:\/\/www.justiceinfo.net\/fr"},{"@type":"ListItem","position":2,"name":"La semaine de la justice transitionnelle : le Mali \u00e0 la peine, la Tunisie aussi"}]},{"@type":"WebSite","@id":"https:\/\/www.justiceinfo.net\/fr#website","url":"https:\/\/www.justiceinfo.net\/fr","name":"JusticeInfo.net","description":"La justice doit \u00eatre vue pour \u00eatre rendue","publisher":{"@id":"https:\/\/www.justiceinfo.net\/fr#organization"},"potentialAction":[{"@type":"SearchAction","target":{"@type":"EntryPoint","urlTemplate":"https:\/\/www.justiceinfo.net\/fr?s={search_term_string}"},"query-input":{"@type":"PropertyValueSpecification","valueRequired":true,"valueName":"search_term_string"}}],"inLanguage":"fr-FR"},{"@type":"Organization","@id":"https:\/\/www.justiceinfo.net\/fr#organization","name":"Justice Info","url":"https:\/\/www.justiceinfo.net\/fr","logo":{"@type":"ImageObject","inLanguage":"fr-FR","@id":"https:\/\/www.justiceinfo.net\/fr#\/schema\/logo\/image\/","url":"https:\/\/www.justiceinfo.net\/wp-content\/uploads\/justiceinfo_logo-trans_1200x1200px.png","contentUrl":"https:\/\/www.justiceinfo.net\/wp-content\/uploads\/justiceinfo_logo-trans_1200x1200px.png","width":1199,"height":1200,"caption":"Justice Info"},"image":{"@id":"https:\/\/www.justiceinfo.net\/fr#\/schema\/logo\/image\/"},"sameAs":["https:\/\/www.facebook.com\/JusticeInfo\/","https:\/\/x.com\/justiceinfonet","https:\/\/www.linkedin.com\/company\/justice-info","https:\/\/www.youtube.com\/channel\/UCyCEsARodyuWtkWyhn-e7pA"]},{"@type":"Person","name":"Fran\u00e7ois Sergent","sameAs":["https:\/\/www.facebook.com\/profile.php?id=100004809918727","https:\/\/x.com\/FrancoisSergent"],"url":"https:\/\/www.justiceinfo.net\/fr\/auteur\/fsergent"}]}},"_links":{"self":[{"href":"https:\/\/www.justiceinfo.net\/fr\/wp-json\/wp\/v2\/posts\/36483","targetHints":{"allow":["GET"]}}],"collection":[{"href":"https:\/\/www.justiceinfo.net\/fr\/wp-json\/wp\/v2\/posts"}],"about":[{"href":"https:\/\/www.justiceinfo.net\/fr\/wp-json\/wp\/v2\/types\/post"}],"author":[{"embeddable":true,"href":"https:\/\/www.justiceinfo.net\/fr\/wp-json\/wp\/v2\/users\/58"}],"replies":[{"embeddable":true,"href":"https:\/\/www.justiceinfo.net\/fr\/wp-json\/wp\/v2\/comments?post=36483"}],"version-history":[{"count":0,"href":"https:\/\/www.justiceinfo.net\/fr\/wp-json\/wp\/v2\/posts\/36483\/revisions"}],"wp:featuredmedia":[{"embeddable":true,"href":"https:\/\/www.justiceinfo.net\/fr\/wp-json\/wp\/v2\/media\/66581"}],"wp:attachment":[{"href":"https:\/\/www.justiceinfo.net\/fr\/wp-json\/wp\/v2\/media?parent=36483"}],"wp:term":[{"taxonomy":"category","embeddable":true,"href":"https:\/\/www.justiceinfo.net\/fr\/wp-json\/wp\/v2\/categories?post=36483"},{"taxonomy":"post_tag","embeddable":true,"href":"https:\/\/www.justiceinfo.net\/fr\/wp-json\/wp\/v2\/tags?post=36483"},{"taxonomy":"ji_location","embeddable":true,"href":"https:\/\/www.justiceinfo.net\/fr\/wp-json\/wp\/v2\/ji_location?post=36483"}],"curies":[{"name":"wp","href":"https:\/\/api.w.org\/{rel}","templated":true}]}}