{"id":3649,"date":"2008-04-02T06:10:39","date_gmt":"2008-04-02T04:10:39","guid":{"rendered":"https:\/\/www.justiceinfo.net\/3649-010408-rwandagenocide-trois-rescapes-du-genocide-assassines-la-semaine-derniere-selon-ibuka439.html"},"modified":"2008-04-02T06:10:39","modified_gmt":"2008-04-02T04:10:39","slug":"010408-rwandagenocide-trois-rescapes-du-genocide-assassines-la-semaine-derniere-selon-ibuka439","status":"publish","type":"post","link":"https:\/\/www.justiceinfo.net\/fr\/3649-010408-rwandagenocide-trois-rescapes-du-genocide-assassines-la-semaine-derniere-selon-ibuka439.html","title":{"rendered":"01.04.08 - RWANDA\/GENOCIDE  - TROIS RESCAPES DU GENOCIDE ASSASSINES LA SEMAINE DERNIERE, SELON IBUKA"},"content":{"rendered":"<p  >\nArusha, 1er avril 2008 (FH) \u2013 La principale organisation de rescap\u00e9s du g\u00e9nocide de 1994 au Rwanda, Ibuka, a d\u00e9nonc\u00e9 l\u2019assassinat la semaine derni\u00e8re de trois survivants, affirmant que ces crimes s'inscrivent dans la poursuite du \u00ab plan g\u00e9nocidaire \u00bb, dans un communiqu\u00e9 parvenu mardi \u00e0 l\u2019agence Hirondelle.<br \/>\n\u00ab Ibuka (souviens-toi, en langue rwandaise), demande une fois de plus aux autorit\u00e9s nationales de prendre les mesures qui s\u2019imposent en vue de d\u00e9courager ceux qui poursuivent le plan g\u00e9nocidaire, parce qu\u2019il appara\u00eet que ces actes se multiplient en ce moment o\u00f9 nous approchons de la comm\u00e9moration en m\u00e9moire des victimes du g\u00e9nocide \u00bb, \u00e9crit l\u2019organisation.\n<\/p>\n<p><!--more--><\/p>\n<p  >\nJacques Ntiburirwa, du secteur Remera, dans la ville de Kigali, a succomb\u00e9 samedi \u00e0 ses blessures apr\u00e8s avoir \u00e9t\u00e9 battu le jour-m\u00eame par une vingtaine d\u2019assaillants, indique Ibuka.<br \/>\nC\u00e9cile Mukandoli, 73 ans, a \u00e9t\u00e9 tu\u00e9e jeudi dans son secteur de Mbuye, dans la Province du Sud et son corps a \u00e9t\u00e9 jet\u00e9 dans une rivi\u00e8re. Cette rescap\u00e9e qui a perdu son mari pendant le g\u00e9nocide, laisse 7 orphelins.<br \/>\nMercredi, un \u00e9l\u00e8ve du secondaire, Bienvenu Rumata, a \u00e9t\u00e9 tu\u00e9 par ses coll\u00e8gues, dans leur dortoir, \u00e0 l\u2019Ecole des Sciences infirmi\u00e8res de Rubengera, dans la Province de l\u2019Ouest, toujours selon ce communiqu\u00e9 en langue rwandaise. Une expertise m\u00e9dicale a r\u00e9v\u00e9l\u00e9 que le jeune homme avait d\u2019abord re\u00e7u des coups avant d\u2019\u00eatre \u00e9trangl\u00e9 au moyen d\u2019une corde, ajoute Ibuka.<br \/>\nJeudi dernier, \u00e0 l\u2019occasion d'une c\u00e9r\u00e9monie \u00e0 l\u2019Universit\u00e9 nationale du Rwanda (UNR), le minist\u00e8re de l\u2019Education a mis en garde contre l\u2019id\u00e9ologie du g\u00e9nocide dans les \u00e9tablissements d\u2019enseignement primaire, secondaire et sup\u00e9rieur.<br \/>\n\u00ab Le minist\u00e8re de l\u2019Education est d\u00e9cid\u00e9 \u00e0 combattre l\u2019id\u00e9ologie du g\u00e9nocide \u00e0 tous les niveaux \u00bb (de l\u2019enseignement), a d\u00e9clar\u00e9 lors de la c\u00e9r\u00e9monie, le secr\u00e9taire d\u2019\u00e9tat au minist\u00e8re de l\u2019Education, Th\u00e9oneste Mutsindashyaka.<br \/>\nIl a soulign\u00e9 qu\u2019un universitaire habit\u00e9 par l\u2019id\u00e9ologie du g\u00e9nocide ne saurait pr\u00e9tendre \u00e9clairer le peuple, faisant allusion \u00e0 la devise de l\u2019UNR qui est \u00ab lumi\u00e8re et salut du peuple \u00bb.<br \/>\nMutsindashyaka a rappel\u00e9 que la chambre des d\u00e9put\u00e9s a vot\u00e9, le mois dernier, une loi r\u00e9primant \"l'id\u00e9ologie du g\u00e9nocide\" et pr\u00e9voyant des peines pouvant aller jusqu'\u00e0 la prison \u00e0 vie.<br \/>\nLe texte doit encore passer devant le S\u00e9nat, avant d'\u00eatre promulgu\u00e9 par  le pr\u00e9sident Paul Kagame.<br \/>\nEn janvier, le minist\u00e8re de l\u2019\u00e9ducation a renvoy\u00e9 des dizaines de directeurs d\u2019\u00e9coles et d\u2019enseignants accus\u00e9s de v\u00e9hiculer l\u2019id\u00e9ologie du g\u00e9nocide.<br \/>\nLe gouvernement rwandais a par ailleurs nomm\u00e9 le 12 mars les membres de la commission nationale de lutte contre le g\u00e9nocide, un organe pr\u00e9vu par la constitution de 2003 mais qui n\u2019avait pas encore \u00e9t\u00e9 mis en place.<br \/>\nER\/PB\/GF<\/p>\n","protected":false},"excerpt":{"rendered":"<p>Arusha, 1er avril 2008 (FH) \u2013 La principale organisation de rescap\u00e9s du g\u00e9nocide de 1994 au Rwanda, Ibuka, a d\u00e9nonc\u00e9 l\u2019assassinat la semaine derni\u00e8re de trois survivants, affirmant que ces crimes s'inscrivent dans la poursuite du \u00ab plan g\u00e9nocidaire \u00bb, dans un communiqu\u00e9 parvenu mardi \u00e0 l\u2019agence Hirondelle. \u00ab Ibuka (souviens-toi, en langue rwandaise), demande [&hellip;]<\/p>\n","protected":false},"author":64,"featured_media":0,"comment_status":"open","ping_status":"closed","sticky":false,"template":"","format":"standard","meta":{"_acf_changed":false,"footnotes":""},"categories":[554],"tags":[],"ji_location":[],"class_list":["post-3649","post","type-post","status-publish","format-standard","hentry","category-hirondellenews"],"acf":[],"yoast_head":"<!-- This site is optimized with the Yoast SEO Premium plugin v25.3.1 (Yoast SEO v25.3.1) - https:\/\/yoast.com\/wordpress\/plugins\/seo\/ -->\n<title>01.04.08 - RWANDA\/GENOCIDE - TROIS RESCAPES DU GENOCIDE ASSASSINES LA SEMAINE DERNIERE, SELON IBUKA - JusticeInfo.net<\/title>\n<meta name=\"robots\" content=\"index, follow, max-snippet:-1, max-image-preview:large, max-video-preview:-1\" \/>\n<link rel=\"canonical\" href=\"https:\/\/www.justiceinfo.net\/fr\/3649-010408-rwandagenocide-trois-rescapes-du-genocide-assassines-la-semaine-derniere-selon-ibuka439.html\" \/>\n<meta property=\"og:locale\" content=\"fr_FR\" \/>\n<meta property=\"og:type\" content=\"article\" \/>\n<meta property=\"og:title\" content=\"01.04.08 - RWANDA\/GENOCIDE - TROIS RESCAPES DU GENOCIDE ASSASSINES LA SEMAINE DERNIERE, SELON IBUKA\" \/>\n<meta property=\"og:description\" content=\"Arusha, 1er avril 2008 (FH) \u2013 La principale organisation de rescap\u00e9s du g\u00e9nocide de 1994 au Rwanda, Ibuka, a d\u00e9nonc\u00e9 l\u2019assassinat la semaine derni\u00e8re de trois survivants, affirmant que ces crimes s&#039;inscrivent dans la poursuite du \u00ab plan g\u00e9nocidaire \u00bb, dans un communiqu\u00e9 parvenu mardi \u00e0 l\u2019agence Hirondelle. \u00ab Ibuka (souviens-toi, en langue rwandaise), demande [&hellip;]\" \/>\n<meta property=\"og:url\" content=\"https:\/\/www.justiceinfo.net\/fr\/3649-010408-rwandagenocide-trois-rescapes-du-genocide-assassines-la-semaine-derniere-selon-ibuka439.html\" \/>\n<meta property=\"og:site_name\" content=\"JusticeInfo.net\" \/>\n<meta property=\"article:publisher\" content=\"https:\/\/www.facebook.com\/JusticeInfo\/\" \/>\n<meta property=\"article:published_time\" content=\"2008-04-02T04:10:39+00:00\" \/>\n<meta property=\"og:image\" content=\"https:\/\/www.justiceinfo.net\/wp-content\/uploads\/JusticeInfoNet_logo_1200x630px.jpg\" \/>\n\t<meta property=\"og:image:width\" content=\"1200\" \/>\n\t<meta property=\"og:image:height\" content=\"630\" \/>\n\t<meta property=\"og:image:type\" content=\"image\/jpeg\" \/>\n<meta name=\"author\" content=\"solivri\" \/>\n<meta name=\"twitter:card\" content=\"summary_large_image\" \/>\n<meta name=\"twitter:creator\" content=\"@justiceinfonet\" \/>\n<meta name=\"twitter:site\" content=\"@justiceinfonet\" \/>\n<meta name=\"twitter:label1\" content=\"\u00c9crit par\" \/>\n\t<meta name=\"twitter:data1\" content=\"solivri\" \/>\n\t<meta name=\"twitter:label2\" content=\"Dur\u00e9e de lecture estim\u00e9e\" \/>\n\t<meta name=\"twitter:data2\" content=\"3 minutes\" \/>\n<script type=\"application\/ld+json\" class=\"yoast-schema-graph\">{\"@context\":\"https:\/\/schema.org\",\"@graph\":[{\"@type\":\"NewsArticle\",\"@id\":\"https:\/\/www.justiceinfo.net\/fr\/3649-010408-rwandagenocide-trois-rescapes-du-genocide-assassines-la-semaine-derniere-selon-ibuka439.html#article\",\"isPartOf\":{\"@id\":\"https:\/\/www.justiceinfo.net\/fr\/3649-010408-rwandagenocide-trois-rescapes-du-genocide-assassines-la-semaine-derniere-selon-ibuka439.html\"},\"author\":{\"name\":\"solivri\",\"@id\":\"https:\/\/www.justiceinfo.net\/fr#\/schema\/person\/6e53cba1629e2e66f3fc1821d3091865\"},\"headline\":\"01.04.08 - RWANDA\/GENOCIDE - TROIS RESCAPES DU GENOCIDE ASSASSINES LA SEMAINE DERNIERE, SELON IBUKA\",\"datePublished\":\"2008-04-02T04:10:39+00:00\",\"mainEntityOfPage\":{\"@id\":\"https:\/\/www.justiceinfo.net\/fr\/3649-010408-rwandagenocide-trois-rescapes-du-genocide-assassines-la-semaine-derniere-selon-ibuka439.html\"},\"wordCount\":520,\"commentCount\":0,\"publisher\":{\"@id\":\"https:\/\/www.justiceinfo.net\/fr#organization\"},\"articleSection\":[\"Hirondelle News\"],\"inLanguage\":\"fr-FR\",\"potentialAction\":[{\"@type\":\"CommentAction\",\"name\":\"Comment\",\"target\":[\"https:\/\/www.justiceinfo.net\/fr\/3649-010408-rwandagenocide-trois-rescapes-du-genocide-assassines-la-semaine-derniere-selon-ibuka439.html#respond\"]}]},{\"@type\":\"WebPage\",\"@id\":\"https:\/\/www.justiceinfo.net\/fr\/3649-010408-rwandagenocide-trois-rescapes-du-genocide-assassines-la-semaine-derniere-selon-ibuka439.html\",\"url\":\"https:\/\/www.justiceinfo.net\/fr\/3649-010408-rwandagenocide-trois-rescapes-du-genocide-assassines-la-semaine-derniere-selon-ibuka439.html\",\"name\":\"01.04.08 - RWANDA\/GENOCIDE - TROIS RESCAPES DU GENOCIDE ASSASSINES LA SEMAINE DERNIERE, SELON IBUKA - JusticeInfo.net\",\"isPartOf\":{\"@id\":\"https:\/\/www.justiceinfo.net\/fr#website\"},\"datePublished\":\"2008-04-02T04:10:39+00:00\",\"breadcrumb\":{\"@id\":\"https:\/\/www.justiceinfo.net\/fr\/3649-010408-rwandagenocide-trois-rescapes-du-genocide-assassines-la-semaine-derniere-selon-ibuka439.html#breadcrumb\"},\"inLanguage\":\"fr-FR\",\"potentialAction\":[{\"@type\":\"ReadAction\",\"target\":[\"https:\/\/www.justiceinfo.net\/fr\/3649-010408-rwandagenocide-trois-rescapes-du-genocide-assassines-la-semaine-derniere-selon-ibuka439.html\"]}]},{\"@type\":\"BreadcrumbList\",\"@id\":\"https:\/\/www.justiceinfo.net\/fr\/3649-010408-rwandagenocide-trois-rescapes-du-genocide-assassines-la-semaine-derniere-selon-ibuka439.html#breadcrumb\",\"itemListElement\":[{\"@type\":\"ListItem\",\"position\":1,\"name\":\"Home\",\"item\":\"https:\/\/www.justiceinfo.net\/fr\"},{\"@type\":\"ListItem\",\"position\":2,\"name\":\"01.04.08 - RWANDA\/GENOCIDE - TROIS RESCAPES DU GENOCIDE ASSASSINES LA SEMAINE DERNIERE, SELON IBUKA\"}]},{\"@type\":\"WebSite\",\"@id\":\"https:\/\/www.justiceinfo.net\/fr#website\",\"url\":\"https:\/\/www.justiceinfo.net\/fr\",\"name\":\"JusticeInfo.net\",\"description\":\"La justice doit \u00eatre vue pour \u00eatre rendue\",\"publisher\":{\"@id\":\"https:\/\/www.justiceinfo.net\/fr#organization\"},\"potentialAction\":[{\"@type\":\"SearchAction\",\"target\":{\"@type\":\"EntryPoint\",\"urlTemplate\":\"https:\/\/www.justiceinfo.net\/fr?s={search_term_string}\"},\"query-input\":{\"@type\":\"PropertyValueSpecification\",\"valueRequired\":true,\"valueName\":\"search_term_string\"}}],\"inLanguage\":\"fr-FR\"},{\"@type\":\"Organization\",\"@id\":\"https:\/\/www.justiceinfo.net\/fr#organization\",\"name\":\"Justice Info\",\"url\":\"https:\/\/www.justiceinfo.net\/fr\",\"logo\":{\"@type\":\"ImageObject\",\"inLanguage\":\"fr-FR\",\"@id\":\"https:\/\/www.justiceinfo.net\/fr#\/schema\/logo\/image\/\",\"url\":\"https:\/\/www.justiceinfo.net\/wp-content\/uploads\/justiceinfo_logo-trans_1200x1200px.png\",\"contentUrl\":\"https:\/\/www.justiceinfo.net\/wp-content\/uploads\/justiceinfo_logo-trans_1200x1200px.png\",\"width\":1199,\"height\":1200,\"caption\":\"Justice Info\"},\"image\":{\"@id\":\"https:\/\/www.justiceinfo.net\/fr#\/schema\/logo\/image\/\"},\"sameAs\":[\"https:\/\/www.facebook.com\/JusticeInfo\/\",\"https:\/\/x.com\/justiceinfonet\",\"https:\/\/www.linkedin.com\/company\/justice-info\",\"https:\/\/www.youtube.com\/channel\/UCyCEsARodyuWtkWyhn-e7pA\"]},{\"@type\":\"Person\",\"name\":\"solivri\",\"url\":\"\/fr\/?s=solivri\"}]}<\/script>\n<!-- \/ Yoast SEO Premium plugin. -->","yoast_head_json":{"title":"01.04.08 - RWANDA\/GENOCIDE - TROIS RESCAPES DU GENOCIDE ASSASSINES LA SEMAINE DERNIERE, SELON IBUKA - JusticeInfo.net","robots":{"index":"index","follow":"follow","max-snippet":"max-snippet:-1","max-image-preview":"max-image-preview:large","max-video-preview":"max-video-preview:-1"},"canonical":"https:\/\/www.justiceinfo.net\/fr\/3649-010408-rwandagenocide-trois-rescapes-du-genocide-assassines-la-semaine-derniere-selon-ibuka439.html","og_locale":"fr_FR","og_type":"article","og_title":"01.04.08 - RWANDA\/GENOCIDE - TROIS RESCAPES DU GENOCIDE ASSASSINES LA SEMAINE DERNIERE, SELON IBUKA","og_description":"Arusha, 1er avril 2008 (FH) \u2013 La principale organisation de rescap\u00e9s du g\u00e9nocide de 1994 au Rwanda, Ibuka, a d\u00e9nonc\u00e9 l\u2019assassinat la semaine derni\u00e8re de trois survivants, affirmant que ces crimes s'inscrivent dans la poursuite du \u00ab plan g\u00e9nocidaire \u00bb, dans un communiqu\u00e9 parvenu mardi \u00e0 l\u2019agence Hirondelle. \u00ab Ibuka (souviens-toi, en langue rwandaise), demande [&hellip;]","og_url":"https:\/\/www.justiceinfo.net\/fr\/3649-010408-rwandagenocide-trois-rescapes-du-genocide-assassines-la-semaine-derniere-selon-ibuka439.html","og_site_name":"JusticeInfo.net","article_publisher":"https:\/\/www.facebook.com\/JusticeInfo\/","article_published_time":"2008-04-02T04:10:39+00:00","og_image":[{"width":1200,"height":630,"url":"https:\/\/www.justiceinfo.net\/wp-content\/uploads\/JusticeInfoNet_logo_1200x630px.jpg","type":"image\/jpeg"}],"author":"solivri","twitter_card":"summary_large_image","twitter_creator":"@justiceinfonet","twitter_site":"@justiceinfonet","twitter_misc":{"\u00c9crit par":"solivri","Dur\u00e9e de lecture estim\u00e9e":"3 minutes"},"schema":{"@context":"https:\/\/schema.org","@graph":[{"@type":"NewsArticle","@id":"https:\/\/www.justiceinfo.net\/fr\/3649-010408-rwandagenocide-trois-rescapes-du-genocide-assassines-la-semaine-derniere-selon-ibuka439.html#article","isPartOf":{"@id":"https:\/\/www.justiceinfo.net\/fr\/3649-010408-rwandagenocide-trois-rescapes-du-genocide-assassines-la-semaine-derniere-selon-ibuka439.html"},"author":{"name":"solivri","@id":"https:\/\/www.justiceinfo.net\/fr#\/schema\/person\/6e53cba1629e2e66f3fc1821d3091865"},"headline":"01.04.08 - RWANDA\/GENOCIDE - TROIS RESCAPES DU GENOCIDE ASSASSINES LA SEMAINE DERNIERE, SELON IBUKA","datePublished":"2008-04-02T04:10:39+00:00","mainEntityOfPage":{"@id":"https:\/\/www.justiceinfo.net\/fr\/3649-010408-rwandagenocide-trois-rescapes-du-genocide-assassines-la-semaine-derniere-selon-ibuka439.html"},"wordCount":520,"commentCount":0,"publisher":{"@id":"https:\/\/www.justiceinfo.net\/fr#organization"},"articleSection":["Hirondelle News"],"inLanguage":"fr-FR","potentialAction":[{"@type":"CommentAction","name":"Comment","target":["https:\/\/www.justiceinfo.net\/fr\/3649-010408-rwandagenocide-trois-rescapes-du-genocide-assassines-la-semaine-derniere-selon-ibuka439.html#respond"]}]},{"@type":"WebPage","@id":"https:\/\/www.justiceinfo.net\/fr\/3649-010408-rwandagenocide-trois-rescapes-du-genocide-assassines-la-semaine-derniere-selon-ibuka439.html","url":"https:\/\/www.justiceinfo.net\/fr\/3649-010408-rwandagenocide-trois-rescapes-du-genocide-assassines-la-semaine-derniere-selon-ibuka439.html","name":"01.04.08 - RWANDA\/GENOCIDE - TROIS RESCAPES DU GENOCIDE ASSASSINES LA SEMAINE DERNIERE, SELON IBUKA - JusticeInfo.net","isPartOf":{"@id":"https:\/\/www.justiceinfo.net\/fr#website"},"datePublished":"2008-04-02T04:10:39+00:00","breadcrumb":{"@id":"https:\/\/www.justiceinfo.net\/fr\/3649-010408-rwandagenocide-trois-rescapes-du-genocide-assassines-la-semaine-derniere-selon-ibuka439.html#breadcrumb"},"inLanguage":"fr-FR","potentialAction":[{"@type":"ReadAction","target":["https:\/\/www.justiceinfo.net\/fr\/3649-010408-rwandagenocide-trois-rescapes-du-genocide-assassines-la-semaine-derniere-selon-ibuka439.html"]}]},{"@type":"BreadcrumbList","@id":"https:\/\/www.justiceinfo.net\/fr\/3649-010408-rwandagenocide-trois-rescapes-du-genocide-assassines-la-semaine-derniere-selon-ibuka439.html#breadcrumb","itemListElement":[{"@type":"ListItem","position":1,"name":"Home","item":"https:\/\/www.justiceinfo.net\/fr"},{"@type":"ListItem","position":2,"name":"01.04.08 - RWANDA\/GENOCIDE - TROIS RESCAPES DU GENOCIDE ASSASSINES LA SEMAINE DERNIERE, SELON IBUKA"}]},{"@type":"WebSite","@id":"https:\/\/www.justiceinfo.net\/fr#website","url":"https:\/\/www.justiceinfo.net\/fr","name":"JusticeInfo.net","description":"La justice doit \u00eatre vue pour \u00eatre rendue","publisher":{"@id":"https:\/\/www.justiceinfo.net\/fr#organization"},"potentialAction":[{"@type":"SearchAction","target":{"@type":"EntryPoint","urlTemplate":"https:\/\/www.justiceinfo.net\/fr?s={search_term_string}"},"query-input":{"@type":"PropertyValueSpecification","valueRequired":true,"valueName":"search_term_string"}}],"inLanguage":"fr-FR"},{"@type":"Organization","@id":"https:\/\/www.justiceinfo.net\/fr#organization","name":"Justice Info","url":"https:\/\/www.justiceinfo.net\/fr","logo":{"@type":"ImageObject","inLanguage":"fr-FR","@id":"https:\/\/www.justiceinfo.net\/fr#\/schema\/logo\/image\/","url":"https:\/\/www.justiceinfo.net\/wp-content\/uploads\/justiceinfo_logo-trans_1200x1200px.png","contentUrl":"https:\/\/www.justiceinfo.net\/wp-content\/uploads\/justiceinfo_logo-trans_1200x1200px.png","width":1199,"height":1200,"caption":"Justice Info"},"image":{"@id":"https:\/\/www.justiceinfo.net\/fr#\/schema\/logo\/image\/"},"sameAs":["https:\/\/www.facebook.com\/JusticeInfo\/","https:\/\/x.com\/justiceinfonet","https:\/\/www.linkedin.com\/company\/justice-info","https:\/\/www.youtube.com\/channel\/UCyCEsARodyuWtkWyhn-e7pA"]},{"@type":"Person","name":"solivri","url":"\/fr\/?s=solivri"}]}},"_links":{"self":[{"href":"https:\/\/www.justiceinfo.net\/fr\/wp-json\/wp\/v2\/posts\/3649","targetHints":{"allow":["GET"]}}],"collection":[{"href":"https:\/\/www.justiceinfo.net\/fr\/wp-json\/wp\/v2\/posts"}],"about":[{"href":"https:\/\/www.justiceinfo.net\/fr\/wp-json\/wp\/v2\/types\/post"}],"author":[{"embeddable":true,"href":"https:\/\/www.justiceinfo.net\/fr\/wp-json\/wp\/v2\/users\/64"}],"replies":[{"embeddable":true,"href":"https:\/\/www.justiceinfo.net\/fr\/wp-json\/wp\/v2\/comments?post=3649"}],"version-history":[{"count":0,"href":"https:\/\/www.justiceinfo.net\/fr\/wp-json\/wp\/v2\/posts\/3649\/revisions"}],"wp:attachment":[{"href":"https:\/\/www.justiceinfo.net\/fr\/wp-json\/wp\/v2\/media?parent=3649"}],"wp:term":[{"taxonomy":"category","embeddable":true,"href":"https:\/\/www.justiceinfo.net\/fr\/wp-json\/wp\/v2\/categories?post=3649"},{"taxonomy":"post_tag","embeddable":true,"href":"https:\/\/www.justiceinfo.net\/fr\/wp-json\/wp\/v2\/tags?post=3649"},{"taxonomy":"ji_location","embeddable":true,"href":"https:\/\/www.justiceinfo.net\/fr\/wp-json\/wp\/v2\/ji_location?post=3649"}],"curies":[{"name":"wp","href":"https:\/\/api.w.org\/{rel}","templated":true}]}}