{"id":36509,"date":"2018-02-21T09:00:02","date_gmt":"2018-02-21T08:00:02","guid":{"rendered":"https:\/\/www.justiceinfo.net\/36509-avant-la-ghouta-d-autres-enclaves-assiegees-par-le-regime-en-syrie.html"},"modified":"2018-02-21T09:00:02","modified_gmt":"2018-02-21T08:00:02","slug":"avant-la-ghouta-d-autres-enclaves-assiegees-par-le-regime-en-syrie","status":"publish","type":"post","link":"https:\/\/www.justiceinfo.net\/fr\/36509-avant-la-ghouta-d-autres-enclaves-assiegees-par-le-regime-en-syrie.html","title":{"rendered":"Avant la Ghouta, d'autres enclaves assi\u00e9g\u00e9es par le r\u00e9gime en Syrie"},"content":{"rendered":"<div class=\"content-excerpt\">\n<p>Avant la Ghouta orientale, cible d'une intense campagne a\u00e9rienne depuis d\u00e9but f\u00e9vrier, plusieurs zones rebelles ont \u00e9t\u00e9 \u00e9cras\u00e9es par des bombardements et un si\u00e8ge asphyxiant impos\u00e9 par le r\u00e9gime syrien pour forcer les insurg\u00e9s \u00e0 d\u00e9poser les armes et les civils \u00e0 fuir.<\/p>\n<\/div>\n<h3>- Homs -<\/h3>\n<p>La vieille ville de Homs a connu \u00e0 partir de 2012 un si\u00e8ge de deux ans, et des bombardements et combats qui ont d\u00e9vast\u00e9 ce secteur historique.<\/p>\n<p>Homs a \u00e9t\u00e9 une des premi\u00e8res villes \u00e0 s'\u00eatre soulev\u00e9es au d\u00e9but de la r\u00e9volte contre le r\u00e9gime de Bachar al-Assad \u00e0 la mi-mars 2011 et a \u00e9t\u00e9, ainsi que sa r\u00e9gion, la cible de nombreuses op\u00e9rations de l'arm\u00e9e.<\/p>\n<p>En mai 2014, la plupart des rebelles sont chass\u00e9s de la ville \u00e0 la faveur d'un accord, apr\u00e8s deux ans de bombardements intenses et d'un si\u00e8ge asphyxiant impos\u00e9 par les troupes gouvernementales. Il s'agit du premier accord entre r\u00e9gime et rebelles pour le retrait d'insurg\u00e9s depuis le d\u00e9but de la guerre.<\/p>\n<p>Durant les deux ans de si\u00e8ge, pr\u00e8s de 2.200 personnes sont mortes dans la vieille ville, selon l'Observatoire syrien des droits de l'Homme (OSDH). Dans le centre historique, totalement en ruines, les irr\u00e9ductibles n'avaient quasiment plus rien \u00e0 manger, se nourrissant souvent d'herbes et de quelques aliments s\u00e9ch\u00e9s.<\/p>\n<p>Entre mars et mai 2017, des milliers de rebelles et de civils quittent Waer, le dernier quartier de la troisi\u00e8me ville du pays contr\u00f4l\u00e9 par les insurg\u00e9s.<\/p>\n<h3>- Alep -<\/h3>\n<p>Le 1er f\u00e9vrier 2016, les forces du r\u00e9gime, soutenues par des combattants du Hezbollah et des bombardiers russes, lancent une offensive dans la province d'Alep (nord).<\/p>\n<p>En juillet, les forces du r\u00e9gime coupent le dernier axe d'approvisionnement des rebelles, la route du Castello. Ils assi\u00e8gent totalement leurs quartiers o\u00f9 les habitants sont confront\u00e9s \u00e0 de nombreuses p\u00e9nuries et \u00e0 une flamb\u00e9e des prix.<\/p>\n<p>Le 15 novembre, apr\u00e8s un mois d'accalmie, la campagne de frappes est relanc\u00e9e: les quartiers rebelles subissent les bombardements les plus violents depuis deux ans, \u00e0 coups de barils d'explosifs, d'obus et de roquettes. Les Occidentaux \u00e9voquent des \"crimes de guerre\" commis par la Russie et le r\u00e9gime.<\/p>\n<p>Cette op\u00e9ration permet \u00e0 Damas de reprendre un \u00e0 un les quartiers insurg\u00e9s.<\/p>\n<p>Le 22 d\u00e9cembre, apr\u00e8s la sortie du dernier convoi de rebelles et de civils d'Alep-Est, le r\u00e9gime annonce avoir repris le contr\u00f4le total d'Alep.<\/p>\n<h3>- 'Partir ou mourir' -<\/h3>\n<p>La ville de Daraya, dans la province de Damas, a \u00e9t\u00e9 l'une des premi\u00e8res \u00e0 s'\u00eatre soulev\u00e9es contre le r\u00e9gime. Elle a \u00e9t\u00e9 reprise totalement fin ao\u00fbt 2016 par l'arm\u00e9e syrienne apr\u00e8s l'\u00e9vacuation de milliers de rebelles et de civils soumis pendant quatre ans \u00e0 un si\u00e8ge impitoyable et \u00e0 des bombardements incessants.<\/p>\n<p>En 2017, le r\u00e9gime reprend la r\u00e9gion de Wadi Barada, pr\u00e8s de Damas, qui lui \u00e9chappait depuis 2012, puis plusieurs quartiers rebelles de la capitale (Barz\u00e9, Qaboun et Techrine). Plusieurs milliers de civils et de combattants se dirigent vers la province d'Idleb (nord-ouest) aux mains d'une coalition de groupes domin\u00e9s par l'ex-branche d'Al-Qa\u00efda.<\/p>\n<p>Ces derniers mois, le r\u00e9gime a repris plusieurs localit\u00e9s rebelles des environs de Damas, en vertu d'accords dits de \"r\u00e9conciliation\", qui se traduisent par l'\u00e9vacuation des combattants en \u00e9change de la fin des bombardements et si\u00e8ges.<\/p>\n<p>Dans un rapport intitul\u00e9 \"Partir ou mourir\", Amnesty International a estim\u00e9 que les d\u00e9placements forc\u00e9s de populations au titre des accords dits de \"r\u00e9conciliation\" s'apparentaient \u00e0 un crime contre l'humanit\u00e9.<\/p>\n<p>\"Le gouvernement syrien et, dans une moindre mesure, les groupes arm\u00e9s d'opposition ont ill\u00e9galement assi\u00e9g\u00e9 des civils\" et \"men\u00e9 des attaques ill\u00e9gales contre des zones \u00e0 forte densit\u00e9 de population\", \u00e9crivait Amnesty.<\/p>\n","protected":false},"excerpt":{"rendered":"<p>Avant la Ghouta orientale, cible d'une intense campagne a\u00e9rienne depuis d\u00e9but f\u00e9vrier, plusieurs zones rebelles ont \u00e9t\u00e9 \u00e9cras\u00e9es par des bombardements et un si\u00e8ge asphyxiant impos\u00e9 par le r\u00e9gime syrien pour forcer les insurg\u00e9s \u00e0 d\u00e9poser les armes et les civils \u00e0 fuir. - Homs - La vieille ville de Homs a connu \u00e0 partir [&hellip;]<\/p>\n","protected":false},"author":60,"featured_media":0,"comment_status":"open","ping_status":"closed","sticky":false,"template":"","format":"standard","meta":{"_acf_changed":false,"footnotes":""},"categories":[556],"tags":[],"ji_location":[2498],"class_list":["post-36509","post","type-post","status-publish","format-standard","hentry","category-divers","ji_location-syrie"],"acf":[],"yoast_head":"<!-- This site is optimized with the Yoast SEO Premium plugin v25.3.1 (Yoast SEO v25.3.1) - https:\/\/yoast.com\/wordpress\/plugins\/seo\/ -->\n<title>Avant la Ghouta, d&#039;autres enclaves assi\u00e9g\u00e9es par le r\u00e9gime en Syrie - JusticeInfo.net<\/title>\n<meta name=\"robots\" content=\"index, follow, max-snippet:-1, max-image-preview:large, max-video-preview:-1\" \/>\n<link rel=\"canonical\" href=\"https:\/\/www.justiceinfo.net\/fr\/36509-avant-la-ghouta-d-autres-enclaves-assiegees-par-le-regime-en-syrie.html\" \/>\n<meta property=\"og:locale\" content=\"fr_FR\" \/>\n<meta property=\"og:type\" content=\"article\" \/>\n<meta property=\"og:title\" content=\"Avant la Ghouta, d&#039;autres enclaves assi\u00e9g\u00e9es par le r\u00e9gime en Syrie\" \/>\n<meta property=\"og:description\" content=\"Avant la Ghouta orientale, cible d&#039;une intense campagne a\u00e9rienne depuis d\u00e9but f\u00e9vrier, plusieurs zones rebelles ont \u00e9t\u00e9 \u00e9cras\u00e9es par des bombardements et un si\u00e8ge asphyxiant impos\u00e9 par le r\u00e9gime syrien pour forcer les insurg\u00e9s \u00e0 d\u00e9poser les armes et les civils \u00e0 fuir. - Homs - La vieille ville de Homs a connu \u00e0 partir [&hellip;]\" \/>\n<meta property=\"og:url\" content=\"https:\/\/www.justiceinfo.net\/fr\/36509-avant-la-ghouta-d-autres-enclaves-assiegees-par-le-regime-en-syrie.html\" \/>\n<meta property=\"og:site_name\" content=\"JusticeInfo.net\" \/>\n<meta property=\"article:publisher\" content=\"https:\/\/www.facebook.com\/JusticeInfo\/\" \/>\n<meta property=\"article:published_time\" content=\"2018-02-21T08:00:02+00:00\" \/>\n<meta property=\"og:image\" content=\"https:\/\/www.justiceinfo.net\/wp-content\/uploads\/JusticeInfoNet_logo_1200x630px.jpg\" \/>\n\t<meta property=\"og:image:width\" content=\"1200\" \/>\n\t<meta property=\"og:image:height\" content=\"630\" \/>\n\t<meta property=\"og:image:type\" content=\"image\/jpeg\" \/>\n<meta name=\"author\" content=\"AFP\" \/>\n<meta name=\"twitter:card\" content=\"summary_large_image\" \/>\n<meta name=\"twitter:creator\" content=\"@justiceinfonet\" \/>\n<meta name=\"twitter:site\" content=\"@justiceinfonet\" \/>\n<meta name=\"twitter:label1\" content=\"\u00c9crit par\" \/>\n\t<meta name=\"twitter:data1\" content=\"AFP\" \/>\n\t<meta name=\"twitter:label2\" content=\"Dur\u00e9e de lecture estim\u00e9e\" \/>\n\t<meta name=\"twitter:data2\" content=\"3 minutes\" \/>\n<script type=\"application\/ld+json\" class=\"yoast-schema-graph\">{\"@context\":\"https:\/\/schema.org\",\"@graph\":[{\"@type\":\"NewsArticle\",\"@id\":\"https:\/\/www.justiceinfo.net\/fr\/36509-avant-la-ghouta-d-autres-enclaves-assiegees-par-le-regime-en-syrie.html#article\",\"isPartOf\":{\"@id\":\"https:\/\/www.justiceinfo.net\/fr\/36509-avant-la-ghouta-d-autres-enclaves-assiegees-par-le-regime-en-syrie.html\"},\"author\":{\"name\":\"afp\",\"@id\":\"https:\/\/www.justiceinfo.net\/fr#\/schema\/person\/713d340ef5f218fc36ce9b4244364a7f\"},\"headline\":\"Avant la Ghouta, d'autres enclaves assi\u00e9g\u00e9es par le r\u00e9gime en Syrie\",\"datePublished\":\"2018-02-21T08:00:02+00:00\",\"mainEntityOfPage\":{\"@id\":\"https:\/\/www.justiceinfo.net\/fr\/36509-avant-la-ghouta-d-autres-enclaves-assiegees-par-le-regime-en-syrie.html\"},\"wordCount\":687,\"commentCount\":0,\"publisher\":{\"@id\":\"https:\/\/www.justiceinfo.net\/fr#organization\"},\"articleSection\":[\"Divers\"],\"inLanguage\":\"fr-FR\",\"potentialAction\":[{\"@type\":\"CommentAction\",\"name\":\"Comment\",\"target\":[\"https:\/\/www.justiceinfo.net\/fr\/36509-avant-la-ghouta-d-autres-enclaves-assiegees-par-le-regime-en-syrie.html#respond\"]}]},{\"@type\":\"WebPage\",\"@id\":\"https:\/\/www.justiceinfo.net\/fr\/36509-avant-la-ghouta-d-autres-enclaves-assiegees-par-le-regime-en-syrie.html\",\"url\":\"https:\/\/www.justiceinfo.net\/fr\/36509-avant-la-ghouta-d-autres-enclaves-assiegees-par-le-regime-en-syrie.html\",\"name\":\"Avant la Ghouta, d'autres enclaves assi\u00e9g\u00e9es par le r\u00e9gime en Syrie - JusticeInfo.net\",\"isPartOf\":{\"@id\":\"https:\/\/www.justiceinfo.net\/fr#website\"},\"datePublished\":\"2018-02-21T08:00:02+00:00\",\"breadcrumb\":{\"@id\":\"https:\/\/www.justiceinfo.net\/fr\/36509-avant-la-ghouta-d-autres-enclaves-assiegees-par-le-regime-en-syrie.html#breadcrumb\"},\"inLanguage\":\"fr-FR\",\"potentialAction\":[{\"@type\":\"ReadAction\",\"target\":[\"https:\/\/www.justiceinfo.net\/fr\/36509-avant-la-ghouta-d-autres-enclaves-assiegees-par-le-regime-en-syrie.html\"]}]},{\"@type\":\"BreadcrumbList\",\"@id\":\"https:\/\/www.justiceinfo.net\/fr\/36509-avant-la-ghouta-d-autres-enclaves-assiegees-par-le-regime-en-syrie.html#breadcrumb\",\"itemListElement\":[{\"@type\":\"ListItem\",\"position\":1,\"name\":\"Home\",\"item\":\"https:\/\/www.justiceinfo.net\/fr\"},{\"@type\":\"ListItem\",\"position\":2,\"name\":\"Avant la Ghouta, d'autres enclaves assi\u00e9g\u00e9es par le r\u00e9gime en Syrie\"}]},{\"@type\":\"WebSite\",\"@id\":\"https:\/\/www.justiceinfo.net\/fr#website\",\"url\":\"https:\/\/www.justiceinfo.net\/fr\",\"name\":\"JusticeInfo.net\",\"description\":\"La justice doit \u00eatre vue pour \u00eatre rendue\",\"publisher\":{\"@id\":\"https:\/\/www.justiceinfo.net\/fr#organization\"},\"potentialAction\":[{\"@type\":\"SearchAction\",\"target\":{\"@type\":\"EntryPoint\",\"urlTemplate\":\"https:\/\/www.justiceinfo.net\/fr?s={search_term_string}\"},\"query-input\":{\"@type\":\"PropertyValueSpecification\",\"valueRequired\":true,\"valueName\":\"search_term_string\"}}],\"inLanguage\":\"fr-FR\"},{\"@type\":\"Organization\",\"@id\":\"https:\/\/www.justiceinfo.net\/fr#organization\",\"name\":\"Justice Info\",\"url\":\"https:\/\/www.justiceinfo.net\/fr\",\"logo\":{\"@type\":\"ImageObject\",\"inLanguage\":\"fr-FR\",\"@id\":\"https:\/\/www.justiceinfo.net\/fr#\/schema\/logo\/image\/\",\"url\":\"https:\/\/www.justiceinfo.net\/wp-content\/uploads\/justiceinfo_logo-trans_1200x1200px.png\",\"contentUrl\":\"https:\/\/www.justiceinfo.net\/wp-content\/uploads\/justiceinfo_logo-trans_1200x1200px.png\",\"width\":1199,\"height\":1200,\"caption\":\"Justice Info\"},\"image\":{\"@id\":\"https:\/\/www.justiceinfo.net\/fr#\/schema\/logo\/image\/\"},\"sameAs\":[\"https:\/\/www.facebook.com\/JusticeInfo\/\",\"https:\/\/x.com\/justiceinfonet\",\"https:\/\/www.linkedin.com\/company\/justice-info\",\"https:\/\/www.youtube.com\/channel\/UCyCEsARodyuWtkWyhn-e7pA\"]},{\"@type\":\"Person\",\"name\":\"AFP\",\"url\":\"\/fr\/?s=AFP\"}]}<\/script>\n<!-- \/ Yoast SEO Premium plugin. -->","yoast_head_json":{"title":"Avant la Ghouta, d'autres enclaves assi\u00e9g\u00e9es par le r\u00e9gime en Syrie - JusticeInfo.net","robots":{"index":"index","follow":"follow","max-snippet":"max-snippet:-1","max-image-preview":"max-image-preview:large","max-video-preview":"max-video-preview:-1"},"canonical":"https:\/\/www.justiceinfo.net\/fr\/36509-avant-la-ghouta-d-autres-enclaves-assiegees-par-le-regime-en-syrie.html","og_locale":"fr_FR","og_type":"article","og_title":"Avant la Ghouta, d'autres enclaves assi\u00e9g\u00e9es par le r\u00e9gime en Syrie","og_description":"Avant la Ghouta orientale, cible d'une intense campagne a\u00e9rienne depuis d\u00e9but f\u00e9vrier, plusieurs zones rebelles ont \u00e9t\u00e9 \u00e9cras\u00e9es par des bombardements et un si\u00e8ge asphyxiant impos\u00e9 par le r\u00e9gime syrien pour forcer les insurg\u00e9s \u00e0 d\u00e9poser les armes et les civils \u00e0 fuir. - Homs - La vieille ville de Homs a connu \u00e0 partir [&hellip;]","og_url":"https:\/\/www.justiceinfo.net\/fr\/36509-avant-la-ghouta-d-autres-enclaves-assiegees-par-le-regime-en-syrie.html","og_site_name":"JusticeInfo.net","article_publisher":"https:\/\/www.facebook.com\/JusticeInfo\/","article_published_time":"2018-02-21T08:00:02+00:00","og_image":[{"width":1200,"height":630,"url":"https:\/\/www.justiceinfo.net\/wp-content\/uploads\/JusticeInfoNet_logo_1200x630px.jpg","type":"image\/jpeg"}],"author":"AFP","twitter_card":"summary_large_image","twitter_creator":"@justiceinfonet","twitter_site":"@justiceinfonet","twitter_misc":{"\u00c9crit par":"AFP","Dur\u00e9e de lecture estim\u00e9e":"3 minutes"},"schema":{"@context":"https:\/\/schema.org","@graph":[{"@type":"NewsArticle","@id":"https:\/\/www.justiceinfo.net\/fr\/36509-avant-la-ghouta-d-autres-enclaves-assiegees-par-le-regime-en-syrie.html#article","isPartOf":{"@id":"https:\/\/www.justiceinfo.net\/fr\/36509-avant-la-ghouta-d-autres-enclaves-assiegees-par-le-regime-en-syrie.html"},"author":{"name":"afp","@id":"https:\/\/www.justiceinfo.net\/fr#\/schema\/person\/713d340ef5f218fc36ce9b4244364a7f"},"headline":"Avant la Ghouta, d'autres enclaves assi\u00e9g\u00e9es par le r\u00e9gime en Syrie","datePublished":"2018-02-21T08:00:02+00:00","mainEntityOfPage":{"@id":"https:\/\/www.justiceinfo.net\/fr\/36509-avant-la-ghouta-d-autres-enclaves-assiegees-par-le-regime-en-syrie.html"},"wordCount":687,"commentCount":0,"publisher":{"@id":"https:\/\/www.justiceinfo.net\/fr#organization"},"articleSection":["Divers"],"inLanguage":"fr-FR","potentialAction":[{"@type":"CommentAction","name":"Comment","target":["https:\/\/www.justiceinfo.net\/fr\/36509-avant-la-ghouta-d-autres-enclaves-assiegees-par-le-regime-en-syrie.html#respond"]}]},{"@type":"WebPage","@id":"https:\/\/www.justiceinfo.net\/fr\/36509-avant-la-ghouta-d-autres-enclaves-assiegees-par-le-regime-en-syrie.html","url":"https:\/\/www.justiceinfo.net\/fr\/36509-avant-la-ghouta-d-autres-enclaves-assiegees-par-le-regime-en-syrie.html","name":"Avant la Ghouta, d'autres enclaves assi\u00e9g\u00e9es par le r\u00e9gime en Syrie - JusticeInfo.net","isPartOf":{"@id":"https:\/\/www.justiceinfo.net\/fr#website"},"datePublished":"2018-02-21T08:00:02+00:00","breadcrumb":{"@id":"https:\/\/www.justiceinfo.net\/fr\/36509-avant-la-ghouta-d-autres-enclaves-assiegees-par-le-regime-en-syrie.html#breadcrumb"},"inLanguage":"fr-FR","potentialAction":[{"@type":"ReadAction","target":["https:\/\/www.justiceinfo.net\/fr\/36509-avant-la-ghouta-d-autres-enclaves-assiegees-par-le-regime-en-syrie.html"]}]},{"@type":"BreadcrumbList","@id":"https:\/\/www.justiceinfo.net\/fr\/36509-avant-la-ghouta-d-autres-enclaves-assiegees-par-le-regime-en-syrie.html#breadcrumb","itemListElement":[{"@type":"ListItem","position":1,"name":"Home","item":"https:\/\/www.justiceinfo.net\/fr"},{"@type":"ListItem","position":2,"name":"Avant la Ghouta, d'autres enclaves assi\u00e9g\u00e9es par le r\u00e9gime en Syrie"}]},{"@type":"WebSite","@id":"https:\/\/www.justiceinfo.net\/fr#website","url":"https:\/\/www.justiceinfo.net\/fr","name":"JusticeInfo.net","description":"La justice doit \u00eatre vue pour \u00eatre rendue","publisher":{"@id":"https:\/\/www.justiceinfo.net\/fr#organization"},"potentialAction":[{"@type":"SearchAction","target":{"@type":"EntryPoint","urlTemplate":"https:\/\/www.justiceinfo.net\/fr?s={search_term_string}"},"query-input":{"@type":"PropertyValueSpecification","valueRequired":true,"valueName":"search_term_string"}}],"inLanguage":"fr-FR"},{"@type":"Organization","@id":"https:\/\/www.justiceinfo.net\/fr#organization","name":"Justice Info","url":"https:\/\/www.justiceinfo.net\/fr","logo":{"@type":"ImageObject","inLanguage":"fr-FR","@id":"https:\/\/www.justiceinfo.net\/fr#\/schema\/logo\/image\/","url":"https:\/\/www.justiceinfo.net\/wp-content\/uploads\/justiceinfo_logo-trans_1200x1200px.png","contentUrl":"https:\/\/www.justiceinfo.net\/wp-content\/uploads\/justiceinfo_logo-trans_1200x1200px.png","width":1199,"height":1200,"caption":"Justice Info"},"image":{"@id":"https:\/\/www.justiceinfo.net\/fr#\/schema\/logo\/image\/"},"sameAs":["https:\/\/www.facebook.com\/JusticeInfo\/","https:\/\/x.com\/justiceinfonet","https:\/\/www.linkedin.com\/company\/justice-info","https:\/\/www.youtube.com\/channel\/UCyCEsARodyuWtkWyhn-e7pA"]},{"@type":"Person","name":"AFP","url":"\/fr\/?s=AFP"}]}},"_links":{"self":[{"href":"https:\/\/www.justiceinfo.net\/fr\/wp-json\/wp\/v2\/posts\/36509","targetHints":{"allow":["GET"]}}],"collection":[{"href":"https:\/\/www.justiceinfo.net\/fr\/wp-json\/wp\/v2\/posts"}],"about":[{"href":"https:\/\/www.justiceinfo.net\/fr\/wp-json\/wp\/v2\/types\/post"}],"author":[{"embeddable":true,"href":"https:\/\/www.justiceinfo.net\/fr\/wp-json\/wp\/v2\/users\/60"}],"replies":[{"embeddable":true,"href":"https:\/\/www.justiceinfo.net\/fr\/wp-json\/wp\/v2\/comments?post=36509"}],"version-history":[{"count":0,"href":"https:\/\/www.justiceinfo.net\/fr\/wp-json\/wp\/v2\/posts\/36509\/revisions"}],"wp:attachment":[{"href":"https:\/\/www.justiceinfo.net\/fr\/wp-json\/wp\/v2\/media?parent=36509"}],"wp:term":[{"taxonomy":"category","embeddable":true,"href":"https:\/\/www.justiceinfo.net\/fr\/wp-json\/wp\/v2\/categories?post=36509"},{"taxonomy":"post_tag","embeddable":true,"href":"https:\/\/www.justiceinfo.net\/fr\/wp-json\/wp\/v2\/tags?post=36509"},{"taxonomy":"ji_location","embeddable":true,"href":"https:\/\/www.justiceinfo.net\/fr\/wp-json\/wp\/v2\/ji_location?post=36509"}],"curies":[{"name":"wp","href":"https:\/\/api.w.org\/{rel}","templated":true}]}}