{"id":3653,"date":"2008-04-10T05:58:10","date_gmt":"2008-04-10T03:58:10","guid":{"rendered":"https:\/\/www.justiceinfo.net\/3653-090408-tpirkalimanzira-le-proces-dun-ex-haut-fonctionnaire-rwandais-commencera-le-28-avril443.html"},"modified":"2008-04-10T05:58:10","modified_gmt":"2008-04-10T03:58:10","slug":"090408-tpirkalimanzira-le-proces-dun-ex-haut-fonctionnaire-rwandais-commencera-le-28-avril443","status":"publish","type":"post","link":"https:\/\/www.justiceinfo.net\/fr\/3653-090408-tpirkalimanzira-le-proces-dun-ex-haut-fonctionnaire-rwandais-commencera-le-28-avril443.html","title":{"rendered":"09.04.08 - TPIR\/KALIMANZIRA  - LE PROCES D\u2019UN EX-HAUT FONCTIONNAIRE RWANDAIS COMMENCERA LE 28 AVRIL"},"content":{"rendered":"<p  >\nArusha, 9 avril 2008 (FH) - Callixte Kalimanzira, un ex-haut fonctionnaire rwandais accus\u00e9 de g\u00e9nocide, sera jug\u00e9 \u00e0 partir du 28 avril selon le calendrier du Tribunal p\u00e9nal international pour le Rwanda (TPIR).<br \/>\nKalimanzira, 55 ans, un agronome de formation, a \u00e9t\u00e9 notamment directeur de la section d\u00e9veloppement rural \u00e0 la pr\u00e9sidence de la R\u00e9publique, secr\u00e9taire g\u00e9n\u00e9ral au minist\u00e8re de l\u2019int\u00e9rieur et directeur de cabinet au sein du m\u00eame minist\u00e8re.\n<\/p>\n<p><!--more--><\/p>\n<p  >\nEntre avril et mai  1994, il a dirig\u00e9 le minist\u00e8re de l\u2019int\u00e9rieur \u00e0 titre int\u00e9rimaire.<br \/>\nKalimanzira s\u2019est rendu le 8 novembre 2005 au TPIR qui l\u2019avait mis en accusation quatre mois plus t\u00f4t. Les conditions de sa reddition n'ont jamais \u00e9t\u00e9 explicit\u00e9es.<br \/>\nLe procureur affirme qu\u2019il \u00e9tait \u00ab tr\u00e8s proche \u00bb du pr\u00e9sident int\u00e9rimaire Th\u00e9odore Sindikubwabo ainsi que du premier ministre Jean Kambanda.<br \/>\nSindikubwabo est accus\u00e9 d\u2019avoir lanc\u00e9 des massacres \u00e0 Butare (sud) o\u00f9 il s\u2019est rendu le 19 avril 1994 \u00e0 la t\u00eate d\u2019une forte d\u00e9l\u00e9gation gouvernementale. Il est pr\u00e9sum\u00e9 d\u00e9c\u00e9d\u00e9. Kambanda a pour sa part \u00e9t\u00e9 condamn\u00e9 \u00e0 la prison \u00e0 vie par le TPIR apr\u00e8s avoir plaid\u00e9 coupable de g\u00e9nocide. Il purge sa peine au Mali.<br \/>\nSindikubwabo, Kambanda et Kalimanzira sont tous des ressortissants de Butare.<br \/>\nIl est particuli\u00e8rement reproch\u00e9 \u00e0 Kalimanzira d\u2019avoir personnellement supervis\u00e9 des attaques contre les Tutsis sur la colline de Kabuye vers le 23 avril 1994.<br \/>\nL\u2019accus\u00e9 aurait, avant l\u2019attaque, encourag\u00e9 les victimes \u00e9valu\u00e9es \u00e0 plus de 20.000 par l\u2019accusation, \u00e0 se r\u00e9fugier sur la colline, \u00aben leur promettant d\u2019\u00eatre prot\u00e9g\u00e9es et nourries\u00bb.\n<\/p>\n<p  >\nAutour du 5 juin 1994, Kalimanzira aurait appel\u00e9 la population \u00e0 \u00e9liminer les Tutsis, \u00aby compris ceux qui sont encore dans l\u2019ut\u00e9rus de leurs m\u00e8res\u00bb.\n<\/p>\n<p  >\nLe procureur l\u2019accuse en outre d\u2019avoir appel\u00e9 les Hutus \u00e0 ne pas \u00e9pargner les femmes, les enfants et les vieillards \u00abparce que si le Front patriotique rwandais (FPR, ex r\u00e9bellion \u00e0 dominante tutsie) gagne la guerre, ils seront les t\u00e9moins potentiels pour d\u00e9noncer les tueurs\u00bb.<br \/>\nKalimanzira plaide non coupable. Son \u00e9quipe de d\u00e9fense est dirig\u00e9e par l\u2019avocat fran\u00e7ais Me Arthur Vercken. Celui-ci a d\u00e9j\u00e0 repr\u00e9sent\u00e9, devant le TPIR, l\u2019ex-maire Jean Mpambara acquitt\u00e9 en septembre 2006. Aucun nouveau proc\u00e8s n'avait d\u00e9but\u00e9 au TPIR depuis juin 2007.<br \/>\nSept personnes d\u00e9tenues \u00e0 Arusha attendent encore leur proc\u00e8s, alors que le TPIR ferme ses portes \u00e0 la fin de l\u2019ann\u00e9e. Quatre d\u2019entre elles font l\u2019objet de demandes de transferts vers le Rwanda.<br \/>\nAT\/PB\/GF<\/p>\n","protected":false},"excerpt":{"rendered":"<p>Arusha, 9 avril 2008 (FH) - Callixte Kalimanzira, un ex-haut fonctionnaire rwandais accus\u00e9 de g\u00e9nocide, sera jug\u00e9 \u00e0 partir du 28 avril selon le calendrier du Tribunal p\u00e9nal international pour le Rwanda (TPIR). Kalimanzira, 55 ans, un agronome de formation, a \u00e9t\u00e9 notamment directeur de la section d\u00e9veloppement rural \u00e0 la pr\u00e9sidence de la R\u00e9publique, [&hellip;]<\/p>\n","protected":false},"author":64,"featured_media":0,"comment_status":"open","ping_status":"closed","sticky":false,"template":"","format":"standard","meta":{"_acf_changed":false,"footnotes":""},"categories":[554],"tags":[],"ji_location":[],"class_list":["post-3653","post","type-post","status-publish","format-standard","hentry","category-hirondellenews"],"acf":[],"yoast_head":"<!-- This site is optimized with the Yoast SEO Premium plugin v25.3.1 (Yoast SEO v25.3.1) - https:\/\/yoast.com\/wordpress\/plugins\/seo\/ -->\n<title>09.04.08 - TPIR\/KALIMANZIRA - LE PROCES D\u2019UN EX-HAUT FONCTIONNAIRE RWANDAIS COMMENCERA LE 28 AVRIL - JusticeInfo.net<\/title>\n<meta name=\"robots\" content=\"index, follow, max-snippet:-1, max-image-preview:large, max-video-preview:-1\" \/>\n<link rel=\"canonical\" href=\"https:\/\/www.justiceinfo.net\/fr\/3653-090408-tpirkalimanzira-le-proces-dun-ex-haut-fonctionnaire-rwandais-commencera-le-28-avril443.html\" \/>\n<meta property=\"og:locale\" content=\"fr_FR\" \/>\n<meta property=\"og:type\" content=\"article\" \/>\n<meta property=\"og:title\" content=\"09.04.08 - TPIR\/KALIMANZIRA - LE PROCES D\u2019UN EX-HAUT FONCTIONNAIRE RWANDAIS COMMENCERA LE 28 AVRIL\" \/>\n<meta property=\"og:description\" content=\"Arusha, 9 avril 2008 (FH) - Callixte Kalimanzira, un ex-haut fonctionnaire rwandais accus\u00e9 de g\u00e9nocide, sera jug\u00e9 \u00e0 partir du 28 avril selon le calendrier du Tribunal p\u00e9nal international pour le Rwanda (TPIR). Kalimanzira, 55 ans, un agronome de formation, a \u00e9t\u00e9 notamment directeur de la section d\u00e9veloppement rural \u00e0 la pr\u00e9sidence de la R\u00e9publique, [&hellip;]\" \/>\n<meta property=\"og:url\" content=\"https:\/\/www.justiceinfo.net\/fr\/3653-090408-tpirkalimanzira-le-proces-dun-ex-haut-fonctionnaire-rwandais-commencera-le-28-avril443.html\" \/>\n<meta property=\"og:site_name\" content=\"JusticeInfo.net\" \/>\n<meta property=\"article:publisher\" content=\"https:\/\/www.facebook.com\/JusticeInfo\/\" \/>\n<meta property=\"article:published_time\" content=\"2008-04-10T03:58:10+00:00\" \/>\n<meta property=\"og:image\" content=\"https:\/\/www.justiceinfo.net\/wp-content\/uploads\/JusticeInfoNet_logo_1200x630px.jpg\" \/>\n\t<meta property=\"og:image:width\" content=\"1200\" \/>\n\t<meta property=\"og:image:height\" content=\"630\" \/>\n\t<meta property=\"og:image:type\" content=\"image\/jpeg\" \/>\n<meta name=\"author\" content=\"solivri\" \/>\n<meta name=\"twitter:card\" content=\"summary_large_image\" \/>\n<meta name=\"twitter:creator\" content=\"@justiceinfonet\" \/>\n<meta name=\"twitter:site\" content=\"@justiceinfonet\" \/>\n<meta name=\"twitter:label1\" content=\"\u00c9crit par\" \/>\n\t<meta name=\"twitter:data1\" content=\"solivri\" \/>\n\t<meta name=\"twitter:label2\" content=\"Dur\u00e9e de lecture estim\u00e9e\" \/>\n\t<meta name=\"twitter:data2\" content=\"2 minutes\" \/>\n<script type=\"application\/ld+json\" class=\"yoast-schema-graph\">{\"@context\":\"https:\/\/schema.org\",\"@graph\":[{\"@type\":\"NewsArticle\",\"@id\":\"https:\/\/www.justiceinfo.net\/fr\/3653-090408-tpirkalimanzira-le-proces-dun-ex-haut-fonctionnaire-rwandais-commencera-le-28-avril443.html#article\",\"isPartOf\":{\"@id\":\"https:\/\/www.justiceinfo.net\/fr\/3653-090408-tpirkalimanzira-le-proces-dun-ex-haut-fonctionnaire-rwandais-commencera-le-28-avril443.html\"},\"author\":{\"name\":\"solivri\",\"@id\":\"https:\/\/www.justiceinfo.net\/fr#\/schema\/person\/6e53cba1629e2e66f3fc1821d3091865\"},\"headline\":\"09.04.08 - TPIR\/KALIMANZIRA - LE PROCES D\u2019UN EX-HAUT FONCTIONNAIRE RWANDAIS COMMENCERA LE 28 AVRIL\",\"datePublished\":\"2008-04-10T03:58:10+00:00\",\"mainEntityOfPage\":{\"@id\":\"https:\/\/www.justiceinfo.net\/fr\/3653-090408-tpirkalimanzira-le-proces-dun-ex-haut-fonctionnaire-rwandais-commencera-le-28-avril443.html\"},\"wordCount\":449,\"commentCount\":0,\"publisher\":{\"@id\":\"https:\/\/www.justiceinfo.net\/fr#organization\"},\"articleSection\":[\"Hirondelle News\"],\"inLanguage\":\"fr-FR\",\"potentialAction\":[{\"@type\":\"CommentAction\",\"name\":\"Comment\",\"target\":[\"https:\/\/www.justiceinfo.net\/fr\/3653-090408-tpirkalimanzira-le-proces-dun-ex-haut-fonctionnaire-rwandais-commencera-le-28-avril443.html#respond\"]}]},{\"@type\":\"WebPage\",\"@id\":\"https:\/\/www.justiceinfo.net\/fr\/3653-090408-tpirkalimanzira-le-proces-dun-ex-haut-fonctionnaire-rwandais-commencera-le-28-avril443.html\",\"url\":\"https:\/\/www.justiceinfo.net\/fr\/3653-090408-tpirkalimanzira-le-proces-dun-ex-haut-fonctionnaire-rwandais-commencera-le-28-avril443.html\",\"name\":\"09.04.08 - TPIR\/KALIMANZIRA - LE PROCES D\u2019UN EX-HAUT FONCTIONNAIRE RWANDAIS COMMENCERA LE 28 AVRIL - JusticeInfo.net\",\"isPartOf\":{\"@id\":\"https:\/\/www.justiceinfo.net\/fr#website\"},\"datePublished\":\"2008-04-10T03:58:10+00:00\",\"breadcrumb\":{\"@id\":\"https:\/\/www.justiceinfo.net\/fr\/3653-090408-tpirkalimanzira-le-proces-dun-ex-haut-fonctionnaire-rwandais-commencera-le-28-avril443.html#breadcrumb\"},\"inLanguage\":\"fr-FR\",\"potentialAction\":[{\"@type\":\"ReadAction\",\"target\":[\"https:\/\/www.justiceinfo.net\/fr\/3653-090408-tpirkalimanzira-le-proces-dun-ex-haut-fonctionnaire-rwandais-commencera-le-28-avril443.html\"]}]},{\"@type\":\"BreadcrumbList\",\"@id\":\"https:\/\/www.justiceinfo.net\/fr\/3653-090408-tpirkalimanzira-le-proces-dun-ex-haut-fonctionnaire-rwandais-commencera-le-28-avril443.html#breadcrumb\",\"itemListElement\":[{\"@type\":\"ListItem\",\"position\":1,\"name\":\"Home\",\"item\":\"https:\/\/www.justiceinfo.net\/fr\"},{\"@type\":\"ListItem\",\"position\":2,\"name\":\"09.04.08 - TPIR\/KALIMANZIRA - LE PROCES D\u2019UN EX-HAUT FONCTIONNAIRE RWANDAIS COMMENCERA LE 28 AVRIL\"}]},{\"@type\":\"WebSite\",\"@id\":\"https:\/\/www.justiceinfo.net\/fr#website\",\"url\":\"https:\/\/www.justiceinfo.net\/fr\",\"name\":\"JusticeInfo.net\",\"description\":\"La justice doit \u00eatre vue pour \u00eatre rendue\",\"publisher\":{\"@id\":\"https:\/\/www.justiceinfo.net\/fr#organization\"},\"potentialAction\":[{\"@type\":\"SearchAction\",\"target\":{\"@type\":\"EntryPoint\",\"urlTemplate\":\"https:\/\/www.justiceinfo.net\/fr?s={search_term_string}\"},\"query-input\":{\"@type\":\"PropertyValueSpecification\",\"valueRequired\":true,\"valueName\":\"search_term_string\"}}],\"inLanguage\":\"fr-FR\"},{\"@type\":\"Organization\",\"@id\":\"https:\/\/www.justiceinfo.net\/fr#organization\",\"name\":\"Justice Info\",\"url\":\"https:\/\/www.justiceinfo.net\/fr\",\"logo\":{\"@type\":\"ImageObject\",\"inLanguage\":\"fr-FR\",\"@id\":\"https:\/\/www.justiceinfo.net\/fr#\/schema\/logo\/image\/\",\"url\":\"https:\/\/www.justiceinfo.net\/wp-content\/uploads\/justiceinfo_logo-trans_1200x1200px.png\",\"contentUrl\":\"https:\/\/www.justiceinfo.net\/wp-content\/uploads\/justiceinfo_logo-trans_1200x1200px.png\",\"width\":1199,\"height\":1200,\"caption\":\"Justice Info\"},\"image\":{\"@id\":\"https:\/\/www.justiceinfo.net\/fr#\/schema\/logo\/image\/\"},\"sameAs\":[\"https:\/\/www.facebook.com\/JusticeInfo\/\",\"https:\/\/x.com\/justiceinfonet\",\"https:\/\/www.linkedin.com\/company\/justice-info\",\"https:\/\/www.youtube.com\/channel\/UCyCEsARodyuWtkWyhn-e7pA\"]},{\"@type\":\"Person\",\"name\":\"solivri\",\"url\":\"\/fr\/?s=solivri\"}]}<\/script>\n<!-- \/ Yoast SEO Premium plugin. -->","yoast_head_json":{"title":"09.04.08 - TPIR\/KALIMANZIRA - LE PROCES D\u2019UN EX-HAUT FONCTIONNAIRE RWANDAIS COMMENCERA LE 28 AVRIL - JusticeInfo.net","robots":{"index":"index","follow":"follow","max-snippet":"max-snippet:-1","max-image-preview":"max-image-preview:large","max-video-preview":"max-video-preview:-1"},"canonical":"https:\/\/www.justiceinfo.net\/fr\/3653-090408-tpirkalimanzira-le-proces-dun-ex-haut-fonctionnaire-rwandais-commencera-le-28-avril443.html","og_locale":"fr_FR","og_type":"article","og_title":"09.04.08 - TPIR\/KALIMANZIRA - LE PROCES D\u2019UN EX-HAUT FONCTIONNAIRE RWANDAIS COMMENCERA LE 28 AVRIL","og_description":"Arusha, 9 avril 2008 (FH) - Callixte Kalimanzira, un ex-haut fonctionnaire rwandais accus\u00e9 de g\u00e9nocide, sera jug\u00e9 \u00e0 partir du 28 avril selon le calendrier du Tribunal p\u00e9nal international pour le Rwanda (TPIR). Kalimanzira, 55 ans, un agronome de formation, a \u00e9t\u00e9 notamment directeur de la section d\u00e9veloppement rural \u00e0 la pr\u00e9sidence de la R\u00e9publique, [&hellip;]","og_url":"https:\/\/www.justiceinfo.net\/fr\/3653-090408-tpirkalimanzira-le-proces-dun-ex-haut-fonctionnaire-rwandais-commencera-le-28-avril443.html","og_site_name":"JusticeInfo.net","article_publisher":"https:\/\/www.facebook.com\/JusticeInfo\/","article_published_time":"2008-04-10T03:58:10+00:00","og_image":[{"width":1200,"height":630,"url":"https:\/\/www.justiceinfo.net\/wp-content\/uploads\/JusticeInfoNet_logo_1200x630px.jpg","type":"image\/jpeg"}],"author":"solivri","twitter_card":"summary_large_image","twitter_creator":"@justiceinfonet","twitter_site":"@justiceinfonet","twitter_misc":{"\u00c9crit par":"solivri","Dur\u00e9e de lecture estim\u00e9e":"2 minutes"},"schema":{"@context":"https:\/\/schema.org","@graph":[{"@type":"NewsArticle","@id":"https:\/\/www.justiceinfo.net\/fr\/3653-090408-tpirkalimanzira-le-proces-dun-ex-haut-fonctionnaire-rwandais-commencera-le-28-avril443.html#article","isPartOf":{"@id":"https:\/\/www.justiceinfo.net\/fr\/3653-090408-tpirkalimanzira-le-proces-dun-ex-haut-fonctionnaire-rwandais-commencera-le-28-avril443.html"},"author":{"name":"solivri","@id":"https:\/\/www.justiceinfo.net\/fr#\/schema\/person\/6e53cba1629e2e66f3fc1821d3091865"},"headline":"09.04.08 - TPIR\/KALIMANZIRA - LE PROCES D\u2019UN EX-HAUT FONCTIONNAIRE RWANDAIS COMMENCERA LE 28 AVRIL","datePublished":"2008-04-10T03:58:10+00:00","mainEntityOfPage":{"@id":"https:\/\/www.justiceinfo.net\/fr\/3653-090408-tpirkalimanzira-le-proces-dun-ex-haut-fonctionnaire-rwandais-commencera-le-28-avril443.html"},"wordCount":449,"commentCount":0,"publisher":{"@id":"https:\/\/www.justiceinfo.net\/fr#organization"},"articleSection":["Hirondelle News"],"inLanguage":"fr-FR","potentialAction":[{"@type":"CommentAction","name":"Comment","target":["https:\/\/www.justiceinfo.net\/fr\/3653-090408-tpirkalimanzira-le-proces-dun-ex-haut-fonctionnaire-rwandais-commencera-le-28-avril443.html#respond"]}]},{"@type":"WebPage","@id":"https:\/\/www.justiceinfo.net\/fr\/3653-090408-tpirkalimanzira-le-proces-dun-ex-haut-fonctionnaire-rwandais-commencera-le-28-avril443.html","url":"https:\/\/www.justiceinfo.net\/fr\/3653-090408-tpirkalimanzira-le-proces-dun-ex-haut-fonctionnaire-rwandais-commencera-le-28-avril443.html","name":"09.04.08 - TPIR\/KALIMANZIRA - LE PROCES D\u2019UN EX-HAUT FONCTIONNAIRE RWANDAIS COMMENCERA LE 28 AVRIL - JusticeInfo.net","isPartOf":{"@id":"https:\/\/www.justiceinfo.net\/fr#website"},"datePublished":"2008-04-10T03:58:10+00:00","breadcrumb":{"@id":"https:\/\/www.justiceinfo.net\/fr\/3653-090408-tpirkalimanzira-le-proces-dun-ex-haut-fonctionnaire-rwandais-commencera-le-28-avril443.html#breadcrumb"},"inLanguage":"fr-FR","potentialAction":[{"@type":"ReadAction","target":["https:\/\/www.justiceinfo.net\/fr\/3653-090408-tpirkalimanzira-le-proces-dun-ex-haut-fonctionnaire-rwandais-commencera-le-28-avril443.html"]}]},{"@type":"BreadcrumbList","@id":"https:\/\/www.justiceinfo.net\/fr\/3653-090408-tpirkalimanzira-le-proces-dun-ex-haut-fonctionnaire-rwandais-commencera-le-28-avril443.html#breadcrumb","itemListElement":[{"@type":"ListItem","position":1,"name":"Home","item":"https:\/\/www.justiceinfo.net\/fr"},{"@type":"ListItem","position":2,"name":"09.04.08 - TPIR\/KALIMANZIRA - LE PROCES D\u2019UN EX-HAUT FONCTIONNAIRE RWANDAIS COMMENCERA LE 28 AVRIL"}]},{"@type":"WebSite","@id":"https:\/\/www.justiceinfo.net\/fr#website","url":"https:\/\/www.justiceinfo.net\/fr","name":"JusticeInfo.net","description":"La justice doit \u00eatre vue pour \u00eatre rendue","publisher":{"@id":"https:\/\/www.justiceinfo.net\/fr#organization"},"potentialAction":[{"@type":"SearchAction","target":{"@type":"EntryPoint","urlTemplate":"https:\/\/www.justiceinfo.net\/fr?s={search_term_string}"},"query-input":{"@type":"PropertyValueSpecification","valueRequired":true,"valueName":"search_term_string"}}],"inLanguage":"fr-FR"},{"@type":"Organization","@id":"https:\/\/www.justiceinfo.net\/fr#organization","name":"Justice Info","url":"https:\/\/www.justiceinfo.net\/fr","logo":{"@type":"ImageObject","inLanguage":"fr-FR","@id":"https:\/\/www.justiceinfo.net\/fr#\/schema\/logo\/image\/","url":"https:\/\/www.justiceinfo.net\/wp-content\/uploads\/justiceinfo_logo-trans_1200x1200px.png","contentUrl":"https:\/\/www.justiceinfo.net\/wp-content\/uploads\/justiceinfo_logo-trans_1200x1200px.png","width":1199,"height":1200,"caption":"Justice Info"},"image":{"@id":"https:\/\/www.justiceinfo.net\/fr#\/schema\/logo\/image\/"},"sameAs":["https:\/\/www.facebook.com\/JusticeInfo\/","https:\/\/x.com\/justiceinfonet","https:\/\/www.linkedin.com\/company\/justice-info","https:\/\/www.youtube.com\/channel\/UCyCEsARodyuWtkWyhn-e7pA"]},{"@type":"Person","name":"solivri","url":"\/fr\/?s=solivri"}]}},"_links":{"self":[{"href":"https:\/\/www.justiceinfo.net\/fr\/wp-json\/wp\/v2\/posts\/3653","targetHints":{"allow":["GET"]}}],"collection":[{"href":"https:\/\/www.justiceinfo.net\/fr\/wp-json\/wp\/v2\/posts"}],"about":[{"href":"https:\/\/www.justiceinfo.net\/fr\/wp-json\/wp\/v2\/types\/post"}],"author":[{"embeddable":true,"href":"https:\/\/www.justiceinfo.net\/fr\/wp-json\/wp\/v2\/users\/64"}],"replies":[{"embeddable":true,"href":"https:\/\/www.justiceinfo.net\/fr\/wp-json\/wp\/v2\/comments?post=3653"}],"version-history":[{"count":0,"href":"https:\/\/www.justiceinfo.net\/fr\/wp-json\/wp\/v2\/posts\/3653\/revisions"}],"wp:attachment":[{"href":"https:\/\/www.justiceinfo.net\/fr\/wp-json\/wp\/v2\/media?parent=3653"}],"wp:term":[{"taxonomy":"category","embeddable":true,"href":"https:\/\/www.justiceinfo.net\/fr\/wp-json\/wp\/v2\/categories?post=3653"},{"taxonomy":"post_tag","embeddable":true,"href":"https:\/\/www.justiceinfo.net\/fr\/wp-json\/wp\/v2\/tags?post=3653"},{"taxonomy":"ji_location","embeddable":true,"href":"https:\/\/www.justiceinfo.net\/fr\/wp-json\/wp\/v2\/ji_location?post=3653"}],"curies":[{"name":"wp","href":"https:\/\/api.w.org\/{rel}","templated":true}]}}