{"id":36559,"date":"2018-02-26T20:00:02","date_gmt":"2018-02-26T19:00:02","guid":{"rendered":"https:\/\/www.justiceinfo.net\/36559-l-onu-pessimiste-sur-l-avenir-du-burundi.html"},"modified":"2018-02-26T20:00:02","modified_gmt":"2018-02-26T19:00:02","slug":"l-onu-pessimiste-sur-l-avenir-du-burundi","status":"publish","type":"post","link":"https:\/\/www.justiceinfo.net\/fr\/36559-l-onu-pessimiste-sur-l-avenir-du-burundi.html","title":{"rendered":"L'ONU pessimiste sur l'avenir du Burundi"},"content":{"rendered":"<div class=\"content-excerpt\">\n<p>L'ONU a exprim\u00e9 lundi son pessimisme face \u00e0 l'avenir du Burundi, en crise depuis 2015, mettant en garde contre une aggravation de la situation avec un r\u00e9f\u00e9rendum pr\u00e9vu en mai qui permettrait au pr\u00e9sident Pierre Nkurunziza de rester au pouvoir jusqu'en 2034.<\/p>\n<\/div>\n<p>\"Ce pays reste un sujet de pr\u00e9occupation qui interpelle la communaut\u00e9 internationale\", a r\u00e9sum\u00e9 lors d'une r\u00e9union du Conseil de s\u00e9curit\u00e9 l'envoy\u00e9 sp\u00e9cial de l'ONU pour le Burundi, le Burkinab\u00e9 Michel Kafando.<\/p>\n<p>\"Il revient \u00e0 l'Union africaine de rester fortement engag\u00e9e en vue de l'aboutissement d'une m\u00e9diation\", a-t-il ajout\u00e9. Le responsable a aussi rejet\u00e9 les critiques burundaises sur l'implication de l'ONU pour aider \u00e0 r\u00e9soudre la crise, assurant qu'elle ne comportait ni \"ing\u00e9rence\", ni \"partialit\u00e9\".<\/p>\n<p>L'objectif des Nations unies, c'est de \"tirer la sonnette d'alarme\", a fait valoir l'envoy\u00e9 sp\u00e9cial, en \u00e9voquant les nombreuses difficult\u00e9s politiques, sociales et \u00e9conomiques travers\u00e9es par le pays.<\/p>\n<p>Le Burundi est en crise depuis que le pr\u00e9sident Nkurunziza a annonc\u00e9 en avril 2015 sa candidature \u00e0 un troisi\u00e8me mandat controvers\u00e9 et sa r\u00e9\u00e9lection en juillet de la m\u00eame ann\u00e9e. Le gouvernement rejette toute r\u00e9f\u00e9rence \u00e0 cette crise, estimant que le pays va bien.<\/p>\n<p>Un r\u00e9f\u00e9rendum constitutionnel controvers\u00e9, qui permettrait au pr\u00e9sident Nkurunziza de briguer \u00e0 partir de 2020 deux mandats de sept ans, est pr\u00e9vu en mai et des \u00e9lections g\u00e9n\u00e9rales en 2020.<\/p>\n<p>\"Seul le parti majoritaire et quelques autres formations politiques qui lui sont alli\u00e9es, peuvent mener des activit\u00e9s politiques sans entrave\", a relev\u00e9 Michel Kafando. \"La conjoncture \u00e9conomique est loin de s'am\u00e9liorer, en raison de la persistance de la situation politique. Or, un tel environnement ne peut \u00eatre propice \u00e0 l'organisation d'\u00e9lections cr\u00e9dibles\", a-t-il ajout\u00e9.<\/p>\n<p>Dans un r\u00e9cent rapport, le secr\u00e9taire g\u00e9n\u00e9ral de l'ONU, Antonio Guterres, avait critiqu\u00e9 la volont\u00e9 persistante des autorit\u00e9s burundaises de r\u00e9former la Constitution sans tenir compte des avis de l'opposition.<\/p>\n<h3>- 'Point mort' -<\/h3>\n<p>Plus de 5 millions de Burundais, soit plus qu'attendu, se sont inscrits sur les listes \u00e9lectorales pour ce r\u00e9f\u00e9rendum. L'opposition L'opposition a d\u00e9nonc\u00e9 des enr\u00f4lements forc\u00e9s.<\/p>\n<p>Lors des interventions de pays membres du Conseil de s\u00e9curit\u00e9, l'ambassadeur ivoirien, Bernard Tanoh-Boutchoue a fait part de sa \"pr\u00e9occupation\" face aux violations r\u00e9p\u00e9t\u00e9es des droits de l'Homme au Burundi. Il a invit\u00e9 le gouvernement \u00e0 \"un dialogue politique inclusif\".<\/p>\n<p>Son homologue \u00e9thiopien, Tekeda Alemu, a aussi soulign\u00e9 la n\u00e9cessit\u00e9 \"d'un grand consensus via un dialogue inclusif\". L'objectif doit \u00eatre de \"maintenir la stabilit\u00e9 pour une paix durable\", a fait valoir le diplomate.<\/p>\n<p>L'ambassadeur burundais \u00e0 l'ONU, Albert Shingiro, leur a r\u00e9pondu que le \"dialogue\" politique se \"poursuivait normalement\" dans son pays et \"n'\u00e9tait pas au point mort\".<\/p>\n<p>En appelant les investisseurs \u00e9conomiques \u00e0 se tourner \u00e0 nouveau vers son pays, Albert Shingiro a demand\u00e9 au Conseil de s\u00e9curit\u00e9 de l'ONU de retirer le Burundi de son \"agenda\". \"Car la situation dans (le) pays est globalement calme et ne pr\u00e9sente aucune menace \u00e0 la s\u00e9curit\u00e9 internationale\", a-t-il estim\u00e9.<\/p>\n<p>Les violences qui ont accompagn\u00e9 la crise auraient fait au moins 1.200 morts et d\u00e9plac\u00e9 plus de 400.000 personnes entre avril 2015 et mai 2017, selon les estimations de la Cour p\u00e9nale internationale (CPI), qui a ouvert une enqu\u00eate.<\/p>\n<p>Selon l'ONU, le tiers de la population du Burundi aura besoin d'une assistance humanitaire en 2018, soit une hausse de 20% sur une ann\u00e9e. Il faudrait au moins 141 millions de dollars pour y faire face, selon la m\u00eame source.<\/p>\n<p>Le Burundi est d\u00e9sormais class\u00e9 parmi les trois pays les plus pauvres du monde. Il traverse aussi une crise socio-\u00e9conomique caract\u00e9ris\u00e9e par un manque criant de devises, de r\u00e9guli\u00e8res p\u00e9nuries d'essence et des crises sanitaires ou alimentaires.<\/p>\n","protected":false},"excerpt":{"rendered":"<p>L'ONU a exprim\u00e9 lundi son pessimisme face \u00e0 l'avenir du Burundi, en crise depuis 2015, mettant en garde contre une aggravation de la situation avec un r\u00e9f\u00e9rendum pr\u00e9vu en mai qui permettrait au pr\u00e9sident Pierre Nkurunziza de rester au pouvoir jusqu'en 2034. \"Ce pays reste un sujet de pr\u00e9occupation qui interpelle la communaut\u00e9 internationale\", a [&hellip;]<\/p>\n","protected":false},"author":60,"featured_media":0,"comment_status":"open","ping_status":"closed","sticky":false,"template":"","format":"standard","meta":{"_acf_changed":false,"footnotes":""},"categories":[556],"tags":[],"ji_location":[2152],"class_list":["post-36559","post","type-post","status-publish","format-standard","hentry","category-divers","ji_location-burundi"],"acf":[],"yoast_head":"<!-- This site is optimized with the Yoast SEO Premium plugin v25.3.1 (Yoast SEO v25.3.1) - https:\/\/yoast.com\/wordpress\/plugins\/seo\/ -->\n<title>L&#039;ONU pessimiste sur l&#039;avenir du Burundi - JusticeInfo.net<\/title>\n<meta name=\"robots\" content=\"index, follow, max-snippet:-1, max-image-preview:large, max-video-preview:-1\" \/>\n<link rel=\"canonical\" href=\"https:\/\/www.justiceinfo.net\/fr\/36559-l-onu-pessimiste-sur-l-avenir-du-burundi.html\" \/>\n<meta property=\"og:locale\" content=\"fr_FR\" \/>\n<meta property=\"og:type\" content=\"article\" \/>\n<meta property=\"og:title\" content=\"L&#039;ONU pessimiste sur l&#039;avenir du Burundi\" \/>\n<meta property=\"og:description\" content=\"L&#039;ONU a exprim\u00e9 lundi son pessimisme face \u00e0 l&#039;avenir du Burundi, en crise depuis 2015, mettant en garde contre une aggravation de la situation avec un r\u00e9f\u00e9rendum pr\u00e9vu en mai qui permettrait au pr\u00e9sident Pierre Nkurunziza de rester au pouvoir jusqu&#039;en 2034. &quot;Ce pays reste un sujet de pr\u00e9occupation qui interpelle la communaut\u00e9 internationale&quot;, a [&hellip;]\" \/>\n<meta property=\"og:url\" content=\"https:\/\/www.justiceinfo.net\/fr\/36559-l-onu-pessimiste-sur-l-avenir-du-burundi.html\" \/>\n<meta property=\"og:site_name\" content=\"JusticeInfo.net\" \/>\n<meta property=\"article:publisher\" content=\"https:\/\/www.facebook.com\/JusticeInfo\/\" \/>\n<meta property=\"article:published_time\" content=\"2018-02-26T19:00:02+00:00\" \/>\n<meta property=\"og:image\" content=\"https:\/\/www.justiceinfo.net\/wp-content\/uploads\/JusticeInfoNet_logo_1200x630px.jpg\" \/>\n\t<meta property=\"og:image:width\" content=\"1200\" \/>\n\t<meta property=\"og:image:height\" content=\"630\" \/>\n\t<meta property=\"og:image:type\" content=\"image\/jpeg\" \/>\n<meta name=\"author\" content=\"AFP\" \/>\n<meta name=\"twitter:card\" content=\"summary_large_image\" \/>\n<meta name=\"twitter:creator\" content=\"@justiceinfonet\" \/>\n<meta name=\"twitter:site\" content=\"@justiceinfonet\" \/>\n<meta name=\"twitter:label1\" content=\"\u00c9crit par\" \/>\n\t<meta name=\"twitter:data1\" content=\"AFP\" \/>\n\t<meta name=\"twitter:label2\" content=\"Dur\u00e9e de lecture estim\u00e9e\" \/>\n\t<meta name=\"twitter:data2\" content=\"3 minutes\" \/>\n<script type=\"application\/ld+json\" class=\"yoast-schema-graph\">{\"@context\":\"https:\/\/schema.org\",\"@graph\":[{\"@type\":\"NewsArticle\",\"@id\":\"https:\/\/www.justiceinfo.net\/fr\/36559-l-onu-pessimiste-sur-l-avenir-du-burundi.html#article\",\"isPartOf\":{\"@id\":\"https:\/\/www.justiceinfo.net\/fr\/36559-l-onu-pessimiste-sur-l-avenir-du-burundi.html\"},\"author\":{\"name\":\"afp\",\"@id\":\"https:\/\/www.justiceinfo.net\/fr#\/schema\/person\/713d340ef5f218fc36ce9b4244364a7f\"},\"headline\":\"L'ONU pessimiste sur l'avenir du Burundi\",\"datePublished\":\"2018-02-26T19:00:02+00:00\",\"mainEntityOfPage\":{\"@id\":\"https:\/\/www.justiceinfo.net\/fr\/36559-l-onu-pessimiste-sur-l-avenir-du-burundi.html\"},\"wordCount\":682,\"commentCount\":0,\"publisher\":{\"@id\":\"https:\/\/www.justiceinfo.net\/fr#organization\"},\"articleSection\":[\"Divers\"],\"inLanguage\":\"fr-FR\",\"potentialAction\":[{\"@type\":\"CommentAction\",\"name\":\"Comment\",\"target\":[\"https:\/\/www.justiceinfo.net\/fr\/36559-l-onu-pessimiste-sur-l-avenir-du-burundi.html#respond\"]}]},{\"@type\":\"WebPage\",\"@id\":\"https:\/\/www.justiceinfo.net\/fr\/36559-l-onu-pessimiste-sur-l-avenir-du-burundi.html\",\"url\":\"https:\/\/www.justiceinfo.net\/fr\/36559-l-onu-pessimiste-sur-l-avenir-du-burundi.html\",\"name\":\"L'ONU pessimiste sur l'avenir du Burundi - JusticeInfo.net\",\"isPartOf\":{\"@id\":\"https:\/\/www.justiceinfo.net\/fr#website\"},\"datePublished\":\"2018-02-26T19:00:02+00:00\",\"breadcrumb\":{\"@id\":\"https:\/\/www.justiceinfo.net\/fr\/36559-l-onu-pessimiste-sur-l-avenir-du-burundi.html#breadcrumb\"},\"inLanguage\":\"fr-FR\",\"potentialAction\":[{\"@type\":\"ReadAction\",\"target\":[\"https:\/\/www.justiceinfo.net\/fr\/36559-l-onu-pessimiste-sur-l-avenir-du-burundi.html\"]}]},{\"@type\":\"BreadcrumbList\",\"@id\":\"https:\/\/www.justiceinfo.net\/fr\/36559-l-onu-pessimiste-sur-l-avenir-du-burundi.html#breadcrumb\",\"itemListElement\":[{\"@type\":\"ListItem\",\"position\":1,\"name\":\"Home\",\"item\":\"https:\/\/www.justiceinfo.net\/fr\"},{\"@type\":\"ListItem\",\"position\":2,\"name\":\"L'ONU pessimiste sur l'avenir du Burundi\"}]},{\"@type\":\"WebSite\",\"@id\":\"https:\/\/www.justiceinfo.net\/fr#website\",\"url\":\"https:\/\/www.justiceinfo.net\/fr\",\"name\":\"JusticeInfo.net\",\"description\":\"La justice doit \u00eatre vue pour \u00eatre rendue\",\"publisher\":{\"@id\":\"https:\/\/www.justiceinfo.net\/fr#organization\"},\"potentialAction\":[{\"@type\":\"SearchAction\",\"target\":{\"@type\":\"EntryPoint\",\"urlTemplate\":\"https:\/\/www.justiceinfo.net\/fr?s={search_term_string}\"},\"query-input\":{\"@type\":\"PropertyValueSpecification\",\"valueRequired\":true,\"valueName\":\"search_term_string\"}}],\"inLanguage\":\"fr-FR\"},{\"@type\":\"Organization\",\"@id\":\"https:\/\/www.justiceinfo.net\/fr#organization\",\"name\":\"Justice Info\",\"url\":\"https:\/\/www.justiceinfo.net\/fr\",\"logo\":{\"@type\":\"ImageObject\",\"inLanguage\":\"fr-FR\",\"@id\":\"https:\/\/www.justiceinfo.net\/fr#\/schema\/logo\/image\/\",\"url\":\"https:\/\/www.justiceinfo.net\/wp-content\/uploads\/justiceinfo_logo-trans_1200x1200px.png\",\"contentUrl\":\"https:\/\/www.justiceinfo.net\/wp-content\/uploads\/justiceinfo_logo-trans_1200x1200px.png\",\"width\":1199,\"height\":1200,\"caption\":\"Justice Info\"},\"image\":{\"@id\":\"https:\/\/www.justiceinfo.net\/fr#\/schema\/logo\/image\/\"},\"sameAs\":[\"https:\/\/www.facebook.com\/JusticeInfo\/\",\"https:\/\/x.com\/justiceinfonet\",\"https:\/\/www.linkedin.com\/company\/justice-info\",\"https:\/\/www.youtube.com\/channel\/UCyCEsARodyuWtkWyhn-e7pA\"]},{\"@type\":\"Person\",\"name\":\"AFP\",\"url\":\"\/fr\/?s=AFP\"}]}<\/script>\n<!-- \/ Yoast SEO Premium plugin. -->","yoast_head_json":{"title":"L'ONU pessimiste sur l'avenir du Burundi - JusticeInfo.net","robots":{"index":"index","follow":"follow","max-snippet":"max-snippet:-1","max-image-preview":"max-image-preview:large","max-video-preview":"max-video-preview:-1"},"canonical":"https:\/\/www.justiceinfo.net\/fr\/36559-l-onu-pessimiste-sur-l-avenir-du-burundi.html","og_locale":"fr_FR","og_type":"article","og_title":"L'ONU pessimiste sur l'avenir du Burundi","og_description":"L'ONU a exprim\u00e9 lundi son pessimisme face \u00e0 l'avenir du Burundi, en crise depuis 2015, mettant en garde contre une aggravation de la situation avec un r\u00e9f\u00e9rendum pr\u00e9vu en mai qui permettrait au pr\u00e9sident Pierre Nkurunziza de rester au pouvoir jusqu'en 2034. \"Ce pays reste un sujet de pr\u00e9occupation qui interpelle la communaut\u00e9 internationale\", a [&hellip;]","og_url":"https:\/\/www.justiceinfo.net\/fr\/36559-l-onu-pessimiste-sur-l-avenir-du-burundi.html","og_site_name":"JusticeInfo.net","article_publisher":"https:\/\/www.facebook.com\/JusticeInfo\/","article_published_time":"2018-02-26T19:00:02+00:00","og_image":[{"width":1200,"height":630,"url":"https:\/\/www.justiceinfo.net\/wp-content\/uploads\/JusticeInfoNet_logo_1200x630px.jpg","type":"image\/jpeg"}],"author":"AFP","twitter_card":"summary_large_image","twitter_creator":"@justiceinfonet","twitter_site":"@justiceinfonet","twitter_misc":{"\u00c9crit par":"AFP","Dur\u00e9e de lecture estim\u00e9e":"3 minutes"},"schema":{"@context":"https:\/\/schema.org","@graph":[{"@type":"NewsArticle","@id":"https:\/\/www.justiceinfo.net\/fr\/36559-l-onu-pessimiste-sur-l-avenir-du-burundi.html#article","isPartOf":{"@id":"https:\/\/www.justiceinfo.net\/fr\/36559-l-onu-pessimiste-sur-l-avenir-du-burundi.html"},"author":{"name":"afp","@id":"https:\/\/www.justiceinfo.net\/fr#\/schema\/person\/713d340ef5f218fc36ce9b4244364a7f"},"headline":"L'ONU pessimiste sur l'avenir du Burundi","datePublished":"2018-02-26T19:00:02+00:00","mainEntityOfPage":{"@id":"https:\/\/www.justiceinfo.net\/fr\/36559-l-onu-pessimiste-sur-l-avenir-du-burundi.html"},"wordCount":682,"commentCount":0,"publisher":{"@id":"https:\/\/www.justiceinfo.net\/fr#organization"},"articleSection":["Divers"],"inLanguage":"fr-FR","potentialAction":[{"@type":"CommentAction","name":"Comment","target":["https:\/\/www.justiceinfo.net\/fr\/36559-l-onu-pessimiste-sur-l-avenir-du-burundi.html#respond"]}]},{"@type":"WebPage","@id":"https:\/\/www.justiceinfo.net\/fr\/36559-l-onu-pessimiste-sur-l-avenir-du-burundi.html","url":"https:\/\/www.justiceinfo.net\/fr\/36559-l-onu-pessimiste-sur-l-avenir-du-burundi.html","name":"L'ONU pessimiste sur l'avenir du Burundi - JusticeInfo.net","isPartOf":{"@id":"https:\/\/www.justiceinfo.net\/fr#website"},"datePublished":"2018-02-26T19:00:02+00:00","breadcrumb":{"@id":"https:\/\/www.justiceinfo.net\/fr\/36559-l-onu-pessimiste-sur-l-avenir-du-burundi.html#breadcrumb"},"inLanguage":"fr-FR","potentialAction":[{"@type":"ReadAction","target":["https:\/\/www.justiceinfo.net\/fr\/36559-l-onu-pessimiste-sur-l-avenir-du-burundi.html"]}]},{"@type":"BreadcrumbList","@id":"https:\/\/www.justiceinfo.net\/fr\/36559-l-onu-pessimiste-sur-l-avenir-du-burundi.html#breadcrumb","itemListElement":[{"@type":"ListItem","position":1,"name":"Home","item":"https:\/\/www.justiceinfo.net\/fr"},{"@type":"ListItem","position":2,"name":"L'ONU pessimiste sur l'avenir du Burundi"}]},{"@type":"WebSite","@id":"https:\/\/www.justiceinfo.net\/fr#website","url":"https:\/\/www.justiceinfo.net\/fr","name":"JusticeInfo.net","description":"La justice doit \u00eatre vue pour \u00eatre rendue","publisher":{"@id":"https:\/\/www.justiceinfo.net\/fr#organization"},"potentialAction":[{"@type":"SearchAction","target":{"@type":"EntryPoint","urlTemplate":"https:\/\/www.justiceinfo.net\/fr?s={search_term_string}"},"query-input":{"@type":"PropertyValueSpecification","valueRequired":true,"valueName":"search_term_string"}}],"inLanguage":"fr-FR"},{"@type":"Organization","@id":"https:\/\/www.justiceinfo.net\/fr#organization","name":"Justice Info","url":"https:\/\/www.justiceinfo.net\/fr","logo":{"@type":"ImageObject","inLanguage":"fr-FR","@id":"https:\/\/www.justiceinfo.net\/fr#\/schema\/logo\/image\/","url":"https:\/\/www.justiceinfo.net\/wp-content\/uploads\/justiceinfo_logo-trans_1200x1200px.png","contentUrl":"https:\/\/www.justiceinfo.net\/wp-content\/uploads\/justiceinfo_logo-trans_1200x1200px.png","width":1199,"height":1200,"caption":"Justice Info"},"image":{"@id":"https:\/\/www.justiceinfo.net\/fr#\/schema\/logo\/image\/"},"sameAs":["https:\/\/www.facebook.com\/JusticeInfo\/","https:\/\/x.com\/justiceinfonet","https:\/\/www.linkedin.com\/company\/justice-info","https:\/\/www.youtube.com\/channel\/UCyCEsARodyuWtkWyhn-e7pA"]},{"@type":"Person","name":"AFP","url":"\/fr\/?s=AFP"}]}},"_links":{"self":[{"href":"https:\/\/www.justiceinfo.net\/fr\/wp-json\/wp\/v2\/posts\/36559","targetHints":{"allow":["GET"]}}],"collection":[{"href":"https:\/\/www.justiceinfo.net\/fr\/wp-json\/wp\/v2\/posts"}],"about":[{"href":"https:\/\/www.justiceinfo.net\/fr\/wp-json\/wp\/v2\/types\/post"}],"author":[{"embeddable":true,"href":"https:\/\/www.justiceinfo.net\/fr\/wp-json\/wp\/v2\/users\/60"}],"replies":[{"embeddable":true,"href":"https:\/\/www.justiceinfo.net\/fr\/wp-json\/wp\/v2\/comments?post=36559"}],"version-history":[{"count":0,"href":"https:\/\/www.justiceinfo.net\/fr\/wp-json\/wp\/v2\/posts\/36559\/revisions"}],"wp:attachment":[{"href":"https:\/\/www.justiceinfo.net\/fr\/wp-json\/wp\/v2\/media?parent=36559"}],"wp:term":[{"taxonomy":"category","embeddable":true,"href":"https:\/\/www.justiceinfo.net\/fr\/wp-json\/wp\/v2\/categories?post=36559"},{"taxonomy":"post_tag","embeddable":true,"href":"https:\/\/www.justiceinfo.net\/fr\/wp-json\/wp\/v2\/tags?post=36559"},{"taxonomy":"ji_location","embeddable":true,"href":"https:\/\/www.justiceinfo.net\/fr\/wp-json\/wp\/v2\/ji_location?post=36559"}],"curies":[{"name":"wp","href":"https:\/\/api.w.org\/{rel}","templated":true}]}}