{"id":3659,"date":"2008-04-02T06:13:56","date_gmt":"2008-04-02T04:13:56","guid":{"rendered":"https:\/\/www.justiceinfo.net\/3659-010408-afriquejustice-la-cour-africaine-de-justice-appelle-a-plus-de-ratifications-de-son-pr449.html"},"modified":"2008-04-02T06:13:56","modified_gmt":"2008-04-02T04:13:56","slug":"010408-afriquejustice-la-cour-africaine-de-justice-appelle-a-plus-de-ratifications-de-son-pr449","status":"publish","type":"post","link":"https:\/\/www.justiceinfo.net\/fr\/3659-010408-afriquejustice-la-cour-africaine-de-justice-appelle-a-plus-de-ratifications-de-son-pr449.html","title":{"rendered":"01.04.08 - AFRIQUE\/JUSTICE  - LA COUR AFRICAINE DE JUSTICE APPELLE A PLUS DE RATIFICATIONS DE SON PR"},"content":{"rendered":"<p  >\nArusha, 1er avril 2008 (FH) - Le pr\u00e9sident de la Cour africaine des droits de l\u2019homme et des peuples qui si\u00e8ge \u00e0 Arusha, le professeur G\u00e9rard Niyungeko, a appel\u00e9 les pays membres de l\u2019Union africaine \u00e0 ratifier rapidement le protocole cr\u00e9ant cette juridiction, la premi\u00e8re du genre au niveau continental.<br \/>\nLors d'une table ronde r\u00e9gionale centr\u00e9e sur la pertinence, les d\u00e9fis et les perspectives de cette Cour, G\u00e9rard Niyungeko a regrett\u00e9 la lenteur de la ratification de son protocole par les Etats.\n<\/p>\n<p><!--more--><\/p>\n<p  >\nCette table ronde, ouverte lundi jusqu'\u00e0 mercredi, a \u00e9t\u00e9 organis\u00e9e par le barreau des pays d\u2019Afrique de l\u2019Est avec l\u2019appui de l\u2019Open Society Initiative East Africa (OSIEA), la Swedish NGO Foundation (SNF) et la Commission internationale des juristes (CIJ). Elle regroupe des experts en droits de l\u2019homme, des juristes et des universitaires.<br \/>\n \u00ab Actuellement, sur les 53 pays membres de l\u2019Union africaine, seulement 24 d\u2019entre eux ont ratifi\u00e9 le protocole \u00bb, a d\u00e9clar\u00e9 G\u00e9rard Niyungeko. Parmi les premiers Etats qui ont ratifi\u00e9 ce protocole figure le Rwanda, un pays qui a connu un g\u00e9nocide en 1994. La Tanzanie l\u2019a ratifi\u00e9 en f\u00e9vrier 2006, ouvrant ainsi la voie \u00e0 ce qu\u2019elle soit choisie pour abriter le si\u00e8ge de la Cour.<br \/>\n Les autres pays qui ont fait de m\u00eame sont l\u2019Alg\u00e9rie, le Burkina Faso, le Burundi, la C\u00f4te d\u2019Ivoire, les Comores, le Kenya, le Gabon, la Gambie, le Ghana, la Libye et  le Lesotho. Figurent \u00e9galement sur cette liste Madagascar, le Mozambique, la Mauritanie, Maurice, le Nigeria, le Niger, l\u2019Afrique du Sud, le S\u00e9n\u00e9gal, le Togo, la Tunisie et l\u2019Ouganda.<br \/>\n Selon l\u2019article 34 (3), le protocole entre en vigueur apr\u00e8s avoir \u00e9t\u00e9 ratifi\u00e9 par au moins 15 pays.<br \/>\n G\u00e9rard Niyungeko a ajout\u00e9 qu\u2019il se posait \u00e9galement un probl\u00e8me de comp\u00e9tence de la Cour car il est difficile \u00e0 des individus ou des organisations non gouvernementales de lui adresser des plaintes.  Il  a, \u00e0 ce propos, indiqu\u00e9 qu\u2019il y avait un besoin urgent d\u2019adopter des amendements qui permettraient d\u2019\u00e9liminer ces difficult\u00e9s. Il a soulign\u00e9 que si rien n\u2019\u00e9tait fait, cela pourrait porter atteinte \u00e0 l\u2019efficacit\u00e9 de la Cour.<br \/>\n Le professeur Niyungeko a par ailleurs r\u00e9v\u00e9l\u00e9 que les discussions au sujet du R\u00e8glement de proc\u00e9dure de la Cour \u00e9taient termin\u00e9es. \u00ab La Cour esp\u00e8re  qu\u2019elle sera pr\u00eate \u00e0 recevoir des requ\u00eates en vue d\u2019un arbitrage dans les prochains mois \u00bb, a-t-il soulign\u00e9. La Cour, contrairement aux autres organes de l\u2019Union africaine, est habilit\u00e9e \u00e0 rendre des jugements qui lient les parties.<br \/>\nLa Cour a \u00e9t\u00e9 institu\u00e9e par un protocole adopt\u00e9 par les pays membres de l\u2019ancienne Organisation de l\u2019unit\u00e9 africaine (OUA) r\u00e9unis \u00e0 Ouagadougou au Burkina Faso en juin 1998. Le protocole est entr\u00e9 en vigueur en janvier 2004.<br \/>\nLa cour a commenc\u00e9 ses activit\u00e9s en novembre 2006 \u00e0 Addis Abbeba en Ethiopie. Elle s\u2019est install\u00e9e \u00e0 Arusha dans le nord de la Tanzanie en ao\u00fbt 2007. Seul le pr\u00e9sident a un statut de juge permanent. Les dix autres juges travaillent \u00e0 mi-temps.<br \/>\nSC\/AT\/GF<\/p>\n","protected":false},"excerpt":{"rendered":"<p>Arusha, 1er avril 2008 (FH) - Le pr\u00e9sident de la Cour africaine des droits de l\u2019homme et des peuples qui si\u00e8ge \u00e0 Arusha, le professeur G\u00e9rard Niyungeko, a appel\u00e9 les pays membres de l\u2019Union africaine \u00e0 ratifier rapidement le protocole cr\u00e9ant cette juridiction, la premi\u00e8re du genre au niveau continental. Lors d'une table ronde r\u00e9gionale [&hellip;]<\/p>\n","protected":false},"author":64,"featured_media":0,"comment_status":"open","ping_status":"closed","sticky":false,"template":"","format":"standard","meta":{"_acf_changed":false,"footnotes":""},"categories":[554],"tags":[],"ji_location":[],"class_list":["post-3659","post","type-post","status-publish","format-standard","hentry","category-hirondellenews"],"acf":[],"yoast_head":"<!-- This site is optimized with the Yoast SEO Premium plugin v25.3.1 (Yoast SEO v25.3.1) - https:\/\/yoast.com\/wordpress\/plugins\/seo\/ -->\n<title>01.04.08 - AFRIQUE\/JUSTICE - LA COUR AFRICAINE DE JUSTICE APPELLE A PLUS DE RATIFICATIONS DE SON PR - JusticeInfo.net<\/title>\n<meta name=\"robots\" content=\"index, follow, max-snippet:-1, max-image-preview:large, max-video-preview:-1\" \/>\n<link rel=\"canonical\" href=\"https:\/\/www.justiceinfo.net\/fr\/3659-010408-afriquejustice-la-cour-africaine-de-justice-appelle-a-plus-de-ratifications-de-son-pr449.html\" \/>\n<meta property=\"og:locale\" content=\"fr_FR\" \/>\n<meta property=\"og:type\" content=\"article\" \/>\n<meta property=\"og:title\" content=\"01.04.08 - AFRIQUE\/JUSTICE - LA COUR AFRICAINE DE JUSTICE APPELLE A PLUS DE RATIFICATIONS DE SON PR\" \/>\n<meta property=\"og:description\" content=\"Arusha, 1er avril 2008 (FH) - Le pr\u00e9sident de la Cour africaine des droits de l\u2019homme et des peuples qui si\u00e8ge \u00e0 Arusha, le professeur G\u00e9rard Niyungeko, a appel\u00e9 les pays membres de l\u2019Union africaine \u00e0 ratifier rapidement le protocole cr\u00e9ant cette juridiction, la premi\u00e8re du genre au niveau continental. Lors d&#039;une table ronde r\u00e9gionale [&hellip;]\" \/>\n<meta property=\"og:url\" content=\"https:\/\/www.justiceinfo.net\/fr\/3659-010408-afriquejustice-la-cour-africaine-de-justice-appelle-a-plus-de-ratifications-de-son-pr449.html\" \/>\n<meta property=\"og:site_name\" content=\"JusticeInfo.net\" \/>\n<meta property=\"article:publisher\" content=\"https:\/\/www.facebook.com\/JusticeInfo\/\" \/>\n<meta property=\"article:published_time\" content=\"2008-04-02T04:13:56+00:00\" \/>\n<meta property=\"og:image\" content=\"https:\/\/www.justiceinfo.net\/wp-content\/uploads\/JusticeInfoNet_logo_1200x630px.jpg\" \/>\n\t<meta property=\"og:image:width\" content=\"1200\" \/>\n\t<meta property=\"og:image:height\" content=\"630\" \/>\n\t<meta property=\"og:image:type\" content=\"image\/jpeg\" \/>\n<meta name=\"author\" content=\"solivri\" \/>\n<meta name=\"twitter:card\" content=\"summary_large_image\" \/>\n<meta name=\"twitter:creator\" content=\"@justiceinfonet\" \/>\n<meta name=\"twitter:site\" content=\"@justiceinfonet\" \/>\n<meta name=\"twitter:label1\" content=\"\u00c9crit par\" \/>\n\t<meta name=\"twitter:data1\" content=\"solivri\" \/>\n\t<meta name=\"twitter:label2\" content=\"Dur\u00e9e de lecture estim\u00e9e\" \/>\n\t<meta name=\"twitter:data2\" content=\"3 minutes\" \/>\n<script type=\"application\/ld+json\" class=\"yoast-schema-graph\">{\"@context\":\"https:\/\/schema.org\",\"@graph\":[{\"@type\":\"NewsArticle\",\"@id\":\"https:\/\/www.justiceinfo.net\/fr\/3659-010408-afriquejustice-la-cour-africaine-de-justice-appelle-a-plus-de-ratifications-de-son-pr449.html#article\",\"isPartOf\":{\"@id\":\"https:\/\/www.justiceinfo.net\/fr\/3659-010408-afriquejustice-la-cour-africaine-de-justice-appelle-a-plus-de-ratifications-de-son-pr449.html\"},\"author\":{\"name\":\"solivri\",\"@id\":\"https:\/\/www.justiceinfo.net\/fr#\/schema\/person\/6e53cba1629e2e66f3fc1821d3091865\"},\"headline\":\"01.04.08 - AFRIQUE\/JUSTICE - LA COUR AFRICAINE DE JUSTICE APPELLE A PLUS DE RATIFICATIONS DE SON PR\",\"datePublished\":\"2008-04-02T04:13:56+00:00\",\"mainEntityOfPage\":{\"@id\":\"https:\/\/www.justiceinfo.net\/fr\/3659-010408-afriquejustice-la-cour-africaine-de-justice-appelle-a-plus-de-ratifications-de-son-pr449.html\"},\"wordCount\":552,\"commentCount\":0,\"publisher\":{\"@id\":\"https:\/\/www.justiceinfo.net\/fr#organization\"},\"articleSection\":[\"Hirondelle News\"],\"inLanguage\":\"fr-FR\",\"potentialAction\":[{\"@type\":\"CommentAction\",\"name\":\"Comment\",\"target\":[\"https:\/\/www.justiceinfo.net\/fr\/3659-010408-afriquejustice-la-cour-africaine-de-justice-appelle-a-plus-de-ratifications-de-son-pr449.html#respond\"]}]},{\"@type\":\"WebPage\",\"@id\":\"https:\/\/www.justiceinfo.net\/fr\/3659-010408-afriquejustice-la-cour-africaine-de-justice-appelle-a-plus-de-ratifications-de-son-pr449.html\",\"url\":\"https:\/\/www.justiceinfo.net\/fr\/3659-010408-afriquejustice-la-cour-africaine-de-justice-appelle-a-plus-de-ratifications-de-son-pr449.html\",\"name\":\"01.04.08 - AFRIQUE\/JUSTICE - LA COUR AFRICAINE DE JUSTICE APPELLE A PLUS DE RATIFICATIONS DE SON PR - JusticeInfo.net\",\"isPartOf\":{\"@id\":\"https:\/\/www.justiceinfo.net\/fr#website\"},\"datePublished\":\"2008-04-02T04:13:56+00:00\",\"breadcrumb\":{\"@id\":\"https:\/\/www.justiceinfo.net\/fr\/3659-010408-afriquejustice-la-cour-africaine-de-justice-appelle-a-plus-de-ratifications-de-son-pr449.html#breadcrumb\"},\"inLanguage\":\"fr-FR\",\"potentialAction\":[{\"@type\":\"ReadAction\",\"target\":[\"https:\/\/www.justiceinfo.net\/fr\/3659-010408-afriquejustice-la-cour-africaine-de-justice-appelle-a-plus-de-ratifications-de-son-pr449.html\"]}]},{\"@type\":\"BreadcrumbList\",\"@id\":\"https:\/\/www.justiceinfo.net\/fr\/3659-010408-afriquejustice-la-cour-africaine-de-justice-appelle-a-plus-de-ratifications-de-son-pr449.html#breadcrumb\",\"itemListElement\":[{\"@type\":\"ListItem\",\"position\":1,\"name\":\"Home\",\"item\":\"https:\/\/www.justiceinfo.net\/fr\"},{\"@type\":\"ListItem\",\"position\":2,\"name\":\"01.04.08 - AFRIQUE\/JUSTICE - LA COUR AFRICAINE DE JUSTICE APPELLE A PLUS DE RATIFICATIONS DE SON PR\"}]},{\"@type\":\"WebSite\",\"@id\":\"https:\/\/www.justiceinfo.net\/fr#website\",\"url\":\"https:\/\/www.justiceinfo.net\/fr\",\"name\":\"JusticeInfo.net\",\"description\":\"La justice doit \u00eatre vue pour \u00eatre rendue\",\"publisher\":{\"@id\":\"https:\/\/www.justiceinfo.net\/fr#organization\"},\"potentialAction\":[{\"@type\":\"SearchAction\",\"target\":{\"@type\":\"EntryPoint\",\"urlTemplate\":\"https:\/\/www.justiceinfo.net\/fr?s={search_term_string}\"},\"query-input\":{\"@type\":\"PropertyValueSpecification\",\"valueRequired\":true,\"valueName\":\"search_term_string\"}}],\"inLanguage\":\"fr-FR\"},{\"@type\":\"Organization\",\"@id\":\"https:\/\/www.justiceinfo.net\/fr#organization\",\"name\":\"Justice Info\",\"url\":\"https:\/\/www.justiceinfo.net\/fr\",\"logo\":{\"@type\":\"ImageObject\",\"inLanguage\":\"fr-FR\",\"@id\":\"https:\/\/www.justiceinfo.net\/fr#\/schema\/logo\/image\/\",\"url\":\"https:\/\/www.justiceinfo.net\/wp-content\/uploads\/justiceinfo_logo-trans_1200x1200px.png\",\"contentUrl\":\"https:\/\/www.justiceinfo.net\/wp-content\/uploads\/justiceinfo_logo-trans_1200x1200px.png\",\"width\":1199,\"height\":1200,\"caption\":\"Justice Info\"},\"image\":{\"@id\":\"https:\/\/www.justiceinfo.net\/fr#\/schema\/logo\/image\/\"},\"sameAs\":[\"https:\/\/www.facebook.com\/JusticeInfo\/\",\"https:\/\/x.com\/justiceinfonet\",\"https:\/\/www.linkedin.com\/company\/justice-info\",\"https:\/\/www.youtube.com\/channel\/UCyCEsARodyuWtkWyhn-e7pA\"]},{\"@type\":\"Person\",\"name\":\"solivri\",\"url\":\"\/fr\/?s=solivri\"}]}<\/script>\n<!-- \/ Yoast SEO Premium plugin. -->","yoast_head_json":{"title":"01.04.08 - AFRIQUE\/JUSTICE - LA COUR AFRICAINE DE JUSTICE APPELLE A PLUS DE RATIFICATIONS DE SON PR - JusticeInfo.net","robots":{"index":"index","follow":"follow","max-snippet":"max-snippet:-1","max-image-preview":"max-image-preview:large","max-video-preview":"max-video-preview:-1"},"canonical":"https:\/\/www.justiceinfo.net\/fr\/3659-010408-afriquejustice-la-cour-africaine-de-justice-appelle-a-plus-de-ratifications-de-son-pr449.html","og_locale":"fr_FR","og_type":"article","og_title":"01.04.08 - AFRIQUE\/JUSTICE - LA COUR AFRICAINE DE JUSTICE APPELLE A PLUS DE RATIFICATIONS DE SON PR","og_description":"Arusha, 1er avril 2008 (FH) - Le pr\u00e9sident de la Cour africaine des droits de l\u2019homme et des peuples qui si\u00e8ge \u00e0 Arusha, le professeur G\u00e9rard Niyungeko, a appel\u00e9 les pays membres de l\u2019Union africaine \u00e0 ratifier rapidement le protocole cr\u00e9ant cette juridiction, la premi\u00e8re du genre au niveau continental. Lors d'une table ronde r\u00e9gionale [&hellip;]","og_url":"https:\/\/www.justiceinfo.net\/fr\/3659-010408-afriquejustice-la-cour-africaine-de-justice-appelle-a-plus-de-ratifications-de-son-pr449.html","og_site_name":"JusticeInfo.net","article_publisher":"https:\/\/www.facebook.com\/JusticeInfo\/","article_published_time":"2008-04-02T04:13:56+00:00","og_image":[{"width":1200,"height":630,"url":"https:\/\/www.justiceinfo.net\/wp-content\/uploads\/JusticeInfoNet_logo_1200x630px.jpg","type":"image\/jpeg"}],"author":"solivri","twitter_card":"summary_large_image","twitter_creator":"@justiceinfonet","twitter_site":"@justiceinfonet","twitter_misc":{"\u00c9crit par":"solivri","Dur\u00e9e de lecture estim\u00e9e":"3 minutes"},"schema":{"@context":"https:\/\/schema.org","@graph":[{"@type":"NewsArticle","@id":"https:\/\/www.justiceinfo.net\/fr\/3659-010408-afriquejustice-la-cour-africaine-de-justice-appelle-a-plus-de-ratifications-de-son-pr449.html#article","isPartOf":{"@id":"https:\/\/www.justiceinfo.net\/fr\/3659-010408-afriquejustice-la-cour-africaine-de-justice-appelle-a-plus-de-ratifications-de-son-pr449.html"},"author":{"name":"solivri","@id":"https:\/\/www.justiceinfo.net\/fr#\/schema\/person\/6e53cba1629e2e66f3fc1821d3091865"},"headline":"01.04.08 - AFRIQUE\/JUSTICE - LA COUR AFRICAINE DE JUSTICE APPELLE A PLUS DE RATIFICATIONS DE SON PR","datePublished":"2008-04-02T04:13:56+00:00","mainEntityOfPage":{"@id":"https:\/\/www.justiceinfo.net\/fr\/3659-010408-afriquejustice-la-cour-africaine-de-justice-appelle-a-plus-de-ratifications-de-son-pr449.html"},"wordCount":552,"commentCount":0,"publisher":{"@id":"https:\/\/www.justiceinfo.net\/fr#organization"},"articleSection":["Hirondelle News"],"inLanguage":"fr-FR","potentialAction":[{"@type":"CommentAction","name":"Comment","target":["https:\/\/www.justiceinfo.net\/fr\/3659-010408-afriquejustice-la-cour-africaine-de-justice-appelle-a-plus-de-ratifications-de-son-pr449.html#respond"]}]},{"@type":"WebPage","@id":"https:\/\/www.justiceinfo.net\/fr\/3659-010408-afriquejustice-la-cour-africaine-de-justice-appelle-a-plus-de-ratifications-de-son-pr449.html","url":"https:\/\/www.justiceinfo.net\/fr\/3659-010408-afriquejustice-la-cour-africaine-de-justice-appelle-a-plus-de-ratifications-de-son-pr449.html","name":"01.04.08 - AFRIQUE\/JUSTICE - LA COUR AFRICAINE DE JUSTICE APPELLE A PLUS DE RATIFICATIONS DE SON PR - JusticeInfo.net","isPartOf":{"@id":"https:\/\/www.justiceinfo.net\/fr#website"},"datePublished":"2008-04-02T04:13:56+00:00","breadcrumb":{"@id":"https:\/\/www.justiceinfo.net\/fr\/3659-010408-afriquejustice-la-cour-africaine-de-justice-appelle-a-plus-de-ratifications-de-son-pr449.html#breadcrumb"},"inLanguage":"fr-FR","potentialAction":[{"@type":"ReadAction","target":["https:\/\/www.justiceinfo.net\/fr\/3659-010408-afriquejustice-la-cour-africaine-de-justice-appelle-a-plus-de-ratifications-de-son-pr449.html"]}]},{"@type":"BreadcrumbList","@id":"https:\/\/www.justiceinfo.net\/fr\/3659-010408-afriquejustice-la-cour-africaine-de-justice-appelle-a-plus-de-ratifications-de-son-pr449.html#breadcrumb","itemListElement":[{"@type":"ListItem","position":1,"name":"Home","item":"https:\/\/www.justiceinfo.net\/fr"},{"@type":"ListItem","position":2,"name":"01.04.08 - AFRIQUE\/JUSTICE - LA COUR AFRICAINE DE JUSTICE APPELLE A PLUS DE RATIFICATIONS DE SON PR"}]},{"@type":"WebSite","@id":"https:\/\/www.justiceinfo.net\/fr#website","url":"https:\/\/www.justiceinfo.net\/fr","name":"JusticeInfo.net","description":"La justice doit \u00eatre vue pour \u00eatre rendue","publisher":{"@id":"https:\/\/www.justiceinfo.net\/fr#organization"},"potentialAction":[{"@type":"SearchAction","target":{"@type":"EntryPoint","urlTemplate":"https:\/\/www.justiceinfo.net\/fr?s={search_term_string}"},"query-input":{"@type":"PropertyValueSpecification","valueRequired":true,"valueName":"search_term_string"}}],"inLanguage":"fr-FR"},{"@type":"Organization","@id":"https:\/\/www.justiceinfo.net\/fr#organization","name":"Justice Info","url":"https:\/\/www.justiceinfo.net\/fr","logo":{"@type":"ImageObject","inLanguage":"fr-FR","@id":"https:\/\/www.justiceinfo.net\/fr#\/schema\/logo\/image\/","url":"https:\/\/www.justiceinfo.net\/wp-content\/uploads\/justiceinfo_logo-trans_1200x1200px.png","contentUrl":"https:\/\/www.justiceinfo.net\/wp-content\/uploads\/justiceinfo_logo-trans_1200x1200px.png","width":1199,"height":1200,"caption":"Justice Info"},"image":{"@id":"https:\/\/www.justiceinfo.net\/fr#\/schema\/logo\/image\/"},"sameAs":["https:\/\/www.facebook.com\/JusticeInfo\/","https:\/\/x.com\/justiceinfonet","https:\/\/www.linkedin.com\/company\/justice-info","https:\/\/www.youtube.com\/channel\/UCyCEsARodyuWtkWyhn-e7pA"]},{"@type":"Person","name":"solivri","url":"\/fr\/?s=solivri"}]}},"_links":{"self":[{"href":"https:\/\/www.justiceinfo.net\/fr\/wp-json\/wp\/v2\/posts\/3659","targetHints":{"allow":["GET"]}}],"collection":[{"href":"https:\/\/www.justiceinfo.net\/fr\/wp-json\/wp\/v2\/posts"}],"about":[{"href":"https:\/\/www.justiceinfo.net\/fr\/wp-json\/wp\/v2\/types\/post"}],"author":[{"embeddable":true,"href":"https:\/\/www.justiceinfo.net\/fr\/wp-json\/wp\/v2\/users\/64"}],"replies":[{"embeddable":true,"href":"https:\/\/www.justiceinfo.net\/fr\/wp-json\/wp\/v2\/comments?post=3659"}],"version-history":[{"count":0,"href":"https:\/\/www.justiceinfo.net\/fr\/wp-json\/wp\/v2\/posts\/3659\/revisions"}],"wp:attachment":[{"href":"https:\/\/www.justiceinfo.net\/fr\/wp-json\/wp\/v2\/media?parent=3659"}],"wp:term":[{"taxonomy":"category","embeddable":true,"href":"https:\/\/www.justiceinfo.net\/fr\/wp-json\/wp\/v2\/categories?post=3659"},{"taxonomy":"post_tag","embeddable":true,"href":"https:\/\/www.justiceinfo.net\/fr\/wp-json\/wp\/v2\/tags?post=3659"},{"taxonomy":"ji_location","embeddable":true,"href":"https:\/\/www.justiceinfo.net\/fr\/wp-json\/wp\/v2\/ji_location?post=3659"}],"curies":[{"name":"wp","href":"https:\/\/api.w.org\/{rel}","templated":true}]}}