{"id":3663,"date":"2008-04-02T06:08:22","date_gmt":"2008-04-02T04:08:22","guid":{"rendered":"https:\/\/www.justiceinfo.net\/3663-010408-tpiragenda-ouverture-en-avril-des-debats-sur-les-tranferts-daccuses-au-rwanda453.html"},"modified":"2008-04-02T06:08:22","modified_gmt":"2008-04-02T04:08:22","slug":"010408-tpiragenda-ouverture-en-avril-des-debats-sur-les-tranferts-daccuses-au-rwanda453","status":"publish","type":"post","link":"https:\/\/www.justiceinfo.net\/fr\/3663-010408-tpiragenda-ouverture-en-avril-des-debats-sur-les-tranferts-daccuses-au-rwanda453.html","title":{"rendered":"01.04.08 - TPIR\/AGENDA  - OUVERTURE EN AVRIL DES DEBATS SUR LES TRANFERTS D\u2019ACCUSES AU RWANDA"},"content":{"rendered":"<p  >\nArusha, 1er avril 2008 (FH) - Les d\u00e9bats tr\u00e8s attendus sur les transferts vers Kigali d\u2019accus\u00e9s du Tribunal p\u00e9nal international pour le Rwanda (TPIR) s\u2019ouvriront au mois d\u2019avril.<br \/>\nLa premi\u00e8re audience a \u00e9t\u00e9 fix\u00e9e le 24 avril.\n<\/p>\n<p><!--more--><\/p>\n<p  >\nElle concerne l\u2019affaire Yussuf Munyakazi, l\u2019un des cinq accus\u00e9s dont le procureur demande qu\u2019ils soient jug\u00e9s au Rwanda.<br \/>\nMunyakazi, 73 ans, \u00e9tait un homme d\u2019affaires en 1994. Il lui est reproch\u00e9 d\u2019avoir dirig\u00e9 une milice qui a commis des massacres de Tutsis, notamment dans sa r\u00e9gion natale de Cyangugu (sud-ouest). Il plaide non coupable.<br \/>\nA part le procureur et l\u2019accus\u00e9, les juges entendront comme \u00ab amis de la cour \u00bb le gouvernement rwandais, le barreau de Kigali, Human Rights Watch, une organisation de d\u00e9fense des droits de l\u2019homme bas\u00e9e \u00e0 New York ainsi que l\u2019Association internationale des avocats de la d\u00e9fense (International Criminal Defence Attorneys Association).<br \/>\nQuelle qu'elle soit, la d\u00e9cision de la chambre sera in\u00e9vitablement suivie d'un appel. La confirmation ou l'infirmation de ces transferts, vitaux pour la \"strat\u00e9gie d'ach\u00e8vement\" du tribunal ne sera donc connue qu'\u00e0 l'automne prochain, trois mois avant la fin programm\u00e9e des proc\u00e8s en premi\u00e8re instance \u00e0 Arusha. Cette requ\u00eate a \u00e9t\u00e9 d\u00e9pos\u00e9e en septembre dernier.<br \/>\nOutre Munyakazi, les accus\u00e9s vis\u00e9s par des demandes de transfert vers le Rwanda sont le lieutenant Ildephonse Hategekimana, l\u2019ex-homme d\u2019affaires Gaspard Kanyarukiga, l\u2019ancien maire Jean- Baptiste Gatete et l\u2019ex-Inspecteur de police judiciaire (IPJ), Fulgence Kayishema. Ce dernier est en fuite.<br \/>\nFaute d'information officielle sur le programme du mois \u00e0 venir, ll semble que le tribunal ait par ailleurs programm\u00e9 plusieurs proc\u00e8s qui sont \u00e0 diff\u00e9rents stades de la proc\u00e9dure.<br \/>\nLe 7 avril, trois anciens politiciens en proc\u00e8s depuis septembre 2005 devraient commencer leur d\u00e9fense. Il s\u2019agit de Mathieu Ngirumpatse, Edouard Karemera et Joseph Nzirorera, respectivement pr\u00e9sident, vice-pr\u00e9sident et secr\u00e9taire g\u00e9n\u00e9ral de l\u2019ex-parti au pouvoir. Les trois hommes sont d\u00e9tenus depuis pr\u00e9s de dix ans.<br \/>\nLa chambre saisie de cette affaire estime que les d\u00e9bats se poursuivront au-del\u00e0 du 31 d\u00e9cembre 2008, date pr\u00e9vue pour la fin de tous les proc\u00e8s en premi\u00e8re instance.<br \/>\nLe 14 avril, les d\u00e9bats reprendront dans trois proc\u00e8s collectifs, d\u00e9j\u00e0 au stade de la pr\u00e9sentation des t\u00e9moins \u00e0 d\u00e9charge. Il s\u2019agit des proc\u00e8s Butare, Gouvernement II et Militaires II.<br \/>\nButare concerne six accus\u00e9s originaires de cette r\u00e9gion m\u00e9ridionale du pays, dont l\u2019unique femme d\u00e9tenue par le TPIR, l\u2019ancienne ministre de la famille et de la promotion f\u00e9minine Pauline Nyiramasuhuko. Ce proc\u00e8s a commenc\u00e9 en juin 2001.<br \/>\nDans Gouvernement II comparaissent quatre anciens ministres et dans Militaires II quatre officiers dont deux g\u00e9n\u00e9raux. Gouvernement II est en cours depuis novembre 2003 et Militaires II depuis septembre 2004.<br \/>\nLe tribunal pr\u00e9voit par ailleurs un d\u00e9placement au Rwanda dans le cadre du proc\u00e8s de Simon Bikindi, un musicien de renom accus\u00e9 d\u2019avoir incit\u00e9 au g\u00e9nocide des Tutsis par le biais de ses chansons. Il aura lieu du 14 au 18 avril. Les juges ont, jusqu'\u00e0 date, effectu\u00e9 6 visites de ce genre au Rwanda.<br \/>\nAT\/PB\/GF<\/p>\n","protected":false},"excerpt":{"rendered":"<p>Arusha, 1er avril 2008 (FH) - Les d\u00e9bats tr\u00e8s attendus sur les transferts vers Kigali d\u2019accus\u00e9s du Tribunal p\u00e9nal international pour le Rwanda (TPIR) s\u2019ouvriront au mois d\u2019avril. La premi\u00e8re audience a \u00e9t\u00e9 fix\u00e9e le 24 avril.<\/p>\n","protected":false},"author":64,"featured_media":0,"comment_status":"open","ping_status":"closed","sticky":false,"template":"","format":"standard","meta":{"_acf_changed":false,"footnotes":""},"categories":[554],"tags":[],"ji_location":[],"class_list":["post-3663","post","type-post","status-publish","format-standard","hentry","category-hirondellenews"],"acf":[],"yoast_head":"<!-- This site is optimized with the Yoast SEO Premium plugin v25.3.1 (Yoast SEO v25.3.1) - https:\/\/yoast.com\/wordpress\/plugins\/seo\/ -->\n<title>01.04.08 - TPIR\/AGENDA - OUVERTURE EN AVRIL DES DEBATS SUR LES TRANFERTS D\u2019ACCUSES AU RWANDA - JusticeInfo.net<\/title>\n<meta name=\"robots\" content=\"index, follow, max-snippet:-1, max-image-preview:large, max-video-preview:-1\" \/>\n<link rel=\"canonical\" href=\"https:\/\/www.justiceinfo.net\/fr\/3663-010408-tpiragenda-ouverture-en-avril-des-debats-sur-les-tranferts-daccuses-au-rwanda453.html\" \/>\n<meta property=\"og:locale\" content=\"fr_FR\" \/>\n<meta property=\"og:type\" content=\"article\" \/>\n<meta property=\"og:title\" content=\"01.04.08 - TPIR\/AGENDA - OUVERTURE EN AVRIL DES DEBATS SUR LES TRANFERTS D\u2019ACCUSES AU RWANDA\" \/>\n<meta property=\"og:description\" content=\"Arusha, 1er avril 2008 (FH) - Les d\u00e9bats tr\u00e8s attendus sur les transferts vers Kigali d\u2019accus\u00e9s du Tribunal p\u00e9nal international pour le Rwanda (TPIR) s\u2019ouvriront au mois d\u2019avril. La premi\u00e8re audience a \u00e9t\u00e9 fix\u00e9e le 24 avril.\" \/>\n<meta property=\"og:url\" content=\"https:\/\/www.justiceinfo.net\/fr\/3663-010408-tpiragenda-ouverture-en-avril-des-debats-sur-les-tranferts-daccuses-au-rwanda453.html\" \/>\n<meta property=\"og:site_name\" content=\"JusticeInfo.net\" \/>\n<meta property=\"article:publisher\" content=\"https:\/\/www.facebook.com\/JusticeInfo\/\" \/>\n<meta property=\"article:published_time\" content=\"2008-04-02T04:08:22+00:00\" \/>\n<meta property=\"og:image\" content=\"https:\/\/www.justiceinfo.net\/wp-content\/uploads\/JusticeInfoNet_logo_1200x630px.jpg\" \/>\n\t<meta property=\"og:image:width\" content=\"1200\" \/>\n\t<meta property=\"og:image:height\" content=\"630\" \/>\n\t<meta property=\"og:image:type\" content=\"image\/jpeg\" \/>\n<meta name=\"author\" content=\"solivri\" \/>\n<meta name=\"twitter:card\" content=\"summary_large_image\" \/>\n<meta name=\"twitter:creator\" content=\"@justiceinfonet\" \/>\n<meta name=\"twitter:site\" content=\"@justiceinfonet\" \/>\n<meta name=\"twitter:label1\" content=\"\u00c9crit par\" \/>\n\t<meta name=\"twitter:data1\" content=\"solivri\" \/>\n\t<meta name=\"twitter:label2\" content=\"Dur\u00e9e de lecture estim\u00e9e\" \/>\n\t<meta name=\"twitter:data2\" content=\"3 minutes\" \/>\n<script type=\"application\/ld+json\" class=\"yoast-schema-graph\">{\"@context\":\"https:\/\/schema.org\",\"@graph\":[{\"@type\":\"NewsArticle\",\"@id\":\"https:\/\/www.justiceinfo.net\/fr\/3663-010408-tpiragenda-ouverture-en-avril-des-debats-sur-les-tranferts-daccuses-au-rwanda453.html#article\",\"isPartOf\":{\"@id\":\"https:\/\/www.justiceinfo.net\/fr\/3663-010408-tpiragenda-ouverture-en-avril-des-debats-sur-les-tranferts-daccuses-au-rwanda453.html\"},\"author\":{\"name\":\"solivri\",\"@id\":\"https:\/\/www.justiceinfo.net\/fr#\/schema\/person\/6e53cba1629e2e66f3fc1821d3091865\"},\"headline\":\"01.04.08 - TPIR\/AGENDA - OUVERTURE EN AVRIL DES DEBATS SUR LES TRANFERTS D\u2019ACCUSES AU RWANDA\",\"datePublished\":\"2008-04-02T04:08:22+00:00\",\"mainEntityOfPage\":{\"@id\":\"https:\/\/www.justiceinfo.net\/fr\/3663-010408-tpiragenda-ouverture-en-avril-des-debats-sur-les-tranferts-daccuses-au-rwanda453.html\"},\"wordCount\":577,\"commentCount\":0,\"publisher\":{\"@id\":\"https:\/\/www.justiceinfo.net\/fr#organization\"},\"articleSection\":[\"Hirondelle News\"],\"inLanguage\":\"fr-FR\",\"potentialAction\":[{\"@type\":\"CommentAction\",\"name\":\"Comment\",\"target\":[\"https:\/\/www.justiceinfo.net\/fr\/3663-010408-tpiragenda-ouverture-en-avril-des-debats-sur-les-tranferts-daccuses-au-rwanda453.html#respond\"]}]},{\"@type\":\"WebPage\",\"@id\":\"https:\/\/www.justiceinfo.net\/fr\/3663-010408-tpiragenda-ouverture-en-avril-des-debats-sur-les-tranferts-daccuses-au-rwanda453.html\",\"url\":\"https:\/\/www.justiceinfo.net\/fr\/3663-010408-tpiragenda-ouverture-en-avril-des-debats-sur-les-tranferts-daccuses-au-rwanda453.html\",\"name\":\"01.04.08 - TPIR\/AGENDA - OUVERTURE EN AVRIL DES DEBATS SUR LES TRANFERTS D\u2019ACCUSES AU RWANDA - JusticeInfo.net\",\"isPartOf\":{\"@id\":\"https:\/\/www.justiceinfo.net\/fr#website\"},\"datePublished\":\"2008-04-02T04:08:22+00:00\",\"breadcrumb\":{\"@id\":\"https:\/\/www.justiceinfo.net\/fr\/3663-010408-tpiragenda-ouverture-en-avril-des-debats-sur-les-tranferts-daccuses-au-rwanda453.html#breadcrumb\"},\"inLanguage\":\"fr-FR\",\"potentialAction\":[{\"@type\":\"ReadAction\",\"target\":[\"https:\/\/www.justiceinfo.net\/fr\/3663-010408-tpiragenda-ouverture-en-avril-des-debats-sur-les-tranferts-daccuses-au-rwanda453.html\"]}]},{\"@type\":\"BreadcrumbList\",\"@id\":\"https:\/\/www.justiceinfo.net\/fr\/3663-010408-tpiragenda-ouverture-en-avril-des-debats-sur-les-tranferts-daccuses-au-rwanda453.html#breadcrumb\",\"itemListElement\":[{\"@type\":\"ListItem\",\"position\":1,\"name\":\"Home\",\"item\":\"https:\/\/www.justiceinfo.net\/fr\"},{\"@type\":\"ListItem\",\"position\":2,\"name\":\"01.04.08 - TPIR\/AGENDA - OUVERTURE EN AVRIL DES DEBATS SUR LES TRANFERTS D\u2019ACCUSES AU RWANDA\"}]},{\"@type\":\"WebSite\",\"@id\":\"https:\/\/www.justiceinfo.net\/fr#website\",\"url\":\"https:\/\/www.justiceinfo.net\/fr\",\"name\":\"JusticeInfo.net\",\"description\":\"La justice doit \u00eatre vue pour \u00eatre rendue\",\"publisher\":{\"@id\":\"https:\/\/www.justiceinfo.net\/fr#organization\"},\"potentialAction\":[{\"@type\":\"SearchAction\",\"target\":{\"@type\":\"EntryPoint\",\"urlTemplate\":\"https:\/\/www.justiceinfo.net\/fr?s={search_term_string}\"},\"query-input\":{\"@type\":\"PropertyValueSpecification\",\"valueRequired\":true,\"valueName\":\"search_term_string\"}}],\"inLanguage\":\"fr-FR\"},{\"@type\":\"Organization\",\"@id\":\"https:\/\/www.justiceinfo.net\/fr#organization\",\"name\":\"Justice Info\",\"url\":\"https:\/\/www.justiceinfo.net\/fr\",\"logo\":{\"@type\":\"ImageObject\",\"inLanguage\":\"fr-FR\",\"@id\":\"https:\/\/www.justiceinfo.net\/fr#\/schema\/logo\/image\/\",\"url\":\"https:\/\/www.justiceinfo.net\/wp-content\/uploads\/justiceinfo_logo-trans_1200x1200px.png\",\"contentUrl\":\"https:\/\/www.justiceinfo.net\/wp-content\/uploads\/justiceinfo_logo-trans_1200x1200px.png\",\"width\":1199,\"height\":1200,\"caption\":\"Justice Info\"},\"image\":{\"@id\":\"https:\/\/www.justiceinfo.net\/fr#\/schema\/logo\/image\/\"},\"sameAs\":[\"https:\/\/www.facebook.com\/JusticeInfo\/\",\"https:\/\/x.com\/justiceinfonet\",\"https:\/\/www.linkedin.com\/company\/justice-info\",\"https:\/\/www.youtube.com\/channel\/UCyCEsARodyuWtkWyhn-e7pA\"]},{\"@type\":\"Person\",\"name\":\"solivri\",\"url\":\"\/fr\/?s=solivri\"}]}<\/script>\n<!-- \/ Yoast SEO Premium plugin. -->","yoast_head_json":{"title":"01.04.08 - TPIR\/AGENDA - OUVERTURE EN AVRIL DES DEBATS SUR LES TRANFERTS D\u2019ACCUSES AU RWANDA - JusticeInfo.net","robots":{"index":"index","follow":"follow","max-snippet":"max-snippet:-1","max-image-preview":"max-image-preview:large","max-video-preview":"max-video-preview:-1"},"canonical":"https:\/\/www.justiceinfo.net\/fr\/3663-010408-tpiragenda-ouverture-en-avril-des-debats-sur-les-tranferts-daccuses-au-rwanda453.html","og_locale":"fr_FR","og_type":"article","og_title":"01.04.08 - TPIR\/AGENDA - OUVERTURE EN AVRIL DES DEBATS SUR LES TRANFERTS D\u2019ACCUSES AU RWANDA","og_description":"Arusha, 1er avril 2008 (FH) - Les d\u00e9bats tr\u00e8s attendus sur les transferts vers Kigali d\u2019accus\u00e9s du Tribunal p\u00e9nal international pour le Rwanda (TPIR) s\u2019ouvriront au mois d\u2019avril. La premi\u00e8re audience a \u00e9t\u00e9 fix\u00e9e le 24 avril.","og_url":"https:\/\/www.justiceinfo.net\/fr\/3663-010408-tpiragenda-ouverture-en-avril-des-debats-sur-les-tranferts-daccuses-au-rwanda453.html","og_site_name":"JusticeInfo.net","article_publisher":"https:\/\/www.facebook.com\/JusticeInfo\/","article_published_time":"2008-04-02T04:08:22+00:00","og_image":[{"width":1200,"height":630,"url":"https:\/\/www.justiceinfo.net\/wp-content\/uploads\/JusticeInfoNet_logo_1200x630px.jpg","type":"image\/jpeg"}],"author":"solivri","twitter_card":"summary_large_image","twitter_creator":"@justiceinfonet","twitter_site":"@justiceinfonet","twitter_misc":{"\u00c9crit par":"solivri","Dur\u00e9e de lecture estim\u00e9e":"3 minutes"},"schema":{"@context":"https:\/\/schema.org","@graph":[{"@type":"NewsArticle","@id":"https:\/\/www.justiceinfo.net\/fr\/3663-010408-tpiragenda-ouverture-en-avril-des-debats-sur-les-tranferts-daccuses-au-rwanda453.html#article","isPartOf":{"@id":"https:\/\/www.justiceinfo.net\/fr\/3663-010408-tpiragenda-ouverture-en-avril-des-debats-sur-les-tranferts-daccuses-au-rwanda453.html"},"author":{"name":"solivri","@id":"https:\/\/www.justiceinfo.net\/fr#\/schema\/person\/6e53cba1629e2e66f3fc1821d3091865"},"headline":"01.04.08 - TPIR\/AGENDA - OUVERTURE EN AVRIL DES DEBATS SUR LES TRANFERTS D\u2019ACCUSES AU RWANDA","datePublished":"2008-04-02T04:08:22+00:00","mainEntityOfPage":{"@id":"https:\/\/www.justiceinfo.net\/fr\/3663-010408-tpiragenda-ouverture-en-avril-des-debats-sur-les-tranferts-daccuses-au-rwanda453.html"},"wordCount":577,"commentCount":0,"publisher":{"@id":"https:\/\/www.justiceinfo.net\/fr#organization"},"articleSection":["Hirondelle News"],"inLanguage":"fr-FR","potentialAction":[{"@type":"CommentAction","name":"Comment","target":["https:\/\/www.justiceinfo.net\/fr\/3663-010408-tpiragenda-ouverture-en-avril-des-debats-sur-les-tranferts-daccuses-au-rwanda453.html#respond"]}]},{"@type":"WebPage","@id":"https:\/\/www.justiceinfo.net\/fr\/3663-010408-tpiragenda-ouverture-en-avril-des-debats-sur-les-tranferts-daccuses-au-rwanda453.html","url":"https:\/\/www.justiceinfo.net\/fr\/3663-010408-tpiragenda-ouverture-en-avril-des-debats-sur-les-tranferts-daccuses-au-rwanda453.html","name":"01.04.08 - TPIR\/AGENDA - OUVERTURE EN AVRIL DES DEBATS SUR LES TRANFERTS D\u2019ACCUSES AU RWANDA - JusticeInfo.net","isPartOf":{"@id":"https:\/\/www.justiceinfo.net\/fr#website"},"datePublished":"2008-04-02T04:08:22+00:00","breadcrumb":{"@id":"https:\/\/www.justiceinfo.net\/fr\/3663-010408-tpiragenda-ouverture-en-avril-des-debats-sur-les-tranferts-daccuses-au-rwanda453.html#breadcrumb"},"inLanguage":"fr-FR","potentialAction":[{"@type":"ReadAction","target":["https:\/\/www.justiceinfo.net\/fr\/3663-010408-tpiragenda-ouverture-en-avril-des-debats-sur-les-tranferts-daccuses-au-rwanda453.html"]}]},{"@type":"BreadcrumbList","@id":"https:\/\/www.justiceinfo.net\/fr\/3663-010408-tpiragenda-ouverture-en-avril-des-debats-sur-les-tranferts-daccuses-au-rwanda453.html#breadcrumb","itemListElement":[{"@type":"ListItem","position":1,"name":"Home","item":"https:\/\/www.justiceinfo.net\/fr"},{"@type":"ListItem","position":2,"name":"01.04.08 - TPIR\/AGENDA - OUVERTURE EN AVRIL DES DEBATS SUR LES TRANFERTS D\u2019ACCUSES AU RWANDA"}]},{"@type":"WebSite","@id":"https:\/\/www.justiceinfo.net\/fr#website","url":"https:\/\/www.justiceinfo.net\/fr","name":"JusticeInfo.net","description":"La justice doit \u00eatre vue pour \u00eatre rendue","publisher":{"@id":"https:\/\/www.justiceinfo.net\/fr#organization"},"potentialAction":[{"@type":"SearchAction","target":{"@type":"EntryPoint","urlTemplate":"https:\/\/www.justiceinfo.net\/fr?s={search_term_string}"},"query-input":{"@type":"PropertyValueSpecification","valueRequired":true,"valueName":"search_term_string"}}],"inLanguage":"fr-FR"},{"@type":"Organization","@id":"https:\/\/www.justiceinfo.net\/fr#organization","name":"Justice Info","url":"https:\/\/www.justiceinfo.net\/fr","logo":{"@type":"ImageObject","inLanguage":"fr-FR","@id":"https:\/\/www.justiceinfo.net\/fr#\/schema\/logo\/image\/","url":"https:\/\/www.justiceinfo.net\/wp-content\/uploads\/justiceinfo_logo-trans_1200x1200px.png","contentUrl":"https:\/\/www.justiceinfo.net\/wp-content\/uploads\/justiceinfo_logo-trans_1200x1200px.png","width":1199,"height":1200,"caption":"Justice Info"},"image":{"@id":"https:\/\/www.justiceinfo.net\/fr#\/schema\/logo\/image\/"},"sameAs":["https:\/\/www.facebook.com\/JusticeInfo\/","https:\/\/x.com\/justiceinfonet","https:\/\/www.linkedin.com\/company\/justice-info","https:\/\/www.youtube.com\/channel\/UCyCEsARodyuWtkWyhn-e7pA"]},{"@type":"Person","name":"solivri","url":"\/fr\/?s=solivri"}]}},"_links":{"self":[{"href":"https:\/\/www.justiceinfo.net\/fr\/wp-json\/wp\/v2\/posts\/3663","targetHints":{"allow":["GET"]}}],"collection":[{"href":"https:\/\/www.justiceinfo.net\/fr\/wp-json\/wp\/v2\/posts"}],"about":[{"href":"https:\/\/www.justiceinfo.net\/fr\/wp-json\/wp\/v2\/types\/post"}],"author":[{"embeddable":true,"href":"https:\/\/www.justiceinfo.net\/fr\/wp-json\/wp\/v2\/users\/64"}],"replies":[{"embeddable":true,"href":"https:\/\/www.justiceinfo.net\/fr\/wp-json\/wp\/v2\/comments?post=3663"}],"version-history":[{"count":0,"href":"https:\/\/www.justiceinfo.net\/fr\/wp-json\/wp\/v2\/posts\/3663\/revisions"}],"wp:attachment":[{"href":"https:\/\/www.justiceinfo.net\/fr\/wp-json\/wp\/v2\/media?parent=3663"}],"wp:term":[{"taxonomy":"category","embeddable":true,"href":"https:\/\/www.justiceinfo.net\/fr\/wp-json\/wp\/v2\/categories?post=3663"},{"taxonomy":"post_tag","embeddable":true,"href":"https:\/\/www.justiceinfo.net\/fr\/wp-json\/wp\/v2\/tags?post=3663"},{"taxonomy":"ji_location","embeddable":true,"href":"https:\/\/www.justiceinfo.net\/fr\/wp-json\/wp\/v2\/ji_location?post=3663"}],"curies":[{"name":"wp","href":"https:\/\/api.w.org\/{rel}","templated":true}]}}