{"id":3671,"date":"2008-04-12T09:42:17","date_gmt":"2008-04-12T07:42:17","guid":{"rendered":"https:\/\/www.justiceinfo.net\/3671-110408-francegenocide-ouverture-dun-site-internet-sur-les-crimes-de-masse461.html"},"modified":"2008-04-12T09:42:17","modified_gmt":"2008-04-12T07:42:17","slug":"110408-francegenocide-ouverture-dun-site-internet-sur-les-crimes-de-masse461","status":"publish","type":"post","link":"https:\/\/www.justiceinfo.net\/fr\/3671-110408-francegenocide-ouverture-dun-site-internet-sur-les-crimes-de-masse461.html","title":{"rendered":"11.04.08 - FRANCE\/GENOCIDE - OUVERTURE D\u2019UN SITE INTERNET SUR LES CRIMES DE MASSE"},"content":{"rendered":"<p  >\nArusha, 11 avril 2008 (F) -  L\u2019institut d\u2019\u00e9tudes politiques de Paris a mis en place la semaine derni\u00e8re un site internet d\u00e9di\u00e9 \u00e0 la connaissance des crimes de masse dont le but est de regrouper toutes les informations disponibles \u00e0 ce sujet.  <\/p>\n<p>Ce site en anglais est intitul\u00e9 \u00ab Online encyclop\u00e9dia of Mass Violence \u00bb.\n<\/p>\n<p><!--more--><\/p>\n<p  >\nAccessible (massviolence.org) gratuitement, il se pr\u00e9sente comme \u00ab la premi\u00e8re base de donn\u00e9es electronique de ce type dans le monde \u00bb. Contrairement \u00e0 un site du type Wikipedia, chaque apport devra recevoir l\u2019aval de sp\u00e9cialistes qualifi\u00e9s. <\/p>\n<p> Initi\u00e9 en 2004 il a \u00e9t\u00e9 con\u00e7u et r\u00e9alis\u00e9 par une \u00e9quipe internationale de chercheurs et d\u2019informaticiens r\u00e9unis autour de M. Jacques S\u00e9melin, historien et politologue. Vingt neuf des 54 \u00e9tats africains sont concern\u00e9s. Sur le Rwanda, seule une chronologie r\u00e9cente, rigoureuse et d\u00e9taill\u00e9e, est pour l\u2019instant disponible. <\/p>\n<p>M. S\u00e8melin, directeur de recherche au centre national de la recherche scientifique en France (CNRS) compte \u00ab \u00e9viter toute instrumentalisation de ce site par respect de toute entit\u00e9 politique ou communaut\u00e9 \u00bb. Ses responsables veulent en faire, explique-t-il \"le site de r\u00e9f\u00e9rence internationale pour la propagation des connaissances sur les violences de masse qu\u2019elles soient appel\u00e9es g\u00e9nocide, \u00e9puration ethnique ou massacres \u00bb. <\/p>\n<p>PB\/GF<\/p>\n","protected":false},"excerpt":{"rendered":"<p>Arusha, 11 avril 2008 (F) - L\u2019institut d\u2019\u00e9tudes politiques de Paris a mis en place la semaine derni\u00e8re un site internet d\u00e9di\u00e9 \u00e0 la connaissance des crimes de masse dont le but est de regrouper toutes les informations disponibles \u00e0 ce sujet. Ce site en anglais est intitul\u00e9 \u00ab Online encyclop\u00e9dia of Mass Violence \u00bb.<\/p>\n","protected":false},"author":64,"featured_media":0,"comment_status":"open","ping_status":"closed","sticky":false,"template":"","format":"standard","meta":{"_acf_changed":false,"footnotes":""},"categories":[554],"tags":[],"ji_location":[],"class_list":["post-3671","post","type-post","status-publish","format-standard","hentry","category-hirondellenews"],"acf":[],"yoast_head":"<!-- This site is optimized with the Yoast SEO Premium plugin v25.3.1 (Yoast SEO v25.3.1) - https:\/\/yoast.com\/wordpress\/plugins\/seo\/ -->\n<title>11.04.08 - FRANCE\/GENOCIDE - OUVERTURE D\u2019UN SITE INTERNET SUR LES CRIMES DE MASSE - JusticeInfo.net<\/title>\n<meta name=\"robots\" content=\"index, follow, max-snippet:-1, max-image-preview:large, max-video-preview:-1\" \/>\n<link rel=\"canonical\" href=\"https:\/\/www.justiceinfo.net\/fr\/3671-110408-francegenocide-ouverture-dun-site-internet-sur-les-crimes-de-masse461.html\" \/>\n<meta property=\"og:locale\" content=\"fr_FR\" \/>\n<meta property=\"og:type\" content=\"article\" \/>\n<meta property=\"og:title\" content=\"11.04.08 - FRANCE\/GENOCIDE - OUVERTURE D\u2019UN SITE INTERNET SUR LES CRIMES DE MASSE\" \/>\n<meta property=\"og:description\" content=\"Arusha, 11 avril 2008 (F) - L\u2019institut d\u2019\u00e9tudes politiques de Paris a mis en place la semaine derni\u00e8re un site internet d\u00e9di\u00e9 \u00e0 la connaissance des crimes de masse dont le but est de regrouper toutes les informations disponibles \u00e0 ce sujet. Ce site en anglais est intitul\u00e9 \u00ab Online encyclop\u00e9dia of Mass Violence \u00bb.\" \/>\n<meta property=\"og:url\" content=\"https:\/\/www.justiceinfo.net\/fr\/3671-110408-francegenocide-ouverture-dun-site-internet-sur-les-crimes-de-masse461.html\" \/>\n<meta property=\"og:site_name\" content=\"JusticeInfo.net\" \/>\n<meta property=\"article:publisher\" content=\"https:\/\/www.facebook.com\/JusticeInfo\/\" \/>\n<meta property=\"article:published_time\" content=\"2008-04-12T07:42:17+00:00\" \/>\n<meta property=\"og:image\" content=\"https:\/\/www.justiceinfo.net\/wp-content\/uploads\/JusticeInfoNet_logo_1200x630px.jpg\" \/>\n\t<meta property=\"og:image:width\" content=\"1200\" \/>\n\t<meta property=\"og:image:height\" content=\"630\" \/>\n\t<meta property=\"og:image:type\" content=\"image\/jpeg\" \/>\n<meta name=\"author\" content=\"solivri\" \/>\n<meta name=\"twitter:card\" content=\"summary_large_image\" \/>\n<meta name=\"twitter:creator\" content=\"@justiceinfonet\" \/>\n<meta name=\"twitter:site\" content=\"@justiceinfonet\" \/>\n<meta name=\"twitter:label1\" content=\"\u00c9crit par\" \/>\n\t<meta name=\"twitter:data1\" content=\"solivri\" \/>\n\t<meta name=\"twitter:label2\" content=\"Dur\u00e9e de lecture estim\u00e9e\" \/>\n\t<meta name=\"twitter:data2\" content=\"1 minute\" \/>\n<script type=\"application\/ld+json\" class=\"yoast-schema-graph\">{\"@context\":\"https:\/\/schema.org\",\"@graph\":[{\"@type\":\"NewsArticle\",\"@id\":\"https:\/\/www.justiceinfo.net\/fr\/3671-110408-francegenocide-ouverture-dun-site-internet-sur-les-crimes-de-masse461.html#article\",\"isPartOf\":{\"@id\":\"https:\/\/www.justiceinfo.net\/fr\/3671-110408-francegenocide-ouverture-dun-site-internet-sur-les-crimes-de-masse461.html\"},\"author\":{\"name\":\"solivri\",\"@id\":\"https:\/\/www.justiceinfo.net\/fr#\/schema\/person\/6e53cba1629e2e66f3fc1821d3091865\"},\"headline\":\"11.04.08 - FRANCE\/GENOCIDE - OUVERTURE D\u2019UN SITE INTERNET SUR LES CRIMES DE MASSE\",\"datePublished\":\"2008-04-12T07:42:17+00:00\",\"mainEntityOfPage\":{\"@id\":\"https:\/\/www.justiceinfo.net\/fr\/3671-110408-francegenocide-ouverture-dun-site-internet-sur-les-crimes-de-masse461.html\"},\"wordCount\":231,\"commentCount\":0,\"publisher\":{\"@id\":\"https:\/\/www.justiceinfo.net\/fr#organization\"},\"articleSection\":[\"Hirondelle News\"],\"inLanguage\":\"fr-FR\",\"potentialAction\":[{\"@type\":\"CommentAction\",\"name\":\"Comment\",\"target\":[\"https:\/\/www.justiceinfo.net\/fr\/3671-110408-francegenocide-ouverture-dun-site-internet-sur-les-crimes-de-masse461.html#respond\"]}]},{\"@type\":\"WebPage\",\"@id\":\"https:\/\/www.justiceinfo.net\/fr\/3671-110408-francegenocide-ouverture-dun-site-internet-sur-les-crimes-de-masse461.html\",\"url\":\"https:\/\/www.justiceinfo.net\/fr\/3671-110408-francegenocide-ouverture-dun-site-internet-sur-les-crimes-de-masse461.html\",\"name\":\"11.04.08 - FRANCE\/GENOCIDE - OUVERTURE D\u2019UN SITE INTERNET SUR LES CRIMES DE MASSE - JusticeInfo.net\",\"isPartOf\":{\"@id\":\"https:\/\/www.justiceinfo.net\/fr#website\"},\"datePublished\":\"2008-04-12T07:42:17+00:00\",\"breadcrumb\":{\"@id\":\"https:\/\/www.justiceinfo.net\/fr\/3671-110408-francegenocide-ouverture-dun-site-internet-sur-les-crimes-de-masse461.html#breadcrumb\"},\"inLanguage\":\"fr-FR\",\"potentialAction\":[{\"@type\":\"ReadAction\",\"target\":[\"https:\/\/www.justiceinfo.net\/fr\/3671-110408-francegenocide-ouverture-dun-site-internet-sur-les-crimes-de-masse461.html\"]}]},{\"@type\":\"BreadcrumbList\",\"@id\":\"https:\/\/www.justiceinfo.net\/fr\/3671-110408-francegenocide-ouverture-dun-site-internet-sur-les-crimes-de-masse461.html#breadcrumb\",\"itemListElement\":[{\"@type\":\"ListItem\",\"position\":1,\"name\":\"Home\",\"item\":\"https:\/\/www.justiceinfo.net\/fr\"},{\"@type\":\"ListItem\",\"position\":2,\"name\":\"11.04.08 - FRANCE\/GENOCIDE - OUVERTURE D\u2019UN SITE INTERNET SUR LES CRIMES DE MASSE\"}]},{\"@type\":\"WebSite\",\"@id\":\"https:\/\/www.justiceinfo.net\/fr#website\",\"url\":\"https:\/\/www.justiceinfo.net\/fr\",\"name\":\"JusticeInfo.net\",\"description\":\"La justice doit \u00eatre vue pour \u00eatre rendue\",\"publisher\":{\"@id\":\"https:\/\/www.justiceinfo.net\/fr#organization\"},\"potentialAction\":[{\"@type\":\"SearchAction\",\"target\":{\"@type\":\"EntryPoint\",\"urlTemplate\":\"https:\/\/www.justiceinfo.net\/fr?s={search_term_string}\"},\"query-input\":{\"@type\":\"PropertyValueSpecification\",\"valueRequired\":true,\"valueName\":\"search_term_string\"}}],\"inLanguage\":\"fr-FR\"},{\"@type\":\"Organization\",\"@id\":\"https:\/\/www.justiceinfo.net\/fr#organization\",\"name\":\"Justice Info\",\"url\":\"https:\/\/www.justiceinfo.net\/fr\",\"logo\":{\"@type\":\"ImageObject\",\"inLanguage\":\"fr-FR\",\"@id\":\"https:\/\/www.justiceinfo.net\/fr#\/schema\/logo\/image\/\",\"url\":\"https:\/\/www.justiceinfo.net\/wp-content\/uploads\/justiceinfo_logo-trans_1200x1200px.png\",\"contentUrl\":\"https:\/\/www.justiceinfo.net\/wp-content\/uploads\/justiceinfo_logo-trans_1200x1200px.png\",\"width\":1199,\"height\":1200,\"caption\":\"Justice Info\"},\"image\":{\"@id\":\"https:\/\/www.justiceinfo.net\/fr#\/schema\/logo\/image\/\"},\"sameAs\":[\"https:\/\/www.facebook.com\/JusticeInfo\/\",\"https:\/\/x.com\/justiceinfonet\",\"https:\/\/www.linkedin.com\/company\/justice-info\",\"https:\/\/www.youtube.com\/channel\/UCyCEsARodyuWtkWyhn-e7pA\"]},{\"@type\":\"Person\",\"name\":\"solivri\",\"url\":\"\/fr\/?s=solivri\"}]}<\/script>\n<!-- \/ Yoast SEO Premium plugin. -->","yoast_head_json":{"title":"11.04.08 - FRANCE\/GENOCIDE - OUVERTURE D\u2019UN SITE INTERNET SUR LES CRIMES DE MASSE - JusticeInfo.net","robots":{"index":"index","follow":"follow","max-snippet":"max-snippet:-1","max-image-preview":"max-image-preview:large","max-video-preview":"max-video-preview:-1"},"canonical":"https:\/\/www.justiceinfo.net\/fr\/3671-110408-francegenocide-ouverture-dun-site-internet-sur-les-crimes-de-masse461.html","og_locale":"fr_FR","og_type":"article","og_title":"11.04.08 - FRANCE\/GENOCIDE - OUVERTURE D\u2019UN SITE INTERNET SUR LES CRIMES DE MASSE","og_description":"Arusha, 11 avril 2008 (F) - L\u2019institut d\u2019\u00e9tudes politiques de Paris a mis en place la semaine derni\u00e8re un site internet d\u00e9di\u00e9 \u00e0 la connaissance des crimes de masse dont le but est de regrouper toutes les informations disponibles \u00e0 ce sujet. Ce site en anglais est intitul\u00e9 \u00ab Online encyclop\u00e9dia of Mass Violence \u00bb.","og_url":"https:\/\/www.justiceinfo.net\/fr\/3671-110408-francegenocide-ouverture-dun-site-internet-sur-les-crimes-de-masse461.html","og_site_name":"JusticeInfo.net","article_publisher":"https:\/\/www.facebook.com\/JusticeInfo\/","article_published_time":"2008-04-12T07:42:17+00:00","og_image":[{"width":1200,"height":630,"url":"https:\/\/www.justiceinfo.net\/wp-content\/uploads\/JusticeInfoNet_logo_1200x630px.jpg","type":"image\/jpeg"}],"author":"solivri","twitter_card":"summary_large_image","twitter_creator":"@justiceinfonet","twitter_site":"@justiceinfonet","twitter_misc":{"\u00c9crit par":"solivri","Dur\u00e9e de lecture estim\u00e9e":"1 minute"},"schema":{"@context":"https:\/\/schema.org","@graph":[{"@type":"NewsArticle","@id":"https:\/\/www.justiceinfo.net\/fr\/3671-110408-francegenocide-ouverture-dun-site-internet-sur-les-crimes-de-masse461.html#article","isPartOf":{"@id":"https:\/\/www.justiceinfo.net\/fr\/3671-110408-francegenocide-ouverture-dun-site-internet-sur-les-crimes-de-masse461.html"},"author":{"name":"solivri","@id":"https:\/\/www.justiceinfo.net\/fr#\/schema\/person\/6e53cba1629e2e66f3fc1821d3091865"},"headline":"11.04.08 - FRANCE\/GENOCIDE - OUVERTURE D\u2019UN SITE INTERNET SUR LES CRIMES DE MASSE","datePublished":"2008-04-12T07:42:17+00:00","mainEntityOfPage":{"@id":"https:\/\/www.justiceinfo.net\/fr\/3671-110408-francegenocide-ouverture-dun-site-internet-sur-les-crimes-de-masse461.html"},"wordCount":231,"commentCount":0,"publisher":{"@id":"https:\/\/www.justiceinfo.net\/fr#organization"},"articleSection":["Hirondelle News"],"inLanguage":"fr-FR","potentialAction":[{"@type":"CommentAction","name":"Comment","target":["https:\/\/www.justiceinfo.net\/fr\/3671-110408-francegenocide-ouverture-dun-site-internet-sur-les-crimes-de-masse461.html#respond"]}]},{"@type":"WebPage","@id":"https:\/\/www.justiceinfo.net\/fr\/3671-110408-francegenocide-ouverture-dun-site-internet-sur-les-crimes-de-masse461.html","url":"https:\/\/www.justiceinfo.net\/fr\/3671-110408-francegenocide-ouverture-dun-site-internet-sur-les-crimes-de-masse461.html","name":"11.04.08 - FRANCE\/GENOCIDE - OUVERTURE D\u2019UN SITE INTERNET SUR LES CRIMES DE MASSE - JusticeInfo.net","isPartOf":{"@id":"https:\/\/www.justiceinfo.net\/fr#website"},"datePublished":"2008-04-12T07:42:17+00:00","breadcrumb":{"@id":"https:\/\/www.justiceinfo.net\/fr\/3671-110408-francegenocide-ouverture-dun-site-internet-sur-les-crimes-de-masse461.html#breadcrumb"},"inLanguage":"fr-FR","potentialAction":[{"@type":"ReadAction","target":["https:\/\/www.justiceinfo.net\/fr\/3671-110408-francegenocide-ouverture-dun-site-internet-sur-les-crimes-de-masse461.html"]}]},{"@type":"BreadcrumbList","@id":"https:\/\/www.justiceinfo.net\/fr\/3671-110408-francegenocide-ouverture-dun-site-internet-sur-les-crimes-de-masse461.html#breadcrumb","itemListElement":[{"@type":"ListItem","position":1,"name":"Home","item":"https:\/\/www.justiceinfo.net\/fr"},{"@type":"ListItem","position":2,"name":"11.04.08 - FRANCE\/GENOCIDE - OUVERTURE D\u2019UN SITE INTERNET SUR LES CRIMES DE MASSE"}]},{"@type":"WebSite","@id":"https:\/\/www.justiceinfo.net\/fr#website","url":"https:\/\/www.justiceinfo.net\/fr","name":"JusticeInfo.net","description":"La justice doit \u00eatre vue pour \u00eatre rendue","publisher":{"@id":"https:\/\/www.justiceinfo.net\/fr#organization"},"potentialAction":[{"@type":"SearchAction","target":{"@type":"EntryPoint","urlTemplate":"https:\/\/www.justiceinfo.net\/fr?s={search_term_string}"},"query-input":{"@type":"PropertyValueSpecification","valueRequired":true,"valueName":"search_term_string"}}],"inLanguage":"fr-FR"},{"@type":"Organization","@id":"https:\/\/www.justiceinfo.net\/fr#organization","name":"Justice Info","url":"https:\/\/www.justiceinfo.net\/fr","logo":{"@type":"ImageObject","inLanguage":"fr-FR","@id":"https:\/\/www.justiceinfo.net\/fr#\/schema\/logo\/image\/","url":"https:\/\/www.justiceinfo.net\/wp-content\/uploads\/justiceinfo_logo-trans_1200x1200px.png","contentUrl":"https:\/\/www.justiceinfo.net\/wp-content\/uploads\/justiceinfo_logo-trans_1200x1200px.png","width":1199,"height":1200,"caption":"Justice Info"},"image":{"@id":"https:\/\/www.justiceinfo.net\/fr#\/schema\/logo\/image\/"},"sameAs":["https:\/\/www.facebook.com\/JusticeInfo\/","https:\/\/x.com\/justiceinfonet","https:\/\/www.linkedin.com\/company\/justice-info","https:\/\/www.youtube.com\/channel\/UCyCEsARodyuWtkWyhn-e7pA"]},{"@type":"Person","name":"solivri","url":"\/fr\/?s=solivri"}]}},"_links":{"self":[{"href":"https:\/\/www.justiceinfo.net\/fr\/wp-json\/wp\/v2\/posts\/3671","targetHints":{"allow":["GET"]}}],"collection":[{"href":"https:\/\/www.justiceinfo.net\/fr\/wp-json\/wp\/v2\/posts"}],"about":[{"href":"https:\/\/www.justiceinfo.net\/fr\/wp-json\/wp\/v2\/types\/post"}],"author":[{"embeddable":true,"href":"https:\/\/www.justiceinfo.net\/fr\/wp-json\/wp\/v2\/users\/64"}],"replies":[{"embeddable":true,"href":"https:\/\/www.justiceinfo.net\/fr\/wp-json\/wp\/v2\/comments?post=3671"}],"version-history":[{"count":0,"href":"https:\/\/www.justiceinfo.net\/fr\/wp-json\/wp\/v2\/posts\/3671\/revisions"}],"wp:attachment":[{"href":"https:\/\/www.justiceinfo.net\/fr\/wp-json\/wp\/v2\/media?parent=3671"}],"wp:term":[{"taxonomy":"category","embeddable":true,"href":"https:\/\/www.justiceinfo.net\/fr\/wp-json\/wp\/v2\/categories?post=3671"},{"taxonomy":"post_tag","embeddable":true,"href":"https:\/\/www.justiceinfo.net\/fr\/wp-json\/wp\/v2\/tags?post=3671"},{"taxonomy":"ji_location","embeddable":true,"href":"https:\/\/www.justiceinfo.net\/fr\/wp-json\/wp\/v2\/ji_location?post=3671"}],"curies":[{"name":"wp","href":"https:\/\/api.w.org\/{rel}","templated":true}]}}