{"id":36738,"date":"2018-03-17T16:55:00","date_gmt":"2018-03-17T15:55:00","guid":{"rendered":"https:\/\/www.justiceinfo.net\/36738-maurice-demission-de-la-presidente-impliquee-dans-un-scandale-financier.html"},"modified":"2018-03-17T16:55:00","modified_gmt":"2018-03-17T15:55:00","slug":"maurice-demission-de-la-presidente-impliquee-dans-un-scandale-financier","status":"publish","type":"post","link":"https:\/\/www.justiceinfo.net\/fr\/36738-maurice-demission-de-la-presidente-impliquee-dans-un-scandale-financier.html","title":{"rendered":"Maurice: d\u00e9mission de la pr\u00e9sidente, impliqu\u00e9e dans un scandale financier"},"content":{"rendered":"<div class=\"txt-textContent\">\n<div class=\"text fontsize_0 jq_Content jq_langdir\">\n<p>La pr\u00e9sidente mauricienne Ameenah Gurib-Fakim, impliqu\u00e9e dans un scandale financier, s'est r\u00e9solue samedi \u00e0 d\u00e9missionner \"dans l'int\u00e9r\u00eat national\", a annonc\u00e9 son avocat, au terme d'un bras de fer avec le Premier ministre, qui r\u00e9clame son d\u00e9part depuis une semaine.<\/p>\n<p>Seule femme chef d'Etat en Afrique, Mme Gurib-Fakim \u00e9tait sous forte pression depuis deux semaines, \u00e0 la suite de r\u00e9v\u00e9lations sur des achats personnels r\u00e9gl\u00e9s \u00e0 l'aide d'une carte bancaire fournie par l'ONG Planet Earth Institute.<\/p>\n<p>Cette scientifique et biologiste de renomm\u00e9e internationale, premi\u00e8re femme \u00e0 occuper la fonction honorifique de la pr\u00e9sidence dans l'histoire de l'\u00eele Maurice, a reconnu les faits, tout en affirmant avoir utilis\u00e9 la carte par \"inadvertance\", et avoir rembours\u00e9 l'argent \u00e0 PEI.<\/p>\n<p>\"La pr\u00e9sidente a soumis sa d\u00e9mission dans l'int\u00e9r\u00eat national\", a d\u00e9clar\u00e9 \u00e0 la presse son avocat, Yousouf Mohamed, pr\u00e9cisant qu'une lettre a \u00e9t\u00e9 adress\u00e9e \u00e0 cet effet \u00e0 la pr\u00e9sidente de l'Assembl\u00e9e nationale, et que la d\u00e9mission prendra effet le 23 mars.<\/p>\n<p>Cette d\u00e9mission a \u00e9t\u00e9 confirm\u00e9e \u00e0 l'AFP par une source travaillant au bureau de la pr\u00e9sidente mauricienne.<\/p>\n<p>\"Apr\u00e8s les attaques et les calomnies qu\u2019elle a subies (...), elle est soulag\u00e9e\", a ajout\u00e9 l'avocat Yousouf Mohamed.<\/p>\n<p>Car la d\u00e9mission de Mme Gurib-Fakim, 58 as et en poste depuis juin 2015, met un terme au feuilleton politique qui agite cet archipel de l'oc\u00e9an Indien depuis la publication par le quotidien mauricien l'Express de documents bancaires d\u00e9montrant que la pr\u00e9sidente avait utilis\u00e9 \u00e0 des fins personnelles une carte bancaire remise par PEI.<\/p>\n<p>Le montant des d\u00e9penses (bijoux, chaussures de marque...) s'\u00e9l\u00e8ve \u00e0 au moins 25.000 euros, selon le quotidien. La pr\u00e9sidente \u00e9voque, elle, un montant de 26.000 dollars (21.000 euros).<\/p>\n<p>L'affaire fait aussi scandale car elle\u00a0implique le milliardaire\u00a0angolais Alvaro Sobrinho, un homme d'affaires controvers\u00e9 qui finance PEI et qui depuis 2015 a tent\u00e9 plusieurs fois d'investir \u00e0 Maurice, selon l'Express, ce qui avait d\u00e9j\u00e0 d\u00e9clench\u00e9 des pol\u00e9miques et des appels de l'opposition \u00e0 la d\u00e9mission de Mme Gurib-Fakim.<\/p>\n<p>C'est le vice-pr\u00e9sident Paramasivum Pillay Vyapoori qui devient pr\u00e9sident \u00e0 la suite de la d\u00e9mission de Mme Gurib-Fakim. Le gouvernement pourra le confirmer dans cette fonction ou nommer quelqu'un d'autre avec l'aval du Parlement.<\/p>\n<h2>\u00a0- 'D\u00e9plorable et indigne' -<\/h2>\n<p>\u00a0<\/p>\n<p>A la suite de ces r\u00e9v\u00e9lations, le Premier ministre, Pravind Jugnauth, avait annonc\u00e9 le 9 mars que la pr\u00e9sidente d\u00e9missionnerait de ses fonctions \"peu apr\u00e8s les c\u00e9l\u00e9brations du 50e anniversaire de l'ind\u00e9pendance\", qui ont eu lieu lundi, et avant la rentr\u00e9e parlementaire, le 27 mars.<\/p>\n<p>Mais Mme Gurib-Fakim avait r\u00e9pliqu\u00e9 mercredi que, \"n'ayant rien \u00e0 se reprocher et pouvant apporter des preuves corroborantes\", elle refusait de d\u00e9missionner. Elle avait alors expliqu\u00e9 avoir rembours\u00e9 non seulement ses d\u00e9penses personnelles, mais aussi \"toutes les autres d\u00e9penses engag\u00e9es par PEI\u00a0pour sa mission\".<\/p>\n<p>Dans un court message publi\u00e9 sur son site internet, PEI, une ONG bas\u00e9e \u00e0 Londres, a confirm\u00e9 que la pr\u00e9sidente mauricienne avait bien rembours\u00e9 les sommes concern\u00e9es.<\/p>\n<p>Apr\u00e8s que M. Jugnauth eut qualifi\u00e9 jeudi de \"d\u00e9plorable et indigne\" la volont\u00e9 de Mme Gurib-Fakim de s'accrocher \u00e0 la pr\u00e9sidence, cette derni\u00e8re a tent\u00e9 une derni\u00e8re offensive politique vendredi en annon\u00e7ant la cr\u00e9ation d'une commission d'enqu\u00eate devant faire la lumi\u00e8re sur cette affaire.<\/p>\n<p>La commission devait enqu\u00eater notamment sur les \u00e9ventuelles activit\u00e9s du milliardaire angolais Alvaro Sobrinho \u00e0 Maurice, ainsi que sur l'utilisation de la carte bancaire de PEI.<\/p>\n<p>Mais le Premier ministre, Pravind Jugnauth, a aussit\u00f4t d\u00e9clar\u00e9 cette annonce de \"nulle et non avenue\" alors que les juristes ont \u00e9voqu\u00e9 une mesure anticonstitutionnelle, ce qui, selon les observateurs de la vie politique mauricienne, a pr\u00e9cipit\u00e9 la d\u00e9mission de Mme Gurib-Fakim, \u00e0 court d'options face \u00e0 la perspective d'une tr\u00e8s probable proc\u00e9dure de destitution.<\/p>\n<p>Alors que le gouvernement et les partis de la majorit\u00e9 n'ont pas encore r\u00e9agi \u00e0 cette d\u00e9mission, le leader de l'opposition, Xavier-Luc Duval, a \u00e9voqu\u00e9 \"un jour noir pour le pays\".<\/p>\n<p>D'autres membres de l'opposition, comme Reza Uteem, leader adjoint Mouvement militant mauricien, a accueilli favorablement la d\u00e9mission, qui a \u00e9vit\u00e9 au Premier ministre de pr\u00e9senter une motion de destitution au Parlement. \"Malgr\u00e9 la d\u00e9mission de la pr\u00e9sidente, nous insisterons pour qu'il y ait une commission d'enqu\u00eate avec pleins pouvoirs pour faire la lumi\u00e8re sur l'affaire Sobrinho\".<\/p>\n<p>jmp\/ndy\/j<\/p>\n<\/div>\n<\/div>\n","protected":false},"excerpt":{"rendered":"<p>La pr\u00e9sidente mauricienne Ameenah Gurib-Fakim, impliqu\u00e9e dans un scandale financier, s'est r\u00e9solue samedi \u00e0 d\u00e9missionner \"dans l'int\u00e9r\u00eat national\", a annonc\u00e9 son avocat, au terme d'un bras de fer avec le Premier ministre, qui r\u00e9clame son d\u00e9part depuis une semaine. Seule femme chef d'Etat en Afrique, Mme Gurib-Fakim \u00e9tait sous forte pression depuis deux semaines, \u00e0 [&hellip;]<\/p>\n","protected":false},"author":60,"featured_media":0,"comment_status":"open","ping_status":"closed","sticky":false,"template":"","format":"standard","meta":{"_acf_changed":false,"footnotes":""},"categories":[2576],"tags":[],"ji_location":[2346],"class_list":["post-36738","post","type-post","status-publish","format-standard","hentry","category-fil-d-actualite","ji_location-maurice"],"acf":[],"yoast_head":"<!-- This site is optimized with the Yoast SEO Premium plugin v25.3.1 (Yoast SEO v25.3.1) - https:\/\/yoast.com\/wordpress\/plugins\/seo\/ -->\n<title>Maurice: d\u00e9mission de la pr\u00e9sidente, impliqu\u00e9e dans un scandale financier - JusticeInfo.net<\/title>\n<meta name=\"robots\" content=\"index, follow, max-snippet:-1, max-image-preview:large, max-video-preview:-1\" \/>\n<link rel=\"canonical\" href=\"https:\/\/www.justiceinfo.net\/fr\/36738-maurice-demission-de-la-presidente-impliquee-dans-un-scandale-financier.html\" \/>\n<meta property=\"og:locale\" content=\"fr_FR\" \/>\n<meta property=\"og:type\" content=\"article\" \/>\n<meta property=\"og:title\" content=\"Maurice: d\u00e9mission de la pr\u00e9sidente, impliqu\u00e9e dans un scandale financier\" \/>\n<meta property=\"og:description\" content=\"La pr\u00e9sidente mauricienne Ameenah Gurib-Fakim, impliqu\u00e9e dans un scandale financier, s&#039;est r\u00e9solue samedi \u00e0 d\u00e9missionner &quot;dans l&#039;int\u00e9r\u00eat national&quot;, a annonc\u00e9 son avocat, au terme d&#039;un bras de fer avec le Premier ministre, qui r\u00e9clame son d\u00e9part depuis une semaine. Seule femme chef d&#039;Etat en Afrique, Mme Gurib-Fakim \u00e9tait sous forte pression depuis deux semaines, \u00e0 [&hellip;]\" \/>\n<meta property=\"og:url\" content=\"https:\/\/www.justiceinfo.net\/fr\/36738-maurice-demission-de-la-presidente-impliquee-dans-un-scandale-financier.html\" \/>\n<meta property=\"og:site_name\" content=\"JusticeInfo.net\" \/>\n<meta property=\"article:publisher\" content=\"https:\/\/www.facebook.com\/JusticeInfo\/\" \/>\n<meta property=\"article:published_time\" content=\"2018-03-17T15:55:00+00:00\" \/>\n<meta property=\"og:image\" content=\"https:\/\/www.justiceinfo.net\/wp-content\/uploads\/JusticeInfoNet_logo_1200x630px.jpg\" \/>\n\t<meta property=\"og:image:width\" content=\"1200\" \/>\n\t<meta property=\"og:image:height\" content=\"630\" \/>\n\t<meta property=\"og:image:type\" content=\"image\/jpeg\" \/>\n<meta name=\"author\" content=\"AFP\" \/>\n<meta name=\"twitter:card\" content=\"summary_large_image\" \/>\n<meta name=\"twitter:creator\" content=\"@justiceinfonet\" \/>\n<meta name=\"twitter:site\" content=\"@justiceinfonet\" \/>\n<meta name=\"twitter:label1\" content=\"\u00c9crit par\" \/>\n\t<meta name=\"twitter:data1\" content=\"AFP\" \/>\n\t<meta name=\"twitter:label2\" content=\"Dur\u00e9e de lecture estim\u00e9e\" \/>\n\t<meta name=\"twitter:data2\" content=\"4 minutes\" \/>\n<script type=\"application\/ld+json\" class=\"yoast-schema-graph\">{\"@context\":\"https:\/\/schema.org\",\"@graph\":[{\"@type\":\"NewsArticle\",\"@id\":\"https:\/\/www.justiceinfo.net\/fr\/36738-maurice-demission-de-la-presidente-impliquee-dans-un-scandale-financier.html#article\",\"isPartOf\":{\"@id\":\"https:\/\/www.justiceinfo.net\/fr\/36738-maurice-demission-de-la-presidente-impliquee-dans-un-scandale-financier.html\"},\"author\":{\"name\":\"afp\",\"@id\":\"https:\/\/www.justiceinfo.net\/fr#\/schema\/person\/713d340ef5f218fc36ce9b4244364a7f\"},\"headline\":\"Maurice: d\u00e9mission de la pr\u00e9sidente, impliqu\u00e9e dans un scandale financier\",\"datePublished\":\"2018-03-17T15:55:00+00:00\",\"mainEntityOfPage\":{\"@id\":\"https:\/\/www.justiceinfo.net\/fr\/36738-maurice-demission-de-la-presidente-impliquee-dans-un-scandale-financier.html\"},\"wordCount\":808,\"commentCount\":0,\"publisher\":{\"@id\":\"https:\/\/www.justiceinfo.net\/fr#organization\"},\"articleSection\":[\"Fil d'info AFP\"],\"inLanguage\":\"fr-FR\",\"potentialAction\":[{\"@type\":\"CommentAction\",\"name\":\"Comment\",\"target\":[\"https:\/\/www.justiceinfo.net\/fr\/36738-maurice-demission-de-la-presidente-impliquee-dans-un-scandale-financier.html#respond\"]}]},{\"@type\":\"WebPage\",\"@id\":\"https:\/\/www.justiceinfo.net\/fr\/36738-maurice-demission-de-la-presidente-impliquee-dans-un-scandale-financier.html\",\"url\":\"https:\/\/www.justiceinfo.net\/fr\/36738-maurice-demission-de-la-presidente-impliquee-dans-un-scandale-financier.html\",\"name\":\"Maurice: d\u00e9mission de la pr\u00e9sidente, impliqu\u00e9e dans un scandale financier - JusticeInfo.net\",\"isPartOf\":{\"@id\":\"https:\/\/www.justiceinfo.net\/fr#website\"},\"datePublished\":\"2018-03-17T15:55:00+00:00\",\"breadcrumb\":{\"@id\":\"https:\/\/www.justiceinfo.net\/fr\/36738-maurice-demission-de-la-presidente-impliquee-dans-un-scandale-financier.html#breadcrumb\"},\"inLanguage\":\"fr-FR\",\"potentialAction\":[{\"@type\":\"ReadAction\",\"target\":[\"https:\/\/www.justiceinfo.net\/fr\/36738-maurice-demission-de-la-presidente-impliquee-dans-un-scandale-financier.html\"]}]},{\"@type\":\"BreadcrumbList\",\"@id\":\"https:\/\/www.justiceinfo.net\/fr\/36738-maurice-demission-de-la-presidente-impliquee-dans-un-scandale-financier.html#breadcrumb\",\"itemListElement\":[{\"@type\":\"ListItem\",\"position\":1,\"name\":\"Home\",\"item\":\"https:\/\/www.justiceinfo.net\/fr\"},{\"@type\":\"ListItem\",\"position\":2,\"name\":\"Maurice: d\u00e9mission de la pr\u00e9sidente, impliqu\u00e9e dans un scandale financier\"}]},{\"@type\":\"WebSite\",\"@id\":\"https:\/\/www.justiceinfo.net\/fr#website\",\"url\":\"https:\/\/www.justiceinfo.net\/fr\",\"name\":\"JusticeInfo.net\",\"description\":\"La justice doit \u00eatre vue pour \u00eatre rendue\",\"publisher\":{\"@id\":\"https:\/\/www.justiceinfo.net\/fr#organization\"},\"potentialAction\":[{\"@type\":\"SearchAction\",\"target\":{\"@type\":\"EntryPoint\",\"urlTemplate\":\"https:\/\/www.justiceinfo.net\/fr?s={search_term_string}\"},\"query-input\":{\"@type\":\"PropertyValueSpecification\",\"valueRequired\":true,\"valueName\":\"search_term_string\"}}],\"inLanguage\":\"fr-FR\"},{\"@type\":\"Organization\",\"@id\":\"https:\/\/www.justiceinfo.net\/fr#organization\",\"name\":\"Justice Info\",\"url\":\"https:\/\/www.justiceinfo.net\/fr\",\"logo\":{\"@type\":\"ImageObject\",\"inLanguage\":\"fr-FR\",\"@id\":\"https:\/\/www.justiceinfo.net\/fr#\/schema\/logo\/image\/\",\"url\":\"https:\/\/www.justiceinfo.net\/wp-content\/uploads\/justiceinfo_logo-trans_1200x1200px.png\",\"contentUrl\":\"https:\/\/www.justiceinfo.net\/wp-content\/uploads\/justiceinfo_logo-trans_1200x1200px.png\",\"width\":1199,\"height\":1200,\"caption\":\"Justice Info\"},\"image\":{\"@id\":\"https:\/\/www.justiceinfo.net\/fr#\/schema\/logo\/image\/\"},\"sameAs\":[\"https:\/\/www.facebook.com\/JusticeInfo\/\",\"https:\/\/x.com\/justiceinfonet\",\"https:\/\/www.linkedin.com\/company\/justice-info\",\"https:\/\/www.youtube.com\/channel\/UCyCEsARodyuWtkWyhn-e7pA\"]},{\"@type\":\"Person\",\"name\":\"AFP\",\"url\":\"\/fr\/?s=AFP\"}]}<\/script>\n<!-- \/ Yoast SEO Premium plugin. -->","yoast_head_json":{"title":"Maurice: d\u00e9mission de la pr\u00e9sidente, impliqu\u00e9e dans un scandale financier - JusticeInfo.net","robots":{"index":"index","follow":"follow","max-snippet":"max-snippet:-1","max-image-preview":"max-image-preview:large","max-video-preview":"max-video-preview:-1"},"canonical":"https:\/\/www.justiceinfo.net\/fr\/36738-maurice-demission-de-la-presidente-impliquee-dans-un-scandale-financier.html","og_locale":"fr_FR","og_type":"article","og_title":"Maurice: d\u00e9mission de la pr\u00e9sidente, impliqu\u00e9e dans un scandale financier","og_description":"La pr\u00e9sidente mauricienne Ameenah Gurib-Fakim, impliqu\u00e9e dans un scandale financier, s'est r\u00e9solue samedi \u00e0 d\u00e9missionner \"dans l'int\u00e9r\u00eat national\", a annonc\u00e9 son avocat, au terme d'un bras de fer avec le Premier ministre, qui r\u00e9clame son d\u00e9part depuis une semaine. Seule femme chef d'Etat en Afrique, Mme Gurib-Fakim \u00e9tait sous forte pression depuis deux semaines, \u00e0 [&hellip;]","og_url":"https:\/\/www.justiceinfo.net\/fr\/36738-maurice-demission-de-la-presidente-impliquee-dans-un-scandale-financier.html","og_site_name":"JusticeInfo.net","article_publisher":"https:\/\/www.facebook.com\/JusticeInfo\/","article_published_time":"2018-03-17T15:55:00+00:00","og_image":[{"width":1200,"height":630,"url":"https:\/\/www.justiceinfo.net\/wp-content\/uploads\/JusticeInfoNet_logo_1200x630px.jpg","type":"image\/jpeg"}],"author":"AFP","twitter_card":"summary_large_image","twitter_creator":"@justiceinfonet","twitter_site":"@justiceinfonet","twitter_misc":{"\u00c9crit par":"AFP","Dur\u00e9e de lecture estim\u00e9e":"4 minutes"},"schema":{"@context":"https:\/\/schema.org","@graph":[{"@type":"NewsArticle","@id":"https:\/\/www.justiceinfo.net\/fr\/36738-maurice-demission-de-la-presidente-impliquee-dans-un-scandale-financier.html#article","isPartOf":{"@id":"https:\/\/www.justiceinfo.net\/fr\/36738-maurice-demission-de-la-presidente-impliquee-dans-un-scandale-financier.html"},"author":{"name":"afp","@id":"https:\/\/www.justiceinfo.net\/fr#\/schema\/person\/713d340ef5f218fc36ce9b4244364a7f"},"headline":"Maurice: d\u00e9mission de la pr\u00e9sidente, impliqu\u00e9e dans un scandale financier","datePublished":"2018-03-17T15:55:00+00:00","mainEntityOfPage":{"@id":"https:\/\/www.justiceinfo.net\/fr\/36738-maurice-demission-de-la-presidente-impliquee-dans-un-scandale-financier.html"},"wordCount":808,"commentCount":0,"publisher":{"@id":"https:\/\/www.justiceinfo.net\/fr#organization"},"articleSection":["Fil d'info AFP"],"inLanguage":"fr-FR","potentialAction":[{"@type":"CommentAction","name":"Comment","target":["https:\/\/www.justiceinfo.net\/fr\/36738-maurice-demission-de-la-presidente-impliquee-dans-un-scandale-financier.html#respond"]}]},{"@type":"WebPage","@id":"https:\/\/www.justiceinfo.net\/fr\/36738-maurice-demission-de-la-presidente-impliquee-dans-un-scandale-financier.html","url":"https:\/\/www.justiceinfo.net\/fr\/36738-maurice-demission-de-la-presidente-impliquee-dans-un-scandale-financier.html","name":"Maurice: d\u00e9mission de la pr\u00e9sidente, impliqu\u00e9e dans un scandale financier - JusticeInfo.net","isPartOf":{"@id":"https:\/\/www.justiceinfo.net\/fr#website"},"datePublished":"2018-03-17T15:55:00+00:00","breadcrumb":{"@id":"https:\/\/www.justiceinfo.net\/fr\/36738-maurice-demission-de-la-presidente-impliquee-dans-un-scandale-financier.html#breadcrumb"},"inLanguage":"fr-FR","potentialAction":[{"@type":"ReadAction","target":["https:\/\/www.justiceinfo.net\/fr\/36738-maurice-demission-de-la-presidente-impliquee-dans-un-scandale-financier.html"]}]},{"@type":"BreadcrumbList","@id":"https:\/\/www.justiceinfo.net\/fr\/36738-maurice-demission-de-la-presidente-impliquee-dans-un-scandale-financier.html#breadcrumb","itemListElement":[{"@type":"ListItem","position":1,"name":"Home","item":"https:\/\/www.justiceinfo.net\/fr"},{"@type":"ListItem","position":2,"name":"Maurice: d\u00e9mission de la pr\u00e9sidente, impliqu\u00e9e dans un scandale financier"}]},{"@type":"WebSite","@id":"https:\/\/www.justiceinfo.net\/fr#website","url":"https:\/\/www.justiceinfo.net\/fr","name":"JusticeInfo.net","description":"La justice doit \u00eatre vue pour \u00eatre rendue","publisher":{"@id":"https:\/\/www.justiceinfo.net\/fr#organization"},"potentialAction":[{"@type":"SearchAction","target":{"@type":"EntryPoint","urlTemplate":"https:\/\/www.justiceinfo.net\/fr?s={search_term_string}"},"query-input":{"@type":"PropertyValueSpecification","valueRequired":true,"valueName":"search_term_string"}}],"inLanguage":"fr-FR"},{"@type":"Organization","@id":"https:\/\/www.justiceinfo.net\/fr#organization","name":"Justice Info","url":"https:\/\/www.justiceinfo.net\/fr","logo":{"@type":"ImageObject","inLanguage":"fr-FR","@id":"https:\/\/www.justiceinfo.net\/fr#\/schema\/logo\/image\/","url":"https:\/\/www.justiceinfo.net\/wp-content\/uploads\/justiceinfo_logo-trans_1200x1200px.png","contentUrl":"https:\/\/www.justiceinfo.net\/wp-content\/uploads\/justiceinfo_logo-trans_1200x1200px.png","width":1199,"height":1200,"caption":"Justice Info"},"image":{"@id":"https:\/\/www.justiceinfo.net\/fr#\/schema\/logo\/image\/"},"sameAs":["https:\/\/www.facebook.com\/JusticeInfo\/","https:\/\/x.com\/justiceinfonet","https:\/\/www.linkedin.com\/company\/justice-info","https:\/\/www.youtube.com\/channel\/UCyCEsARodyuWtkWyhn-e7pA"]},{"@type":"Person","name":"AFP","url":"\/fr\/?s=AFP"}]}},"_links":{"self":[{"href":"https:\/\/www.justiceinfo.net\/fr\/wp-json\/wp\/v2\/posts\/36738","targetHints":{"allow":["GET"]}}],"collection":[{"href":"https:\/\/www.justiceinfo.net\/fr\/wp-json\/wp\/v2\/posts"}],"about":[{"href":"https:\/\/www.justiceinfo.net\/fr\/wp-json\/wp\/v2\/types\/post"}],"author":[{"embeddable":true,"href":"https:\/\/www.justiceinfo.net\/fr\/wp-json\/wp\/v2\/users\/60"}],"replies":[{"embeddable":true,"href":"https:\/\/www.justiceinfo.net\/fr\/wp-json\/wp\/v2\/comments?post=36738"}],"version-history":[{"count":0,"href":"https:\/\/www.justiceinfo.net\/fr\/wp-json\/wp\/v2\/posts\/36738\/revisions"}],"wp:attachment":[{"href":"https:\/\/www.justiceinfo.net\/fr\/wp-json\/wp\/v2\/media?parent=36738"}],"wp:term":[{"taxonomy":"category","embeddable":true,"href":"https:\/\/www.justiceinfo.net\/fr\/wp-json\/wp\/v2\/categories?post=36738"},{"taxonomy":"post_tag","embeddable":true,"href":"https:\/\/www.justiceinfo.net\/fr\/wp-json\/wp\/v2\/tags?post=36738"},{"taxonomy":"ji_location","embeddable":true,"href":"https:\/\/www.justiceinfo.net\/fr\/wp-json\/wp\/v2\/ji_location?post=36738"}],"curies":[{"name":"wp","href":"https:\/\/api.w.org\/{rel}","templated":true}]}}