{"id":3677,"date":"2008-04-16T06:47:42","date_gmt":"2008-04-16T04:47:42","guid":{"rendered":"https:\/\/www.justiceinfo.net\/3677-150408-tpirgenocide-les-pays-dafrique-de-lest-exhortes-a-recevoir-des-affaires-du-tpir467.html"},"modified":"2008-04-16T06:47:42","modified_gmt":"2008-04-16T04:47:42","slug":"150408-tpirgenocide-les-pays-dafrique-de-lest-exhortes-a-recevoir-des-affaires-du-tpir467","status":"publish","type":"post","link":"https:\/\/www.justiceinfo.net\/fr\/3677-150408-tpirgenocide-les-pays-dafrique-de-lest-exhortes-a-recevoir-des-affaires-du-tpir467.html","title":{"rendered":"15.04.08 - TPIR\/GENOCIDE - LES PAYS D\u2019AFRIQUE DE L\u2019EST EXHORTES A RECEVOIR DES AFFAIRES DU TPIR"},"content":{"rendered":"<p  >\nArusha, 15 avril 2008 (FH) \u2013 Les pays de l\u2019Afrique de l\u2019est ont \u00e9t\u00e9 exhort\u00e9s \u00e0 accueillir et juger des dossiers de personnes mises en accusation par le Tribunal p\u00e9nal international pour le Rwanda (TPIR) qui, th\u00e9oriquement, doit terminer, d\u2019ici \u00e0 la fin de l\u2019ann\u00e9e, les proc\u00e8s en premi\u00e8re instance.\n<\/p>\n<p  >\nJusqu\u2019 \u00e0 pr\u00e9sent, seul le Rwanda, th\u00e9\u00e2tre des faits reproch\u00e9s aux accus\u00e9s, a demand\u00e9 \u00e0 juger des affaires du TPIR.\n<\/p>\n<p><!--more--><\/p>\n<p  >\n\u00ab Les pays africains, en particulier ceux de l\u2019Afrique de l\u2019est dont fait partie le Rwanda, devraient relever le d\u00e9fi et accueillir des affaires (du TPIR) \u00bb, a d\u00e9clar\u00e9 durant le week- end \u00e0 l\u2019Universit\u00e9 de Dar- es-Salaam, Wallace Kapaya, substitut du procureur du TPIR. <\/p>\n<p>Le magistrat tanzanien s\u2019exprimait devant des hommes politiques, des diplomates et des universitaires, lors d\u2019une journ\u00e9e internationale de r\u00e9flexion sur le g\u00e9nocide de 1994 au Rwanda qui a fait, selon Kigali, pr\u00e8s d\u2019un million de tu\u00e9s, essentiellement au sein de l\u2019ethnie tutsie. <\/p>\n<p>Kapaya a d\u00e9clar\u00e9 que ce g\u00e9nocide n\u2019est pas l\u2019affaire des seuls Rwandais mais celle de tous les Africains. <\/p>\n<p>Il a affirm\u00e9 que des m\u00e8res hutues ont tu\u00e9 leurs enfants n\u00e9s de p\u00e8res tutsis et que des hommes hutus ont tu\u00e9 leurs \u00e9pouses tutsies en 1994. <\/p>\n<p>Kapaya est revenu sur le r\u00f4le des autorit\u00e9s civiles et militaires, des eccl\u00e9siastiques et des m\u00e9decins dans la pr\u00e9paration et l\u2019ex\u00e9cution des politiques g\u00e9nocidaires. <\/p>\n<p>Bas\u00e9 \u00e0 Arusha, dans le nord de la Tanzanie, le TPIR a prononc\u00e9 \u00e0 ce jour 30 condamnations et 5 acquittements. <\/p>\n<p>SC\/ER\/AT<\/p>\n","protected":false},"excerpt":{"rendered":"<p>Arusha, 15 avril 2008 (FH) \u2013 Les pays de l\u2019Afrique de l\u2019est ont \u00e9t\u00e9 exhort\u00e9s \u00e0 accueillir et juger des dossiers de personnes mises en accusation par le Tribunal p\u00e9nal international pour le Rwanda (TPIR) qui, th\u00e9oriquement, doit terminer, d\u2019ici \u00e0 la fin de l\u2019ann\u00e9e, les proc\u00e8s en premi\u00e8re instance. Jusqu\u2019 \u00e0 pr\u00e9sent, seul le [&hellip;]<\/p>\n","protected":false},"author":64,"featured_media":0,"comment_status":"open","ping_status":"closed","sticky":false,"template":"","format":"standard","meta":{"_acf_changed":false,"footnotes":""},"categories":[554],"tags":[],"ji_location":[],"class_list":["post-3677","post","type-post","status-publish","format-standard","hentry","category-hirondellenews"],"acf":[],"yoast_head":"<!-- This site is optimized with the Yoast SEO Premium plugin v25.3.1 (Yoast SEO v25.3.1) - https:\/\/yoast.com\/wordpress\/plugins\/seo\/ -->\n<title>15.04.08 - TPIR\/GENOCIDE - LES PAYS D\u2019AFRIQUE DE L\u2019EST EXHORTES A RECEVOIR DES AFFAIRES DU TPIR - JusticeInfo.net<\/title>\n<meta name=\"robots\" content=\"index, follow, max-snippet:-1, max-image-preview:large, max-video-preview:-1\" \/>\n<link rel=\"canonical\" href=\"https:\/\/www.justiceinfo.net\/fr\/3677-150408-tpirgenocide-les-pays-dafrique-de-lest-exhortes-a-recevoir-des-affaires-du-tpir467.html\" \/>\n<meta property=\"og:locale\" content=\"fr_FR\" \/>\n<meta property=\"og:type\" content=\"article\" \/>\n<meta property=\"og:title\" content=\"15.04.08 - TPIR\/GENOCIDE - LES PAYS D\u2019AFRIQUE DE L\u2019EST EXHORTES A RECEVOIR DES AFFAIRES DU TPIR\" \/>\n<meta property=\"og:description\" content=\"Arusha, 15 avril 2008 (FH) \u2013 Les pays de l\u2019Afrique de l\u2019est ont \u00e9t\u00e9 exhort\u00e9s \u00e0 accueillir et juger des dossiers de personnes mises en accusation par le Tribunal p\u00e9nal international pour le Rwanda (TPIR) qui, th\u00e9oriquement, doit terminer, d\u2019ici \u00e0 la fin de l\u2019ann\u00e9e, les proc\u00e8s en premi\u00e8re instance. Jusqu\u2019 \u00e0 pr\u00e9sent, seul le [&hellip;]\" \/>\n<meta property=\"og:url\" content=\"https:\/\/www.justiceinfo.net\/fr\/3677-150408-tpirgenocide-les-pays-dafrique-de-lest-exhortes-a-recevoir-des-affaires-du-tpir467.html\" \/>\n<meta property=\"og:site_name\" content=\"JusticeInfo.net\" \/>\n<meta property=\"article:publisher\" content=\"https:\/\/www.facebook.com\/JusticeInfo\/\" \/>\n<meta property=\"article:published_time\" content=\"2008-04-16T04:47:42+00:00\" \/>\n<meta property=\"og:image\" content=\"https:\/\/www.justiceinfo.net\/wp-content\/uploads\/JusticeInfoNet_logo_1200x630px.jpg\" \/>\n\t<meta property=\"og:image:width\" content=\"1200\" \/>\n\t<meta property=\"og:image:height\" content=\"630\" \/>\n\t<meta property=\"og:image:type\" content=\"image\/jpeg\" \/>\n<meta name=\"author\" content=\"solivri\" \/>\n<meta name=\"twitter:card\" content=\"summary_large_image\" \/>\n<meta name=\"twitter:creator\" content=\"@justiceinfonet\" \/>\n<meta name=\"twitter:site\" content=\"@justiceinfonet\" \/>\n<meta name=\"twitter:label1\" content=\"\u00c9crit par\" \/>\n\t<meta name=\"twitter:data1\" content=\"solivri\" \/>\n\t<meta name=\"twitter:label2\" content=\"Dur\u00e9e de lecture estim\u00e9e\" \/>\n\t<meta name=\"twitter:data2\" content=\"1 minute\" \/>\n<script type=\"application\/ld+json\" class=\"yoast-schema-graph\">{\"@context\":\"https:\/\/schema.org\",\"@graph\":[{\"@type\":\"NewsArticle\",\"@id\":\"https:\/\/www.justiceinfo.net\/fr\/3677-150408-tpirgenocide-les-pays-dafrique-de-lest-exhortes-a-recevoir-des-affaires-du-tpir467.html#article\",\"isPartOf\":{\"@id\":\"https:\/\/www.justiceinfo.net\/fr\/3677-150408-tpirgenocide-les-pays-dafrique-de-lest-exhortes-a-recevoir-des-affaires-du-tpir467.html\"},\"author\":{\"name\":\"solivri\",\"@id\":\"https:\/\/www.justiceinfo.net\/fr#\/schema\/person\/6e53cba1629e2e66f3fc1821d3091865\"},\"headline\":\"15.04.08 - TPIR\/GENOCIDE - LES PAYS D\u2019AFRIQUE DE L\u2019EST EXHORTES A RECEVOIR DES AFFAIRES DU TPIR\",\"datePublished\":\"2008-04-16T04:47:42+00:00\",\"mainEntityOfPage\":{\"@id\":\"https:\/\/www.justiceinfo.net\/fr\/3677-150408-tpirgenocide-les-pays-dafrique-de-lest-exhortes-a-recevoir-des-affaires-du-tpir467.html\"},\"wordCount\":295,\"commentCount\":0,\"publisher\":{\"@id\":\"https:\/\/www.justiceinfo.net\/fr#organization\"},\"articleSection\":[\"Hirondelle News\"],\"inLanguage\":\"fr-FR\",\"potentialAction\":[{\"@type\":\"CommentAction\",\"name\":\"Comment\",\"target\":[\"https:\/\/www.justiceinfo.net\/fr\/3677-150408-tpirgenocide-les-pays-dafrique-de-lest-exhortes-a-recevoir-des-affaires-du-tpir467.html#respond\"]}]},{\"@type\":\"WebPage\",\"@id\":\"https:\/\/www.justiceinfo.net\/fr\/3677-150408-tpirgenocide-les-pays-dafrique-de-lest-exhortes-a-recevoir-des-affaires-du-tpir467.html\",\"url\":\"https:\/\/www.justiceinfo.net\/fr\/3677-150408-tpirgenocide-les-pays-dafrique-de-lest-exhortes-a-recevoir-des-affaires-du-tpir467.html\",\"name\":\"15.04.08 - TPIR\/GENOCIDE - LES PAYS D\u2019AFRIQUE DE L\u2019EST EXHORTES A RECEVOIR DES AFFAIRES DU TPIR - JusticeInfo.net\",\"isPartOf\":{\"@id\":\"https:\/\/www.justiceinfo.net\/fr#website\"},\"datePublished\":\"2008-04-16T04:47:42+00:00\",\"breadcrumb\":{\"@id\":\"https:\/\/www.justiceinfo.net\/fr\/3677-150408-tpirgenocide-les-pays-dafrique-de-lest-exhortes-a-recevoir-des-affaires-du-tpir467.html#breadcrumb\"},\"inLanguage\":\"fr-FR\",\"potentialAction\":[{\"@type\":\"ReadAction\",\"target\":[\"https:\/\/www.justiceinfo.net\/fr\/3677-150408-tpirgenocide-les-pays-dafrique-de-lest-exhortes-a-recevoir-des-affaires-du-tpir467.html\"]}]},{\"@type\":\"BreadcrumbList\",\"@id\":\"https:\/\/www.justiceinfo.net\/fr\/3677-150408-tpirgenocide-les-pays-dafrique-de-lest-exhortes-a-recevoir-des-affaires-du-tpir467.html#breadcrumb\",\"itemListElement\":[{\"@type\":\"ListItem\",\"position\":1,\"name\":\"Home\",\"item\":\"https:\/\/www.justiceinfo.net\/fr\"},{\"@type\":\"ListItem\",\"position\":2,\"name\":\"15.04.08 - TPIR\/GENOCIDE - LES PAYS D\u2019AFRIQUE DE L\u2019EST EXHORTES A RECEVOIR DES AFFAIRES DU TPIR\"}]},{\"@type\":\"WebSite\",\"@id\":\"https:\/\/www.justiceinfo.net\/fr#website\",\"url\":\"https:\/\/www.justiceinfo.net\/fr\",\"name\":\"JusticeInfo.net\",\"description\":\"La justice doit \u00eatre vue pour \u00eatre rendue\",\"publisher\":{\"@id\":\"https:\/\/www.justiceinfo.net\/fr#organization\"},\"potentialAction\":[{\"@type\":\"SearchAction\",\"target\":{\"@type\":\"EntryPoint\",\"urlTemplate\":\"https:\/\/www.justiceinfo.net\/fr?s={search_term_string}\"},\"query-input\":{\"@type\":\"PropertyValueSpecification\",\"valueRequired\":true,\"valueName\":\"search_term_string\"}}],\"inLanguage\":\"fr-FR\"},{\"@type\":\"Organization\",\"@id\":\"https:\/\/www.justiceinfo.net\/fr#organization\",\"name\":\"Justice Info\",\"url\":\"https:\/\/www.justiceinfo.net\/fr\",\"logo\":{\"@type\":\"ImageObject\",\"inLanguage\":\"fr-FR\",\"@id\":\"https:\/\/www.justiceinfo.net\/fr#\/schema\/logo\/image\/\",\"url\":\"https:\/\/www.justiceinfo.net\/wp-content\/uploads\/justiceinfo_logo-trans_1200x1200px.png\",\"contentUrl\":\"https:\/\/www.justiceinfo.net\/wp-content\/uploads\/justiceinfo_logo-trans_1200x1200px.png\",\"width\":1199,\"height\":1200,\"caption\":\"Justice Info\"},\"image\":{\"@id\":\"https:\/\/www.justiceinfo.net\/fr#\/schema\/logo\/image\/\"},\"sameAs\":[\"https:\/\/www.facebook.com\/JusticeInfo\/\",\"https:\/\/x.com\/justiceinfonet\",\"https:\/\/www.linkedin.com\/company\/justice-info\",\"https:\/\/www.youtube.com\/channel\/UCyCEsARodyuWtkWyhn-e7pA\"]},{\"@type\":\"Person\",\"name\":\"solivri\",\"url\":\"\/fr\/?s=solivri\"}]}<\/script>\n<!-- \/ Yoast SEO Premium plugin. -->","yoast_head_json":{"title":"15.04.08 - TPIR\/GENOCIDE - LES PAYS D\u2019AFRIQUE DE L\u2019EST EXHORTES A RECEVOIR DES AFFAIRES DU TPIR - JusticeInfo.net","robots":{"index":"index","follow":"follow","max-snippet":"max-snippet:-1","max-image-preview":"max-image-preview:large","max-video-preview":"max-video-preview:-1"},"canonical":"https:\/\/www.justiceinfo.net\/fr\/3677-150408-tpirgenocide-les-pays-dafrique-de-lest-exhortes-a-recevoir-des-affaires-du-tpir467.html","og_locale":"fr_FR","og_type":"article","og_title":"15.04.08 - TPIR\/GENOCIDE - LES PAYS D\u2019AFRIQUE DE L\u2019EST EXHORTES A RECEVOIR DES AFFAIRES DU TPIR","og_description":"Arusha, 15 avril 2008 (FH) \u2013 Les pays de l\u2019Afrique de l\u2019est ont \u00e9t\u00e9 exhort\u00e9s \u00e0 accueillir et juger des dossiers de personnes mises en accusation par le Tribunal p\u00e9nal international pour le Rwanda (TPIR) qui, th\u00e9oriquement, doit terminer, d\u2019ici \u00e0 la fin de l\u2019ann\u00e9e, les proc\u00e8s en premi\u00e8re instance. Jusqu\u2019 \u00e0 pr\u00e9sent, seul le [&hellip;]","og_url":"https:\/\/www.justiceinfo.net\/fr\/3677-150408-tpirgenocide-les-pays-dafrique-de-lest-exhortes-a-recevoir-des-affaires-du-tpir467.html","og_site_name":"JusticeInfo.net","article_publisher":"https:\/\/www.facebook.com\/JusticeInfo\/","article_published_time":"2008-04-16T04:47:42+00:00","og_image":[{"width":1200,"height":630,"url":"https:\/\/www.justiceinfo.net\/wp-content\/uploads\/JusticeInfoNet_logo_1200x630px.jpg","type":"image\/jpeg"}],"author":"solivri","twitter_card":"summary_large_image","twitter_creator":"@justiceinfonet","twitter_site":"@justiceinfonet","twitter_misc":{"\u00c9crit par":"solivri","Dur\u00e9e de lecture estim\u00e9e":"1 minute"},"schema":{"@context":"https:\/\/schema.org","@graph":[{"@type":"NewsArticle","@id":"https:\/\/www.justiceinfo.net\/fr\/3677-150408-tpirgenocide-les-pays-dafrique-de-lest-exhortes-a-recevoir-des-affaires-du-tpir467.html#article","isPartOf":{"@id":"https:\/\/www.justiceinfo.net\/fr\/3677-150408-tpirgenocide-les-pays-dafrique-de-lest-exhortes-a-recevoir-des-affaires-du-tpir467.html"},"author":{"name":"solivri","@id":"https:\/\/www.justiceinfo.net\/fr#\/schema\/person\/6e53cba1629e2e66f3fc1821d3091865"},"headline":"15.04.08 - TPIR\/GENOCIDE - LES PAYS D\u2019AFRIQUE DE L\u2019EST EXHORTES A RECEVOIR DES AFFAIRES DU TPIR","datePublished":"2008-04-16T04:47:42+00:00","mainEntityOfPage":{"@id":"https:\/\/www.justiceinfo.net\/fr\/3677-150408-tpirgenocide-les-pays-dafrique-de-lest-exhortes-a-recevoir-des-affaires-du-tpir467.html"},"wordCount":295,"commentCount":0,"publisher":{"@id":"https:\/\/www.justiceinfo.net\/fr#organization"},"articleSection":["Hirondelle News"],"inLanguage":"fr-FR","potentialAction":[{"@type":"CommentAction","name":"Comment","target":["https:\/\/www.justiceinfo.net\/fr\/3677-150408-tpirgenocide-les-pays-dafrique-de-lest-exhortes-a-recevoir-des-affaires-du-tpir467.html#respond"]}]},{"@type":"WebPage","@id":"https:\/\/www.justiceinfo.net\/fr\/3677-150408-tpirgenocide-les-pays-dafrique-de-lest-exhortes-a-recevoir-des-affaires-du-tpir467.html","url":"https:\/\/www.justiceinfo.net\/fr\/3677-150408-tpirgenocide-les-pays-dafrique-de-lest-exhortes-a-recevoir-des-affaires-du-tpir467.html","name":"15.04.08 - TPIR\/GENOCIDE - LES PAYS D\u2019AFRIQUE DE L\u2019EST EXHORTES A RECEVOIR DES AFFAIRES DU TPIR - JusticeInfo.net","isPartOf":{"@id":"https:\/\/www.justiceinfo.net\/fr#website"},"datePublished":"2008-04-16T04:47:42+00:00","breadcrumb":{"@id":"https:\/\/www.justiceinfo.net\/fr\/3677-150408-tpirgenocide-les-pays-dafrique-de-lest-exhortes-a-recevoir-des-affaires-du-tpir467.html#breadcrumb"},"inLanguage":"fr-FR","potentialAction":[{"@type":"ReadAction","target":["https:\/\/www.justiceinfo.net\/fr\/3677-150408-tpirgenocide-les-pays-dafrique-de-lest-exhortes-a-recevoir-des-affaires-du-tpir467.html"]}]},{"@type":"BreadcrumbList","@id":"https:\/\/www.justiceinfo.net\/fr\/3677-150408-tpirgenocide-les-pays-dafrique-de-lest-exhortes-a-recevoir-des-affaires-du-tpir467.html#breadcrumb","itemListElement":[{"@type":"ListItem","position":1,"name":"Home","item":"https:\/\/www.justiceinfo.net\/fr"},{"@type":"ListItem","position":2,"name":"15.04.08 - TPIR\/GENOCIDE - LES PAYS D\u2019AFRIQUE DE L\u2019EST EXHORTES A RECEVOIR DES AFFAIRES DU TPIR"}]},{"@type":"WebSite","@id":"https:\/\/www.justiceinfo.net\/fr#website","url":"https:\/\/www.justiceinfo.net\/fr","name":"JusticeInfo.net","description":"La justice doit \u00eatre vue pour \u00eatre rendue","publisher":{"@id":"https:\/\/www.justiceinfo.net\/fr#organization"},"potentialAction":[{"@type":"SearchAction","target":{"@type":"EntryPoint","urlTemplate":"https:\/\/www.justiceinfo.net\/fr?s={search_term_string}"},"query-input":{"@type":"PropertyValueSpecification","valueRequired":true,"valueName":"search_term_string"}}],"inLanguage":"fr-FR"},{"@type":"Organization","@id":"https:\/\/www.justiceinfo.net\/fr#organization","name":"Justice Info","url":"https:\/\/www.justiceinfo.net\/fr","logo":{"@type":"ImageObject","inLanguage":"fr-FR","@id":"https:\/\/www.justiceinfo.net\/fr#\/schema\/logo\/image\/","url":"https:\/\/www.justiceinfo.net\/wp-content\/uploads\/justiceinfo_logo-trans_1200x1200px.png","contentUrl":"https:\/\/www.justiceinfo.net\/wp-content\/uploads\/justiceinfo_logo-trans_1200x1200px.png","width":1199,"height":1200,"caption":"Justice Info"},"image":{"@id":"https:\/\/www.justiceinfo.net\/fr#\/schema\/logo\/image\/"},"sameAs":["https:\/\/www.facebook.com\/JusticeInfo\/","https:\/\/x.com\/justiceinfonet","https:\/\/www.linkedin.com\/company\/justice-info","https:\/\/www.youtube.com\/channel\/UCyCEsARodyuWtkWyhn-e7pA"]},{"@type":"Person","name":"solivri","url":"\/fr\/?s=solivri"}]}},"_links":{"self":[{"href":"https:\/\/www.justiceinfo.net\/fr\/wp-json\/wp\/v2\/posts\/3677","targetHints":{"allow":["GET"]}}],"collection":[{"href":"https:\/\/www.justiceinfo.net\/fr\/wp-json\/wp\/v2\/posts"}],"about":[{"href":"https:\/\/www.justiceinfo.net\/fr\/wp-json\/wp\/v2\/types\/post"}],"author":[{"embeddable":true,"href":"https:\/\/www.justiceinfo.net\/fr\/wp-json\/wp\/v2\/users\/64"}],"replies":[{"embeddable":true,"href":"https:\/\/www.justiceinfo.net\/fr\/wp-json\/wp\/v2\/comments?post=3677"}],"version-history":[{"count":0,"href":"https:\/\/www.justiceinfo.net\/fr\/wp-json\/wp\/v2\/posts\/3677\/revisions"}],"wp:attachment":[{"href":"https:\/\/www.justiceinfo.net\/fr\/wp-json\/wp\/v2\/media?parent=3677"}],"wp:term":[{"taxonomy":"category","embeddable":true,"href":"https:\/\/www.justiceinfo.net\/fr\/wp-json\/wp\/v2\/categories?post=3677"},{"taxonomy":"post_tag","embeddable":true,"href":"https:\/\/www.justiceinfo.net\/fr\/wp-json\/wp\/v2\/tags?post=3677"},{"taxonomy":"ji_location","embeddable":true,"href":"https:\/\/www.justiceinfo.net\/fr\/wp-json\/wp\/v2\/ji_location?post=3677"}],"curies":[{"name":"wp","href":"https:\/\/api.w.org\/{rel}","templated":true}]}}