{"id":36860,"date":"2018-03-27T10:37:42","date_gmt":"2018-03-27T08:37:42","guid":{"rendered":"https:\/\/www.justiceinfo.net\/36860-centrafrique-il-faut-etablir-la-verite-et-rendre-justice-selon-la-procureure-de-la-cpi.html"},"modified":"2018-03-27T10:37:42","modified_gmt":"2018-03-27T08:37:42","slug":"centrafrique-il-faut-etablir-la-verite-et-rendre-justice-selon-la-procureure-de-la-cpi","status":"publish","type":"post","link":"https:\/\/www.justiceinfo.net\/fr\/36860-centrafrique-il-faut-etablir-la-verite-et-rendre-justice-selon-la-procureure-de-la-cpi.html","title":{"rendered":"Centrafrique\u00a0: \"Il faut \u00e9tablir la v\u00e9rit\u00e9 et rendre justice\", selon la Procureure de la CPI"},"content":{"rendered":"<div class=\"content-excerpt\">\n<p><strong><em>La Procureure de la Cour p\u00e9nale internationale (CPI) Fatou Bensouda se trouvait la semaine derni\u00e8re \u00e0 Bangui \u00e0 l\u2019occasion d\u2019une formation organis\u00e9e \u00e0 l\u2019intention de la Cour sp\u00e9ciale (CPS) de Centrafrique qui se met progressivement en place. La magistrate gambienne a r\u00e9it\u00e9r\u00e9, dans son allocution, son soutien aux victimes.<\/em><\/strong><\/p>\n<p><strong><em><iframe loading=\"lazy\" src=\"https:\/\/w.soundcloud.com\/player\/?url=https%3A\/\/api.soundcloud.com\/tracks\/420786040&amp;color=%23ff5500&amp;auto_play=false&amp;hide_related=false&amp;show_comments=true&amp;show_user=true&amp;show_reposts=false&amp;show_teaser=true\" width=\"100%\" height=\"166\" frameborder=\"no\" scrolling=\"no\"><\/iframe><\/em><\/strong><\/p>\n<\/div>\n<p>\"<em>Il nous faut \u00e9tablir la v\u00e9rit\u00e9 et rendre justice aux victimes de crimes atroces car il s'agit d'une demande du peuple centrafricain. Je suis venue \u00e0 Bangui pour r\u00e9it\u00e9rer au peuple et \u00e0 toutes les victimes centrafricaines et aux communaut\u00e9s affect\u00e9es que nous sommes avec elles pour que justice leur soit rendue<\/em>\", a-t-elle d\u00e9clar\u00e9 le mercredi 21 mars \u00e0 l'ouverture d'une formation \u00e0 l'intention des magistrats de la Cour p\u00e9nale sp\u00e9ciale. Une formation qui est aussi \u00e9largie aux magistrats d\u2019autres juridictions du pays. <br \/>Ces professionnels du droit avaient trois jours pour passer en revue leurs principes de travail, un atelier rendu possible gr\u00e2ce \u00e0 la Cour p\u00e9nale internationale, l'Union Europ\u00e9enne ainsi que la Mission multidimensionnelle int\u00e9gr\u00e9e des Nations unies pour la stabilisation en Centrafrique (Minusca).<br \/>Pr\u00e9sent \u00e0 la c\u00e9r\u00e9monie d\u2019ouverture, le Premier ministre Simplice Mathieu Sarandji a rappel\u00e9 que \"<em>les Centrafricains se perdent en conjectures<\/em>\", se demandant si la CPS sortira un jour des papiers pour accomplir son mandat. \u00ab\u00a0<em>La Procureure de la Cour p\u00e9nale internationale et son bureau sont chez nous pour former les magistrats qui travaillent dans cette Cour<\/em>\", a assur\u00e9 le chef du gouvernement centrafricain, promettant que cette cour mixte allait finalement \u00eatre op\u00e9rationnelle.<br \/>Lors de cette c\u00e9r\u00e9monie, une lettre d'entente a par ailleurs \u00e9t\u00e9 sign\u00e9e entre la Cour p\u00e9nale sp\u00e9ciale et la Cour p\u00e9nale internationale, en vue d\u2019une bonne coop\u00e9ration entre les deux institutions.<\/p>\n<p>La Cour p\u00e9nale sp\u00e9ciale en R\u00e9publique centrafricaine a \u00e9t\u00e9 cr\u00e9\u00e9e sous le gouvernement de transition de Catherine Samba- Panza, par la loi n\u00b015.003 du 3 juin 2015. Elle est comp\u00e9tente pour\u00a0enqu\u00eater, instruire et juger les violations graves des droits de l\u2019Homme et les violations graves du droit international humanitaire, commises sur le territoire centrafricain depuis le 1er janvier 2003. Le travail de la CPS est compl\u00e9mentaire de celui de la Cour p\u00e9nale internationale (CPI) \u00e0 laquelle le m\u00eame gouvernement de Catherine Samba-Panza a d\u00e9f\u00e9r\u00e9 la situation en Centrafrique depuis ao\u00fbt 2012. La CPS, qui se met en place progressivement, est compos\u00e9e de magistrats et de personnel nationaux et internationaux.<\/p>\n","protected":false},"excerpt":{"rendered":"<p>La Procureure de la Cour p\u00e9nale internationale (CPI) Fatou Bensouda se trouvait la semaine derni\u00e8re \u00e0 Bangui \u00e0 l\u2019occasion d\u2019une formation organis\u00e9e \u00e0 l\u2019intention de la Cour sp\u00e9ciale (CPS) de Centrafrique qui se met progressivement en place. La magistrate gambienne a r\u00e9it\u00e9r\u00e9, dans son allocution, son soutien aux victimes. \"Il nous faut \u00e9tablir la v\u00e9rit\u00e9 [&hellip;]<\/p>\n","protected":false},"author":64,"featured_media":64369,"comment_status":"open","ping_status":"closed","sticky":false,"template":"","format":"standard","meta":{"_acf_changed":false,"footnotes":""},"categories":[573],"tags":[],"ji_location":[2164],"class_list":["post-36860","post","type-post","status-publish","format-standard","has-post-thumbnail","hentry","category-tribunaux-mixtes","ji_location-republique-centrafricaine"],"acf":[],"yoast_head":"<!-- This site is optimized with the Yoast SEO Premium plugin v25.3.1 (Yoast SEO v25.3.1) - https:\/\/yoast.com\/wordpress\/plugins\/seo\/ -->\n<title>Centrafrique\u00a0: &quot;Il faut \u00e9tablir la v\u00e9rit\u00e9 et rendre justice&quot;, selon la Procureure de la CPI - JusticeInfo.net<\/title>\n<meta name=\"robots\" content=\"index, follow, max-snippet:-1, max-image-preview:large, max-video-preview:-1\" \/>\n<link rel=\"canonical\" href=\"https:\/\/www.justiceinfo.net\/fr\/36860-centrafrique-il-faut-etablir-la-verite-et-rendre-justice-selon-la-procureure-de-la-cpi.html\" \/>\n<meta property=\"og:locale\" content=\"fr_FR\" \/>\n<meta property=\"og:type\" content=\"article\" \/>\n<meta property=\"og:title\" content=\"Centrafrique\u00a0: &quot;Il faut \u00e9tablir la v\u00e9rit\u00e9 et rendre justice&quot;, selon la Procureure de la CPI\" \/>\n<meta property=\"og:description\" content=\"La Procureure de la Cour p\u00e9nale internationale (CPI) Fatou Bensouda se trouvait la semaine derni\u00e8re \u00e0 Bangui \u00e0 l\u2019occasion d\u2019une formation organis\u00e9e \u00e0 l\u2019intention de la Cour sp\u00e9ciale (CPS) de Centrafrique qui se met progressivement en place. La magistrate gambienne a r\u00e9it\u00e9r\u00e9, dans son allocution, son soutien aux victimes. &quot;Il nous faut \u00e9tablir la v\u00e9rit\u00e9 [&hellip;]\" \/>\n<meta property=\"og:url\" content=\"https:\/\/www.justiceinfo.net\/fr\/36860-centrafrique-il-faut-etablir-la-verite-et-rendre-justice-selon-la-procureure-de-la-cpi.html\" \/>\n<meta property=\"og:site_name\" content=\"JusticeInfo.net\" \/>\n<meta property=\"article:publisher\" content=\"https:\/\/www.facebook.com\/JusticeInfo\/\" \/>\n<meta property=\"article:published_time\" content=\"2018-03-27T08:37:42+00:00\" \/>\n<meta property=\"og:image\" content=\"https:\/\/www.justiceinfo.net\/wp-content\/uploads\/4e071fd05c9fef731e46a962a4399fcc.jpg\" \/>\n\t<meta property=\"og:image:width\" content=\"2048\" \/>\n\t<meta property=\"og:image:height\" content=\"1365\" \/>\n\t<meta property=\"og:image:type\" content=\"image\/jpeg\" \/>\n<meta name=\"author\" content=\"Radio Ndeke Luka\" \/>\n<meta name=\"twitter:card\" content=\"summary_large_image\" \/>\n<meta name=\"twitter:creator\" content=\"@justiceinfonet\" \/>\n<meta name=\"twitter:site\" content=\"@justiceinfonet\" \/>\n<meta name=\"twitter:label1\" content=\"\u00c9crit par\" \/>\n\t<meta name=\"twitter:data1\" content=\"Radio Ndeke Luka\" \/>\n\t<meta name=\"twitter:label2\" content=\"Dur\u00e9e de lecture estim\u00e9e\" \/>\n\t<meta name=\"twitter:data2\" content=\"2 minutes\" \/>\n<script type=\"application\/ld+json\" class=\"yoast-schema-graph\">{\"@context\":\"https:\/\/schema.org\",\"@graph\":[{\"@type\":\"NewsArticle\",\"@id\":\"https:\/\/www.justiceinfo.net\/fr\/36860-centrafrique-il-faut-etablir-la-verite-et-rendre-justice-selon-la-procureure-de-la-cpi.html#article\",\"isPartOf\":{\"@id\":\"https:\/\/www.justiceinfo.net\/fr\/36860-centrafrique-il-faut-etablir-la-verite-et-rendre-justice-selon-la-procureure-de-la-cpi.html\"},\"author\":{\"name\":\"solivri\",\"@id\":\"https:\/\/www.justiceinfo.net\/fr#\/schema\/person\/6e53cba1629e2e66f3fc1821d3091865\"},\"headline\":\"Centrafrique\u00a0: \\\"Il faut \u00e9tablir la v\u00e9rit\u00e9 et rendre justice\\\", selon la Procureure de la CPI\",\"datePublished\":\"2018-03-27T08:37:42+00:00\",\"mainEntityOfPage\":{\"@id\":\"https:\/\/www.justiceinfo.net\/fr\/36860-centrafrique-il-faut-etablir-la-verite-et-rendre-justice-selon-la-procureure-de-la-cpi.html\"},\"wordCount\":446,\"commentCount\":0,\"publisher\":{\"@id\":\"https:\/\/www.justiceinfo.net\/fr#organization\"},\"image\":{\"@id\":\"https:\/\/www.justiceinfo.net\/fr\/36860-centrafrique-il-faut-etablir-la-verite-et-rendre-justice-selon-la-procureure-de-la-cpi.html#primaryimage\"},\"thumbnailUrl\":\"https:\/\/www.justiceinfo.net\/wp-content\/uploads\/4e071fd05c9fef731e46a962a4399fcc.jpg\",\"articleSection\":[\"Tribunaux mixtes\"],\"inLanguage\":\"fr-FR\",\"potentialAction\":[{\"@type\":\"CommentAction\",\"name\":\"Comment\",\"target\":[\"https:\/\/www.justiceinfo.net\/fr\/36860-centrafrique-il-faut-etablir-la-verite-et-rendre-justice-selon-la-procureure-de-la-cpi.html#respond\"]}]},{\"@type\":\"WebPage\",\"@id\":\"https:\/\/www.justiceinfo.net\/fr\/36860-centrafrique-il-faut-etablir-la-verite-et-rendre-justice-selon-la-procureure-de-la-cpi.html\",\"url\":\"https:\/\/www.justiceinfo.net\/fr\/36860-centrafrique-il-faut-etablir-la-verite-et-rendre-justice-selon-la-procureure-de-la-cpi.html\",\"name\":\"Centrafrique\u00a0: \\\"Il faut \u00e9tablir la v\u00e9rit\u00e9 et rendre justice\\\", selon la Procureure de la CPI - JusticeInfo.net\",\"isPartOf\":{\"@id\":\"https:\/\/www.justiceinfo.net\/fr#website\"},\"primaryImageOfPage\":{\"@id\":\"https:\/\/www.justiceinfo.net\/fr\/36860-centrafrique-il-faut-etablir-la-verite-et-rendre-justice-selon-la-procureure-de-la-cpi.html#primaryimage\"},\"image\":{\"@id\":\"https:\/\/www.justiceinfo.net\/fr\/36860-centrafrique-il-faut-etablir-la-verite-et-rendre-justice-selon-la-procureure-de-la-cpi.html#primaryimage\"},\"thumbnailUrl\":\"https:\/\/www.justiceinfo.net\/wp-content\/uploads\/4e071fd05c9fef731e46a962a4399fcc.jpg\",\"datePublished\":\"2018-03-27T08:37:42+00:00\",\"breadcrumb\":{\"@id\":\"https:\/\/www.justiceinfo.net\/fr\/36860-centrafrique-il-faut-etablir-la-verite-et-rendre-justice-selon-la-procureure-de-la-cpi.html#breadcrumb\"},\"inLanguage\":\"fr-FR\",\"potentialAction\":[{\"@type\":\"ReadAction\",\"target\":[\"https:\/\/www.justiceinfo.net\/fr\/36860-centrafrique-il-faut-etablir-la-verite-et-rendre-justice-selon-la-procureure-de-la-cpi.html\"]}]},{\"@type\":\"ImageObject\",\"inLanguage\":\"fr-FR\",\"@id\":\"https:\/\/www.justiceinfo.net\/fr\/36860-centrafrique-il-faut-etablir-la-verite-et-rendre-justice-selon-la-procureure-de-la-cpi.html#primaryimage\",\"url\":\"https:\/\/www.justiceinfo.net\/wp-content\/uploads\/4e071fd05c9fef731e46a962a4399fcc.jpg\",\"contentUrl\":\"https:\/\/www.justiceinfo.net\/wp-content\/uploads\/4e071fd05c9fef731e46a962a4399fcc.jpg\",\"width\":2048,\"height\":1365},{\"@type\":\"BreadcrumbList\",\"@id\":\"https:\/\/www.justiceinfo.net\/fr\/36860-centrafrique-il-faut-etablir-la-verite-et-rendre-justice-selon-la-procureure-de-la-cpi.html#breadcrumb\",\"itemListElement\":[{\"@type\":\"ListItem\",\"position\":1,\"name\":\"Home\",\"item\":\"https:\/\/www.justiceinfo.net\/fr\"},{\"@type\":\"ListItem\",\"position\":2,\"name\":\"Centrafrique\u00a0: \\\"Il faut \u00e9tablir la v\u00e9rit\u00e9 et rendre justice\\\", selon la Procureure de la CPI\"}]},{\"@type\":\"WebSite\",\"@id\":\"https:\/\/www.justiceinfo.net\/fr#website\",\"url\":\"https:\/\/www.justiceinfo.net\/fr\",\"name\":\"JusticeInfo.net\",\"description\":\"La justice doit \u00eatre vue pour \u00eatre rendue\",\"publisher\":{\"@id\":\"https:\/\/www.justiceinfo.net\/fr#organization\"},\"potentialAction\":[{\"@type\":\"SearchAction\",\"target\":{\"@type\":\"EntryPoint\",\"urlTemplate\":\"https:\/\/www.justiceinfo.net\/fr?s={search_term_string}\"},\"query-input\":{\"@type\":\"PropertyValueSpecification\",\"valueRequired\":true,\"valueName\":\"search_term_string\"}}],\"inLanguage\":\"fr-FR\"},{\"@type\":\"Organization\",\"@id\":\"https:\/\/www.justiceinfo.net\/fr#organization\",\"name\":\"Justice Info\",\"url\":\"https:\/\/www.justiceinfo.net\/fr\",\"logo\":{\"@type\":\"ImageObject\",\"inLanguage\":\"fr-FR\",\"@id\":\"https:\/\/www.justiceinfo.net\/fr#\/schema\/logo\/image\/\",\"url\":\"https:\/\/www.justiceinfo.net\/wp-content\/uploads\/justiceinfo_logo-trans_1200x1200px.png\",\"contentUrl\":\"https:\/\/www.justiceinfo.net\/wp-content\/uploads\/justiceinfo_logo-trans_1200x1200px.png\",\"width\":1199,\"height\":1200,\"caption\":\"Justice Info\"},\"image\":{\"@id\":\"https:\/\/www.justiceinfo.net\/fr#\/schema\/logo\/image\/\"},\"sameAs\":[\"https:\/\/www.facebook.com\/JusticeInfo\/\",\"https:\/\/x.com\/justiceinfonet\",\"https:\/\/www.linkedin.com\/company\/justice-info\",\"https:\/\/www.youtube.com\/channel\/UCyCEsARodyuWtkWyhn-e7pA\"]},{\"@type\":\"Person\",\"name\":\"Radio Ndeke Luka\",\"url\":\"\/fr\/?s=Radio Ndeke Luka\"}]}<\/script>\n<!-- \/ Yoast SEO Premium plugin. -->","yoast_head_json":{"title":"Centrafrique\u00a0: \"Il faut \u00e9tablir la v\u00e9rit\u00e9 et rendre justice\", selon la Procureure de la CPI - JusticeInfo.net","robots":{"index":"index","follow":"follow","max-snippet":"max-snippet:-1","max-image-preview":"max-image-preview:large","max-video-preview":"max-video-preview:-1"},"canonical":"https:\/\/www.justiceinfo.net\/fr\/36860-centrafrique-il-faut-etablir-la-verite-et-rendre-justice-selon-la-procureure-de-la-cpi.html","og_locale":"fr_FR","og_type":"article","og_title":"Centrafrique\u00a0: \"Il faut \u00e9tablir la v\u00e9rit\u00e9 et rendre justice\", selon la Procureure de la CPI","og_description":"La Procureure de la Cour p\u00e9nale internationale (CPI) Fatou Bensouda se trouvait la semaine derni\u00e8re \u00e0 Bangui \u00e0 l\u2019occasion d\u2019une formation organis\u00e9e \u00e0 l\u2019intention de la Cour sp\u00e9ciale (CPS) de Centrafrique qui se met progressivement en place. La magistrate gambienne a r\u00e9it\u00e9r\u00e9, dans son allocution, son soutien aux victimes. \"Il nous faut \u00e9tablir la v\u00e9rit\u00e9 [&hellip;]","og_url":"https:\/\/www.justiceinfo.net\/fr\/36860-centrafrique-il-faut-etablir-la-verite-et-rendre-justice-selon-la-procureure-de-la-cpi.html","og_site_name":"JusticeInfo.net","article_publisher":"https:\/\/www.facebook.com\/JusticeInfo\/","article_published_time":"2018-03-27T08:37:42+00:00","og_image":[{"width":2048,"height":1365,"url":"https:\/\/www.justiceinfo.net\/wp-content\/uploads\/4e071fd05c9fef731e46a962a4399fcc.jpg","type":"image\/jpeg"}],"author":"Radio Ndeke Luka","twitter_card":"summary_large_image","twitter_creator":"@justiceinfonet","twitter_site":"@justiceinfonet","twitter_misc":{"\u00c9crit par":"Radio Ndeke Luka","Dur\u00e9e de lecture estim\u00e9e":"2 minutes"},"schema":{"@context":"https:\/\/schema.org","@graph":[{"@type":"NewsArticle","@id":"https:\/\/www.justiceinfo.net\/fr\/36860-centrafrique-il-faut-etablir-la-verite-et-rendre-justice-selon-la-procureure-de-la-cpi.html#article","isPartOf":{"@id":"https:\/\/www.justiceinfo.net\/fr\/36860-centrafrique-il-faut-etablir-la-verite-et-rendre-justice-selon-la-procureure-de-la-cpi.html"},"author":{"name":"solivri","@id":"https:\/\/www.justiceinfo.net\/fr#\/schema\/person\/6e53cba1629e2e66f3fc1821d3091865"},"headline":"Centrafrique\u00a0: \"Il faut \u00e9tablir la v\u00e9rit\u00e9 et rendre justice\", selon la Procureure de la CPI","datePublished":"2018-03-27T08:37:42+00:00","mainEntityOfPage":{"@id":"https:\/\/www.justiceinfo.net\/fr\/36860-centrafrique-il-faut-etablir-la-verite-et-rendre-justice-selon-la-procureure-de-la-cpi.html"},"wordCount":446,"commentCount":0,"publisher":{"@id":"https:\/\/www.justiceinfo.net\/fr#organization"},"image":{"@id":"https:\/\/www.justiceinfo.net\/fr\/36860-centrafrique-il-faut-etablir-la-verite-et-rendre-justice-selon-la-procureure-de-la-cpi.html#primaryimage"},"thumbnailUrl":"https:\/\/www.justiceinfo.net\/wp-content\/uploads\/4e071fd05c9fef731e46a962a4399fcc.jpg","articleSection":["Tribunaux mixtes"],"inLanguage":"fr-FR","potentialAction":[{"@type":"CommentAction","name":"Comment","target":["https:\/\/www.justiceinfo.net\/fr\/36860-centrafrique-il-faut-etablir-la-verite-et-rendre-justice-selon-la-procureure-de-la-cpi.html#respond"]}]},{"@type":"WebPage","@id":"https:\/\/www.justiceinfo.net\/fr\/36860-centrafrique-il-faut-etablir-la-verite-et-rendre-justice-selon-la-procureure-de-la-cpi.html","url":"https:\/\/www.justiceinfo.net\/fr\/36860-centrafrique-il-faut-etablir-la-verite-et-rendre-justice-selon-la-procureure-de-la-cpi.html","name":"Centrafrique\u00a0: \"Il faut \u00e9tablir la v\u00e9rit\u00e9 et rendre justice\", selon la Procureure de la CPI - JusticeInfo.net","isPartOf":{"@id":"https:\/\/www.justiceinfo.net\/fr#website"},"primaryImageOfPage":{"@id":"https:\/\/www.justiceinfo.net\/fr\/36860-centrafrique-il-faut-etablir-la-verite-et-rendre-justice-selon-la-procureure-de-la-cpi.html#primaryimage"},"image":{"@id":"https:\/\/www.justiceinfo.net\/fr\/36860-centrafrique-il-faut-etablir-la-verite-et-rendre-justice-selon-la-procureure-de-la-cpi.html#primaryimage"},"thumbnailUrl":"https:\/\/www.justiceinfo.net\/wp-content\/uploads\/4e071fd05c9fef731e46a962a4399fcc.jpg","datePublished":"2018-03-27T08:37:42+00:00","breadcrumb":{"@id":"https:\/\/www.justiceinfo.net\/fr\/36860-centrafrique-il-faut-etablir-la-verite-et-rendre-justice-selon-la-procureure-de-la-cpi.html#breadcrumb"},"inLanguage":"fr-FR","potentialAction":[{"@type":"ReadAction","target":["https:\/\/www.justiceinfo.net\/fr\/36860-centrafrique-il-faut-etablir-la-verite-et-rendre-justice-selon-la-procureure-de-la-cpi.html"]}]},{"@type":"ImageObject","inLanguage":"fr-FR","@id":"https:\/\/www.justiceinfo.net\/fr\/36860-centrafrique-il-faut-etablir-la-verite-et-rendre-justice-selon-la-procureure-de-la-cpi.html#primaryimage","url":"https:\/\/www.justiceinfo.net\/wp-content\/uploads\/4e071fd05c9fef731e46a962a4399fcc.jpg","contentUrl":"https:\/\/www.justiceinfo.net\/wp-content\/uploads\/4e071fd05c9fef731e46a962a4399fcc.jpg","width":2048,"height":1365},{"@type":"BreadcrumbList","@id":"https:\/\/www.justiceinfo.net\/fr\/36860-centrafrique-il-faut-etablir-la-verite-et-rendre-justice-selon-la-procureure-de-la-cpi.html#breadcrumb","itemListElement":[{"@type":"ListItem","position":1,"name":"Home","item":"https:\/\/www.justiceinfo.net\/fr"},{"@type":"ListItem","position":2,"name":"Centrafrique\u00a0: \"Il faut \u00e9tablir la v\u00e9rit\u00e9 et rendre justice\", selon la Procureure de la CPI"}]},{"@type":"WebSite","@id":"https:\/\/www.justiceinfo.net\/fr#website","url":"https:\/\/www.justiceinfo.net\/fr","name":"JusticeInfo.net","description":"La justice doit \u00eatre vue pour \u00eatre rendue","publisher":{"@id":"https:\/\/www.justiceinfo.net\/fr#organization"},"potentialAction":[{"@type":"SearchAction","target":{"@type":"EntryPoint","urlTemplate":"https:\/\/www.justiceinfo.net\/fr?s={search_term_string}"},"query-input":{"@type":"PropertyValueSpecification","valueRequired":true,"valueName":"search_term_string"}}],"inLanguage":"fr-FR"},{"@type":"Organization","@id":"https:\/\/www.justiceinfo.net\/fr#organization","name":"Justice Info","url":"https:\/\/www.justiceinfo.net\/fr","logo":{"@type":"ImageObject","inLanguage":"fr-FR","@id":"https:\/\/www.justiceinfo.net\/fr#\/schema\/logo\/image\/","url":"https:\/\/www.justiceinfo.net\/wp-content\/uploads\/justiceinfo_logo-trans_1200x1200px.png","contentUrl":"https:\/\/www.justiceinfo.net\/wp-content\/uploads\/justiceinfo_logo-trans_1200x1200px.png","width":1199,"height":1200,"caption":"Justice Info"},"image":{"@id":"https:\/\/www.justiceinfo.net\/fr#\/schema\/logo\/image\/"},"sameAs":["https:\/\/www.facebook.com\/JusticeInfo\/","https:\/\/x.com\/justiceinfonet","https:\/\/www.linkedin.com\/company\/justice-info","https:\/\/www.youtube.com\/channel\/UCyCEsARodyuWtkWyhn-e7pA"]},{"@type":"Person","name":"Radio Ndeke Luka","url":"\/fr\/?s=Radio Ndeke Luka"}]}},"_links":{"self":[{"href":"https:\/\/www.justiceinfo.net\/fr\/wp-json\/wp\/v2\/posts\/36860","targetHints":{"allow":["GET"]}}],"collection":[{"href":"https:\/\/www.justiceinfo.net\/fr\/wp-json\/wp\/v2\/posts"}],"about":[{"href":"https:\/\/www.justiceinfo.net\/fr\/wp-json\/wp\/v2\/types\/post"}],"author":[{"embeddable":true,"href":"https:\/\/www.justiceinfo.net\/fr\/wp-json\/wp\/v2\/users\/64"}],"replies":[{"embeddable":true,"href":"https:\/\/www.justiceinfo.net\/fr\/wp-json\/wp\/v2\/comments?post=36860"}],"version-history":[{"count":0,"href":"https:\/\/www.justiceinfo.net\/fr\/wp-json\/wp\/v2\/posts\/36860\/revisions"}],"wp:featuredmedia":[{"embeddable":true,"href":"https:\/\/www.justiceinfo.net\/fr\/wp-json\/wp\/v2\/media\/64369"}],"wp:attachment":[{"href":"https:\/\/www.justiceinfo.net\/fr\/wp-json\/wp\/v2\/media?parent=36860"}],"wp:term":[{"taxonomy":"category","embeddable":true,"href":"https:\/\/www.justiceinfo.net\/fr\/wp-json\/wp\/v2\/categories?post=36860"},{"taxonomy":"post_tag","embeddable":true,"href":"https:\/\/www.justiceinfo.net\/fr\/wp-json\/wp\/v2\/tags?post=36860"},{"taxonomy":"ji_location","embeddable":true,"href":"https:\/\/www.justiceinfo.net\/fr\/wp-json\/wp\/v2\/ji_location?post=36860"}],"curies":[{"name":"wp","href":"https:\/\/api.w.org\/{rel}","templated":true}]}}