{"id":36863,"date":"2018-03-27T11:59:32","date_gmt":"2018-03-27T09:59:32","guid":{"rendered":"https:\/\/www.justiceinfo.net\/36863-tunisie-coup-d-arret-a-la-justice-transitionnelle-2.html"},"modified":"2018-03-27T11:59:32","modified_gmt":"2018-03-27T09:59:32","slug":"tunisie-coup-d-arret-a-la-justice-transitionnelle-2","status":"publish","type":"post","link":"https:\/\/www.justiceinfo.net\/fr\/36863-tunisie-coup-d-arret-a-la-justice-transitionnelle-2.html","title":{"rendered":"Tunisie : coup d'arr\u00eat \u00e0 la Justice Transitionnelle"},"content":{"rendered":"<div class=\"content-excerpt\">\n<p class=\"txt-title\">Le Parlement tunisien a vot\u00e9 tard lundi soir contre une prolongation du mandat de l'Instance de justice transitionnelle, charg\u00e9e de rendre justice aux victimes de la dictature et des violations des droits de l'Homme en Tunisie.<\/p>\n<\/div>\n<div class=\"txt-textContent\">\n<div class=\"text fontsize_1 jq_Content jq_langdir\">\n<p>Apr\u00e8s deux s\u00e9ances particuli\u00e8rement houleuses samedi et lundi, les d\u00e9put\u00e9s ont rejet\u00e9 la prolongation du mandat de l'Instance V\u00e9rit\u00e9 et Dignit\u00e9 (IVD) qui devait initialement se terminer le 31 mai, par 68 voix contre, deux abstentions et 0 voix pour, a indiqu\u00e9 l'Assembl\u00e9e sur twitter.<\/p>\n<p>De nombreux d\u00e9put\u00e9s, dont ceux du parti islamiste Ennahdha, ont quitt\u00e9 l'h\u00e9micycle avant le vote qu'ils estiment entach\u00e9 d'irr\u00e9gularit\u00e9s.Plusieurs partis contestent ce vote, et l'IVD estime ne pas avoir besoin de l'aval de l'Assembl\u00e9e pour poursuivre son travail.\u00a0\"Depuis 2014, le gouvernement a connu un retour important de l'\u00e9lite de l'ancien r\u00e9gime et il parait difficile pour certains qui peuvent se retrouver sur la sellette d'accepter\" le travail de l'IVD, a soulign\u00e9 le chercheur Eric Gobe peu avant le vote lundi soir, soulignant qu'\u00e0 d\u00e9faut de mandat du Parlement, l'IVD risquait de manquer de moyens.<\/p>\n<p>En f\u00e9vrier, cette instance a d'elle m\u00eame prolong\u00e9 son mandat jusqu'au 31 d\u00e9cembre 2018 en arguant du manque de coop\u00e9ration de l'Etat.\u00a0La loi qui a cr\u00e9\u00e9 cette instance fin 2013 pr\u00e9voit un mandat de quatre ans, renouvelable un an.<\/p>\n<p>Plusieurs organisations avaient appel\u00e9 la semaine derni\u00e8re \u00e0 permettre \u00e0 la justice transitionnelle d'achever son travail.<\/p>\n<p>\"Un vote contre cette prolongation saboterait le fragile syst\u00e8me de justice transitionnelle et bafouerait les droits des victimes \u00e0 la v\u00e9rit\u00e9, la justice et \u00e0 des r\u00e9parations\", estimait Human Rights Watch.<\/p>\n<p>L'IVD a pour mission, de \"d\u00e9voiler la v\u00e9rit\u00e9 sur les violations des droits de l'Homme commises entre le 1er juillet 1955 et le 31 d\u00e9cembre 2013\", soit sous le r\u00e9gime du premier pr\u00e9sident tunisien, Habib Bourguiba (1957-1987) et de son successeur Zine El Abidine Ben Ali (1987-2011), mais aussi sous certains des gouvernements en place apr\u00e8s le soul\u00e8vement de 2011.<\/p>\n<p>L'instance a transmis son premier dossier \u00e0 une cour sp\u00e9cialis\u00e9e le 2 mars, concernant 14 cas de disparitions forc\u00e9es.\u00a0Depuis le d\u00e9but de ses activit\u00e9s, l'IVD a re\u00e7u plus de 62.000 dossiers de violations pr\u00e9sum\u00e9es des droits de l'Homme, et entendu environ 50.000 personnes.\u00a0<\/p>\n<p>\u00a0<\/p>\n<\/div>\n<\/div>\n","protected":false},"excerpt":{"rendered":"<p>Le Parlement tunisien a vot\u00e9 tard lundi soir contre une prolongation du mandat de l'Instance de justice transitionnelle, charg\u00e9e de rendre justice aux victimes de la dictature et des violations des droits de l'Homme en Tunisie. Apr\u00e8s deux s\u00e9ances particuli\u00e8rement houleuses samedi et lundi, les d\u00e9put\u00e9s ont rejet\u00e9 la prolongation du mandat de l'Instance V\u00e9rit\u00e9 [&hellip;]<\/p>\n","protected":false},"author":60,"featured_media":66645,"comment_status":"open","ping_status":"closed","sticky":false,"template":"","format":"standard","meta":{"_acf_changed":false,"footnotes":""},"categories":[548],"tags":[],"ji_location":[2520],"class_list":["post-36863","post","type-post","status-publish","format-standard","has-post-thumbnail","hentry","category-commissions-verite","ji_location-tunisie"],"acf":[],"yoast_head":"<!-- This site is optimized with the Yoast SEO Premium plugin v25.3.1 (Yoast SEO v25.3.1) - https:\/\/yoast.com\/wordpress\/plugins\/seo\/ -->\n<title>Tunisie : coup d&#039;arr\u00eat \u00e0 la Justice Transitionnelle - JusticeInfo.net<\/title>\n<meta name=\"description\" content=\"Le Parlement tunisien a vot\u00e9 tard lundi soir contre une prolongation du mandat de l&#039;Instance de justice transitionnelle, charg\u00e9e de rendre justice aux victimes de la dictature et des violations des droits de l&#039;Homme en Tunisie.\" \/>\n<meta name=\"robots\" content=\"index, follow, max-snippet:-1, max-image-preview:large, max-video-preview:-1\" \/>\n<link rel=\"canonical\" href=\"https:\/\/www.justiceinfo.net\/fr\/36863-tunisie-coup-d-arret-a-la-justice-transitionnelle-2.html\" \/>\n<meta property=\"og:locale\" content=\"fr_FR\" \/>\n<meta property=\"og:type\" content=\"article\" \/>\n<meta property=\"og:title\" content=\"Tunisie : coup d&#039;arr\u00eat \u00e0 la Justice Transitionnelle\" \/>\n<meta property=\"og:description\" content=\"Le Parlement tunisien a vot\u00e9 tard lundi soir contre une prolongation du mandat de l&#039;Instance de justice transitionnelle, charg\u00e9e de rendre justice aux victimes de la dictature et des violations des droits de l&#039;Homme en Tunisie.\" \/>\n<meta property=\"og:url\" content=\"https:\/\/www.justiceinfo.net\/fr\/36863-tunisie-coup-d-arret-a-la-justice-transitionnelle-2.html\" \/>\n<meta property=\"og:site_name\" content=\"JusticeInfo.net\" \/>\n<meta property=\"article:publisher\" content=\"https:\/\/www.facebook.com\/JusticeInfo\/\" \/>\n<meta property=\"article:published_time\" content=\"2018-03-27T09:59:32+00:00\" \/>\n<meta property=\"og:image\" content=\"https:\/\/www.justiceinfo.net\/wp-content\/uploads\/2368c0f267a45699fa5792eb767dba16.jpg\" \/>\n\t<meta property=\"og:image:width\" content=\"2013\" \/>\n\t<meta property=\"og:image:height\" content=\"1233\" \/>\n\t<meta property=\"og:image:type\" content=\"image\/jpeg\" \/>\n<meta name=\"author\" content=\"AFP (Tunis)\" \/>\n<meta name=\"twitter:card\" content=\"summary_large_image\" \/>\n<meta name=\"twitter:creator\" content=\"@justiceinfonet\" \/>\n<meta name=\"twitter:site\" content=\"@justiceinfonet\" \/>\n<meta name=\"twitter:label1\" content=\"\u00c9crit par\" \/>\n\t<meta name=\"twitter:data1\" content=\"AFP (Tunis)\" \/>\n\t<meta name=\"twitter:label2\" content=\"Dur\u00e9e de lecture estim\u00e9e\" \/>\n\t<meta name=\"twitter:data2\" content=\"2 minutes\" \/>\n<script type=\"application\/ld+json\" class=\"yoast-schema-graph\">{\"@context\":\"https:\/\/schema.org\",\"@graph\":[{\"@type\":\"NewsArticle\",\"@id\":\"https:\/\/www.justiceinfo.net\/fr\/36863-tunisie-coup-d-arret-a-la-justice-transitionnelle-2.html#article\",\"isPartOf\":{\"@id\":\"https:\/\/www.justiceinfo.net\/fr\/36863-tunisie-coup-d-arret-a-la-justice-transitionnelle-2.html\"},\"author\":{\"name\":\"afp\",\"@id\":\"https:\/\/www.justiceinfo.net\/fr#\/schema\/person\/713d340ef5f218fc36ce9b4244364a7f\"},\"headline\":\"Tunisie : coup d'arr\u00eat \u00e0 la Justice Transitionnelle\",\"datePublished\":\"2018-03-27T09:59:32+00:00\",\"mainEntityOfPage\":{\"@id\":\"https:\/\/www.justiceinfo.net\/fr\/36863-tunisie-coup-d-arret-a-la-justice-transitionnelle-2.html\"},\"wordCount\":420,\"commentCount\":0,\"publisher\":{\"@id\":\"https:\/\/www.justiceinfo.net\/fr#organization\"},\"image\":{\"@id\":\"https:\/\/www.justiceinfo.net\/fr\/36863-tunisie-coup-d-arret-a-la-justice-transitionnelle-2.html#primaryimage\"},\"thumbnailUrl\":\"https:\/\/www.justiceinfo.net\/wp-content\/uploads\/2368c0f267a45699fa5792eb767dba16.jpg\",\"articleSection\":[\"Commissions v\u00e9rit\u00e9\"],\"inLanguage\":\"fr-FR\",\"potentialAction\":[{\"@type\":\"CommentAction\",\"name\":\"Comment\",\"target\":[\"https:\/\/www.justiceinfo.net\/fr\/36863-tunisie-coup-d-arret-a-la-justice-transitionnelle-2.html#respond\"]}]},{\"@type\":\"WebPage\",\"@id\":\"https:\/\/www.justiceinfo.net\/fr\/36863-tunisie-coup-d-arret-a-la-justice-transitionnelle-2.html\",\"url\":\"https:\/\/www.justiceinfo.net\/fr\/36863-tunisie-coup-d-arret-a-la-justice-transitionnelle-2.html\",\"name\":\"Tunisie : coup d'arr\u00eat \u00e0 la Justice Transitionnelle - JusticeInfo.net\",\"isPartOf\":{\"@id\":\"https:\/\/www.justiceinfo.net\/fr#website\"},\"primaryImageOfPage\":{\"@id\":\"https:\/\/www.justiceinfo.net\/fr\/36863-tunisie-coup-d-arret-a-la-justice-transitionnelle-2.html#primaryimage\"},\"image\":{\"@id\":\"https:\/\/www.justiceinfo.net\/fr\/36863-tunisie-coup-d-arret-a-la-justice-transitionnelle-2.html#primaryimage\"},\"thumbnailUrl\":\"https:\/\/www.justiceinfo.net\/wp-content\/uploads\/2368c0f267a45699fa5792eb767dba16.jpg\",\"datePublished\":\"2018-03-27T09:59:32+00:00\",\"description\":\"Le Parlement tunisien a vot\u00e9 tard lundi soir contre une prolongation du mandat de l'Instance de justice transitionnelle, charg\u00e9e de rendre justice aux victimes de la dictature et des violations des droits de l'Homme en Tunisie.\",\"breadcrumb\":{\"@id\":\"https:\/\/www.justiceinfo.net\/fr\/36863-tunisie-coup-d-arret-a-la-justice-transitionnelle-2.html#breadcrumb\"},\"inLanguage\":\"fr-FR\",\"potentialAction\":[{\"@type\":\"ReadAction\",\"target\":[\"https:\/\/www.justiceinfo.net\/fr\/36863-tunisie-coup-d-arret-a-la-justice-transitionnelle-2.html\"]}]},{\"@type\":\"ImageObject\",\"inLanguage\":\"fr-FR\",\"@id\":\"https:\/\/www.justiceinfo.net\/fr\/36863-tunisie-coup-d-arret-a-la-justice-transitionnelle-2.html#primaryimage\",\"url\":\"https:\/\/www.justiceinfo.net\/wp-content\/uploads\/2368c0f267a45699fa5792eb767dba16.jpg\",\"contentUrl\":\"https:\/\/www.justiceinfo.net\/wp-content\/uploads\/2368c0f267a45699fa5792eb767dba16.jpg\",\"width\":2013,\"height\":1233},{\"@type\":\"BreadcrumbList\",\"@id\":\"https:\/\/www.justiceinfo.net\/fr\/36863-tunisie-coup-d-arret-a-la-justice-transitionnelle-2.html#breadcrumb\",\"itemListElement\":[{\"@type\":\"ListItem\",\"position\":1,\"name\":\"Home\",\"item\":\"https:\/\/www.justiceinfo.net\/fr\"},{\"@type\":\"ListItem\",\"position\":2,\"name\":\"Tunisie : coup d'arr\u00eat \u00e0 la Justice Transitionnelle\"}]},{\"@type\":\"WebSite\",\"@id\":\"https:\/\/www.justiceinfo.net\/fr#website\",\"url\":\"https:\/\/www.justiceinfo.net\/fr\",\"name\":\"JusticeInfo.net\",\"description\":\"La justice doit \u00eatre vue pour \u00eatre rendue\",\"publisher\":{\"@id\":\"https:\/\/www.justiceinfo.net\/fr#organization\"},\"potentialAction\":[{\"@type\":\"SearchAction\",\"target\":{\"@type\":\"EntryPoint\",\"urlTemplate\":\"https:\/\/www.justiceinfo.net\/fr?s={search_term_string}\"},\"query-input\":{\"@type\":\"PropertyValueSpecification\",\"valueRequired\":true,\"valueName\":\"search_term_string\"}}],\"inLanguage\":\"fr-FR\"},{\"@type\":\"Organization\",\"@id\":\"https:\/\/www.justiceinfo.net\/fr#organization\",\"name\":\"Justice Info\",\"url\":\"https:\/\/www.justiceinfo.net\/fr\",\"logo\":{\"@type\":\"ImageObject\",\"inLanguage\":\"fr-FR\",\"@id\":\"https:\/\/www.justiceinfo.net\/fr#\/schema\/logo\/image\/\",\"url\":\"https:\/\/www.justiceinfo.net\/wp-content\/uploads\/justiceinfo_logo-trans_1200x1200px.png\",\"contentUrl\":\"https:\/\/www.justiceinfo.net\/wp-content\/uploads\/justiceinfo_logo-trans_1200x1200px.png\",\"width\":1199,\"height\":1200,\"caption\":\"Justice Info\"},\"image\":{\"@id\":\"https:\/\/www.justiceinfo.net\/fr#\/schema\/logo\/image\/\"},\"sameAs\":[\"https:\/\/www.facebook.com\/JusticeInfo\/\",\"https:\/\/x.com\/justiceinfonet\",\"https:\/\/www.linkedin.com\/company\/justice-info\",\"https:\/\/www.youtube.com\/channel\/UCyCEsARodyuWtkWyhn-e7pA\"]},{\"@type\":\"Person\",\"name\":\"AFP (Tunis)\",\"url\":\"\/fr\/?s=AFP (Tunis)\"}]}<\/script>\n<!-- \/ Yoast SEO Premium plugin. -->","yoast_head_json":{"title":"Tunisie : coup d'arr\u00eat \u00e0 la Justice Transitionnelle - JusticeInfo.net","description":"Le Parlement tunisien a vot\u00e9 tard lundi soir contre une prolongation du mandat de l'Instance de justice transitionnelle, charg\u00e9e de rendre justice aux victimes de la dictature et des violations des droits de l'Homme en Tunisie.","robots":{"index":"index","follow":"follow","max-snippet":"max-snippet:-1","max-image-preview":"max-image-preview:large","max-video-preview":"max-video-preview:-1"},"canonical":"https:\/\/www.justiceinfo.net\/fr\/36863-tunisie-coup-d-arret-a-la-justice-transitionnelle-2.html","og_locale":"fr_FR","og_type":"article","og_title":"Tunisie : coup d'arr\u00eat \u00e0 la Justice Transitionnelle","og_description":"Le Parlement tunisien a vot\u00e9 tard lundi soir contre une prolongation du mandat de l'Instance de justice transitionnelle, charg\u00e9e de rendre justice aux victimes de la dictature et des violations des droits de l'Homme en Tunisie.","og_url":"https:\/\/www.justiceinfo.net\/fr\/36863-tunisie-coup-d-arret-a-la-justice-transitionnelle-2.html","og_site_name":"JusticeInfo.net","article_publisher":"https:\/\/www.facebook.com\/JusticeInfo\/","article_published_time":"2018-03-27T09:59:32+00:00","og_image":[{"width":2013,"height":1233,"url":"https:\/\/www.justiceinfo.net\/wp-content\/uploads\/2368c0f267a45699fa5792eb767dba16.jpg","type":"image\/jpeg"}],"author":"AFP (Tunis)","twitter_card":"summary_large_image","twitter_creator":"@justiceinfonet","twitter_site":"@justiceinfonet","twitter_misc":{"\u00c9crit par":"AFP (Tunis)","Dur\u00e9e de lecture estim\u00e9e":"2 minutes"},"schema":{"@context":"https:\/\/schema.org","@graph":[{"@type":"NewsArticle","@id":"https:\/\/www.justiceinfo.net\/fr\/36863-tunisie-coup-d-arret-a-la-justice-transitionnelle-2.html#article","isPartOf":{"@id":"https:\/\/www.justiceinfo.net\/fr\/36863-tunisie-coup-d-arret-a-la-justice-transitionnelle-2.html"},"author":{"name":"afp","@id":"https:\/\/www.justiceinfo.net\/fr#\/schema\/person\/713d340ef5f218fc36ce9b4244364a7f"},"headline":"Tunisie : coup d'arr\u00eat \u00e0 la Justice Transitionnelle","datePublished":"2018-03-27T09:59:32+00:00","mainEntityOfPage":{"@id":"https:\/\/www.justiceinfo.net\/fr\/36863-tunisie-coup-d-arret-a-la-justice-transitionnelle-2.html"},"wordCount":420,"commentCount":0,"publisher":{"@id":"https:\/\/www.justiceinfo.net\/fr#organization"},"image":{"@id":"https:\/\/www.justiceinfo.net\/fr\/36863-tunisie-coup-d-arret-a-la-justice-transitionnelle-2.html#primaryimage"},"thumbnailUrl":"https:\/\/www.justiceinfo.net\/wp-content\/uploads\/2368c0f267a45699fa5792eb767dba16.jpg","articleSection":["Commissions v\u00e9rit\u00e9"],"inLanguage":"fr-FR","potentialAction":[{"@type":"CommentAction","name":"Comment","target":["https:\/\/www.justiceinfo.net\/fr\/36863-tunisie-coup-d-arret-a-la-justice-transitionnelle-2.html#respond"]}]},{"@type":"WebPage","@id":"https:\/\/www.justiceinfo.net\/fr\/36863-tunisie-coup-d-arret-a-la-justice-transitionnelle-2.html","url":"https:\/\/www.justiceinfo.net\/fr\/36863-tunisie-coup-d-arret-a-la-justice-transitionnelle-2.html","name":"Tunisie : coup d'arr\u00eat \u00e0 la Justice Transitionnelle - JusticeInfo.net","isPartOf":{"@id":"https:\/\/www.justiceinfo.net\/fr#website"},"primaryImageOfPage":{"@id":"https:\/\/www.justiceinfo.net\/fr\/36863-tunisie-coup-d-arret-a-la-justice-transitionnelle-2.html#primaryimage"},"image":{"@id":"https:\/\/www.justiceinfo.net\/fr\/36863-tunisie-coup-d-arret-a-la-justice-transitionnelle-2.html#primaryimage"},"thumbnailUrl":"https:\/\/www.justiceinfo.net\/wp-content\/uploads\/2368c0f267a45699fa5792eb767dba16.jpg","datePublished":"2018-03-27T09:59:32+00:00","description":"Le Parlement tunisien a vot\u00e9 tard lundi soir contre une prolongation du mandat de l'Instance de justice transitionnelle, charg\u00e9e de rendre justice aux victimes de la dictature et des violations des droits de l'Homme en Tunisie.","breadcrumb":{"@id":"https:\/\/www.justiceinfo.net\/fr\/36863-tunisie-coup-d-arret-a-la-justice-transitionnelle-2.html#breadcrumb"},"inLanguage":"fr-FR","potentialAction":[{"@type":"ReadAction","target":["https:\/\/www.justiceinfo.net\/fr\/36863-tunisie-coup-d-arret-a-la-justice-transitionnelle-2.html"]}]},{"@type":"ImageObject","inLanguage":"fr-FR","@id":"https:\/\/www.justiceinfo.net\/fr\/36863-tunisie-coup-d-arret-a-la-justice-transitionnelle-2.html#primaryimage","url":"https:\/\/www.justiceinfo.net\/wp-content\/uploads\/2368c0f267a45699fa5792eb767dba16.jpg","contentUrl":"https:\/\/www.justiceinfo.net\/wp-content\/uploads\/2368c0f267a45699fa5792eb767dba16.jpg","width":2013,"height":1233},{"@type":"BreadcrumbList","@id":"https:\/\/www.justiceinfo.net\/fr\/36863-tunisie-coup-d-arret-a-la-justice-transitionnelle-2.html#breadcrumb","itemListElement":[{"@type":"ListItem","position":1,"name":"Home","item":"https:\/\/www.justiceinfo.net\/fr"},{"@type":"ListItem","position":2,"name":"Tunisie : coup d'arr\u00eat \u00e0 la Justice Transitionnelle"}]},{"@type":"WebSite","@id":"https:\/\/www.justiceinfo.net\/fr#website","url":"https:\/\/www.justiceinfo.net\/fr","name":"JusticeInfo.net","description":"La justice doit \u00eatre vue pour \u00eatre rendue","publisher":{"@id":"https:\/\/www.justiceinfo.net\/fr#organization"},"potentialAction":[{"@type":"SearchAction","target":{"@type":"EntryPoint","urlTemplate":"https:\/\/www.justiceinfo.net\/fr?s={search_term_string}"},"query-input":{"@type":"PropertyValueSpecification","valueRequired":true,"valueName":"search_term_string"}}],"inLanguage":"fr-FR"},{"@type":"Organization","@id":"https:\/\/www.justiceinfo.net\/fr#organization","name":"Justice Info","url":"https:\/\/www.justiceinfo.net\/fr","logo":{"@type":"ImageObject","inLanguage":"fr-FR","@id":"https:\/\/www.justiceinfo.net\/fr#\/schema\/logo\/image\/","url":"https:\/\/www.justiceinfo.net\/wp-content\/uploads\/justiceinfo_logo-trans_1200x1200px.png","contentUrl":"https:\/\/www.justiceinfo.net\/wp-content\/uploads\/justiceinfo_logo-trans_1200x1200px.png","width":1199,"height":1200,"caption":"Justice Info"},"image":{"@id":"https:\/\/www.justiceinfo.net\/fr#\/schema\/logo\/image\/"},"sameAs":["https:\/\/www.facebook.com\/JusticeInfo\/","https:\/\/x.com\/justiceinfonet","https:\/\/www.linkedin.com\/company\/justice-info","https:\/\/www.youtube.com\/channel\/UCyCEsARodyuWtkWyhn-e7pA"]},{"@type":"Person","name":"AFP (Tunis)","url":"\/fr\/?s=AFP (Tunis)"}]}},"_links":{"self":[{"href":"https:\/\/www.justiceinfo.net\/fr\/wp-json\/wp\/v2\/posts\/36863","targetHints":{"allow":["GET"]}}],"collection":[{"href":"https:\/\/www.justiceinfo.net\/fr\/wp-json\/wp\/v2\/posts"}],"about":[{"href":"https:\/\/www.justiceinfo.net\/fr\/wp-json\/wp\/v2\/types\/post"}],"author":[{"embeddable":true,"href":"https:\/\/www.justiceinfo.net\/fr\/wp-json\/wp\/v2\/users\/60"}],"replies":[{"embeddable":true,"href":"https:\/\/www.justiceinfo.net\/fr\/wp-json\/wp\/v2\/comments?post=36863"}],"version-history":[{"count":0,"href":"https:\/\/www.justiceinfo.net\/fr\/wp-json\/wp\/v2\/posts\/36863\/revisions"}],"wp:featuredmedia":[{"embeddable":true,"href":"https:\/\/www.justiceinfo.net\/fr\/wp-json\/wp\/v2\/media\/66645"}],"wp:attachment":[{"href":"https:\/\/www.justiceinfo.net\/fr\/wp-json\/wp\/v2\/media?parent=36863"}],"wp:term":[{"taxonomy":"category","embeddable":true,"href":"https:\/\/www.justiceinfo.net\/fr\/wp-json\/wp\/v2\/categories?post=36863"},{"taxonomy":"post_tag","embeddable":true,"href":"https:\/\/www.justiceinfo.net\/fr\/wp-json\/wp\/v2\/tags?post=36863"},{"taxonomy":"ji_location","embeddable":true,"href":"https:\/\/www.justiceinfo.net\/fr\/wp-json\/wp\/v2\/ji_location?post=36863"}],"curies":[{"name":"wp","href":"https:\/\/api.w.org\/{rel}","templated":true}]}}