{"id":36865,"date":"2018-03-27T12:27:40","date_gmt":"2018-03-27T10:27:40","guid":{"rendered":"https:\/\/www.justiceinfo.net\/36865-enquetes-sur-la-centrafrique-pas-de-concurrence-entre-la-cpi-et-la-cps-assure-mme-bensouda.html"},"modified":"2018-03-27T12:27:40","modified_gmt":"2018-03-27T10:27:40","slug":"enquetes-sur-la-centrafrique-pas-de-concurrence-entre-la-cpi-et-la-cps-assure-mme-bensouda","status":"publish","type":"post","link":"https:\/\/www.justiceinfo.net\/fr\/36865-enquetes-sur-la-centrafrique-pas-de-concurrence-entre-la-cpi-et-la-cps-assure-mme-bensouda.html","title":{"rendered":"Enqu\u00eates sur la Centrafrique: \"Pas de concurrence entre la CPI et la Cour P\u00e9nale Sp\u00e9ciale\", assure Mme Bensouda"},"content":{"rendered":"<div class=\"content-excerpt\">\n<p>Dans une interview exclusive avec Radio Ndeke Luka,la Procureure de la Cour p\u00e9nale internationale (CPI), Fatou Bensouda, affirme que son bureau poursuit en toute confidentialit\u00e9 son enqu\u00eate sur les crimes graves commis en Centrafrique depuis 2012. Mme Bensouda rassure par ailleurs qu\u2019il n\u2019y a point de concurrence, mais plut\u00f4t une compl\u00e9mentarit\u00e9 entre le travail de la CPI et celui de la Cour p\u00e9nale sp\u00e9ciale (CPS), un tribunal mixte cr\u00e9\u00e9 par le gouvernement centrafricain pour juger les auteurs pr\u00e9sum\u00e9s des crimes perp\u00e9tr\u00e9s dans le pays depuis janvier 2003.\u00a0<\/p>\n<\/div>\n<p><iframe loading=\"lazy\" src=\"https:\/\/w.soundcloud.com\/player\/?url=https%3A\/\/api.soundcloud.com\/tracks\/420786040&amp;color=%23ff5500&amp;auto_play=false&amp;hide_related=false&amp;show_comments=true&amp;show_user=true&amp;show_reposts=false&amp;show_teaser=true\" width=\"100%\" height=\"166\" frameborder=\"no\" scrolling=\"no\"><\/iframe><\/p>\n","protected":false},"excerpt":{"rendered":"<p>Dans une interview exclusive avec Radio Ndeke Luka,la Procureure de la Cour p\u00e9nale internationale (CPI), Fatou Bensouda, affirme que son bureau poursuit en toute confidentialit\u00e9 son enqu\u00eate sur les crimes graves commis en Centrafrique depuis 2012. Mme Bensouda rassure par ailleurs qu\u2019il n\u2019y a point de concurrence, mais plut\u00f4t une compl\u00e9mentarit\u00e9 entre le travail de [&hellip;]<\/p>\n","protected":false},"author":63,"featured_media":64367,"comment_status":"open","ping_status":"closed","sticky":false,"template":"","format":"standard","meta":{"_acf_changed":false,"footnotes":""},"categories":[549],"tags":[],"ji_location":[2164],"class_list":["post-36865","post","type-post","status-publish","format-standard","has-post-thumbnail","hentry","category-reconciliation","ji_location-republique-centrafricaine"],"acf":[],"yoast_head":"<!-- This site is optimized with the Yoast SEO Premium plugin v25.3.1 (Yoast SEO v25.3.1) - https:\/\/yoast.com\/wordpress\/plugins\/seo\/ -->\n<title>Enqu\u00eates sur la Centrafrique: &quot;Pas de concurrence entre la CPI et la Cour P\u00e9nale Sp\u00e9ciale&quot;, assure Mme Bensouda - JusticeInfo.net<\/title>\n<meta name=\"robots\" content=\"index, follow, max-snippet:-1, max-image-preview:large, max-video-preview:-1\" \/>\n<link rel=\"canonical\" href=\"https:\/\/www.justiceinfo.net\/fr\/36865-enquetes-sur-la-centrafrique-pas-de-concurrence-entre-la-cpi-et-la-cps-assure-mme-bensouda.html\" \/>\n<meta property=\"og:locale\" content=\"fr_FR\" \/>\n<meta property=\"og:type\" content=\"article\" \/>\n<meta property=\"og:title\" content=\"Enqu\u00eates sur la Centrafrique: &quot;Pas de concurrence entre la CPI et la Cour P\u00e9nale Sp\u00e9ciale&quot;, assure Mme Bensouda\" \/>\n<meta property=\"og:description\" content=\"Dans une interview exclusive avec Radio Ndeke Luka,la Procureure de la Cour p\u00e9nale internationale (CPI), Fatou Bensouda, affirme que son bureau poursuit en toute confidentialit\u00e9 son enqu\u00eate sur les crimes graves commis en Centrafrique depuis 2012. Mme Bensouda rassure par ailleurs qu\u2019il n\u2019y a point de concurrence, mais plut\u00f4t une compl\u00e9mentarit\u00e9 entre le travail de [&hellip;]\" \/>\n<meta property=\"og:url\" content=\"https:\/\/www.justiceinfo.net\/fr\/36865-enquetes-sur-la-centrafrique-pas-de-concurrence-entre-la-cpi-et-la-cps-assure-mme-bensouda.html\" \/>\n<meta property=\"og:site_name\" content=\"JusticeInfo.net\" \/>\n<meta property=\"article:publisher\" content=\"https:\/\/www.facebook.com\/JusticeInfo\/\" \/>\n<meta property=\"article:published_time\" content=\"2018-03-27T10:27:40+00:00\" \/>\n<meta property=\"og:image\" content=\"https:\/\/www.justiceinfo.net\/wp-content\/uploads\/dd7d396ed3c4d3163b3a430c3608da8e-scaled.jpg\" \/>\n\t<meta property=\"og:image:width\" content=\"2560\" \/>\n\t<meta property=\"og:image:height\" content=\"1920\" \/>\n\t<meta property=\"og:image:type\" content=\"image\/jpeg\" \/>\n<meta name=\"author\" content=\"Radio Ndeke Luka\" \/>\n<meta name=\"twitter:card\" content=\"summary_large_image\" \/>\n<meta name=\"twitter:creator\" content=\"@justiceinfonet\" \/>\n<meta name=\"twitter:site\" content=\"@justiceinfonet\" \/>\n<meta name=\"twitter:label1\" content=\"\u00c9crit par\" \/>\n\t<meta name=\"twitter:data1\" content=\"Radio Ndeke Luka\" \/>\n<script type=\"application\/ld+json\" class=\"yoast-schema-graph\">{\"@context\":\"https:\/\/schema.org\",\"@graph\":[{\"@type\":\"NewsArticle\",\"@id\":\"https:\/\/www.justiceinfo.net\/fr\/36865-enquetes-sur-la-centrafrique-pas-de-concurrence-entre-la-cpi-et-la-cps-assure-mme-bensouda.html#article\",\"isPartOf\":{\"@id\":\"https:\/\/www.justiceinfo.net\/fr\/36865-enquetes-sur-la-centrafrique-pas-de-concurrence-entre-la-cpi-et-la-cps-assure-mme-bensouda.html\"},\"author\":{\"name\":\"civiliste\",\"@id\":\"https:\/\/www.justiceinfo.net\/fr#\/schema\/person\/015ad428615c9bd082c2b6aa8df6cad0\"},\"headline\":\"Enqu\u00eates sur la Centrafrique: \\\"Pas de concurrence entre la CPI et la Cour P\u00e9nale Sp\u00e9ciale\\\", assure Mme Bensouda\",\"datePublished\":\"2018-03-27T10:27:40+00:00\",\"mainEntityOfPage\":{\"@id\":\"https:\/\/www.justiceinfo.net\/fr\/36865-enquetes-sur-la-centrafrique-pas-de-concurrence-entre-la-cpi-et-la-cps-assure-mme-bensouda.html\"},\"wordCount\":119,\"commentCount\":0,\"publisher\":{\"@id\":\"https:\/\/www.justiceinfo.net\/fr#organization\"},\"image\":{\"@id\":\"https:\/\/www.justiceinfo.net\/fr\/36865-enquetes-sur-la-centrafrique-pas-de-concurrence-entre-la-cpi-et-la-cps-assure-mme-bensouda.html#primaryimage\"},\"thumbnailUrl\":\"https:\/\/www.justiceinfo.net\/wp-content\/uploads\/dd7d396ed3c4d3163b3a430c3608da8e-scaled.jpg\",\"articleSection\":[\"R\u00e9conciliation\"],\"inLanguage\":\"fr-FR\",\"potentialAction\":[{\"@type\":\"CommentAction\",\"name\":\"Comment\",\"target\":[\"https:\/\/www.justiceinfo.net\/fr\/36865-enquetes-sur-la-centrafrique-pas-de-concurrence-entre-la-cpi-et-la-cps-assure-mme-bensouda.html#respond\"]}]},{\"@type\":\"WebPage\",\"@id\":\"https:\/\/www.justiceinfo.net\/fr\/36865-enquetes-sur-la-centrafrique-pas-de-concurrence-entre-la-cpi-et-la-cps-assure-mme-bensouda.html\",\"url\":\"https:\/\/www.justiceinfo.net\/fr\/36865-enquetes-sur-la-centrafrique-pas-de-concurrence-entre-la-cpi-et-la-cps-assure-mme-bensouda.html\",\"name\":\"Enqu\u00eates sur la Centrafrique: \\\"Pas de concurrence entre la CPI et la Cour P\u00e9nale Sp\u00e9ciale\\\", assure Mme Bensouda - JusticeInfo.net\",\"isPartOf\":{\"@id\":\"https:\/\/www.justiceinfo.net\/fr#website\"},\"primaryImageOfPage\":{\"@id\":\"https:\/\/www.justiceinfo.net\/fr\/36865-enquetes-sur-la-centrafrique-pas-de-concurrence-entre-la-cpi-et-la-cps-assure-mme-bensouda.html#primaryimage\"},\"image\":{\"@id\":\"https:\/\/www.justiceinfo.net\/fr\/36865-enquetes-sur-la-centrafrique-pas-de-concurrence-entre-la-cpi-et-la-cps-assure-mme-bensouda.html#primaryimage\"},\"thumbnailUrl\":\"https:\/\/www.justiceinfo.net\/wp-content\/uploads\/dd7d396ed3c4d3163b3a430c3608da8e-scaled.jpg\",\"datePublished\":\"2018-03-27T10:27:40+00:00\",\"breadcrumb\":{\"@id\":\"https:\/\/www.justiceinfo.net\/fr\/36865-enquetes-sur-la-centrafrique-pas-de-concurrence-entre-la-cpi-et-la-cps-assure-mme-bensouda.html#breadcrumb\"},\"inLanguage\":\"fr-FR\",\"potentialAction\":[{\"@type\":\"ReadAction\",\"target\":[\"https:\/\/www.justiceinfo.net\/fr\/36865-enquetes-sur-la-centrafrique-pas-de-concurrence-entre-la-cpi-et-la-cps-assure-mme-bensouda.html\"]}]},{\"@type\":\"ImageObject\",\"inLanguage\":\"fr-FR\",\"@id\":\"https:\/\/www.justiceinfo.net\/fr\/36865-enquetes-sur-la-centrafrique-pas-de-concurrence-entre-la-cpi-et-la-cps-assure-mme-bensouda.html#primaryimage\",\"url\":\"https:\/\/www.justiceinfo.net\/wp-content\/uploads\/dd7d396ed3c4d3163b3a430c3608da8e-scaled.jpg\",\"contentUrl\":\"https:\/\/www.justiceinfo.net\/wp-content\/uploads\/dd7d396ed3c4d3163b3a430c3608da8e-scaled.jpg\",\"width\":2560,\"height\":1920},{\"@type\":\"BreadcrumbList\",\"@id\":\"https:\/\/www.justiceinfo.net\/fr\/36865-enquetes-sur-la-centrafrique-pas-de-concurrence-entre-la-cpi-et-la-cps-assure-mme-bensouda.html#breadcrumb\",\"itemListElement\":[{\"@type\":\"ListItem\",\"position\":1,\"name\":\"Home\",\"item\":\"https:\/\/www.justiceinfo.net\/fr\"},{\"@type\":\"ListItem\",\"position\":2,\"name\":\"Enqu\u00eates sur la Centrafrique: \\\"Pas de concurrence entre la CPI et la Cour P\u00e9nale Sp\u00e9ciale\\\", assure Mme Bensouda\"}]},{\"@type\":\"WebSite\",\"@id\":\"https:\/\/www.justiceinfo.net\/fr#website\",\"url\":\"https:\/\/www.justiceinfo.net\/fr\",\"name\":\"JusticeInfo.net\",\"description\":\"La justice doit \u00eatre vue pour \u00eatre rendue\",\"publisher\":{\"@id\":\"https:\/\/www.justiceinfo.net\/fr#organization\"},\"potentialAction\":[{\"@type\":\"SearchAction\",\"target\":{\"@type\":\"EntryPoint\",\"urlTemplate\":\"https:\/\/www.justiceinfo.net\/fr?s={search_term_string}\"},\"query-input\":{\"@type\":\"PropertyValueSpecification\",\"valueRequired\":true,\"valueName\":\"search_term_string\"}}],\"inLanguage\":\"fr-FR\"},{\"@type\":\"Organization\",\"@id\":\"https:\/\/www.justiceinfo.net\/fr#organization\",\"name\":\"Justice Info\",\"url\":\"https:\/\/www.justiceinfo.net\/fr\",\"logo\":{\"@type\":\"ImageObject\",\"inLanguage\":\"fr-FR\",\"@id\":\"https:\/\/www.justiceinfo.net\/fr#\/schema\/logo\/image\/\",\"url\":\"https:\/\/www.justiceinfo.net\/wp-content\/uploads\/justiceinfo_logo-trans_1200x1200px.png\",\"contentUrl\":\"https:\/\/www.justiceinfo.net\/wp-content\/uploads\/justiceinfo_logo-trans_1200x1200px.png\",\"width\":1199,\"height\":1200,\"caption\":\"Justice Info\"},\"image\":{\"@id\":\"https:\/\/www.justiceinfo.net\/fr#\/schema\/logo\/image\/\"},\"sameAs\":[\"https:\/\/www.facebook.com\/JusticeInfo\/\",\"https:\/\/x.com\/justiceinfonet\",\"https:\/\/www.linkedin.com\/company\/justice-info\",\"https:\/\/www.youtube.com\/channel\/UCyCEsARodyuWtkWyhn-e7pA\"]},{\"@type\":\"Person\",\"name\":\"Radio Ndeke Luka\",\"url\":\"\/fr\/?s=Radio Ndeke Luka\"}]}<\/script>\n<!-- \/ Yoast SEO Premium plugin. -->","yoast_head_json":{"title":"Enqu\u00eates sur la Centrafrique: \"Pas de concurrence entre la CPI et la Cour P\u00e9nale Sp\u00e9ciale\", assure Mme Bensouda - JusticeInfo.net","robots":{"index":"index","follow":"follow","max-snippet":"max-snippet:-1","max-image-preview":"max-image-preview:large","max-video-preview":"max-video-preview:-1"},"canonical":"https:\/\/www.justiceinfo.net\/fr\/36865-enquetes-sur-la-centrafrique-pas-de-concurrence-entre-la-cpi-et-la-cps-assure-mme-bensouda.html","og_locale":"fr_FR","og_type":"article","og_title":"Enqu\u00eates sur la Centrafrique: \"Pas de concurrence entre la CPI et la Cour P\u00e9nale Sp\u00e9ciale\", assure Mme Bensouda","og_description":"Dans une interview exclusive avec Radio Ndeke Luka,la Procureure de la Cour p\u00e9nale internationale (CPI), Fatou Bensouda, affirme que son bureau poursuit en toute confidentialit\u00e9 son enqu\u00eate sur les crimes graves commis en Centrafrique depuis 2012. Mme Bensouda rassure par ailleurs qu\u2019il n\u2019y a point de concurrence, mais plut\u00f4t une compl\u00e9mentarit\u00e9 entre le travail de [&hellip;]","og_url":"https:\/\/www.justiceinfo.net\/fr\/36865-enquetes-sur-la-centrafrique-pas-de-concurrence-entre-la-cpi-et-la-cps-assure-mme-bensouda.html","og_site_name":"JusticeInfo.net","article_publisher":"https:\/\/www.facebook.com\/JusticeInfo\/","article_published_time":"2018-03-27T10:27:40+00:00","og_image":[{"width":2560,"height":1920,"url":"https:\/\/www.justiceinfo.net\/wp-content\/uploads\/dd7d396ed3c4d3163b3a430c3608da8e-scaled.jpg","type":"image\/jpeg"}],"author":"Radio Ndeke Luka","twitter_card":"summary_large_image","twitter_creator":"@justiceinfonet","twitter_site":"@justiceinfonet","twitter_misc":{"\u00c9crit par":"Radio Ndeke Luka"},"schema":{"@context":"https:\/\/schema.org","@graph":[{"@type":"NewsArticle","@id":"https:\/\/www.justiceinfo.net\/fr\/36865-enquetes-sur-la-centrafrique-pas-de-concurrence-entre-la-cpi-et-la-cps-assure-mme-bensouda.html#article","isPartOf":{"@id":"https:\/\/www.justiceinfo.net\/fr\/36865-enquetes-sur-la-centrafrique-pas-de-concurrence-entre-la-cpi-et-la-cps-assure-mme-bensouda.html"},"author":{"name":"civiliste","@id":"https:\/\/www.justiceinfo.net\/fr#\/schema\/person\/015ad428615c9bd082c2b6aa8df6cad0"},"headline":"Enqu\u00eates sur la Centrafrique: \"Pas de concurrence entre la CPI et la Cour P\u00e9nale Sp\u00e9ciale\", assure Mme Bensouda","datePublished":"2018-03-27T10:27:40+00:00","mainEntityOfPage":{"@id":"https:\/\/www.justiceinfo.net\/fr\/36865-enquetes-sur-la-centrafrique-pas-de-concurrence-entre-la-cpi-et-la-cps-assure-mme-bensouda.html"},"wordCount":119,"commentCount":0,"publisher":{"@id":"https:\/\/www.justiceinfo.net\/fr#organization"},"image":{"@id":"https:\/\/www.justiceinfo.net\/fr\/36865-enquetes-sur-la-centrafrique-pas-de-concurrence-entre-la-cpi-et-la-cps-assure-mme-bensouda.html#primaryimage"},"thumbnailUrl":"https:\/\/www.justiceinfo.net\/wp-content\/uploads\/dd7d396ed3c4d3163b3a430c3608da8e-scaled.jpg","articleSection":["R\u00e9conciliation"],"inLanguage":"fr-FR","potentialAction":[{"@type":"CommentAction","name":"Comment","target":["https:\/\/www.justiceinfo.net\/fr\/36865-enquetes-sur-la-centrafrique-pas-de-concurrence-entre-la-cpi-et-la-cps-assure-mme-bensouda.html#respond"]}]},{"@type":"WebPage","@id":"https:\/\/www.justiceinfo.net\/fr\/36865-enquetes-sur-la-centrafrique-pas-de-concurrence-entre-la-cpi-et-la-cps-assure-mme-bensouda.html","url":"https:\/\/www.justiceinfo.net\/fr\/36865-enquetes-sur-la-centrafrique-pas-de-concurrence-entre-la-cpi-et-la-cps-assure-mme-bensouda.html","name":"Enqu\u00eates sur la Centrafrique: \"Pas de concurrence entre la CPI et la Cour P\u00e9nale Sp\u00e9ciale\", assure Mme Bensouda - JusticeInfo.net","isPartOf":{"@id":"https:\/\/www.justiceinfo.net\/fr#website"},"primaryImageOfPage":{"@id":"https:\/\/www.justiceinfo.net\/fr\/36865-enquetes-sur-la-centrafrique-pas-de-concurrence-entre-la-cpi-et-la-cps-assure-mme-bensouda.html#primaryimage"},"image":{"@id":"https:\/\/www.justiceinfo.net\/fr\/36865-enquetes-sur-la-centrafrique-pas-de-concurrence-entre-la-cpi-et-la-cps-assure-mme-bensouda.html#primaryimage"},"thumbnailUrl":"https:\/\/www.justiceinfo.net\/wp-content\/uploads\/dd7d396ed3c4d3163b3a430c3608da8e-scaled.jpg","datePublished":"2018-03-27T10:27:40+00:00","breadcrumb":{"@id":"https:\/\/www.justiceinfo.net\/fr\/36865-enquetes-sur-la-centrafrique-pas-de-concurrence-entre-la-cpi-et-la-cps-assure-mme-bensouda.html#breadcrumb"},"inLanguage":"fr-FR","potentialAction":[{"@type":"ReadAction","target":["https:\/\/www.justiceinfo.net\/fr\/36865-enquetes-sur-la-centrafrique-pas-de-concurrence-entre-la-cpi-et-la-cps-assure-mme-bensouda.html"]}]},{"@type":"ImageObject","inLanguage":"fr-FR","@id":"https:\/\/www.justiceinfo.net\/fr\/36865-enquetes-sur-la-centrafrique-pas-de-concurrence-entre-la-cpi-et-la-cps-assure-mme-bensouda.html#primaryimage","url":"https:\/\/www.justiceinfo.net\/wp-content\/uploads\/dd7d396ed3c4d3163b3a430c3608da8e-scaled.jpg","contentUrl":"https:\/\/www.justiceinfo.net\/wp-content\/uploads\/dd7d396ed3c4d3163b3a430c3608da8e-scaled.jpg","width":2560,"height":1920},{"@type":"BreadcrumbList","@id":"https:\/\/www.justiceinfo.net\/fr\/36865-enquetes-sur-la-centrafrique-pas-de-concurrence-entre-la-cpi-et-la-cps-assure-mme-bensouda.html#breadcrumb","itemListElement":[{"@type":"ListItem","position":1,"name":"Home","item":"https:\/\/www.justiceinfo.net\/fr"},{"@type":"ListItem","position":2,"name":"Enqu\u00eates sur la Centrafrique: \"Pas de concurrence entre la CPI et la Cour P\u00e9nale Sp\u00e9ciale\", assure Mme Bensouda"}]},{"@type":"WebSite","@id":"https:\/\/www.justiceinfo.net\/fr#website","url":"https:\/\/www.justiceinfo.net\/fr","name":"JusticeInfo.net","description":"La justice doit \u00eatre vue pour \u00eatre rendue","publisher":{"@id":"https:\/\/www.justiceinfo.net\/fr#organization"},"potentialAction":[{"@type":"SearchAction","target":{"@type":"EntryPoint","urlTemplate":"https:\/\/www.justiceinfo.net\/fr?s={search_term_string}"},"query-input":{"@type":"PropertyValueSpecification","valueRequired":true,"valueName":"search_term_string"}}],"inLanguage":"fr-FR"},{"@type":"Organization","@id":"https:\/\/www.justiceinfo.net\/fr#organization","name":"Justice Info","url":"https:\/\/www.justiceinfo.net\/fr","logo":{"@type":"ImageObject","inLanguage":"fr-FR","@id":"https:\/\/www.justiceinfo.net\/fr#\/schema\/logo\/image\/","url":"https:\/\/www.justiceinfo.net\/wp-content\/uploads\/justiceinfo_logo-trans_1200x1200px.png","contentUrl":"https:\/\/www.justiceinfo.net\/wp-content\/uploads\/justiceinfo_logo-trans_1200x1200px.png","width":1199,"height":1200,"caption":"Justice Info"},"image":{"@id":"https:\/\/www.justiceinfo.net\/fr#\/schema\/logo\/image\/"},"sameAs":["https:\/\/www.facebook.com\/JusticeInfo\/","https:\/\/x.com\/justiceinfonet","https:\/\/www.linkedin.com\/company\/justice-info","https:\/\/www.youtube.com\/channel\/UCyCEsARodyuWtkWyhn-e7pA"]},{"@type":"Person","name":"Radio Ndeke Luka","url":"\/fr\/?s=Radio Ndeke Luka"}]}},"_links":{"self":[{"href":"https:\/\/www.justiceinfo.net\/fr\/wp-json\/wp\/v2\/posts\/36865","targetHints":{"allow":["GET"]}}],"collection":[{"href":"https:\/\/www.justiceinfo.net\/fr\/wp-json\/wp\/v2\/posts"}],"about":[{"href":"https:\/\/www.justiceinfo.net\/fr\/wp-json\/wp\/v2\/types\/post"}],"author":[{"embeddable":true,"href":"https:\/\/www.justiceinfo.net\/fr\/wp-json\/wp\/v2\/users\/63"}],"replies":[{"embeddable":true,"href":"https:\/\/www.justiceinfo.net\/fr\/wp-json\/wp\/v2\/comments?post=36865"}],"version-history":[{"count":0,"href":"https:\/\/www.justiceinfo.net\/fr\/wp-json\/wp\/v2\/posts\/36865\/revisions"}],"wp:featuredmedia":[{"embeddable":true,"href":"https:\/\/www.justiceinfo.net\/fr\/wp-json\/wp\/v2\/media\/64367"}],"wp:attachment":[{"href":"https:\/\/www.justiceinfo.net\/fr\/wp-json\/wp\/v2\/media?parent=36865"}],"wp:term":[{"taxonomy":"category","embeddable":true,"href":"https:\/\/www.justiceinfo.net\/fr\/wp-json\/wp\/v2\/categories?post=36865"},{"taxonomy":"post_tag","embeddable":true,"href":"https:\/\/www.justiceinfo.net\/fr\/wp-json\/wp\/v2\/tags?post=36865"},{"taxonomy":"ji_location","embeddable":true,"href":"https:\/\/www.justiceinfo.net\/fr\/wp-json\/wp\/v2\/ji_location?post=36865"}],"curies":[{"name":"wp","href":"https:\/\/api.w.org\/{rel}","templated":true}]}}