{"id":36876,"date":"2018-03-27T16:50:03","date_gmt":"2018-03-27T14:50:03","guid":{"rendered":"https:\/\/www.justiceinfo.net\/36876-syrie-crimes-de-guerre-l-onu-examine-un-volume-sans-precedent-de-preuves.html"},"modified":"2018-03-27T16:50:03","modified_gmt":"2018-03-27T14:50:03","slug":"syrie-crimes-de-guerre-l-onu-examine-un-volume-sans-precedent-de-preuves","status":"publish","type":"post","link":"https:\/\/www.justiceinfo.net\/fr\/36876-syrie-crimes-de-guerre-l-onu-examine-un-volume-sans-precedent-de-preuves.html","title":{"rendered":"Syrie : l'ONU en possession de documents \"attestant les crimes commis\""},"content":{"rendered":"<div class=\"content-excerpt\">\n<p>Une juge fran\u00e7aise charg\u00e9e par l'ONU de recueillir des preuves sur les crimes les plus graves commis en Syrie a dit mardi examiner un volume \"sans pr\u00e9c\u00e9dent\" d'informations.<\/p>\n<\/div>\n<p>Dans son premier rapport, pr\u00e9sent\u00e9 mardi aux m\u00e9dias \u00e0 l'ONU \u00e0 Gen\u00e8ve, Catherine Marchi-Uhel, \u00e0 la t\u00eate de cette enqu\u00eate, explique faire face \u00e0 un \"volume colossal de documents attestant de crimes commis\" dans le pays.<\/p>\n<p>\"Nous faisons face \u00e0 un volume sans pr\u00e9c\u00e9dent d'informations\", a-t-elle insist\u00e9 en conf\u00e9rence de presse.<\/p>\n<p>Selon elle, il sera \"impossible\" d'enqu\u00eater sur l'ensemble des crimes.<\/p>\n<p>Le <a href=\"http:\/\/www.un.org\/en\/ga\/search\/view_doc.asp?symbol=A\/72\/764&amp;referer=\/english\/&amp;Lang=F\" target=\"_blank\" rel=\"noopener noreferrer\">rapport<\/a> explique aussi que le \"<a href=\"https:\/\/iiim.un.org\/\" target=\"_blank\" rel=\"noopener noreferrer\">M\u00e9canisme <\/a>international, impartial et ind\u00e9pendant\" que Mme Marchi-Uhel dirige \"\u00e9labore des strat\u00e9gies de collecte de preuves pour rem\u00e9dier au fait qu'il n'a pas acc\u00e8s au territoire syrien\".<\/p>\n<p>L'Assembl\u00e9e g\u00e9n\u00e9rale de l'ONU a mis sur pied en d\u00e9cembre 2016 ce M\u00e9canisme, pour r\u00e9unir des \u00e9l\u00e9ments susceptibles d'\u00eatre utilis\u00e9s en cas de poursuites pour crimes de guerre.<\/p>\n<p>Les enqu\u00eateurs pourront \u00e9galement partager certaines informations et preuves, lorsqu'elles ne sont pas confidentielles, avec des juridictions nationales qui m\u00e8nent d\u00e9j\u00e0 des activit\u00e9s de lutte contre les crimes commis en Syrie, note le rapport.<\/p>\n<p>Ces informations ne pourront toutefois pas \u00eatre communiqu\u00e9es aux pays qui ne respectent pas les droits de l'Homme, notamment le droit \u00e0 un proc\u00e8s \u00e9quitable, et qui appliquent la peine de mort, souligne-t-il.<\/p>\n<p>Mme Marchi-Uhel, ancienne juge internationale au Kosovo, au Cambodge et au tribunal p\u00e9nal international pour l'ex-Yougoslavie (TPIY), a \u00e9t\u00e9 nomm\u00e9e \u00e0 la t\u00eate de ce M\u00e9canisme onusien en juillet par le secr\u00e9taire g\u00e9n\u00e9ral de l'ONU, Antonio Guterres.<\/p>\n<p>La magistrate fran\u00e7aise travaillait jusqu'alors comme m\u00e9diatrice \u00e0 la commission du Conseil de s\u00e9curit\u00e9 charg\u00e9e des organisations Etat islamique et Al-Qa\u00efda.<\/p>\n<p>Son travail sur les crimes en Syrie s'apparente un peu \u00e0 celui du juge d'instruction en France ou \u00e0 celui du procureur dans les pays anglo-saxons, avait-elle pr\u00e9cis\u00e9, lors d'une pr\u00e9c\u00e9dente rencontre avec les m\u00e9dias.<\/p>\n<p>Il s'agit d'effectuer tout le travail pr\u00e9paratoire en amont d'un potentiel proc\u00e8s.<\/p>\n<p>L'\u00e9quipe de Mme Marchi-Uhel est compos\u00e9e d'une vingtaine de personnes actuellement et devrait en employer \u00e0 terme une soixantaine, dont des experts en cybers\u00e9curit\u00e9, selon le rapport.<\/p>\n<p>Le M\u00e9canisme d\u00e9pend pour le moment uniquement des contributions volontaires des Etats. Pour 2018, le budget est estim\u00e9 \u00e0 environ 14 millions de dollars (11,3 millions d'euros). Pour le moment, 11,5 millions de dollars ont \u00e9t\u00e9 promis, dont 7 ont \u00e9t\u00e9 vers\u00e9s, selon la juge fran\u00e7aise.<\/p>\n","protected":false},"excerpt":{"rendered":"<p>Une juge fran\u00e7aise charg\u00e9e par l'ONU de recueillir des preuves sur les crimes les plus graves commis en Syrie a dit mardi examiner un volume \"sans pr\u00e9c\u00e9dent\" d'informations. Dans son premier rapport, pr\u00e9sent\u00e9 mardi aux m\u00e9dias \u00e0 l'ONU \u00e0 Gen\u00e8ve, Catherine Marchi-Uhel, \u00e0 la t\u00eate de cette enqu\u00eate, explique faire face \u00e0 un \"volume colossal [&hellip;]<\/p>\n","protected":false},"author":60,"featured_media":63364,"comment_status":"open","ping_status":"closed","sticky":false,"template":"","format":"standard","meta":{"_acf_changed":false,"footnotes":""},"categories":[556],"tags":[],"ji_location":[2498],"class_list":["post-36876","post","type-post","status-publish","format-standard","has-post-thumbnail","hentry","category-divers","ji_location-syrie"],"acf":[],"yoast_head":"<!-- This site is optimized with the Yoast SEO Premium plugin v25.3.1 (Yoast SEO v25.3.1) - https:\/\/yoast.com\/wordpress\/plugins\/seo\/ -->\n<title>Syrie : l&#039;ONU en possession de documents &quot;attestant les crimes commis&quot; - JusticeInfo.net<\/title>\n<meta name=\"robots\" content=\"index, follow, max-snippet:-1, max-image-preview:large, max-video-preview:-1\" \/>\n<link rel=\"canonical\" href=\"https:\/\/www.justiceinfo.net\/fr\/36876-syrie-crimes-de-guerre-l-onu-examine-un-volume-sans-precedent-de-preuves.html\" \/>\n<meta property=\"og:locale\" content=\"fr_FR\" \/>\n<meta property=\"og:type\" content=\"article\" \/>\n<meta property=\"og:title\" content=\"Syrie : l&#039;ONU en possession de documents &quot;attestant les crimes commis&quot;\" \/>\n<meta property=\"og:description\" content=\"Une juge fran\u00e7aise charg\u00e9e par l&#039;ONU de recueillir des preuves sur les crimes les plus graves commis en Syrie a dit mardi examiner un volume &quot;sans pr\u00e9c\u00e9dent&quot; d&#039;informations. Dans son premier rapport, pr\u00e9sent\u00e9 mardi aux m\u00e9dias \u00e0 l&#039;ONU \u00e0 Gen\u00e8ve, Catherine Marchi-Uhel, \u00e0 la t\u00eate de cette enqu\u00eate, explique faire face \u00e0 un &quot;volume colossal [&hellip;]\" \/>\n<meta property=\"og:url\" content=\"https:\/\/www.justiceinfo.net\/fr\/36876-syrie-crimes-de-guerre-l-onu-examine-un-volume-sans-precedent-de-preuves.html\" \/>\n<meta property=\"og:site_name\" content=\"JusticeInfo.net\" \/>\n<meta property=\"article:publisher\" content=\"https:\/\/www.facebook.com\/JusticeInfo\/\" \/>\n<meta property=\"article:published_time\" content=\"2018-03-27T14:50:03+00:00\" \/>\n<meta property=\"og:image\" content=\"https:\/\/www.justiceinfo.net\/wp-content\/uploads\/310a3cebc77379a86efb1710d3117852.jpg\" \/>\n\t<meta property=\"og:image:width\" content=\"2559\" \/>\n\t<meta property=\"og:image:height\" content=\"1879\" \/>\n\t<meta property=\"og:image:type\" content=\"image\/jpeg\" \/>\n<meta name=\"author\" content=\"AFP\" \/>\n<meta name=\"twitter:card\" content=\"summary_large_image\" \/>\n<meta name=\"twitter:creator\" content=\"@justiceinfonet\" \/>\n<meta name=\"twitter:site\" content=\"@justiceinfonet\" \/>\n<meta name=\"twitter:label1\" content=\"\u00c9crit par\" \/>\n\t<meta name=\"twitter:data1\" content=\"AFP\" \/>\n\t<meta name=\"twitter:label2\" content=\"Dur\u00e9e de lecture estim\u00e9e\" \/>\n\t<meta name=\"twitter:data2\" content=\"2 minutes\" \/>\n<script type=\"application\/ld+json\" class=\"yoast-schema-graph\">{\"@context\":\"https:\/\/schema.org\",\"@graph\":[{\"@type\":\"NewsArticle\",\"@id\":\"https:\/\/www.justiceinfo.net\/fr\/36876-syrie-crimes-de-guerre-l-onu-examine-un-volume-sans-precedent-de-preuves.html#article\",\"isPartOf\":{\"@id\":\"https:\/\/www.justiceinfo.net\/fr\/36876-syrie-crimes-de-guerre-l-onu-examine-un-volume-sans-precedent-de-preuves.html\"},\"author\":{\"name\":\"afp\",\"@id\":\"https:\/\/www.justiceinfo.net\/fr#\/schema\/person\/713d340ef5f218fc36ce9b4244364a7f\"},\"headline\":\"Syrie : l'ONU en possession de documents \\\"attestant les crimes commis\\\"\",\"datePublished\":\"2018-03-27T14:50:03+00:00\",\"mainEntityOfPage\":{\"@id\":\"https:\/\/www.justiceinfo.net\/fr\/36876-syrie-crimes-de-guerre-l-onu-examine-un-volume-sans-precedent-de-preuves.html\"},\"wordCount\":469,\"commentCount\":0,\"publisher\":{\"@id\":\"https:\/\/www.justiceinfo.net\/fr#organization\"},\"image\":{\"@id\":\"https:\/\/www.justiceinfo.net\/fr\/36876-syrie-crimes-de-guerre-l-onu-examine-un-volume-sans-precedent-de-preuves.html#primaryimage\"},\"thumbnailUrl\":\"https:\/\/www.justiceinfo.net\/wp-content\/uploads\/310a3cebc77379a86efb1710d3117852.jpg\",\"articleSection\":[\"Divers\"],\"inLanguage\":\"fr-FR\",\"potentialAction\":[{\"@type\":\"CommentAction\",\"name\":\"Comment\",\"target\":[\"https:\/\/www.justiceinfo.net\/fr\/36876-syrie-crimes-de-guerre-l-onu-examine-un-volume-sans-precedent-de-preuves.html#respond\"]}]},{\"@type\":\"WebPage\",\"@id\":\"https:\/\/www.justiceinfo.net\/fr\/36876-syrie-crimes-de-guerre-l-onu-examine-un-volume-sans-precedent-de-preuves.html\",\"url\":\"https:\/\/www.justiceinfo.net\/fr\/36876-syrie-crimes-de-guerre-l-onu-examine-un-volume-sans-precedent-de-preuves.html\",\"name\":\"Syrie : l'ONU en possession de documents \\\"attestant les crimes commis\\\" - JusticeInfo.net\",\"isPartOf\":{\"@id\":\"https:\/\/www.justiceinfo.net\/fr#website\"},\"primaryImageOfPage\":{\"@id\":\"https:\/\/www.justiceinfo.net\/fr\/36876-syrie-crimes-de-guerre-l-onu-examine-un-volume-sans-precedent-de-preuves.html#primaryimage\"},\"image\":{\"@id\":\"https:\/\/www.justiceinfo.net\/fr\/36876-syrie-crimes-de-guerre-l-onu-examine-un-volume-sans-precedent-de-preuves.html#primaryimage\"},\"thumbnailUrl\":\"https:\/\/www.justiceinfo.net\/wp-content\/uploads\/310a3cebc77379a86efb1710d3117852.jpg\",\"datePublished\":\"2018-03-27T14:50:03+00:00\",\"breadcrumb\":{\"@id\":\"https:\/\/www.justiceinfo.net\/fr\/36876-syrie-crimes-de-guerre-l-onu-examine-un-volume-sans-precedent-de-preuves.html#breadcrumb\"},\"inLanguage\":\"fr-FR\",\"potentialAction\":[{\"@type\":\"ReadAction\",\"target\":[\"https:\/\/www.justiceinfo.net\/fr\/36876-syrie-crimes-de-guerre-l-onu-examine-un-volume-sans-precedent-de-preuves.html\"]}]},{\"@type\":\"ImageObject\",\"inLanguage\":\"fr-FR\",\"@id\":\"https:\/\/www.justiceinfo.net\/fr\/36876-syrie-crimes-de-guerre-l-onu-examine-un-volume-sans-precedent-de-preuves.html#primaryimage\",\"url\":\"https:\/\/www.justiceinfo.net\/wp-content\/uploads\/310a3cebc77379a86efb1710d3117852.jpg\",\"contentUrl\":\"https:\/\/www.justiceinfo.net\/wp-content\/uploads\/310a3cebc77379a86efb1710d3117852.jpg\",\"width\":2559,\"height\":1879},{\"@type\":\"BreadcrumbList\",\"@id\":\"https:\/\/www.justiceinfo.net\/fr\/36876-syrie-crimes-de-guerre-l-onu-examine-un-volume-sans-precedent-de-preuves.html#breadcrumb\",\"itemListElement\":[{\"@type\":\"ListItem\",\"position\":1,\"name\":\"Home\",\"item\":\"https:\/\/www.justiceinfo.net\/fr\"},{\"@type\":\"ListItem\",\"position\":2,\"name\":\"Syrie : l'ONU en possession de documents \\\"attestant les crimes commis\\\"\"}]},{\"@type\":\"WebSite\",\"@id\":\"https:\/\/www.justiceinfo.net\/fr#website\",\"url\":\"https:\/\/www.justiceinfo.net\/fr\",\"name\":\"JusticeInfo.net\",\"description\":\"La justice doit \u00eatre vue pour \u00eatre rendue\",\"publisher\":{\"@id\":\"https:\/\/www.justiceinfo.net\/fr#organization\"},\"potentialAction\":[{\"@type\":\"SearchAction\",\"target\":{\"@type\":\"EntryPoint\",\"urlTemplate\":\"https:\/\/www.justiceinfo.net\/fr?s={search_term_string}\"},\"query-input\":{\"@type\":\"PropertyValueSpecification\",\"valueRequired\":true,\"valueName\":\"search_term_string\"}}],\"inLanguage\":\"fr-FR\"},{\"@type\":\"Organization\",\"@id\":\"https:\/\/www.justiceinfo.net\/fr#organization\",\"name\":\"Justice Info\",\"url\":\"https:\/\/www.justiceinfo.net\/fr\",\"logo\":{\"@type\":\"ImageObject\",\"inLanguage\":\"fr-FR\",\"@id\":\"https:\/\/www.justiceinfo.net\/fr#\/schema\/logo\/image\/\",\"url\":\"https:\/\/www.justiceinfo.net\/wp-content\/uploads\/justiceinfo_logo-trans_1200x1200px.png\",\"contentUrl\":\"https:\/\/www.justiceinfo.net\/wp-content\/uploads\/justiceinfo_logo-trans_1200x1200px.png\",\"width\":1199,\"height\":1200,\"caption\":\"Justice Info\"},\"image\":{\"@id\":\"https:\/\/www.justiceinfo.net\/fr#\/schema\/logo\/image\/\"},\"sameAs\":[\"https:\/\/www.facebook.com\/JusticeInfo\/\",\"https:\/\/x.com\/justiceinfonet\",\"https:\/\/www.linkedin.com\/company\/justice-info\",\"https:\/\/www.youtube.com\/channel\/UCyCEsARodyuWtkWyhn-e7pA\"]},{\"@type\":\"Person\",\"name\":\"AFP\",\"url\":\"\/fr\/?s=AFP\"}]}<\/script>\n<!-- \/ Yoast SEO Premium plugin. -->","yoast_head_json":{"title":"Syrie : l'ONU en possession de documents \"attestant les crimes commis\" - JusticeInfo.net","robots":{"index":"index","follow":"follow","max-snippet":"max-snippet:-1","max-image-preview":"max-image-preview:large","max-video-preview":"max-video-preview:-1"},"canonical":"https:\/\/www.justiceinfo.net\/fr\/36876-syrie-crimes-de-guerre-l-onu-examine-un-volume-sans-precedent-de-preuves.html","og_locale":"fr_FR","og_type":"article","og_title":"Syrie : l'ONU en possession de documents \"attestant les crimes commis\"","og_description":"Une juge fran\u00e7aise charg\u00e9e par l'ONU de recueillir des preuves sur les crimes les plus graves commis en Syrie a dit mardi examiner un volume \"sans pr\u00e9c\u00e9dent\" d'informations. Dans son premier rapport, pr\u00e9sent\u00e9 mardi aux m\u00e9dias \u00e0 l'ONU \u00e0 Gen\u00e8ve, Catherine Marchi-Uhel, \u00e0 la t\u00eate de cette enqu\u00eate, explique faire face \u00e0 un \"volume colossal [&hellip;]","og_url":"https:\/\/www.justiceinfo.net\/fr\/36876-syrie-crimes-de-guerre-l-onu-examine-un-volume-sans-precedent-de-preuves.html","og_site_name":"JusticeInfo.net","article_publisher":"https:\/\/www.facebook.com\/JusticeInfo\/","article_published_time":"2018-03-27T14:50:03+00:00","og_image":[{"width":2559,"height":1879,"url":"https:\/\/www.justiceinfo.net\/wp-content\/uploads\/310a3cebc77379a86efb1710d3117852.jpg","type":"image\/jpeg"}],"author":"AFP","twitter_card":"summary_large_image","twitter_creator":"@justiceinfonet","twitter_site":"@justiceinfonet","twitter_misc":{"\u00c9crit par":"AFP","Dur\u00e9e de lecture estim\u00e9e":"2 minutes"},"schema":{"@context":"https:\/\/schema.org","@graph":[{"@type":"NewsArticle","@id":"https:\/\/www.justiceinfo.net\/fr\/36876-syrie-crimes-de-guerre-l-onu-examine-un-volume-sans-precedent-de-preuves.html#article","isPartOf":{"@id":"https:\/\/www.justiceinfo.net\/fr\/36876-syrie-crimes-de-guerre-l-onu-examine-un-volume-sans-precedent-de-preuves.html"},"author":{"name":"afp","@id":"https:\/\/www.justiceinfo.net\/fr#\/schema\/person\/713d340ef5f218fc36ce9b4244364a7f"},"headline":"Syrie : l'ONU en possession de documents \"attestant les crimes commis\"","datePublished":"2018-03-27T14:50:03+00:00","mainEntityOfPage":{"@id":"https:\/\/www.justiceinfo.net\/fr\/36876-syrie-crimes-de-guerre-l-onu-examine-un-volume-sans-precedent-de-preuves.html"},"wordCount":469,"commentCount":0,"publisher":{"@id":"https:\/\/www.justiceinfo.net\/fr#organization"},"image":{"@id":"https:\/\/www.justiceinfo.net\/fr\/36876-syrie-crimes-de-guerre-l-onu-examine-un-volume-sans-precedent-de-preuves.html#primaryimage"},"thumbnailUrl":"https:\/\/www.justiceinfo.net\/wp-content\/uploads\/310a3cebc77379a86efb1710d3117852.jpg","articleSection":["Divers"],"inLanguage":"fr-FR","potentialAction":[{"@type":"CommentAction","name":"Comment","target":["https:\/\/www.justiceinfo.net\/fr\/36876-syrie-crimes-de-guerre-l-onu-examine-un-volume-sans-precedent-de-preuves.html#respond"]}]},{"@type":"WebPage","@id":"https:\/\/www.justiceinfo.net\/fr\/36876-syrie-crimes-de-guerre-l-onu-examine-un-volume-sans-precedent-de-preuves.html","url":"https:\/\/www.justiceinfo.net\/fr\/36876-syrie-crimes-de-guerre-l-onu-examine-un-volume-sans-precedent-de-preuves.html","name":"Syrie : l'ONU en possession de documents \"attestant les crimes commis\" - JusticeInfo.net","isPartOf":{"@id":"https:\/\/www.justiceinfo.net\/fr#website"},"primaryImageOfPage":{"@id":"https:\/\/www.justiceinfo.net\/fr\/36876-syrie-crimes-de-guerre-l-onu-examine-un-volume-sans-precedent-de-preuves.html#primaryimage"},"image":{"@id":"https:\/\/www.justiceinfo.net\/fr\/36876-syrie-crimes-de-guerre-l-onu-examine-un-volume-sans-precedent-de-preuves.html#primaryimage"},"thumbnailUrl":"https:\/\/www.justiceinfo.net\/wp-content\/uploads\/310a3cebc77379a86efb1710d3117852.jpg","datePublished":"2018-03-27T14:50:03+00:00","breadcrumb":{"@id":"https:\/\/www.justiceinfo.net\/fr\/36876-syrie-crimes-de-guerre-l-onu-examine-un-volume-sans-precedent-de-preuves.html#breadcrumb"},"inLanguage":"fr-FR","potentialAction":[{"@type":"ReadAction","target":["https:\/\/www.justiceinfo.net\/fr\/36876-syrie-crimes-de-guerre-l-onu-examine-un-volume-sans-precedent-de-preuves.html"]}]},{"@type":"ImageObject","inLanguage":"fr-FR","@id":"https:\/\/www.justiceinfo.net\/fr\/36876-syrie-crimes-de-guerre-l-onu-examine-un-volume-sans-precedent-de-preuves.html#primaryimage","url":"https:\/\/www.justiceinfo.net\/wp-content\/uploads\/310a3cebc77379a86efb1710d3117852.jpg","contentUrl":"https:\/\/www.justiceinfo.net\/wp-content\/uploads\/310a3cebc77379a86efb1710d3117852.jpg","width":2559,"height":1879},{"@type":"BreadcrumbList","@id":"https:\/\/www.justiceinfo.net\/fr\/36876-syrie-crimes-de-guerre-l-onu-examine-un-volume-sans-precedent-de-preuves.html#breadcrumb","itemListElement":[{"@type":"ListItem","position":1,"name":"Home","item":"https:\/\/www.justiceinfo.net\/fr"},{"@type":"ListItem","position":2,"name":"Syrie : l'ONU en possession de documents \"attestant les crimes commis\""}]},{"@type":"WebSite","@id":"https:\/\/www.justiceinfo.net\/fr#website","url":"https:\/\/www.justiceinfo.net\/fr","name":"JusticeInfo.net","description":"La justice doit \u00eatre vue pour \u00eatre rendue","publisher":{"@id":"https:\/\/www.justiceinfo.net\/fr#organization"},"potentialAction":[{"@type":"SearchAction","target":{"@type":"EntryPoint","urlTemplate":"https:\/\/www.justiceinfo.net\/fr?s={search_term_string}"},"query-input":{"@type":"PropertyValueSpecification","valueRequired":true,"valueName":"search_term_string"}}],"inLanguage":"fr-FR"},{"@type":"Organization","@id":"https:\/\/www.justiceinfo.net\/fr#organization","name":"Justice Info","url":"https:\/\/www.justiceinfo.net\/fr","logo":{"@type":"ImageObject","inLanguage":"fr-FR","@id":"https:\/\/www.justiceinfo.net\/fr#\/schema\/logo\/image\/","url":"https:\/\/www.justiceinfo.net\/wp-content\/uploads\/justiceinfo_logo-trans_1200x1200px.png","contentUrl":"https:\/\/www.justiceinfo.net\/wp-content\/uploads\/justiceinfo_logo-trans_1200x1200px.png","width":1199,"height":1200,"caption":"Justice Info"},"image":{"@id":"https:\/\/www.justiceinfo.net\/fr#\/schema\/logo\/image\/"},"sameAs":["https:\/\/www.facebook.com\/JusticeInfo\/","https:\/\/x.com\/justiceinfonet","https:\/\/www.linkedin.com\/company\/justice-info","https:\/\/www.youtube.com\/channel\/UCyCEsARodyuWtkWyhn-e7pA"]},{"@type":"Person","name":"AFP","url":"\/fr\/?s=AFP"}]}},"_links":{"self":[{"href":"https:\/\/www.justiceinfo.net\/fr\/wp-json\/wp\/v2\/posts\/36876","targetHints":{"allow":["GET"]}}],"collection":[{"href":"https:\/\/www.justiceinfo.net\/fr\/wp-json\/wp\/v2\/posts"}],"about":[{"href":"https:\/\/www.justiceinfo.net\/fr\/wp-json\/wp\/v2\/types\/post"}],"author":[{"embeddable":true,"href":"https:\/\/www.justiceinfo.net\/fr\/wp-json\/wp\/v2\/users\/60"}],"replies":[{"embeddable":true,"href":"https:\/\/www.justiceinfo.net\/fr\/wp-json\/wp\/v2\/comments?post=36876"}],"version-history":[{"count":0,"href":"https:\/\/www.justiceinfo.net\/fr\/wp-json\/wp\/v2\/posts\/36876\/revisions"}],"wp:featuredmedia":[{"embeddable":true,"href":"https:\/\/www.justiceinfo.net\/fr\/wp-json\/wp\/v2\/media\/63364"}],"wp:attachment":[{"href":"https:\/\/www.justiceinfo.net\/fr\/wp-json\/wp\/v2\/media?parent=36876"}],"wp:term":[{"taxonomy":"category","embeddable":true,"href":"https:\/\/www.justiceinfo.net\/fr\/wp-json\/wp\/v2\/categories?post=36876"},{"taxonomy":"post_tag","embeddable":true,"href":"https:\/\/www.justiceinfo.net\/fr\/wp-json\/wp\/v2\/tags?post=36876"},{"taxonomy":"ji_location","embeddable":true,"href":"https:\/\/www.justiceinfo.net\/fr\/wp-json\/wp\/v2\/ji_location?post=36876"}],"curies":[{"name":"wp","href":"https:\/\/api.w.org\/{rel}","templated":true}]}}