{"id":3689,"date":"2008-04-11T05:49:58","date_gmt":"2008-04-11T03:49:58","guid":{"rendered":"https:\/\/www.justiceinfo.net\/3689-100408-rwandagenocide-la-loi-reprimant-lideologie-du-genocide-sera-enseignee-dans-les-ecole479.html"},"modified":"2008-04-11T05:49:58","modified_gmt":"2008-04-11T03:49:58","slug":"100408-rwandagenocide-la-loi-reprimant-lideologie-du-genocide-sera-enseignee-dans-les-ecole479","status":"publish","type":"post","link":"https:\/\/www.justiceinfo.net\/fr\/3689-100408-rwandagenocide-la-loi-reprimant-lideologie-du-genocide-sera-enseignee-dans-les-ecole479.html","title":{"rendered":"10.04.08 - RWANDA\/GENOCIDE  - LA LOI REPRIMANT L\u2019IDEOLOGIE DU GENOCIDE SERA ENSEIGNEE DANS LES ECOLE"},"content":{"rendered":"<p  >\nKigali, 10 avril 2008 (FH) - La loi rwandaise r\u00e9primant l\u2019id\u00e9ologie du g\u00e9nocide et qui est sur le point d\u2019\u00eatre promulgu\u00e9e sera enseign\u00e9e dans les \u00e9coles, selon le minist\u00e8re de l\u2019Education.\n<\/p>\n<p  >\n\u00abC\u2019est une d\u00e9cision du minist\u00e8re de l\u2019Education, la loi sera enseign\u00e9e dans toutes les \u00e9coles, au m\u00eame titre que d\u2019autres mati\u00e8res \u00bb, a rapport\u00e9 jeudi le journal  pro-gouvernemental rwandais Izuba rirashe (Soleil Levant), citant la nouvelle ministre de l\u2019Education, Daphrose Gahakwa.\n<\/p>\n<p><!--more--><\/p>\n<p  >\nAu mois de janvier, des dizaines d\u2019enseignants accus\u00e9s de v\u00e9hiculer l\u2019id\u00e9ologie g\u00e9nocidaire ont \u00e9t\u00e9 mis \u00e0 la porte.\n<\/p>\n<p  >\nLa ministre a appel\u00e9 tous les \u00e9l\u00e8ves et \u00e9tudiants actuellement en vacances scolaires \u00e0 se tenir aux c\u00f4t\u00e9s des rescap\u00e9s en cette semaine o\u00f9 le pays comm\u00e9more pour la 14 i\u00e8me fois le g\u00e9nocide de 1994 qui a fait, selon l'ONU, 800 000 morts, essentiellement parmi les Tutsis. <\/p>\n<p>Par ailleurs, tous les enseignants du primaire et du secondaire se trouvent actuellement des \u00abcamps de solidarit\u00e9\u00bb o\u00f9 la lutte contre l\u2019id\u00e9ologie se trouve au programme.\n<\/p>\n<p  >\nAlors que lundi des c\u00e9r\u00e9monies ont marqu\u00e9 le 14\u00e8me anniversaire du d\u00e9but du g\u00e9nocide, pendant toute la semaine \u00e0 travers le pays, des conf\u00e9rences sur le g\u00e9nocide de 1994, sa gen\u00e8se et ses cons\u00e9quences sont organis\u00e9es par les autorit\u00e9s ou la soci\u00e9t\u00e9 civile, des poignants t\u00e9moignages sur le g\u00e9nocide sont entendus. <\/p>\n<p>Toutes les radios du pays diffusent de la musique en rapport avec le g\u00e9nocide ainsi que des po\u00e8mes racontant le calvaire des victimes. <\/p>\n<p>Les activit\u00e9s des juridictions gacacas charg\u00e9es de juger la presque totalit\u00e9 des auteurs pr\u00e9sum\u00e9s du g\u00e9nocide ont \u00e9t\u00e9 suspendues au cours de cette semaine de deuil national dont l\u2019ouverture lundi a \u00e9t\u00e9 marqu\u00e9e par un discours du pr\u00e9sident Paul Kagame.\n<\/p>\n<p  >\nDans un discours prononc\u00e9 \u00e0 Nyamata dans le district de Bugesera, dans la Province de l\u2019Est, une des r\u00e9gions qui ont \u00e9t\u00e9 les plus touch\u00e9es par les massacres de 1994, le chef de l\u2019Etat rwandais s\u2019en est pris aux juges fran\u00e7ais, Jean-Louis Brugui\u00e8re et espagnol, Fernando Andreu Merelles qui ont \u00e9mis des mandats d\u2019arr\u00eat contre des officiers de l\u2019actuelle arm\u00e9e rwandaise.\n<\/p>\n<p  >\nLa semaine de deuil national s\u2019ach\u00e8vera dimanche par une c\u00e9r\u00e9monie \u00e0 Kigali, en m\u00e9moire des hommes et des femmes politiques tu\u00e9s pendant le g\u00e9nocide.\n<\/p>\n<p  >\nER\/PB\/GF<\/p>\n","protected":false},"excerpt":{"rendered":"<p>Kigali, 10 avril 2008 (FH) - La loi rwandaise r\u00e9primant l\u2019id\u00e9ologie du g\u00e9nocide et qui est sur le point d\u2019\u00eatre promulgu\u00e9e sera enseign\u00e9e dans les \u00e9coles, selon le minist\u00e8re de l\u2019Education. \u00abC\u2019est une d\u00e9cision du minist\u00e8re de l\u2019Education, la loi sera enseign\u00e9e dans toutes les \u00e9coles, au m\u00eame titre que d\u2019autres mati\u00e8res \u00bb, a rapport\u00e9 [&hellip;]<\/p>\n","protected":false},"author":64,"featured_media":0,"comment_status":"open","ping_status":"closed","sticky":false,"template":"","format":"standard","meta":{"_acf_changed":false,"footnotes":""},"categories":[554],"tags":[],"ji_location":[],"class_list":["post-3689","post","type-post","status-publish","format-standard","hentry","category-hirondellenews"],"acf":[],"yoast_head":"<!-- This site is optimized with the Yoast SEO Premium plugin v25.3.1 (Yoast SEO v25.3.1) - https:\/\/yoast.com\/wordpress\/plugins\/seo\/ -->\n<title>10.04.08 - RWANDA\/GENOCIDE - LA LOI REPRIMANT L\u2019IDEOLOGIE DU GENOCIDE SERA ENSEIGNEE DANS LES ECOLE - JusticeInfo.net<\/title>\n<meta name=\"robots\" content=\"index, follow, max-snippet:-1, max-image-preview:large, max-video-preview:-1\" \/>\n<link rel=\"canonical\" href=\"https:\/\/www.justiceinfo.net\/fr\/3689-100408-rwandagenocide-la-loi-reprimant-lideologie-du-genocide-sera-enseignee-dans-les-ecole479.html\" \/>\n<meta property=\"og:locale\" content=\"fr_FR\" \/>\n<meta property=\"og:type\" content=\"article\" \/>\n<meta property=\"og:title\" content=\"10.04.08 - RWANDA\/GENOCIDE - LA LOI REPRIMANT L\u2019IDEOLOGIE DU GENOCIDE SERA ENSEIGNEE DANS LES ECOLE\" \/>\n<meta property=\"og:description\" content=\"Kigali, 10 avril 2008 (FH) - La loi rwandaise r\u00e9primant l\u2019id\u00e9ologie du g\u00e9nocide et qui est sur le point d\u2019\u00eatre promulgu\u00e9e sera enseign\u00e9e dans les \u00e9coles, selon le minist\u00e8re de l\u2019Education. \u00abC\u2019est une d\u00e9cision du minist\u00e8re de l\u2019Education, la loi sera enseign\u00e9e dans toutes les \u00e9coles, au m\u00eame titre que d\u2019autres mati\u00e8res \u00bb, a rapport\u00e9 [&hellip;]\" \/>\n<meta property=\"og:url\" content=\"https:\/\/www.justiceinfo.net\/fr\/3689-100408-rwandagenocide-la-loi-reprimant-lideologie-du-genocide-sera-enseignee-dans-les-ecole479.html\" \/>\n<meta property=\"og:site_name\" content=\"JusticeInfo.net\" \/>\n<meta property=\"article:publisher\" content=\"https:\/\/www.facebook.com\/JusticeInfo\/\" \/>\n<meta property=\"article:published_time\" content=\"2008-04-11T03:49:58+00:00\" \/>\n<meta property=\"og:image\" content=\"https:\/\/www.justiceinfo.net\/wp-content\/uploads\/JusticeInfoNet_logo_1200x630px.jpg\" \/>\n\t<meta property=\"og:image:width\" content=\"1200\" \/>\n\t<meta property=\"og:image:height\" content=\"630\" \/>\n\t<meta property=\"og:image:type\" content=\"image\/jpeg\" \/>\n<meta name=\"author\" content=\"solivri\" \/>\n<meta name=\"twitter:card\" content=\"summary_large_image\" \/>\n<meta name=\"twitter:creator\" content=\"@justiceinfonet\" \/>\n<meta name=\"twitter:site\" content=\"@justiceinfonet\" \/>\n<meta name=\"twitter:label1\" content=\"\u00c9crit par\" \/>\n\t<meta name=\"twitter:data1\" content=\"solivri\" \/>\n\t<meta name=\"twitter:label2\" content=\"Dur\u00e9e de lecture estim\u00e9e\" \/>\n\t<meta name=\"twitter:data2\" content=\"2 minutes\" \/>\n<script type=\"application\/ld+json\" class=\"yoast-schema-graph\">{\"@context\":\"https:\/\/schema.org\",\"@graph\":[{\"@type\":\"NewsArticle\",\"@id\":\"https:\/\/www.justiceinfo.net\/fr\/3689-100408-rwandagenocide-la-loi-reprimant-lideologie-du-genocide-sera-enseignee-dans-les-ecole479.html#article\",\"isPartOf\":{\"@id\":\"https:\/\/www.justiceinfo.net\/fr\/3689-100408-rwandagenocide-la-loi-reprimant-lideologie-du-genocide-sera-enseignee-dans-les-ecole479.html\"},\"author\":{\"name\":\"solivri\",\"@id\":\"https:\/\/www.justiceinfo.net\/fr#\/schema\/person\/6e53cba1629e2e66f3fc1821d3091865\"},\"headline\":\"10.04.08 - RWANDA\/GENOCIDE - LA LOI REPRIMANT L\u2019IDEOLOGIE DU GENOCIDE SERA ENSEIGNEE DANS LES ECOLE\",\"datePublished\":\"2008-04-11T03:49:58+00:00\",\"mainEntityOfPage\":{\"@id\":\"https:\/\/www.justiceinfo.net\/fr\/3689-100408-rwandagenocide-la-loi-reprimant-lideologie-du-genocide-sera-enseignee-dans-les-ecole479.html\"},\"wordCount\":443,\"commentCount\":0,\"publisher\":{\"@id\":\"https:\/\/www.justiceinfo.net\/fr#organization\"},\"articleSection\":[\"Hirondelle News\"],\"inLanguage\":\"fr-FR\",\"potentialAction\":[{\"@type\":\"CommentAction\",\"name\":\"Comment\",\"target\":[\"https:\/\/www.justiceinfo.net\/fr\/3689-100408-rwandagenocide-la-loi-reprimant-lideologie-du-genocide-sera-enseignee-dans-les-ecole479.html#respond\"]}]},{\"@type\":\"WebPage\",\"@id\":\"https:\/\/www.justiceinfo.net\/fr\/3689-100408-rwandagenocide-la-loi-reprimant-lideologie-du-genocide-sera-enseignee-dans-les-ecole479.html\",\"url\":\"https:\/\/www.justiceinfo.net\/fr\/3689-100408-rwandagenocide-la-loi-reprimant-lideologie-du-genocide-sera-enseignee-dans-les-ecole479.html\",\"name\":\"10.04.08 - RWANDA\/GENOCIDE - LA LOI REPRIMANT L\u2019IDEOLOGIE DU GENOCIDE SERA ENSEIGNEE DANS LES ECOLE - JusticeInfo.net\",\"isPartOf\":{\"@id\":\"https:\/\/www.justiceinfo.net\/fr#website\"},\"datePublished\":\"2008-04-11T03:49:58+00:00\",\"breadcrumb\":{\"@id\":\"https:\/\/www.justiceinfo.net\/fr\/3689-100408-rwandagenocide-la-loi-reprimant-lideologie-du-genocide-sera-enseignee-dans-les-ecole479.html#breadcrumb\"},\"inLanguage\":\"fr-FR\",\"potentialAction\":[{\"@type\":\"ReadAction\",\"target\":[\"https:\/\/www.justiceinfo.net\/fr\/3689-100408-rwandagenocide-la-loi-reprimant-lideologie-du-genocide-sera-enseignee-dans-les-ecole479.html\"]}]},{\"@type\":\"BreadcrumbList\",\"@id\":\"https:\/\/www.justiceinfo.net\/fr\/3689-100408-rwandagenocide-la-loi-reprimant-lideologie-du-genocide-sera-enseignee-dans-les-ecole479.html#breadcrumb\",\"itemListElement\":[{\"@type\":\"ListItem\",\"position\":1,\"name\":\"Home\",\"item\":\"https:\/\/www.justiceinfo.net\/fr\"},{\"@type\":\"ListItem\",\"position\":2,\"name\":\"10.04.08 - RWANDA\/GENOCIDE - LA LOI REPRIMANT L\u2019IDEOLOGIE DU GENOCIDE SERA ENSEIGNEE DANS LES ECOLE\"}]},{\"@type\":\"WebSite\",\"@id\":\"https:\/\/www.justiceinfo.net\/fr#website\",\"url\":\"https:\/\/www.justiceinfo.net\/fr\",\"name\":\"JusticeInfo.net\",\"description\":\"La justice doit \u00eatre vue pour \u00eatre rendue\",\"publisher\":{\"@id\":\"https:\/\/www.justiceinfo.net\/fr#organization\"},\"potentialAction\":[{\"@type\":\"SearchAction\",\"target\":{\"@type\":\"EntryPoint\",\"urlTemplate\":\"https:\/\/www.justiceinfo.net\/fr?s={search_term_string}\"},\"query-input\":{\"@type\":\"PropertyValueSpecification\",\"valueRequired\":true,\"valueName\":\"search_term_string\"}}],\"inLanguage\":\"fr-FR\"},{\"@type\":\"Organization\",\"@id\":\"https:\/\/www.justiceinfo.net\/fr#organization\",\"name\":\"Justice Info\",\"url\":\"https:\/\/www.justiceinfo.net\/fr\",\"logo\":{\"@type\":\"ImageObject\",\"inLanguage\":\"fr-FR\",\"@id\":\"https:\/\/www.justiceinfo.net\/fr#\/schema\/logo\/image\/\",\"url\":\"https:\/\/www.justiceinfo.net\/wp-content\/uploads\/justiceinfo_logo-trans_1200x1200px.png\",\"contentUrl\":\"https:\/\/www.justiceinfo.net\/wp-content\/uploads\/justiceinfo_logo-trans_1200x1200px.png\",\"width\":1199,\"height\":1200,\"caption\":\"Justice Info\"},\"image\":{\"@id\":\"https:\/\/www.justiceinfo.net\/fr#\/schema\/logo\/image\/\"},\"sameAs\":[\"https:\/\/www.facebook.com\/JusticeInfo\/\",\"https:\/\/x.com\/justiceinfonet\",\"https:\/\/www.linkedin.com\/company\/justice-info\",\"https:\/\/www.youtube.com\/channel\/UCyCEsARodyuWtkWyhn-e7pA\"]},{\"@type\":\"Person\",\"name\":\"solivri\",\"url\":\"\/fr\/?s=solivri\"}]}<\/script>\n<!-- \/ Yoast SEO Premium plugin. -->","yoast_head_json":{"title":"10.04.08 - RWANDA\/GENOCIDE - LA LOI REPRIMANT L\u2019IDEOLOGIE DU GENOCIDE SERA ENSEIGNEE DANS LES ECOLE - JusticeInfo.net","robots":{"index":"index","follow":"follow","max-snippet":"max-snippet:-1","max-image-preview":"max-image-preview:large","max-video-preview":"max-video-preview:-1"},"canonical":"https:\/\/www.justiceinfo.net\/fr\/3689-100408-rwandagenocide-la-loi-reprimant-lideologie-du-genocide-sera-enseignee-dans-les-ecole479.html","og_locale":"fr_FR","og_type":"article","og_title":"10.04.08 - RWANDA\/GENOCIDE - LA LOI REPRIMANT L\u2019IDEOLOGIE DU GENOCIDE SERA ENSEIGNEE DANS LES ECOLE","og_description":"Kigali, 10 avril 2008 (FH) - La loi rwandaise r\u00e9primant l\u2019id\u00e9ologie du g\u00e9nocide et qui est sur le point d\u2019\u00eatre promulgu\u00e9e sera enseign\u00e9e dans les \u00e9coles, selon le minist\u00e8re de l\u2019Education. \u00abC\u2019est une d\u00e9cision du minist\u00e8re de l\u2019Education, la loi sera enseign\u00e9e dans toutes les \u00e9coles, au m\u00eame titre que d\u2019autres mati\u00e8res \u00bb, a rapport\u00e9 [&hellip;]","og_url":"https:\/\/www.justiceinfo.net\/fr\/3689-100408-rwandagenocide-la-loi-reprimant-lideologie-du-genocide-sera-enseignee-dans-les-ecole479.html","og_site_name":"JusticeInfo.net","article_publisher":"https:\/\/www.facebook.com\/JusticeInfo\/","article_published_time":"2008-04-11T03:49:58+00:00","og_image":[{"width":1200,"height":630,"url":"https:\/\/www.justiceinfo.net\/wp-content\/uploads\/JusticeInfoNet_logo_1200x630px.jpg","type":"image\/jpeg"}],"author":"solivri","twitter_card":"summary_large_image","twitter_creator":"@justiceinfonet","twitter_site":"@justiceinfonet","twitter_misc":{"\u00c9crit par":"solivri","Dur\u00e9e de lecture estim\u00e9e":"2 minutes"},"schema":{"@context":"https:\/\/schema.org","@graph":[{"@type":"NewsArticle","@id":"https:\/\/www.justiceinfo.net\/fr\/3689-100408-rwandagenocide-la-loi-reprimant-lideologie-du-genocide-sera-enseignee-dans-les-ecole479.html#article","isPartOf":{"@id":"https:\/\/www.justiceinfo.net\/fr\/3689-100408-rwandagenocide-la-loi-reprimant-lideologie-du-genocide-sera-enseignee-dans-les-ecole479.html"},"author":{"name":"solivri","@id":"https:\/\/www.justiceinfo.net\/fr#\/schema\/person\/6e53cba1629e2e66f3fc1821d3091865"},"headline":"10.04.08 - RWANDA\/GENOCIDE - LA LOI REPRIMANT L\u2019IDEOLOGIE DU GENOCIDE SERA ENSEIGNEE DANS LES ECOLE","datePublished":"2008-04-11T03:49:58+00:00","mainEntityOfPage":{"@id":"https:\/\/www.justiceinfo.net\/fr\/3689-100408-rwandagenocide-la-loi-reprimant-lideologie-du-genocide-sera-enseignee-dans-les-ecole479.html"},"wordCount":443,"commentCount":0,"publisher":{"@id":"https:\/\/www.justiceinfo.net\/fr#organization"},"articleSection":["Hirondelle News"],"inLanguage":"fr-FR","potentialAction":[{"@type":"CommentAction","name":"Comment","target":["https:\/\/www.justiceinfo.net\/fr\/3689-100408-rwandagenocide-la-loi-reprimant-lideologie-du-genocide-sera-enseignee-dans-les-ecole479.html#respond"]}]},{"@type":"WebPage","@id":"https:\/\/www.justiceinfo.net\/fr\/3689-100408-rwandagenocide-la-loi-reprimant-lideologie-du-genocide-sera-enseignee-dans-les-ecole479.html","url":"https:\/\/www.justiceinfo.net\/fr\/3689-100408-rwandagenocide-la-loi-reprimant-lideologie-du-genocide-sera-enseignee-dans-les-ecole479.html","name":"10.04.08 - RWANDA\/GENOCIDE - LA LOI REPRIMANT L\u2019IDEOLOGIE DU GENOCIDE SERA ENSEIGNEE DANS LES ECOLE - JusticeInfo.net","isPartOf":{"@id":"https:\/\/www.justiceinfo.net\/fr#website"},"datePublished":"2008-04-11T03:49:58+00:00","breadcrumb":{"@id":"https:\/\/www.justiceinfo.net\/fr\/3689-100408-rwandagenocide-la-loi-reprimant-lideologie-du-genocide-sera-enseignee-dans-les-ecole479.html#breadcrumb"},"inLanguage":"fr-FR","potentialAction":[{"@type":"ReadAction","target":["https:\/\/www.justiceinfo.net\/fr\/3689-100408-rwandagenocide-la-loi-reprimant-lideologie-du-genocide-sera-enseignee-dans-les-ecole479.html"]}]},{"@type":"BreadcrumbList","@id":"https:\/\/www.justiceinfo.net\/fr\/3689-100408-rwandagenocide-la-loi-reprimant-lideologie-du-genocide-sera-enseignee-dans-les-ecole479.html#breadcrumb","itemListElement":[{"@type":"ListItem","position":1,"name":"Home","item":"https:\/\/www.justiceinfo.net\/fr"},{"@type":"ListItem","position":2,"name":"10.04.08 - RWANDA\/GENOCIDE - LA LOI REPRIMANT L\u2019IDEOLOGIE DU GENOCIDE SERA ENSEIGNEE DANS LES ECOLE"}]},{"@type":"WebSite","@id":"https:\/\/www.justiceinfo.net\/fr#website","url":"https:\/\/www.justiceinfo.net\/fr","name":"JusticeInfo.net","description":"La justice doit \u00eatre vue pour \u00eatre rendue","publisher":{"@id":"https:\/\/www.justiceinfo.net\/fr#organization"},"potentialAction":[{"@type":"SearchAction","target":{"@type":"EntryPoint","urlTemplate":"https:\/\/www.justiceinfo.net\/fr?s={search_term_string}"},"query-input":{"@type":"PropertyValueSpecification","valueRequired":true,"valueName":"search_term_string"}}],"inLanguage":"fr-FR"},{"@type":"Organization","@id":"https:\/\/www.justiceinfo.net\/fr#organization","name":"Justice Info","url":"https:\/\/www.justiceinfo.net\/fr","logo":{"@type":"ImageObject","inLanguage":"fr-FR","@id":"https:\/\/www.justiceinfo.net\/fr#\/schema\/logo\/image\/","url":"https:\/\/www.justiceinfo.net\/wp-content\/uploads\/justiceinfo_logo-trans_1200x1200px.png","contentUrl":"https:\/\/www.justiceinfo.net\/wp-content\/uploads\/justiceinfo_logo-trans_1200x1200px.png","width":1199,"height":1200,"caption":"Justice Info"},"image":{"@id":"https:\/\/www.justiceinfo.net\/fr#\/schema\/logo\/image\/"},"sameAs":["https:\/\/www.facebook.com\/JusticeInfo\/","https:\/\/x.com\/justiceinfonet","https:\/\/www.linkedin.com\/company\/justice-info","https:\/\/www.youtube.com\/channel\/UCyCEsARodyuWtkWyhn-e7pA"]},{"@type":"Person","name":"solivri","url":"\/fr\/?s=solivri"}]}},"_links":{"self":[{"href":"https:\/\/www.justiceinfo.net\/fr\/wp-json\/wp\/v2\/posts\/3689","targetHints":{"allow":["GET"]}}],"collection":[{"href":"https:\/\/www.justiceinfo.net\/fr\/wp-json\/wp\/v2\/posts"}],"about":[{"href":"https:\/\/www.justiceinfo.net\/fr\/wp-json\/wp\/v2\/types\/post"}],"author":[{"embeddable":true,"href":"https:\/\/www.justiceinfo.net\/fr\/wp-json\/wp\/v2\/users\/64"}],"replies":[{"embeddable":true,"href":"https:\/\/www.justiceinfo.net\/fr\/wp-json\/wp\/v2\/comments?post=3689"}],"version-history":[{"count":0,"href":"https:\/\/www.justiceinfo.net\/fr\/wp-json\/wp\/v2\/posts\/3689\/revisions"}],"wp:attachment":[{"href":"https:\/\/www.justiceinfo.net\/fr\/wp-json\/wp\/v2\/media?parent=3689"}],"wp:term":[{"taxonomy":"category","embeddable":true,"href":"https:\/\/www.justiceinfo.net\/fr\/wp-json\/wp\/v2\/categories?post=3689"},{"taxonomy":"post_tag","embeddable":true,"href":"https:\/\/www.justiceinfo.net\/fr\/wp-json\/wp\/v2\/tags?post=3689"},{"taxonomy":"ji_location","embeddable":true,"href":"https:\/\/www.justiceinfo.net\/fr\/wp-json\/wp\/v2\/ji_location?post=3689"}],"curies":[{"name":"wp","href":"https:\/\/api.w.org\/{rel}","templated":true}]}}