{"id":3691,"date":"2008-04-16T06:50:33","date_gmt":"2008-04-16T04:50:33","guid":{"rendered":"https:\/\/www.justiceinfo.net\/3691-150408-tpirgatete-un-accuse-demande-un-debat-public-sur-la-requete-visant-a-le-transferer-au-481.html"},"modified":"2008-04-16T06:50:33","modified_gmt":"2008-04-16T04:50:33","slug":"150408-tpirgatete-un-accuse-demande-un-debat-public-sur-la-requete-visant-a-le-transferer-au-481","status":"publish","type":"post","link":"https:\/\/www.justiceinfo.net\/fr\/3691-150408-tpirgatete-un-accuse-demande-un-debat-public-sur-la-requete-visant-a-le-transferer-au-481.html","title":{"rendered":"15.04.08 - TPIR\/GATETE - UN ACCUSE DEMANDE UN DEBAT PUBLIC SUR LA REQUETE VISANT A LE TRANSFERER AU"},"content":{"rendered":"<p  >\nArusha, 15 avril 2008 (FH) -L\u2019ancien maire, Jean-Baptiste Gatete, d\u00e9tenu par le Tribunal p\u00e9nal international pour le Rwanda (TPIR), a demand\u00e9 un d\u00e9bat public sur la requ\u00eate du procureur visant \u00e0 le transf\u00e9rer devant la justice rwandaise, a-t-on appris de source judiciaire mardi.  Le procureur a d\u00e9pos\u00e9 cette requ\u00eate le 27 novembre 2007.\n<\/p>\n<p><!--more--><\/p>\n<p  >\n\u00ab L\u2019importance de cette requ\u00eate est telle que les parties devraient avoir l\u2019opportunit\u00e9 d\u2019\u00e9changer directement avec les juges afin de s\u2019assurer que chaque argument a \u00e9t\u00e9 bien d\u00e9fendu, expliqu\u00e9 et compris \u00bb, \u00e9crit Me Richard Dub\u00e9, l\u2019avocat de Gatete. <\/p>\n<p>\u00ab Un d\u00e9bat public devrait \u00eatre privil\u00e9gi\u00e9 \u00e0 un d\u00e9lib\u00e9r\u00e9 \u00e0 huis clos afin de d\u00e9montrer que, selon toutes les apparences, justice a \u00e9t\u00e9 rendue \u00e0 l\u2019issue d\u2019un processus \u00e9quitable o\u00f9 les parties ont \u00e9t\u00e9 en mesure de faire valoir pleinement leurs arguments dans le cadre d\u2019une requ\u00eate de cette importance \u00bb, poursuit Me Dub\u00e9. <\/p>\n<p>Selon l\u2019article 74 A du R\u00e8glement de proc\u00e9dure et de preuve du TPIR, la chambre peut rendre une d\u00e9cision sur cette requ\u00eate sur la seule base des m\u00e9moires d\u00e9pos\u00e9s par les parties, \u00e0 moins qu\u2019il n\u2019ait \u00e9t\u00e9 d\u00e9cid\u00e9 d\u2019entendre la requ\u00eate en audience publique. <\/p>\n<p>Le tout premier d\u00e9bat public sur une demande de transfert d\u2019un accus\u00e9 au Rwanda est pr\u00e9vu le 24 avril dans l\u2019affaire Yussuf Munyakazi, un ancien homme d\u2019affaires. <\/p>\n<p>\u00ab Jean- Baptiste Gatete devrait pouvoir b\u00e9n\u00e9ficier du m\u00eame droit d\u2019\u00eatre entendu \u00bb, soutient Me Dub\u00e9, dans sa requ\u00eate d\u00e9pos\u00e9e la semaine derni\u00e8re au greffe du TPIR. <\/p>\n<p>\u00ab Consid\u00e9rant l\u2019importance des questions soulev\u00e9es par la demande du procureur et consid\u00e9rant les cons\u00e9quences s\u00e9rieuses d\u2019un tel transfert, nous demandons au tribunal de permettre aux parties de pr\u00e9senter oralement leurs arguments \u00bb, ajoute l\u2019avocat canadien. <\/p>\n<p>En plus de Gatete et Munyakazi, trois autres accus\u00e9s du TPIR font l\u2019objet de demandes de renvoi devant la justice rwandaise. <\/p>\n<p>L\u2019un d\u2019entre eux, l\u2019ex-inspecteur de police judiciaire, Fulgence Kayishema, se trouve toujours en fuite. <\/p>\n<p>Les deux autres sont le lieutenant Ildephonse Hategekimana et l\u2019homme d\u2019affaires Gaspard Kanyarukiga. <\/p>\n<p>Le renvoi de certains dossiers devant des juridictions nationales fait partie de \u00ab la strat\u00e9gie d\u2019ach\u00e8vement \u00bb des travaux du TPIR auquel le Conseil de s\u00e9curit\u00e9 a demand\u00e9 de terminer d\u2019ici \u00e0 la fin de l\u2019ann\u00e9e les proc\u00e8s en premi\u00e8re instance. <\/p>\n<p>ER\/AT\/GF<\/p>\n","protected":false},"excerpt":{"rendered":"<p>Arusha, 15 avril 2008 (FH) -L\u2019ancien maire, Jean-Baptiste Gatete, d\u00e9tenu par le Tribunal p\u00e9nal international pour le Rwanda (TPIR), a demand\u00e9 un d\u00e9bat public sur la requ\u00eate du procureur visant \u00e0 le transf\u00e9rer devant la justice rwandaise, a-t-on appris de source judiciaire mardi. Le procureur a d\u00e9pos\u00e9 cette requ\u00eate le 27 novembre 2007.<\/p>\n","protected":false},"author":64,"featured_media":0,"comment_status":"open","ping_status":"closed","sticky":false,"template":"","format":"standard","meta":{"_acf_changed":false,"footnotes":""},"categories":[554],"tags":[],"ji_location":[],"class_list":["post-3691","post","type-post","status-publish","format-standard","hentry","category-hirondellenews"],"acf":[],"yoast_head":"<!-- This site is optimized with the Yoast SEO Premium plugin v25.3.1 (Yoast SEO v25.3.1) - https:\/\/yoast.com\/wordpress\/plugins\/seo\/ -->\n<title>15.04.08 - TPIR\/GATETE - UN ACCUSE DEMANDE UN DEBAT PUBLIC SUR LA REQUETE VISANT A LE TRANSFERER AU - JusticeInfo.net<\/title>\n<meta name=\"robots\" content=\"index, follow, max-snippet:-1, max-image-preview:large, max-video-preview:-1\" \/>\n<link rel=\"canonical\" href=\"https:\/\/www.justiceinfo.net\/fr\/3691-150408-tpirgatete-un-accuse-demande-un-debat-public-sur-la-requete-visant-a-le-transferer-au-481.html\" \/>\n<meta property=\"og:locale\" content=\"fr_FR\" \/>\n<meta property=\"og:type\" content=\"article\" \/>\n<meta property=\"og:title\" content=\"15.04.08 - TPIR\/GATETE - UN ACCUSE DEMANDE UN DEBAT PUBLIC SUR LA REQUETE VISANT A LE TRANSFERER AU\" \/>\n<meta property=\"og:description\" content=\"Arusha, 15 avril 2008 (FH) -L\u2019ancien maire, Jean-Baptiste Gatete, d\u00e9tenu par le Tribunal p\u00e9nal international pour le Rwanda (TPIR), a demand\u00e9 un d\u00e9bat public sur la requ\u00eate du procureur visant \u00e0 le transf\u00e9rer devant la justice rwandaise, a-t-on appris de source judiciaire mardi. Le procureur a d\u00e9pos\u00e9 cette requ\u00eate le 27 novembre 2007.\" \/>\n<meta property=\"og:url\" content=\"https:\/\/www.justiceinfo.net\/fr\/3691-150408-tpirgatete-un-accuse-demande-un-debat-public-sur-la-requete-visant-a-le-transferer-au-481.html\" \/>\n<meta property=\"og:site_name\" content=\"JusticeInfo.net\" \/>\n<meta property=\"article:publisher\" content=\"https:\/\/www.facebook.com\/JusticeInfo\/\" \/>\n<meta property=\"article:published_time\" content=\"2008-04-16T04:50:33+00:00\" \/>\n<meta property=\"og:image\" content=\"https:\/\/www.justiceinfo.net\/wp-content\/uploads\/JusticeInfoNet_logo_1200x630px.jpg\" \/>\n\t<meta property=\"og:image:width\" content=\"1200\" \/>\n\t<meta property=\"og:image:height\" content=\"630\" \/>\n\t<meta property=\"og:image:type\" content=\"image\/jpeg\" \/>\n<meta name=\"author\" content=\"solivri\" \/>\n<meta name=\"twitter:card\" content=\"summary_large_image\" \/>\n<meta name=\"twitter:creator\" content=\"@justiceinfonet\" \/>\n<meta name=\"twitter:site\" content=\"@justiceinfonet\" \/>\n<meta name=\"twitter:label1\" content=\"\u00c9crit par\" \/>\n\t<meta name=\"twitter:data1\" content=\"solivri\" \/>\n\t<meta name=\"twitter:label2\" content=\"Dur\u00e9e de lecture estim\u00e9e\" \/>\n\t<meta name=\"twitter:data2\" content=\"2 minutes\" \/>\n<script type=\"application\/ld+json\" class=\"yoast-schema-graph\">{\"@context\":\"https:\/\/schema.org\",\"@graph\":[{\"@type\":\"NewsArticle\",\"@id\":\"https:\/\/www.justiceinfo.net\/fr\/3691-150408-tpirgatete-un-accuse-demande-un-debat-public-sur-la-requete-visant-a-le-transferer-au-481.html#article\",\"isPartOf\":{\"@id\":\"https:\/\/www.justiceinfo.net\/fr\/3691-150408-tpirgatete-un-accuse-demande-un-debat-public-sur-la-requete-visant-a-le-transferer-au-481.html\"},\"author\":{\"name\":\"solivri\",\"@id\":\"https:\/\/www.justiceinfo.net\/fr#\/schema\/person\/6e53cba1629e2e66f3fc1821d3091865\"},\"headline\":\"15.04.08 - TPIR\/GATETE - UN ACCUSE DEMANDE UN DEBAT PUBLIC SUR LA REQUETE VISANT A LE TRANSFERER AU\",\"datePublished\":\"2008-04-16T04:50:33+00:00\",\"mainEntityOfPage\":{\"@id\":\"https:\/\/www.justiceinfo.net\/fr\/3691-150408-tpirgatete-un-accuse-demande-un-debat-public-sur-la-requete-visant-a-le-transferer-au-481.html\"},\"wordCount\":444,\"commentCount\":0,\"publisher\":{\"@id\":\"https:\/\/www.justiceinfo.net\/fr#organization\"},\"articleSection\":[\"Hirondelle News\"],\"inLanguage\":\"fr-FR\",\"potentialAction\":[{\"@type\":\"CommentAction\",\"name\":\"Comment\",\"target\":[\"https:\/\/www.justiceinfo.net\/fr\/3691-150408-tpirgatete-un-accuse-demande-un-debat-public-sur-la-requete-visant-a-le-transferer-au-481.html#respond\"]}]},{\"@type\":\"WebPage\",\"@id\":\"https:\/\/www.justiceinfo.net\/fr\/3691-150408-tpirgatete-un-accuse-demande-un-debat-public-sur-la-requete-visant-a-le-transferer-au-481.html\",\"url\":\"https:\/\/www.justiceinfo.net\/fr\/3691-150408-tpirgatete-un-accuse-demande-un-debat-public-sur-la-requete-visant-a-le-transferer-au-481.html\",\"name\":\"15.04.08 - TPIR\/GATETE - UN ACCUSE DEMANDE UN DEBAT PUBLIC SUR LA REQUETE VISANT A LE TRANSFERER AU - JusticeInfo.net\",\"isPartOf\":{\"@id\":\"https:\/\/www.justiceinfo.net\/fr#website\"},\"datePublished\":\"2008-04-16T04:50:33+00:00\",\"breadcrumb\":{\"@id\":\"https:\/\/www.justiceinfo.net\/fr\/3691-150408-tpirgatete-un-accuse-demande-un-debat-public-sur-la-requete-visant-a-le-transferer-au-481.html#breadcrumb\"},\"inLanguage\":\"fr-FR\",\"potentialAction\":[{\"@type\":\"ReadAction\",\"target\":[\"https:\/\/www.justiceinfo.net\/fr\/3691-150408-tpirgatete-un-accuse-demande-un-debat-public-sur-la-requete-visant-a-le-transferer-au-481.html\"]}]},{\"@type\":\"BreadcrumbList\",\"@id\":\"https:\/\/www.justiceinfo.net\/fr\/3691-150408-tpirgatete-un-accuse-demande-un-debat-public-sur-la-requete-visant-a-le-transferer-au-481.html#breadcrumb\",\"itemListElement\":[{\"@type\":\"ListItem\",\"position\":1,\"name\":\"Home\",\"item\":\"https:\/\/www.justiceinfo.net\/fr\"},{\"@type\":\"ListItem\",\"position\":2,\"name\":\"15.04.08 - TPIR\/GATETE - UN ACCUSE DEMANDE UN DEBAT PUBLIC SUR LA REQUETE VISANT A LE TRANSFERER AU\"}]},{\"@type\":\"WebSite\",\"@id\":\"https:\/\/www.justiceinfo.net\/fr#website\",\"url\":\"https:\/\/www.justiceinfo.net\/fr\",\"name\":\"JusticeInfo.net\",\"description\":\"La justice doit \u00eatre vue pour \u00eatre rendue\",\"publisher\":{\"@id\":\"https:\/\/www.justiceinfo.net\/fr#organization\"},\"potentialAction\":[{\"@type\":\"SearchAction\",\"target\":{\"@type\":\"EntryPoint\",\"urlTemplate\":\"https:\/\/www.justiceinfo.net\/fr?s={search_term_string}\"},\"query-input\":{\"@type\":\"PropertyValueSpecification\",\"valueRequired\":true,\"valueName\":\"search_term_string\"}}],\"inLanguage\":\"fr-FR\"},{\"@type\":\"Organization\",\"@id\":\"https:\/\/www.justiceinfo.net\/fr#organization\",\"name\":\"Justice Info\",\"url\":\"https:\/\/www.justiceinfo.net\/fr\",\"logo\":{\"@type\":\"ImageObject\",\"inLanguage\":\"fr-FR\",\"@id\":\"https:\/\/www.justiceinfo.net\/fr#\/schema\/logo\/image\/\",\"url\":\"https:\/\/www.justiceinfo.net\/wp-content\/uploads\/justiceinfo_logo-trans_1200x1200px.png\",\"contentUrl\":\"https:\/\/www.justiceinfo.net\/wp-content\/uploads\/justiceinfo_logo-trans_1200x1200px.png\",\"width\":1199,\"height\":1200,\"caption\":\"Justice Info\"},\"image\":{\"@id\":\"https:\/\/www.justiceinfo.net\/fr#\/schema\/logo\/image\/\"},\"sameAs\":[\"https:\/\/www.facebook.com\/JusticeInfo\/\",\"https:\/\/x.com\/justiceinfonet\",\"https:\/\/www.linkedin.com\/company\/justice-info\",\"https:\/\/www.youtube.com\/channel\/UCyCEsARodyuWtkWyhn-e7pA\"]},{\"@type\":\"Person\",\"name\":\"solivri\",\"url\":\"\/fr\/?s=solivri\"}]}<\/script>\n<!-- \/ Yoast SEO Premium plugin. -->","yoast_head_json":{"title":"15.04.08 - TPIR\/GATETE - UN ACCUSE DEMANDE UN DEBAT PUBLIC SUR LA REQUETE VISANT A LE TRANSFERER AU - JusticeInfo.net","robots":{"index":"index","follow":"follow","max-snippet":"max-snippet:-1","max-image-preview":"max-image-preview:large","max-video-preview":"max-video-preview:-1"},"canonical":"https:\/\/www.justiceinfo.net\/fr\/3691-150408-tpirgatete-un-accuse-demande-un-debat-public-sur-la-requete-visant-a-le-transferer-au-481.html","og_locale":"fr_FR","og_type":"article","og_title":"15.04.08 - TPIR\/GATETE - UN ACCUSE DEMANDE UN DEBAT PUBLIC SUR LA REQUETE VISANT A LE TRANSFERER AU","og_description":"Arusha, 15 avril 2008 (FH) -L\u2019ancien maire, Jean-Baptiste Gatete, d\u00e9tenu par le Tribunal p\u00e9nal international pour le Rwanda (TPIR), a demand\u00e9 un d\u00e9bat public sur la requ\u00eate du procureur visant \u00e0 le transf\u00e9rer devant la justice rwandaise, a-t-on appris de source judiciaire mardi. Le procureur a d\u00e9pos\u00e9 cette requ\u00eate le 27 novembre 2007.","og_url":"https:\/\/www.justiceinfo.net\/fr\/3691-150408-tpirgatete-un-accuse-demande-un-debat-public-sur-la-requete-visant-a-le-transferer-au-481.html","og_site_name":"JusticeInfo.net","article_publisher":"https:\/\/www.facebook.com\/JusticeInfo\/","article_published_time":"2008-04-16T04:50:33+00:00","og_image":[{"width":1200,"height":630,"url":"https:\/\/www.justiceinfo.net\/wp-content\/uploads\/JusticeInfoNet_logo_1200x630px.jpg","type":"image\/jpeg"}],"author":"solivri","twitter_card":"summary_large_image","twitter_creator":"@justiceinfonet","twitter_site":"@justiceinfonet","twitter_misc":{"\u00c9crit par":"solivri","Dur\u00e9e de lecture estim\u00e9e":"2 minutes"},"schema":{"@context":"https:\/\/schema.org","@graph":[{"@type":"NewsArticle","@id":"https:\/\/www.justiceinfo.net\/fr\/3691-150408-tpirgatete-un-accuse-demande-un-debat-public-sur-la-requete-visant-a-le-transferer-au-481.html#article","isPartOf":{"@id":"https:\/\/www.justiceinfo.net\/fr\/3691-150408-tpirgatete-un-accuse-demande-un-debat-public-sur-la-requete-visant-a-le-transferer-au-481.html"},"author":{"name":"solivri","@id":"https:\/\/www.justiceinfo.net\/fr#\/schema\/person\/6e53cba1629e2e66f3fc1821d3091865"},"headline":"15.04.08 - TPIR\/GATETE - UN ACCUSE DEMANDE UN DEBAT PUBLIC SUR LA REQUETE VISANT A LE TRANSFERER AU","datePublished":"2008-04-16T04:50:33+00:00","mainEntityOfPage":{"@id":"https:\/\/www.justiceinfo.net\/fr\/3691-150408-tpirgatete-un-accuse-demande-un-debat-public-sur-la-requete-visant-a-le-transferer-au-481.html"},"wordCount":444,"commentCount":0,"publisher":{"@id":"https:\/\/www.justiceinfo.net\/fr#organization"},"articleSection":["Hirondelle News"],"inLanguage":"fr-FR","potentialAction":[{"@type":"CommentAction","name":"Comment","target":["https:\/\/www.justiceinfo.net\/fr\/3691-150408-tpirgatete-un-accuse-demande-un-debat-public-sur-la-requete-visant-a-le-transferer-au-481.html#respond"]}]},{"@type":"WebPage","@id":"https:\/\/www.justiceinfo.net\/fr\/3691-150408-tpirgatete-un-accuse-demande-un-debat-public-sur-la-requete-visant-a-le-transferer-au-481.html","url":"https:\/\/www.justiceinfo.net\/fr\/3691-150408-tpirgatete-un-accuse-demande-un-debat-public-sur-la-requete-visant-a-le-transferer-au-481.html","name":"15.04.08 - TPIR\/GATETE - UN ACCUSE DEMANDE UN DEBAT PUBLIC SUR LA REQUETE VISANT A LE TRANSFERER AU - JusticeInfo.net","isPartOf":{"@id":"https:\/\/www.justiceinfo.net\/fr#website"},"datePublished":"2008-04-16T04:50:33+00:00","breadcrumb":{"@id":"https:\/\/www.justiceinfo.net\/fr\/3691-150408-tpirgatete-un-accuse-demande-un-debat-public-sur-la-requete-visant-a-le-transferer-au-481.html#breadcrumb"},"inLanguage":"fr-FR","potentialAction":[{"@type":"ReadAction","target":["https:\/\/www.justiceinfo.net\/fr\/3691-150408-tpirgatete-un-accuse-demande-un-debat-public-sur-la-requete-visant-a-le-transferer-au-481.html"]}]},{"@type":"BreadcrumbList","@id":"https:\/\/www.justiceinfo.net\/fr\/3691-150408-tpirgatete-un-accuse-demande-un-debat-public-sur-la-requete-visant-a-le-transferer-au-481.html#breadcrumb","itemListElement":[{"@type":"ListItem","position":1,"name":"Home","item":"https:\/\/www.justiceinfo.net\/fr"},{"@type":"ListItem","position":2,"name":"15.04.08 - TPIR\/GATETE - UN ACCUSE DEMANDE UN DEBAT PUBLIC SUR LA REQUETE VISANT A LE TRANSFERER AU"}]},{"@type":"WebSite","@id":"https:\/\/www.justiceinfo.net\/fr#website","url":"https:\/\/www.justiceinfo.net\/fr","name":"JusticeInfo.net","description":"La justice doit \u00eatre vue pour \u00eatre rendue","publisher":{"@id":"https:\/\/www.justiceinfo.net\/fr#organization"},"potentialAction":[{"@type":"SearchAction","target":{"@type":"EntryPoint","urlTemplate":"https:\/\/www.justiceinfo.net\/fr?s={search_term_string}"},"query-input":{"@type":"PropertyValueSpecification","valueRequired":true,"valueName":"search_term_string"}}],"inLanguage":"fr-FR"},{"@type":"Organization","@id":"https:\/\/www.justiceinfo.net\/fr#organization","name":"Justice Info","url":"https:\/\/www.justiceinfo.net\/fr","logo":{"@type":"ImageObject","inLanguage":"fr-FR","@id":"https:\/\/www.justiceinfo.net\/fr#\/schema\/logo\/image\/","url":"https:\/\/www.justiceinfo.net\/wp-content\/uploads\/justiceinfo_logo-trans_1200x1200px.png","contentUrl":"https:\/\/www.justiceinfo.net\/wp-content\/uploads\/justiceinfo_logo-trans_1200x1200px.png","width":1199,"height":1200,"caption":"Justice Info"},"image":{"@id":"https:\/\/www.justiceinfo.net\/fr#\/schema\/logo\/image\/"},"sameAs":["https:\/\/www.facebook.com\/JusticeInfo\/","https:\/\/x.com\/justiceinfonet","https:\/\/www.linkedin.com\/company\/justice-info","https:\/\/www.youtube.com\/channel\/UCyCEsARodyuWtkWyhn-e7pA"]},{"@type":"Person","name":"solivri","url":"\/fr\/?s=solivri"}]}},"_links":{"self":[{"href":"https:\/\/www.justiceinfo.net\/fr\/wp-json\/wp\/v2\/posts\/3691","targetHints":{"allow":["GET"]}}],"collection":[{"href":"https:\/\/www.justiceinfo.net\/fr\/wp-json\/wp\/v2\/posts"}],"about":[{"href":"https:\/\/www.justiceinfo.net\/fr\/wp-json\/wp\/v2\/types\/post"}],"author":[{"embeddable":true,"href":"https:\/\/www.justiceinfo.net\/fr\/wp-json\/wp\/v2\/users\/64"}],"replies":[{"embeddable":true,"href":"https:\/\/www.justiceinfo.net\/fr\/wp-json\/wp\/v2\/comments?post=3691"}],"version-history":[{"count":0,"href":"https:\/\/www.justiceinfo.net\/fr\/wp-json\/wp\/v2\/posts\/3691\/revisions"}],"wp:attachment":[{"href":"https:\/\/www.justiceinfo.net\/fr\/wp-json\/wp\/v2\/media?parent=3691"}],"wp:term":[{"taxonomy":"category","embeddable":true,"href":"https:\/\/www.justiceinfo.net\/fr\/wp-json\/wp\/v2\/categories?post=3691"},{"taxonomy":"post_tag","embeddable":true,"href":"https:\/\/www.justiceinfo.net\/fr\/wp-json\/wp\/v2\/tags?post=3691"},{"taxonomy":"ji_location","embeddable":true,"href":"https:\/\/www.justiceinfo.net\/fr\/wp-json\/wp\/v2\/ji_location?post=3691"}],"curies":[{"name":"wp","href":"https:\/\/api.w.org\/{rel}","templated":true}]}}