{"id":3693,"date":"2008-04-15T07:05:16","date_gmt":"2008-04-15T05:05:16","guid":{"rendered":"https:\/\/www.justiceinfo.net\/3693-140408-tpirprocureur-un-juriste-ougandais-nomme-chef-des-poursuites-ad-interim483.html"},"modified":"2008-04-15T07:05:16","modified_gmt":"2008-04-15T05:05:16","slug":"140408-tpirprocureur-un-juriste-ougandais-nomme-chef-des-poursuites-ad-interim483","status":"publish","type":"post","link":"https:\/\/www.justiceinfo.net\/fr\/3693-140408-tpirprocureur-un-juriste-ougandais-nomme-chef-des-poursuites-ad-interim483.html","title":{"rendered":"14.04.08 - TPIR\/PROCUREUR - UN JURISTE OUGANDAIS NOMME CHEF DES POURSUITES AD INTERIM"},"content":{"rendered":"<p  >\nArusha, 14 avril 2008 (FH)- Le procureur du Tribunal p\u00e9nal international pour le Rwanda (TPIR) a nomm\u00e9 Richard Karegyesa, un juriste ougandais, chef des poursuites \u00e0 titre int\u00e9rimaire, a-t-on appris lundi \u00e0 Arusha.  <\/p>\n<p>Substitut du procureur au TPIR depuis janvier 1999, Karegyesa, 49 ans, remplace l\u2019Italienne Silvana Arbia devenue greffier de la Cour p\u00e9nale internationale (CPI) qui si\u00e8ge \u00e0 La Haye aux Pays Bas.\n<\/p>\n<p><!--more--><\/p>\n<p  >\nAvant de rejoindre le TPIR, Karegyesa \u00e9tait avocat en Ouganda, selon un communiqu\u00e9 de presse \u00e9manant du bureau du procureur. Il a par ailleurs \u00e9t\u00e9 consultant aupr\u00e8s de diverses organisations nationales, r\u00e9gionales et internationales. Il a \u00e9galement enseign\u00e9 le droit en Ouganda. <\/p>\n<p>Entre 1983 et 1990, Karegyesa travaillait au sein du parquet ougandais. Il \u00e9tait responsable de la poursuite des affaires criminelles aupr\u00e8s de la Haute de la Cour et de la Cour d\u2019appel. <\/p>\n<p>Il est dipl\u00f4m\u00e9 en droit de l\u2019Universit\u00e9 de Makerere en Ouganda (1982) et de l\u2019Universit\u00e9 de Londres (1987). <\/p>\n<p>Le procureur du TPIR a par ailleurs nomm\u00e9 la Tanzanienne Holo Makwaia, chef de l\u2019\u00e9quipe de la poursuite dans le proc\u00e8s du groupe Butare, une affaire en cours depuis juin 2001. C\u2019est Silvana Arbia qui occupait \u00e9galement ce poste. <\/p>\n<p>L\u2019affaire Butare, du nom de cette r\u00e9gion du sud du Rwanda, concerne six accus\u00e9s dont la seule femme d\u00e9tenue par le TPIR, l\u2019ancienne ministre de la famille et de la promotion f\u00e9minine Pauline Nyiramasuhuko. <\/p>\n<p>Makwaia est au parquet du TPIR depuis 1998. Elle a particip\u00e9 \u00e0 cinq proc\u00e8s aujourd\u2019hui clos. <\/p>\n<p>Avant de rejoindre le TPIR, elle \u00e9tait substitut du procureur en Tanzanie. Elle s\u2019occupait sp\u00e9cialement des affaires d\u2019homicide et d\u2019agressions devant la Haute Cour de Tanzanie. Elle a \u00e9galement travaill\u00e9, en tant que chercheur, pour Amnesty International \u00e0 Londres et au Rwanda. Elle d\u00e9tient un dipl\u00f4me en droit obtenu \u00e0 l\u2019Universit\u00e9 de Dar es salaam en 1991. Elle est membre fondateur de l\u2019Association tanzanienne des femmes juristes. Celle-ci qui donne des conseils gratuits aux femmes indigentes et aux enfants et propose des r\u00e9formes de lois. <\/p>\n<p>Le TPIR a \u00e9t\u00e9 cr\u00e9\u00e9 en novembre 1994 pour juger les principaux suspects du g\u00e9nocide qui a fait un million de morts entre avril et juillet 1994. Il a d\u00e9j\u00e0 condamn\u00e9 30 personnes et acquitt\u00e9 cinq autres. Onze proc\u00e8s impliquant 27 accus\u00e9s sont actuellement en cours. <\/p>\n<p>Cette juridiction doit terminer ses proc\u00e8s en premi\u00e8re instance \u00e0 la fin de cette ann\u00e9e et ceux en appel en 2010. <\/p>\n<p>SC\/AT\/GF<\/p>\n","protected":false},"excerpt":{"rendered":"<p>Arusha, 14 avril 2008 (FH)- Le procureur du Tribunal p\u00e9nal international pour le Rwanda (TPIR) a nomm\u00e9 Richard Karegyesa, un juriste ougandais, chef des poursuites \u00e0 titre int\u00e9rimaire, a-t-on appris lundi \u00e0 Arusha. Substitut du procureur au TPIR depuis janvier 1999, Karegyesa, 49 ans, remplace l\u2019Italienne Silvana Arbia devenue greffier de la Cour p\u00e9nale internationale [&hellip;]<\/p>\n","protected":false},"author":64,"featured_media":0,"comment_status":"open","ping_status":"closed","sticky":false,"template":"","format":"standard","meta":{"_acf_changed":false,"footnotes":""},"categories":[554],"tags":[],"ji_location":[],"class_list":["post-3693","post","type-post","status-publish","format-standard","hentry","category-hirondellenews"],"acf":[],"yoast_head":"<!-- This site is optimized with the Yoast SEO Premium plugin v25.3.1 (Yoast SEO v25.3.1) - https:\/\/yoast.com\/wordpress\/plugins\/seo\/ -->\n<title>14.04.08 - TPIR\/PROCUREUR - UN JURISTE OUGANDAIS NOMME CHEF DES POURSUITES AD INTERIM - JusticeInfo.net<\/title>\n<meta name=\"robots\" content=\"index, follow, max-snippet:-1, max-image-preview:large, max-video-preview:-1\" \/>\n<link rel=\"canonical\" href=\"https:\/\/www.justiceinfo.net\/fr\/3693-140408-tpirprocureur-un-juriste-ougandais-nomme-chef-des-poursuites-ad-interim483.html\" \/>\n<meta property=\"og:locale\" content=\"fr_FR\" \/>\n<meta property=\"og:type\" content=\"article\" \/>\n<meta property=\"og:title\" content=\"14.04.08 - TPIR\/PROCUREUR - UN JURISTE OUGANDAIS NOMME CHEF DES POURSUITES AD INTERIM\" \/>\n<meta property=\"og:description\" content=\"Arusha, 14 avril 2008 (FH)- Le procureur du Tribunal p\u00e9nal international pour le Rwanda (TPIR) a nomm\u00e9 Richard Karegyesa, un juriste ougandais, chef des poursuites \u00e0 titre int\u00e9rimaire, a-t-on appris lundi \u00e0 Arusha. Substitut du procureur au TPIR depuis janvier 1999, Karegyesa, 49 ans, remplace l\u2019Italienne Silvana Arbia devenue greffier de la Cour p\u00e9nale internationale [&hellip;]\" \/>\n<meta property=\"og:url\" content=\"https:\/\/www.justiceinfo.net\/fr\/3693-140408-tpirprocureur-un-juriste-ougandais-nomme-chef-des-poursuites-ad-interim483.html\" \/>\n<meta property=\"og:site_name\" content=\"JusticeInfo.net\" \/>\n<meta property=\"article:publisher\" content=\"https:\/\/www.facebook.com\/JusticeInfo\/\" \/>\n<meta property=\"article:published_time\" content=\"2008-04-15T05:05:16+00:00\" \/>\n<meta property=\"og:image\" content=\"https:\/\/www.justiceinfo.net\/wp-content\/uploads\/JusticeInfoNet_logo_1200x630px.jpg\" \/>\n\t<meta property=\"og:image:width\" content=\"1200\" \/>\n\t<meta property=\"og:image:height\" content=\"630\" \/>\n\t<meta property=\"og:image:type\" content=\"image\/jpeg\" \/>\n<meta name=\"author\" content=\"solivri\" \/>\n<meta name=\"twitter:card\" content=\"summary_large_image\" \/>\n<meta name=\"twitter:creator\" content=\"@justiceinfonet\" \/>\n<meta name=\"twitter:site\" content=\"@justiceinfonet\" \/>\n<meta name=\"twitter:label1\" content=\"\u00c9crit par\" \/>\n\t<meta name=\"twitter:data1\" content=\"solivri\" \/>\n\t<meta name=\"twitter:label2\" content=\"Dur\u00e9e de lecture estim\u00e9e\" \/>\n\t<meta name=\"twitter:data2\" content=\"2 minutes\" \/>\n<script type=\"application\/ld+json\" class=\"yoast-schema-graph\">{\"@context\":\"https:\/\/schema.org\",\"@graph\":[{\"@type\":\"NewsArticle\",\"@id\":\"https:\/\/www.justiceinfo.net\/fr\/3693-140408-tpirprocureur-un-juriste-ougandais-nomme-chef-des-poursuites-ad-interim483.html#article\",\"isPartOf\":{\"@id\":\"https:\/\/www.justiceinfo.net\/fr\/3693-140408-tpirprocureur-un-juriste-ougandais-nomme-chef-des-poursuites-ad-interim483.html\"},\"author\":{\"name\":\"solivri\",\"@id\":\"https:\/\/www.justiceinfo.net\/fr#\/schema\/person\/6e53cba1629e2e66f3fc1821d3091865\"},\"headline\":\"14.04.08 - TPIR\/PROCUREUR - UN JURISTE OUGANDAIS NOMME CHEF DES POURSUITES AD INTERIM\",\"datePublished\":\"2008-04-15T05:05:16+00:00\",\"mainEntityOfPage\":{\"@id\":\"https:\/\/www.justiceinfo.net\/fr\/3693-140408-tpirprocureur-un-juriste-ougandais-nomme-chef-des-poursuites-ad-interim483.html\"},\"wordCount\":430,\"commentCount\":0,\"publisher\":{\"@id\":\"https:\/\/www.justiceinfo.net\/fr#organization\"},\"articleSection\":[\"Hirondelle News\"],\"inLanguage\":\"fr-FR\",\"potentialAction\":[{\"@type\":\"CommentAction\",\"name\":\"Comment\",\"target\":[\"https:\/\/www.justiceinfo.net\/fr\/3693-140408-tpirprocureur-un-juriste-ougandais-nomme-chef-des-poursuites-ad-interim483.html#respond\"]}]},{\"@type\":\"WebPage\",\"@id\":\"https:\/\/www.justiceinfo.net\/fr\/3693-140408-tpirprocureur-un-juriste-ougandais-nomme-chef-des-poursuites-ad-interim483.html\",\"url\":\"https:\/\/www.justiceinfo.net\/fr\/3693-140408-tpirprocureur-un-juriste-ougandais-nomme-chef-des-poursuites-ad-interim483.html\",\"name\":\"14.04.08 - TPIR\/PROCUREUR - UN JURISTE OUGANDAIS NOMME CHEF DES POURSUITES AD INTERIM - JusticeInfo.net\",\"isPartOf\":{\"@id\":\"https:\/\/www.justiceinfo.net\/fr#website\"},\"datePublished\":\"2008-04-15T05:05:16+00:00\",\"breadcrumb\":{\"@id\":\"https:\/\/www.justiceinfo.net\/fr\/3693-140408-tpirprocureur-un-juriste-ougandais-nomme-chef-des-poursuites-ad-interim483.html#breadcrumb\"},\"inLanguage\":\"fr-FR\",\"potentialAction\":[{\"@type\":\"ReadAction\",\"target\":[\"https:\/\/www.justiceinfo.net\/fr\/3693-140408-tpirprocureur-un-juriste-ougandais-nomme-chef-des-poursuites-ad-interim483.html\"]}]},{\"@type\":\"BreadcrumbList\",\"@id\":\"https:\/\/www.justiceinfo.net\/fr\/3693-140408-tpirprocureur-un-juriste-ougandais-nomme-chef-des-poursuites-ad-interim483.html#breadcrumb\",\"itemListElement\":[{\"@type\":\"ListItem\",\"position\":1,\"name\":\"Home\",\"item\":\"https:\/\/www.justiceinfo.net\/fr\"},{\"@type\":\"ListItem\",\"position\":2,\"name\":\"14.04.08 - TPIR\/PROCUREUR - UN JURISTE OUGANDAIS NOMME CHEF DES POURSUITES AD INTERIM\"}]},{\"@type\":\"WebSite\",\"@id\":\"https:\/\/www.justiceinfo.net\/fr#website\",\"url\":\"https:\/\/www.justiceinfo.net\/fr\",\"name\":\"JusticeInfo.net\",\"description\":\"La justice doit \u00eatre vue pour \u00eatre rendue\",\"publisher\":{\"@id\":\"https:\/\/www.justiceinfo.net\/fr#organization\"},\"potentialAction\":[{\"@type\":\"SearchAction\",\"target\":{\"@type\":\"EntryPoint\",\"urlTemplate\":\"https:\/\/www.justiceinfo.net\/fr?s={search_term_string}\"},\"query-input\":{\"@type\":\"PropertyValueSpecification\",\"valueRequired\":true,\"valueName\":\"search_term_string\"}}],\"inLanguage\":\"fr-FR\"},{\"@type\":\"Organization\",\"@id\":\"https:\/\/www.justiceinfo.net\/fr#organization\",\"name\":\"Justice Info\",\"url\":\"https:\/\/www.justiceinfo.net\/fr\",\"logo\":{\"@type\":\"ImageObject\",\"inLanguage\":\"fr-FR\",\"@id\":\"https:\/\/www.justiceinfo.net\/fr#\/schema\/logo\/image\/\",\"url\":\"https:\/\/www.justiceinfo.net\/wp-content\/uploads\/justiceinfo_logo-trans_1200x1200px.png\",\"contentUrl\":\"https:\/\/www.justiceinfo.net\/wp-content\/uploads\/justiceinfo_logo-trans_1200x1200px.png\",\"width\":1199,\"height\":1200,\"caption\":\"Justice Info\"},\"image\":{\"@id\":\"https:\/\/www.justiceinfo.net\/fr#\/schema\/logo\/image\/\"},\"sameAs\":[\"https:\/\/www.facebook.com\/JusticeInfo\/\",\"https:\/\/x.com\/justiceinfonet\",\"https:\/\/www.linkedin.com\/company\/justice-info\",\"https:\/\/www.youtube.com\/channel\/UCyCEsARodyuWtkWyhn-e7pA\"]},{\"@type\":\"Person\",\"name\":\"solivri\",\"url\":\"\/fr\/?s=solivri\"}]}<\/script>\n<!-- \/ Yoast SEO Premium plugin. -->","yoast_head_json":{"title":"14.04.08 - TPIR\/PROCUREUR - UN JURISTE OUGANDAIS NOMME CHEF DES POURSUITES AD INTERIM - JusticeInfo.net","robots":{"index":"index","follow":"follow","max-snippet":"max-snippet:-1","max-image-preview":"max-image-preview:large","max-video-preview":"max-video-preview:-1"},"canonical":"https:\/\/www.justiceinfo.net\/fr\/3693-140408-tpirprocureur-un-juriste-ougandais-nomme-chef-des-poursuites-ad-interim483.html","og_locale":"fr_FR","og_type":"article","og_title":"14.04.08 - TPIR\/PROCUREUR - UN JURISTE OUGANDAIS NOMME CHEF DES POURSUITES AD INTERIM","og_description":"Arusha, 14 avril 2008 (FH)- Le procureur du Tribunal p\u00e9nal international pour le Rwanda (TPIR) a nomm\u00e9 Richard Karegyesa, un juriste ougandais, chef des poursuites \u00e0 titre int\u00e9rimaire, a-t-on appris lundi \u00e0 Arusha. Substitut du procureur au TPIR depuis janvier 1999, Karegyesa, 49 ans, remplace l\u2019Italienne Silvana Arbia devenue greffier de la Cour p\u00e9nale internationale [&hellip;]","og_url":"https:\/\/www.justiceinfo.net\/fr\/3693-140408-tpirprocureur-un-juriste-ougandais-nomme-chef-des-poursuites-ad-interim483.html","og_site_name":"JusticeInfo.net","article_publisher":"https:\/\/www.facebook.com\/JusticeInfo\/","article_published_time":"2008-04-15T05:05:16+00:00","og_image":[{"width":1200,"height":630,"url":"https:\/\/www.justiceinfo.net\/wp-content\/uploads\/JusticeInfoNet_logo_1200x630px.jpg","type":"image\/jpeg"}],"author":"solivri","twitter_card":"summary_large_image","twitter_creator":"@justiceinfonet","twitter_site":"@justiceinfonet","twitter_misc":{"\u00c9crit par":"solivri","Dur\u00e9e de lecture estim\u00e9e":"2 minutes"},"schema":{"@context":"https:\/\/schema.org","@graph":[{"@type":"NewsArticle","@id":"https:\/\/www.justiceinfo.net\/fr\/3693-140408-tpirprocureur-un-juriste-ougandais-nomme-chef-des-poursuites-ad-interim483.html#article","isPartOf":{"@id":"https:\/\/www.justiceinfo.net\/fr\/3693-140408-tpirprocureur-un-juriste-ougandais-nomme-chef-des-poursuites-ad-interim483.html"},"author":{"name":"solivri","@id":"https:\/\/www.justiceinfo.net\/fr#\/schema\/person\/6e53cba1629e2e66f3fc1821d3091865"},"headline":"14.04.08 - TPIR\/PROCUREUR - UN JURISTE OUGANDAIS NOMME CHEF DES POURSUITES AD INTERIM","datePublished":"2008-04-15T05:05:16+00:00","mainEntityOfPage":{"@id":"https:\/\/www.justiceinfo.net\/fr\/3693-140408-tpirprocureur-un-juriste-ougandais-nomme-chef-des-poursuites-ad-interim483.html"},"wordCount":430,"commentCount":0,"publisher":{"@id":"https:\/\/www.justiceinfo.net\/fr#organization"},"articleSection":["Hirondelle News"],"inLanguage":"fr-FR","potentialAction":[{"@type":"CommentAction","name":"Comment","target":["https:\/\/www.justiceinfo.net\/fr\/3693-140408-tpirprocureur-un-juriste-ougandais-nomme-chef-des-poursuites-ad-interim483.html#respond"]}]},{"@type":"WebPage","@id":"https:\/\/www.justiceinfo.net\/fr\/3693-140408-tpirprocureur-un-juriste-ougandais-nomme-chef-des-poursuites-ad-interim483.html","url":"https:\/\/www.justiceinfo.net\/fr\/3693-140408-tpirprocureur-un-juriste-ougandais-nomme-chef-des-poursuites-ad-interim483.html","name":"14.04.08 - TPIR\/PROCUREUR - UN JURISTE OUGANDAIS NOMME CHEF DES POURSUITES AD INTERIM - JusticeInfo.net","isPartOf":{"@id":"https:\/\/www.justiceinfo.net\/fr#website"},"datePublished":"2008-04-15T05:05:16+00:00","breadcrumb":{"@id":"https:\/\/www.justiceinfo.net\/fr\/3693-140408-tpirprocureur-un-juriste-ougandais-nomme-chef-des-poursuites-ad-interim483.html#breadcrumb"},"inLanguage":"fr-FR","potentialAction":[{"@type":"ReadAction","target":["https:\/\/www.justiceinfo.net\/fr\/3693-140408-tpirprocureur-un-juriste-ougandais-nomme-chef-des-poursuites-ad-interim483.html"]}]},{"@type":"BreadcrumbList","@id":"https:\/\/www.justiceinfo.net\/fr\/3693-140408-tpirprocureur-un-juriste-ougandais-nomme-chef-des-poursuites-ad-interim483.html#breadcrumb","itemListElement":[{"@type":"ListItem","position":1,"name":"Home","item":"https:\/\/www.justiceinfo.net\/fr"},{"@type":"ListItem","position":2,"name":"14.04.08 - TPIR\/PROCUREUR - UN JURISTE OUGANDAIS NOMME CHEF DES POURSUITES AD INTERIM"}]},{"@type":"WebSite","@id":"https:\/\/www.justiceinfo.net\/fr#website","url":"https:\/\/www.justiceinfo.net\/fr","name":"JusticeInfo.net","description":"La justice doit \u00eatre vue pour \u00eatre rendue","publisher":{"@id":"https:\/\/www.justiceinfo.net\/fr#organization"},"potentialAction":[{"@type":"SearchAction","target":{"@type":"EntryPoint","urlTemplate":"https:\/\/www.justiceinfo.net\/fr?s={search_term_string}"},"query-input":{"@type":"PropertyValueSpecification","valueRequired":true,"valueName":"search_term_string"}}],"inLanguage":"fr-FR"},{"@type":"Organization","@id":"https:\/\/www.justiceinfo.net\/fr#organization","name":"Justice Info","url":"https:\/\/www.justiceinfo.net\/fr","logo":{"@type":"ImageObject","inLanguage":"fr-FR","@id":"https:\/\/www.justiceinfo.net\/fr#\/schema\/logo\/image\/","url":"https:\/\/www.justiceinfo.net\/wp-content\/uploads\/justiceinfo_logo-trans_1200x1200px.png","contentUrl":"https:\/\/www.justiceinfo.net\/wp-content\/uploads\/justiceinfo_logo-trans_1200x1200px.png","width":1199,"height":1200,"caption":"Justice Info"},"image":{"@id":"https:\/\/www.justiceinfo.net\/fr#\/schema\/logo\/image\/"},"sameAs":["https:\/\/www.facebook.com\/JusticeInfo\/","https:\/\/x.com\/justiceinfonet","https:\/\/www.linkedin.com\/company\/justice-info","https:\/\/www.youtube.com\/channel\/UCyCEsARodyuWtkWyhn-e7pA"]},{"@type":"Person","name":"solivri","url":"\/fr\/?s=solivri"}]}},"_links":{"self":[{"href":"https:\/\/www.justiceinfo.net\/fr\/wp-json\/wp\/v2\/posts\/3693","targetHints":{"allow":["GET"]}}],"collection":[{"href":"https:\/\/www.justiceinfo.net\/fr\/wp-json\/wp\/v2\/posts"}],"about":[{"href":"https:\/\/www.justiceinfo.net\/fr\/wp-json\/wp\/v2\/types\/post"}],"author":[{"embeddable":true,"href":"https:\/\/www.justiceinfo.net\/fr\/wp-json\/wp\/v2\/users\/64"}],"replies":[{"embeddable":true,"href":"https:\/\/www.justiceinfo.net\/fr\/wp-json\/wp\/v2\/comments?post=3693"}],"version-history":[{"count":0,"href":"https:\/\/www.justiceinfo.net\/fr\/wp-json\/wp\/v2\/posts\/3693\/revisions"}],"wp:attachment":[{"href":"https:\/\/www.justiceinfo.net\/fr\/wp-json\/wp\/v2\/media?parent=3693"}],"wp:term":[{"taxonomy":"category","embeddable":true,"href":"https:\/\/www.justiceinfo.net\/fr\/wp-json\/wp\/v2\/categories?post=3693"},{"taxonomy":"post_tag","embeddable":true,"href":"https:\/\/www.justiceinfo.net\/fr\/wp-json\/wp\/v2\/tags?post=3693"},{"taxonomy":"ji_location","embeddable":true,"href":"https:\/\/www.justiceinfo.net\/fr\/wp-json\/wp\/v2\/ji_location?post=3693"}],"curies":[{"name":"wp","href":"https:\/\/api.w.org\/{rel}","templated":true}]}}