{"id":3697,"date":"2008-04-16T06:53:18","date_gmt":"2008-04-16T04:53:18","guid":{"rendered":"https:\/\/www.justiceinfo.net\/3697-150408-rwandagenocide-les-tutsis-de-mwulire-assassines-apres-une-forte-resistance487.html"},"modified":"2008-04-16T06:53:18","modified_gmt":"2008-04-16T04:53:18","slug":"150408-rwandagenocide-les-tutsis-de-mwulire-assassines-apres-une-forte-resistance487","status":"publish","type":"post","link":"https:\/\/www.justiceinfo.net\/fr\/3697-150408-rwandagenocide-les-tutsis-de-mwulire-assassines-apres-une-forte-resistance487.html","title":{"rendered":"15.04.08 - RWANDA\/GENOCIDE - LES TUTSIS DE MWULIRE ASSASSINES APRES UNE FORTE RESISTANCE"},"content":{"rendered":"<p  >\nRwamagana (est du Rwanda), 15 avril 2008 (FH)- Les victimes du g\u00e9nocide du secteur Mwulire du district de Rwamagana en province de l\u2019est ont oppos\u00e9, en 1994, une r\u00e9sistance farouche \u00e0 leurs assaillants mais ont succomb\u00e9 \u00e0 la force et \u00e0 la sup\u00e9riorit\u00e9 num\u00e9rique de ces derniers, a appris sur place l'Agence Hirondelle.  <\/p>\n<p>\u00ab Nous avons longtemps r\u00e9sist\u00e9 aux assauts des (miliciens) Interahamwe au moyen des pierres, d'arcs et de lances.\n<\/p>\n<p><!--more--><\/p>\n<p  >\n\u00bb t\u00e9moigne Fran\u00e7ois Rutareka, un ancien conseiller de secteur rescap\u00e9. <\/p>\n<p>\u00ab Voyant que nous ne c\u00e9dions pas, ils ont fait appel \u00e0 des gendarmes et des soldats de la garde pr\u00e9sidentielle. Plusieurs d'entre nous sont tomb\u00e9s sous les balles de leurs fusils d'assaut, les rescap\u00e9s se sont \u00e9gaill\u00e9s pour aller mourir ailleurs. Nous sommes une poign\u00e9e de gens \u00e0 avoir surv\u00e9cu \u00bb, poursuit ce sexag\u00e9naire \u00e9cras\u00e9, dit-il, \u00ab sous le poids de la solitude. \u00bb <\/p>\n<p>L'un des actes de bravoure des insurg\u00e9s de Mwulire, a indiqu\u00e9 Rutareka c\u2019est \u00ab la mort de deux policiers \u00bb et \u00ab le v\u00e9hicule des militaires que nous avons br\u00fbl\u00e9 avec des feuilles de bananier \u00bb. <\/p>\n<p>Ce t\u00e9moignage est l'un des faits marquants des c\u00e9r\u00e9monies de cl\u00f4ture de la semaine de comm\u00e9moration officielle du g\u00e9nocide de 1994 dans le district de Rwamagana, organis\u00e9 au site m\u00e9morial de Mwulire. <\/p>\n<p>Ces c\u00e9r\u00e9monies ont co\u00efncid\u00e9 avec l'inhumation en toute dignit\u00e9 de 3.048 victimes exhum\u00e9es de presque toutes les cellules du secteur de Mwulire. <\/p>\n<p>Ce site m\u00e9morial, qui a h\u00e9berg\u00e9 les c\u00e9r\u00e9monies de la 10\u00e8me comm\u00e9moration du g\u00e9nocide, abritait d\u00e9j\u00e0 les d\u00e9pouilles de pr\u00e8s de 15.000 victimes. <\/p>\n<p>Jean-Baptiste Ndanyuzwe, le vice- maire charg\u00e9 des affaires \u00e9conomiques, qui repr\u00e9sentait l'autorit\u00e9 du district, a appel\u00e9 la population \u00e0 \u00ab la lutte acharn\u00e9e contre l'id\u00e9ologie du g\u00e9nocide comme une r\u00e9compense digne \u00e0 la bravoure des victimes de Mwulire. \u00bb <\/p>\n<p>Il a par ailleurs recommand\u00e9 l\u2019aide inconditionnelle aux rescap\u00e9s du g\u00e9nocide et  la participation active au d\u00e9veloppement du pays. <\/p>\n<p>La vice-pr\u00e9sidente locale d'Ibuka, la principale association  de d\u00e9fense des int\u00e9r\u00eats des survivants du g\u00e9nocide, Immacul\u00e9e Mukankubito, tout en reconnaissant les efforts fournis par le gouvernement, a n\u00e9anmoins d\u00e9plor\u00e9 \"la pr\u00e9carit\u00e9 de la s\u00e9curit\u00e9 des rescap\u00e9s\", et l'appui\"minime\" qu\u2019ils re\u00e7oivent. <\/p>\n<p>La c\u00e9l\u00e9bration sp\u00e9cifique de la m\u00e9moire des victimes de Mwulire aura lieu le 18 avril prochain, date \u00e0 laquelle le glas a sonn\u00e9 pour les 15.000 \u00e2mes qui y reposent, a indiqu\u00e9 une source locale <\/p>\n<p>Depuis bient\u00f4t 3 ans, la comm\u00e9moration officielle du g\u00e9nocide va du 7 au 13 avril, et dure jusqu'en juillet pour Ibuka, couvrant ainsi les 100 jours qu'a dur\u00e9 le g\u00e9nocide des Tutsis en 1994. <\/p>\n<p>SRE\/AT\/GF<\/p>\n","protected":false},"excerpt":{"rendered":"<p>Rwamagana (est du Rwanda), 15 avril 2008 (FH)- Les victimes du g\u00e9nocide du secteur Mwulire du district de Rwamagana en province de l\u2019est ont oppos\u00e9, en 1994, une r\u00e9sistance farouche \u00e0 leurs assaillants mais ont succomb\u00e9 \u00e0 la force et \u00e0 la sup\u00e9riorit\u00e9 num\u00e9rique de ces derniers, a appris sur place l'Agence Hirondelle. \u00ab Nous [&hellip;]<\/p>\n","protected":false},"author":64,"featured_media":0,"comment_status":"open","ping_status":"closed","sticky":false,"template":"","format":"standard","meta":{"_acf_changed":false,"footnotes":""},"categories":[554],"tags":[],"ji_location":[],"class_list":["post-3697","post","type-post","status-publish","format-standard","hentry","category-hirondellenews"],"acf":[],"yoast_head":"<!-- This site is optimized with the Yoast SEO Premium plugin v25.3.1 (Yoast SEO v25.3.1) - https:\/\/yoast.com\/wordpress\/plugins\/seo\/ -->\n<title>15.04.08 - RWANDA\/GENOCIDE - LES TUTSIS DE MWULIRE ASSASSINES APRES UNE FORTE RESISTANCE - JusticeInfo.net<\/title>\n<meta name=\"robots\" content=\"index, follow, max-snippet:-1, max-image-preview:large, max-video-preview:-1\" \/>\n<link rel=\"canonical\" href=\"https:\/\/www.justiceinfo.net\/fr\/3697-150408-rwandagenocide-les-tutsis-de-mwulire-assassines-apres-une-forte-resistance487.html\" \/>\n<meta property=\"og:locale\" content=\"fr_FR\" \/>\n<meta property=\"og:type\" content=\"article\" \/>\n<meta property=\"og:title\" content=\"15.04.08 - RWANDA\/GENOCIDE - LES TUTSIS DE MWULIRE ASSASSINES APRES UNE FORTE RESISTANCE\" \/>\n<meta property=\"og:description\" content=\"Rwamagana (est du Rwanda), 15 avril 2008 (FH)- Les victimes du g\u00e9nocide du secteur Mwulire du district de Rwamagana en province de l\u2019est ont oppos\u00e9, en 1994, une r\u00e9sistance farouche \u00e0 leurs assaillants mais ont succomb\u00e9 \u00e0 la force et \u00e0 la sup\u00e9riorit\u00e9 num\u00e9rique de ces derniers, a appris sur place l&#039;Agence Hirondelle. \u00ab Nous [&hellip;]\" \/>\n<meta property=\"og:url\" content=\"https:\/\/www.justiceinfo.net\/fr\/3697-150408-rwandagenocide-les-tutsis-de-mwulire-assassines-apres-une-forte-resistance487.html\" \/>\n<meta property=\"og:site_name\" content=\"JusticeInfo.net\" \/>\n<meta property=\"article:publisher\" content=\"https:\/\/www.facebook.com\/JusticeInfo\/\" \/>\n<meta property=\"article:published_time\" content=\"2008-04-16T04:53:18+00:00\" \/>\n<meta property=\"og:image\" content=\"https:\/\/www.justiceinfo.net\/wp-content\/uploads\/JusticeInfoNet_logo_1200x630px.jpg\" \/>\n\t<meta property=\"og:image:width\" content=\"1200\" \/>\n\t<meta property=\"og:image:height\" content=\"630\" \/>\n\t<meta property=\"og:image:type\" content=\"image\/jpeg\" \/>\n<meta name=\"author\" content=\"solivri\" \/>\n<meta name=\"twitter:card\" content=\"summary_large_image\" \/>\n<meta name=\"twitter:creator\" content=\"@justiceinfonet\" \/>\n<meta name=\"twitter:site\" content=\"@justiceinfonet\" \/>\n<meta name=\"twitter:label1\" content=\"\u00c9crit par\" \/>\n\t<meta name=\"twitter:data1\" content=\"solivri\" \/>\n\t<meta name=\"twitter:label2\" content=\"Dur\u00e9e de lecture estim\u00e9e\" \/>\n\t<meta name=\"twitter:data2\" content=\"2 minutes\" \/>\n<script type=\"application\/ld+json\" class=\"yoast-schema-graph\">{\"@context\":\"https:\/\/schema.org\",\"@graph\":[{\"@type\":\"NewsArticle\",\"@id\":\"https:\/\/www.justiceinfo.net\/fr\/3697-150408-rwandagenocide-les-tutsis-de-mwulire-assassines-apres-une-forte-resistance487.html#article\",\"isPartOf\":{\"@id\":\"https:\/\/www.justiceinfo.net\/fr\/3697-150408-rwandagenocide-les-tutsis-de-mwulire-assassines-apres-une-forte-resistance487.html\"},\"author\":{\"name\":\"solivri\",\"@id\":\"https:\/\/www.justiceinfo.net\/fr#\/schema\/person\/6e53cba1629e2e66f3fc1821d3091865\"},\"headline\":\"15.04.08 - RWANDA\/GENOCIDE - LES TUTSIS DE MWULIRE ASSASSINES APRES UNE FORTE RESISTANCE\",\"datePublished\":\"2008-04-16T04:53:18+00:00\",\"mainEntityOfPage\":{\"@id\":\"https:\/\/www.justiceinfo.net\/fr\/3697-150408-rwandagenocide-les-tutsis-de-mwulire-assassines-apres-une-forte-resistance487.html\"},\"wordCount\":494,\"commentCount\":0,\"publisher\":{\"@id\":\"https:\/\/www.justiceinfo.net\/fr#organization\"},\"articleSection\":[\"Hirondelle News\"],\"inLanguage\":\"fr-FR\",\"potentialAction\":[{\"@type\":\"CommentAction\",\"name\":\"Comment\",\"target\":[\"https:\/\/www.justiceinfo.net\/fr\/3697-150408-rwandagenocide-les-tutsis-de-mwulire-assassines-apres-une-forte-resistance487.html#respond\"]}]},{\"@type\":\"WebPage\",\"@id\":\"https:\/\/www.justiceinfo.net\/fr\/3697-150408-rwandagenocide-les-tutsis-de-mwulire-assassines-apres-une-forte-resistance487.html\",\"url\":\"https:\/\/www.justiceinfo.net\/fr\/3697-150408-rwandagenocide-les-tutsis-de-mwulire-assassines-apres-une-forte-resistance487.html\",\"name\":\"15.04.08 - RWANDA\/GENOCIDE - LES TUTSIS DE MWULIRE ASSASSINES APRES UNE FORTE RESISTANCE - JusticeInfo.net\",\"isPartOf\":{\"@id\":\"https:\/\/www.justiceinfo.net\/fr#website\"},\"datePublished\":\"2008-04-16T04:53:18+00:00\",\"breadcrumb\":{\"@id\":\"https:\/\/www.justiceinfo.net\/fr\/3697-150408-rwandagenocide-les-tutsis-de-mwulire-assassines-apres-une-forte-resistance487.html#breadcrumb\"},\"inLanguage\":\"fr-FR\",\"potentialAction\":[{\"@type\":\"ReadAction\",\"target\":[\"https:\/\/www.justiceinfo.net\/fr\/3697-150408-rwandagenocide-les-tutsis-de-mwulire-assassines-apres-une-forte-resistance487.html\"]}]},{\"@type\":\"BreadcrumbList\",\"@id\":\"https:\/\/www.justiceinfo.net\/fr\/3697-150408-rwandagenocide-les-tutsis-de-mwulire-assassines-apres-une-forte-resistance487.html#breadcrumb\",\"itemListElement\":[{\"@type\":\"ListItem\",\"position\":1,\"name\":\"Home\",\"item\":\"https:\/\/www.justiceinfo.net\/fr\"},{\"@type\":\"ListItem\",\"position\":2,\"name\":\"15.04.08 - RWANDA\/GENOCIDE - LES TUTSIS DE MWULIRE ASSASSINES APRES UNE FORTE RESISTANCE\"}]},{\"@type\":\"WebSite\",\"@id\":\"https:\/\/www.justiceinfo.net\/fr#website\",\"url\":\"https:\/\/www.justiceinfo.net\/fr\",\"name\":\"JusticeInfo.net\",\"description\":\"La justice doit \u00eatre vue pour \u00eatre rendue\",\"publisher\":{\"@id\":\"https:\/\/www.justiceinfo.net\/fr#organization\"},\"potentialAction\":[{\"@type\":\"SearchAction\",\"target\":{\"@type\":\"EntryPoint\",\"urlTemplate\":\"https:\/\/www.justiceinfo.net\/fr?s={search_term_string}\"},\"query-input\":{\"@type\":\"PropertyValueSpecification\",\"valueRequired\":true,\"valueName\":\"search_term_string\"}}],\"inLanguage\":\"fr-FR\"},{\"@type\":\"Organization\",\"@id\":\"https:\/\/www.justiceinfo.net\/fr#organization\",\"name\":\"Justice Info\",\"url\":\"https:\/\/www.justiceinfo.net\/fr\",\"logo\":{\"@type\":\"ImageObject\",\"inLanguage\":\"fr-FR\",\"@id\":\"https:\/\/www.justiceinfo.net\/fr#\/schema\/logo\/image\/\",\"url\":\"https:\/\/www.justiceinfo.net\/wp-content\/uploads\/justiceinfo_logo-trans_1200x1200px.png\",\"contentUrl\":\"https:\/\/www.justiceinfo.net\/wp-content\/uploads\/justiceinfo_logo-trans_1200x1200px.png\",\"width\":1199,\"height\":1200,\"caption\":\"Justice Info\"},\"image\":{\"@id\":\"https:\/\/www.justiceinfo.net\/fr#\/schema\/logo\/image\/\"},\"sameAs\":[\"https:\/\/www.facebook.com\/JusticeInfo\/\",\"https:\/\/x.com\/justiceinfonet\",\"https:\/\/www.linkedin.com\/company\/justice-info\",\"https:\/\/www.youtube.com\/channel\/UCyCEsARodyuWtkWyhn-e7pA\"]},{\"@type\":\"Person\",\"name\":\"solivri\",\"url\":\"\/fr\/?s=solivri\"}]}<\/script>\n<!-- \/ Yoast SEO Premium plugin. -->","yoast_head_json":{"title":"15.04.08 - RWANDA\/GENOCIDE - LES TUTSIS DE MWULIRE ASSASSINES APRES UNE FORTE RESISTANCE - JusticeInfo.net","robots":{"index":"index","follow":"follow","max-snippet":"max-snippet:-1","max-image-preview":"max-image-preview:large","max-video-preview":"max-video-preview:-1"},"canonical":"https:\/\/www.justiceinfo.net\/fr\/3697-150408-rwandagenocide-les-tutsis-de-mwulire-assassines-apres-une-forte-resistance487.html","og_locale":"fr_FR","og_type":"article","og_title":"15.04.08 - RWANDA\/GENOCIDE - LES TUTSIS DE MWULIRE ASSASSINES APRES UNE FORTE RESISTANCE","og_description":"Rwamagana (est du Rwanda), 15 avril 2008 (FH)- Les victimes du g\u00e9nocide du secteur Mwulire du district de Rwamagana en province de l\u2019est ont oppos\u00e9, en 1994, une r\u00e9sistance farouche \u00e0 leurs assaillants mais ont succomb\u00e9 \u00e0 la force et \u00e0 la sup\u00e9riorit\u00e9 num\u00e9rique de ces derniers, a appris sur place l'Agence Hirondelle. \u00ab Nous [&hellip;]","og_url":"https:\/\/www.justiceinfo.net\/fr\/3697-150408-rwandagenocide-les-tutsis-de-mwulire-assassines-apres-une-forte-resistance487.html","og_site_name":"JusticeInfo.net","article_publisher":"https:\/\/www.facebook.com\/JusticeInfo\/","article_published_time":"2008-04-16T04:53:18+00:00","og_image":[{"width":1200,"height":630,"url":"https:\/\/www.justiceinfo.net\/wp-content\/uploads\/JusticeInfoNet_logo_1200x630px.jpg","type":"image\/jpeg"}],"author":"solivri","twitter_card":"summary_large_image","twitter_creator":"@justiceinfonet","twitter_site":"@justiceinfonet","twitter_misc":{"\u00c9crit par":"solivri","Dur\u00e9e de lecture estim\u00e9e":"2 minutes"},"schema":{"@context":"https:\/\/schema.org","@graph":[{"@type":"NewsArticle","@id":"https:\/\/www.justiceinfo.net\/fr\/3697-150408-rwandagenocide-les-tutsis-de-mwulire-assassines-apres-une-forte-resistance487.html#article","isPartOf":{"@id":"https:\/\/www.justiceinfo.net\/fr\/3697-150408-rwandagenocide-les-tutsis-de-mwulire-assassines-apres-une-forte-resistance487.html"},"author":{"name":"solivri","@id":"https:\/\/www.justiceinfo.net\/fr#\/schema\/person\/6e53cba1629e2e66f3fc1821d3091865"},"headline":"15.04.08 - RWANDA\/GENOCIDE - LES TUTSIS DE MWULIRE ASSASSINES APRES UNE FORTE RESISTANCE","datePublished":"2008-04-16T04:53:18+00:00","mainEntityOfPage":{"@id":"https:\/\/www.justiceinfo.net\/fr\/3697-150408-rwandagenocide-les-tutsis-de-mwulire-assassines-apres-une-forte-resistance487.html"},"wordCount":494,"commentCount":0,"publisher":{"@id":"https:\/\/www.justiceinfo.net\/fr#organization"},"articleSection":["Hirondelle News"],"inLanguage":"fr-FR","potentialAction":[{"@type":"CommentAction","name":"Comment","target":["https:\/\/www.justiceinfo.net\/fr\/3697-150408-rwandagenocide-les-tutsis-de-mwulire-assassines-apres-une-forte-resistance487.html#respond"]}]},{"@type":"WebPage","@id":"https:\/\/www.justiceinfo.net\/fr\/3697-150408-rwandagenocide-les-tutsis-de-mwulire-assassines-apres-une-forte-resistance487.html","url":"https:\/\/www.justiceinfo.net\/fr\/3697-150408-rwandagenocide-les-tutsis-de-mwulire-assassines-apres-une-forte-resistance487.html","name":"15.04.08 - RWANDA\/GENOCIDE - LES TUTSIS DE MWULIRE ASSASSINES APRES UNE FORTE RESISTANCE - JusticeInfo.net","isPartOf":{"@id":"https:\/\/www.justiceinfo.net\/fr#website"},"datePublished":"2008-04-16T04:53:18+00:00","breadcrumb":{"@id":"https:\/\/www.justiceinfo.net\/fr\/3697-150408-rwandagenocide-les-tutsis-de-mwulire-assassines-apres-une-forte-resistance487.html#breadcrumb"},"inLanguage":"fr-FR","potentialAction":[{"@type":"ReadAction","target":["https:\/\/www.justiceinfo.net\/fr\/3697-150408-rwandagenocide-les-tutsis-de-mwulire-assassines-apres-une-forte-resistance487.html"]}]},{"@type":"BreadcrumbList","@id":"https:\/\/www.justiceinfo.net\/fr\/3697-150408-rwandagenocide-les-tutsis-de-mwulire-assassines-apres-une-forte-resistance487.html#breadcrumb","itemListElement":[{"@type":"ListItem","position":1,"name":"Home","item":"https:\/\/www.justiceinfo.net\/fr"},{"@type":"ListItem","position":2,"name":"15.04.08 - RWANDA\/GENOCIDE - LES TUTSIS DE MWULIRE ASSASSINES APRES UNE FORTE RESISTANCE"}]},{"@type":"WebSite","@id":"https:\/\/www.justiceinfo.net\/fr#website","url":"https:\/\/www.justiceinfo.net\/fr","name":"JusticeInfo.net","description":"La justice doit \u00eatre vue pour \u00eatre rendue","publisher":{"@id":"https:\/\/www.justiceinfo.net\/fr#organization"},"potentialAction":[{"@type":"SearchAction","target":{"@type":"EntryPoint","urlTemplate":"https:\/\/www.justiceinfo.net\/fr?s={search_term_string}"},"query-input":{"@type":"PropertyValueSpecification","valueRequired":true,"valueName":"search_term_string"}}],"inLanguage":"fr-FR"},{"@type":"Organization","@id":"https:\/\/www.justiceinfo.net\/fr#organization","name":"Justice Info","url":"https:\/\/www.justiceinfo.net\/fr","logo":{"@type":"ImageObject","inLanguage":"fr-FR","@id":"https:\/\/www.justiceinfo.net\/fr#\/schema\/logo\/image\/","url":"https:\/\/www.justiceinfo.net\/wp-content\/uploads\/justiceinfo_logo-trans_1200x1200px.png","contentUrl":"https:\/\/www.justiceinfo.net\/wp-content\/uploads\/justiceinfo_logo-trans_1200x1200px.png","width":1199,"height":1200,"caption":"Justice Info"},"image":{"@id":"https:\/\/www.justiceinfo.net\/fr#\/schema\/logo\/image\/"},"sameAs":["https:\/\/www.facebook.com\/JusticeInfo\/","https:\/\/x.com\/justiceinfonet","https:\/\/www.linkedin.com\/company\/justice-info","https:\/\/www.youtube.com\/channel\/UCyCEsARodyuWtkWyhn-e7pA"]},{"@type":"Person","name":"solivri","url":"\/fr\/?s=solivri"}]}},"_links":{"self":[{"href":"https:\/\/www.justiceinfo.net\/fr\/wp-json\/wp\/v2\/posts\/3697","targetHints":{"allow":["GET"]}}],"collection":[{"href":"https:\/\/www.justiceinfo.net\/fr\/wp-json\/wp\/v2\/posts"}],"about":[{"href":"https:\/\/www.justiceinfo.net\/fr\/wp-json\/wp\/v2\/types\/post"}],"author":[{"embeddable":true,"href":"https:\/\/www.justiceinfo.net\/fr\/wp-json\/wp\/v2\/users\/64"}],"replies":[{"embeddable":true,"href":"https:\/\/www.justiceinfo.net\/fr\/wp-json\/wp\/v2\/comments?post=3697"}],"version-history":[{"count":0,"href":"https:\/\/www.justiceinfo.net\/fr\/wp-json\/wp\/v2\/posts\/3697\/revisions"}],"wp:attachment":[{"href":"https:\/\/www.justiceinfo.net\/fr\/wp-json\/wp\/v2\/media?parent=3697"}],"wp:term":[{"taxonomy":"category","embeddable":true,"href":"https:\/\/www.justiceinfo.net\/fr\/wp-json\/wp\/v2\/categories?post=3697"},{"taxonomy":"post_tag","embeddable":true,"href":"https:\/\/www.justiceinfo.net\/fr\/wp-json\/wp\/v2\/tags?post=3697"},{"taxonomy":"ji_location","embeddable":true,"href":"https:\/\/www.justiceinfo.net\/fr\/wp-json\/wp\/v2\/ji_location?post=3697"}],"curies":[{"name":"wp","href":"https:\/\/api.w.org\/{rel}","templated":true}]}}