{"id":3699,"date":"2008-04-12T09:47:00","date_gmt":"2008-04-12T07:47:00","guid":{"rendered":"https:\/\/www.justiceinfo.net\/3699-110408-rwandagenocide-gapagasi-lhomme-que-la-mort-a-longtemps-dedaigne489.html"},"modified":"2008-04-12T09:47:00","modified_gmt":"2008-04-12T07:47:00","slug":"110408-rwandagenocide-gapagasi-lhomme-que-la-mort-a-longtemps-dedaigne489","status":"publish","type":"post","link":"https:\/\/www.justiceinfo.net\/fr\/3699-110408-rwandagenocide-gapagasi-lhomme-que-la-mort-a-longtemps-dedaigne489.html","title":{"rendered":"11.04.08 - RWANDA\/GENOCIDE - GAPAGASI, L'HOMME QUE LA MORT A LONGTEMPS DEDAIGNE"},"content":{"rendered":"<p  >\nGugesera, 11 avril 2008 (FH) -  Gabriel Gapagasi, 70 ans, a miraculeusement  surv\u00e9cu \u00e0 tous les massacres des Tutsi de 1959 \u00e0 1994, qui ont endeuill\u00e9 le Bugesera, r\u00e9gion du sud de Kigali dont il est natif, et o\u00f9 le gouvernement rwandais a choisi de c\u00e9l\u00e9brer le 14 \u00e8me anniversaire du g\u00e9nocide de 1994.  <\/p>\n<p>Gapagasi \u00e9tait pourtant tr\u00e8s actif dans le parti royaliste de l'Union nationale rwandaise (UNAR), dont la plupart des membres se sont r\u00e9fugi\u00e9s \u00e0 l'\u00e9tranger dans les ann\u00e9es 1960.\n<\/p>\n<p><!--more--><\/p>\n<p  >\n\u00ab En 1963, l\u2019arm\u00e9e a tu\u00e9 presque tout le monde, de Gako \u00e0 Kukandenze. Pendant le g\u00e9nocide de 1994, un tueur de renom appel\u00e9 Kabube a annonc\u00e9 : \"hier, j\u2019ai tu\u00e9 toute sa famille ! Ni Kayibanda, ni Habyarimana n\u2019ont voulu le tuer, moi non plus je ne le tue pas\"\u2019. C\u2019est comme cela que je suis l\u00e0 \u00bb, explique le vieil homme tr\u00e8s perplexe. <\/p>\n<p>L\u2019allusion est faite \u00e0 son arrestation et \u00e0 sa condamnation \u00e0 mort en 1963. \u00ab Consid\u00e9r\u00e9 comme \"Inyenzi\", (le surnom donn\u00e9 aux r\u00e9fugi\u00e9s qui tent\u00e8rent de revenir au Rwanda \u00e0 partir de 1963 NDLR), j\u2019ai \u00e9t\u00e9 arr\u00eat\u00e9, le 22 d\u00e9cembre 1963, 2 jours apr\u00e8s mon mariage. J\u2019ai \u00e9t\u00e9 interrog\u00e9 par le major Tulpin et par Alexis Kanyarengwe \u00e0 la s\u00fbret\u00e9 Nationale. Condamn\u00e9 \u00e0 mort, j\u2019ai \u00e9t\u00e9 transf\u00e9r\u00e9 \u00e0 la prison centrale de Ruhengeri pour y \u00eatre ex\u00e9cut\u00e9. La mort n\u2019est pas venue. Ce fut plut\u00f4t le transfert \u00e0 la prison de Gitarama, 4 ans apr\u00e8s. J\u2019ai \u00e9t\u00e9 lib\u00e9r\u00e9 le 12 juillet 1985 apr\u00e8s une gr\u00e2ce pr\u00e9sidentielle \u00bb, se souvient-il. <\/p>\n<p>Au cours de ces 22 ans de d\u00e9tention, Gapagasi n\u2019oublie pas tous les actes de torture et de traitement inhumain \u00e0 l'\u00e9gard des prisonniers. \u00ab On nous privait  de nourriture pendant plusieurs jours, on versait de la bouillie \u00e0 m\u00eame le sol et on nous invitait \u00e0 la l\u00e2per comme des chiens. Ou alors, on invitait \u00e0 nous manger les uns les autres. Ou ils pressaient nos organes g\u00e9nitaux pour nous faire souffrir. C\u2019\u00e9tait horrible!\u00bb,  raconte-t-il. <\/p>\n<p>L\u2019un de ses grands regrets est la mort de ses anciens compagnons d\u2019infortune, Gatera, Segikwekwe, Bujuri, Bikonjo et Muyango, tous tu\u00e9s pendant le g\u00e9nocide de 1994. \u00ab Il ne me reste que le vieux Gr\u00e9goire Hitimana, employ\u00e9 \u00e0 la paroisse de Nyamata ! \u00bb, confie-t-il \u00e0 l\u2019Agence. <\/p>\n<p>Pour le septuag\u00e9naire, la vie doit continuer. Apr\u00e8s avoir perdu ses 2 femmes et 7 enfants en 1994, il s\u2019est remari\u00e9. Il a une femme et un enfant de 5 ans. Mais cette fois encore la chance  n\u2019est pas de son c\u00f4t\u00e9. \u00ab Nous avons le VIH\/SIDA, et j\u2019en t\u00e9moigne publiquement \u00e0 chaque fois. Mais je ne m\u2019en fais pas parce que le d\u00e9sespoir est pire que le Sida, et moi j\u2019ai toujours l\u2019espoir en la vie \u00bb, affirme-t-il. <\/p>\n<p>Et \u00e0 quelque chose malheur est bon !, ajoute-t-il. \u00ab Durant ma d\u00e9tention, j\u2019ai appris les m\u00e9tiers de tailleur, de cordonnier et de coiffeur. Cela me fait vivre, en plus de mes activit\u00e9s de jardinage \u00bb. <\/p>\n<p>Le vieux Gapagasi se l\u00e8ve et, droit comme un I, d\u00e9clare avec fiert\u00e9 : \u00ab La vie doit continuer, puisque m\u00eame le Pr\u00e9sident Kagame m\u2019a donn\u00e9 une vache ! \u00bb. <\/p>\n<p>SRE\/PB\/GF<\/p>\n","protected":false},"excerpt":{"rendered":"<p>Gugesera, 11 avril 2008 (FH) - Gabriel Gapagasi, 70 ans, a miraculeusement surv\u00e9cu \u00e0 tous les massacres des Tutsi de 1959 \u00e0 1994, qui ont endeuill\u00e9 le Bugesera, r\u00e9gion du sud de Kigali dont il est natif, et o\u00f9 le gouvernement rwandais a choisi de c\u00e9l\u00e9brer le 14 \u00e8me anniversaire du g\u00e9nocide de 1994. Gapagasi [&hellip;]<\/p>\n","protected":false},"author":64,"featured_media":0,"comment_status":"open","ping_status":"closed","sticky":false,"template":"","format":"standard","meta":{"_acf_changed":false,"footnotes":""},"categories":[554],"tags":[],"ji_location":[],"class_list":["post-3699","post","type-post","status-publish","format-standard","hentry","category-hirondellenews"],"acf":[],"yoast_head":"<!-- This site is optimized with the Yoast SEO Premium plugin v25.3.1 (Yoast SEO v25.3.1) - https:\/\/yoast.com\/wordpress\/plugins\/seo\/ -->\n<title>11.04.08 - RWANDA\/GENOCIDE - GAPAGASI, L&#039;HOMME QUE LA MORT A LONGTEMPS DEDAIGNE - JusticeInfo.net<\/title>\n<meta name=\"robots\" content=\"index, follow, max-snippet:-1, max-image-preview:large, max-video-preview:-1\" \/>\n<link rel=\"canonical\" href=\"https:\/\/www.justiceinfo.net\/fr\/3699-110408-rwandagenocide-gapagasi-lhomme-que-la-mort-a-longtemps-dedaigne489.html\" \/>\n<meta property=\"og:locale\" content=\"fr_FR\" \/>\n<meta property=\"og:type\" content=\"article\" \/>\n<meta property=\"og:title\" content=\"11.04.08 - RWANDA\/GENOCIDE - GAPAGASI, L&#039;HOMME QUE LA MORT A LONGTEMPS DEDAIGNE\" \/>\n<meta property=\"og:description\" content=\"Gugesera, 11 avril 2008 (FH) - Gabriel Gapagasi, 70 ans, a miraculeusement surv\u00e9cu \u00e0 tous les massacres des Tutsi de 1959 \u00e0 1994, qui ont endeuill\u00e9 le Bugesera, r\u00e9gion du sud de Kigali dont il est natif, et o\u00f9 le gouvernement rwandais a choisi de c\u00e9l\u00e9brer le 14 \u00e8me anniversaire du g\u00e9nocide de 1994. Gapagasi [&hellip;]\" \/>\n<meta property=\"og:url\" content=\"https:\/\/www.justiceinfo.net\/fr\/3699-110408-rwandagenocide-gapagasi-lhomme-que-la-mort-a-longtemps-dedaigne489.html\" \/>\n<meta property=\"og:site_name\" content=\"JusticeInfo.net\" \/>\n<meta property=\"article:publisher\" content=\"https:\/\/www.facebook.com\/JusticeInfo\/\" \/>\n<meta property=\"article:published_time\" content=\"2008-04-12T07:47:00+00:00\" \/>\n<meta property=\"og:image\" content=\"https:\/\/www.justiceinfo.net\/wp-content\/uploads\/JusticeInfoNet_logo_1200x630px.jpg\" \/>\n\t<meta property=\"og:image:width\" content=\"1200\" \/>\n\t<meta property=\"og:image:height\" content=\"630\" \/>\n\t<meta property=\"og:image:type\" content=\"image\/jpeg\" \/>\n<meta name=\"author\" content=\"solivri\" \/>\n<meta name=\"twitter:card\" content=\"summary_large_image\" \/>\n<meta name=\"twitter:creator\" content=\"@justiceinfonet\" \/>\n<meta name=\"twitter:site\" content=\"@justiceinfonet\" \/>\n<meta name=\"twitter:label1\" content=\"\u00c9crit par\" \/>\n\t<meta name=\"twitter:data1\" content=\"solivri\" \/>\n\t<meta name=\"twitter:label2\" content=\"Dur\u00e9e de lecture estim\u00e9e\" \/>\n\t<meta name=\"twitter:data2\" content=\"3 minutes\" \/>\n<script type=\"application\/ld+json\" class=\"yoast-schema-graph\">{\"@context\":\"https:\/\/schema.org\",\"@graph\":[{\"@type\":\"NewsArticle\",\"@id\":\"https:\/\/www.justiceinfo.net\/fr\/3699-110408-rwandagenocide-gapagasi-lhomme-que-la-mort-a-longtemps-dedaigne489.html#article\",\"isPartOf\":{\"@id\":\"https:\/\/www.justiceinfo.net\/fr\/3699-110408-rwandagenocide-gapagasi-lhomme-que-la-mort-a-longtemps-dedaigne489.html\"},\"author\":{\"name\":\"solivri\",\"@id\":\"https:\/\/www.justiceinfo.net\/fr#\/schema\/person\/6e53cba1629e2e66f3fc1821d3091865\"},\"headline\":\"11.04.08 - RWANDA\/GENOCIDE - GAPAGASI, L'HOMME QUE LA MORT A LONGTEMPS DEDAIGNE\",\"datePublished\":\"2008-04-12T07:47:00+00:00\",\"mainEntityOfPage\":{\"@id\":\"https:\/\/www.justiceinfo.net\/fr\/3699-110408-rwandagenocide-gapagasi-lhomme-que-la-mort-a-longtemps-dedaigne489.html\"},\"wordCount\":551,\"commentCount\":0,\"publisher\":{\"@id\":\"https:\/\/www.justiceinfo.net\/fr#organization\"},\"articleSection\":[\"Hirondelle News\"],\"inLanguage\":\"fr-FR\",\"potentialAction\":[{\"@type\":\"CommentAction\",\"name\":\"Comment\",\"target\":[\"https:\/\/www.justiceinfo.net\/fr\/3699-110408-rwandagenocide-gapagasi-lhomme-que-la-mort-a-longtemps-dedaigne489.html#respond\"]}]},{\"@type\":\"WebPage\",\"@id\":\"https:\/\/www.justiceinfo.net\/fr\/3699-110408-rwandagenocide-gapagasi-lhomme-que-la-mort-a-longtemps-dedaigne489.html\",\"url\":\"https:\/\/www.justiceinfo.net\/fr\/3699-110408-rwandagenocide-gapagasi-lhomme-que-la-mort-a-longtemps-dedaigne489.html\",\"name\":\"11.04.08 - RWANDA\/GENOCIDE - GAPAGASI, L'HOMME QUE LA MORT A LONGTEMPS DEDAIGNE - JusticeInfo.net\",\"isPartOf\":{\"@id\":\"https:\/\/www.justiceinfo.net\/fr#website\"},\"datePublished\":\"2008-04-12T07:47:00+00:00\",\"breadcrumb\":{\"@id\":\"https:\/\/www.justiceinfo.net\/fr\/3699-110408-rwandagenocide-gapagasi-lhomme-que-la-mort-a-longtemps-dedaigne489.html#breadcrumb\"},\"inLanguage\":\"fr-FR\",\"potentialAction\":[{\"@type\":\"ReadAction\",\"target\":[\"https:\/\/www.justiceinfo.net\/fr\/3699-110408-rwandagenocide-gapagasi-lhomme-que-la-mort-a-longtemps-dedaigne489.html\"]}]},{\"@type\":\"BreadcrumbList\",\"@id\":\"https:\/\/www.justiceinfo.net\/fr\/3699-110408-rwandagenocide-gapagasi-lhomme-que-la-mort-a-longtemps-dedaigne489.html#breadcrumb\",\"itemListElement\":[{\"@type\":\"ListItem\",\"position\":1,\"name\":\"Home\",\"item\":\"https:\/\/www.justiceinfo.net\/fr\"},{\"@type\":\"ListItem\",\"position\":2,\"name\":\"11.04.08 - RWANDA\/GENOCIDE - GAPAGASI, L'HOMME QUE LA MORT A LONGTEMPS DEDAIGNE\"}]},{\"@type\":\"WebSite\",\"@id\":\"https:\/\/www.justiceinfo.net\/fr#website\",\"url\":\"https:\/\/www.justiceinfo.net\/fr\",\"name\":\"JusticeInfo.net\",\"description\":\"La justice doit \u00eatre vue pour \u00eatre rendue\",\"publisher\":{\"@id\":\"https:\/\/www.justiceinfo.net\/fr#organization\"},\"potentialAction\":[{\"@type\":\"SearchAction\",\"target\":{\"@type\":\"EntryPoint\",\"urlTemplate\":\"https:\/\/www.justiceinfo.net\/fr?s={search_term_string}\"},\"query-input\":{\"@type\":\"PropertyValueSpecification\",\"valueRequired\":true,\"valueName\":\"search_term_string\"}}],\"inLanguage\":\"fr-FR\"},{\"@type\":\"Organization\",\"@id\":\"https:\/\/www.justiceinfo.net\/fr#organization\",\"name\":\"Justice Info\",\"url\":\"https:\/\/www.justiceinfo.net\/fr\",\"logo\":{\"@type\":\"ImageObject\",\"inLanguage\":\"fr-FR\",\"@id\":\"https:\/\/www.justiceinfo.net\/fr#\/schema\/logo\/image\/\",\"url\":\"https:\/\/www.justiceinfo.net\/wp-content\/uploads\/justiceinfo_logo-trans_1200x1200px.png\",\"contentUrl\":\"https:\/\/www.justiceinfo.net\/wp-content\/uploads\/justiceinfo_logo-trans_1200x1200px.png\",\"width\":1199,\"height\":1200,\"caption\":\"Justice Info\"},\"image\":{\"@id\":\"https:\/\/www.justiceinfo.net\/fr#\/schema\/logo\/image\/\"},\"sameAs\":[\"https:\/\/www.facebook.com\/JusticeInfo\/\",\"https:\/\/x.com\/justiceinfonet\",\"https:\/\/www.linkedin.com\/company\/justice-info\",\"https:\/\/www.youtube.com\/channel\/UCyCEsARodyuWtkWyhn-e7pA\"]},{\"@type\":\"Person\",\"name\":\"solivri\",\"url\":\"\/fr\/?s=solivri\"}]}<\/script>\n<!-- \/ Yoast SEO Premium plugin. -->","yoast_head_json":{"title":"11.04.08 - RWANDA\/GENOCIDE - GAPAGASI, L'HOMME QUE LA MORT A LONGTEMPS DEDAIGNE - JusticeInfo.net","robots":{"index":"index","follow":"follow","max-snippet":"max-snippet:-1","max-image-preview":"max-image-preview:large","max-video-preview":"max-video-preview:-1"},"canonical":"https:\/\/www.justiceinfo.net\/fr\/3699-110408-rwandagenocide-gapagasi-lhomme-que-la-mort-a-longtemps-dedaigne489.html","og_locale":"fr_FR","og_type":"article","og_title":"11.04.08 - RWANDA\/GENOCIDE - GAPAGASI, L'HOMME QUE LA MORT A LONGTEMPS DEDAIGNE","og_description":"Gugesera, 11 avril 2008 (FH) - Gabriel Gapagasi, 70 ans, a miraculeusement surv\u00e9cu \u00e0 tous les massacres des Tutsi de 1959 \u00e0 1994, qui ont endeuill\u00e9 le Bugesera, r\u00e9gion du sud de Kigali dont il est natif, et o\u00f9 le gouvernement rwandais a choisi de c\u00e9l\u00e9brer le 14 \u00e8me anniversaire du g\u00e9nocide de 1994. Gapagasi [&hellip;]","og_url":"https:\/\/www.justiceinfo.net\/fr\/3699-110408-rwandagenocide-gapagasi-lhomme-que-la-mort-a-longtemps-dedaigne489.html","og_site_name":"JusticeInfo.net","article_publisher":"https:\/\/www.facebook.com\/JusticeInfo\/","article_published_time":"2008-04-12T07:47:00+00:00","og_image":[{"width":1200,"height":630,"url":"https:\/\/www.justiceinfo.net\/wp-content\/uploads\/JusticeInfoNet_logo_1200x630px.jpg","type":"image\/jpeg"}],"author":"solivri","twitter_card":"summary_large_image","twitter_creator":"@justiceinfonet","twitter_site":"@justiceinfonet","twitter_misc":{"\u00c9crit par":"solivri","Dur\u00e9e de lecture estim\u00e9e":"3 minutes"},"schema":{"@context":"https:\/\/schema.org","@graph":[{"@type":"NewsArticle","@id":"https:\/\/www.justiceinfo.net\/fr\/3699-110408-rwandagenocide-gapagasi-lhomme-que-la-mort-a-longtemps-dedaigne489.html#article","isPartOf":{"@id":"https:\/\/www.justiceinfo.net\/fr\/3699-110408-rwandagenocide-gapagasi-lhomme-que-la-mort-a-longtemps-dedaigne489.html"},"author":{"name":"solivri","@id":"https:\/\/www.justiceinfo.net\/fr#\/schema\/person\/6e53cba1629e2e66f3fc1821d3091865"},"headline":"11.04.08 - RWANDA\/GENOCIDE - GAPAGASI, L'HOMME QUE LA MORT A LONGTEMPS DEDAIGNE","datePublished":"2008-04-12T07:47:00+00:00","mainEntityOfPage":{"@id":"https:\/\/www.justiceinfo.net\/fr\/3699-110408-rwandagenocide-gapagasi-lhomme-que-la-mort-a-longtemps-dedaigne489.html"},"wordCount":551,"commentCount":0,"publisher":{"@id":"https:\/\/www.justiceinfo.net\/fr#organization"},"articleSection":["Hirondelle News"],"inLanguage":"fr-FR","potentialAction":[{"@type":"CommentAction","name":"Comment","target":["https:\/\/www.justiceinfo.net\/fr\/3699-110408-rwandagenocide-gapagasi-lhomme-que-la-mort-a-longtemps-dedaigne489.html#respond"]}]},{"@type":"WebPage","@id":"https:\/\/www.justiceinfo.net\/fr\/3699-110408-rwandagenocide-gapagasi-lhomme-que-la-mort-a-longtemps-dedaigne489.html","url":"https:\/\/www.justiceinfo.net\/fr\/3699-110408-rwandagenocide-gapagasi-lhomme-que-la-mort-a-longtemps-dedaigne489.html","name":"11.04.08 - RWANDA\/GENOCIDE - GAPAGASI, L'HOMME QUE LA MORT A LONGTEMPS DEDAIGNE - JusticeInfo.net","isPartOf":{"@id":"https:\/\/www.justiceinfo.net\/fr#website"},"datePublished":"2008-04-12T07:47:00+00:00","breadcrumb":{"@id":"https:\/\/www.justiceinfo.net\/fr\/3699-110408-rwandagenocide-gapagasi-lhomme-que-la-mort-a-longtemps-dedaigne489.html#breadcrumb"},"inLanguage":"fr-FR","potentialAction":[{"@type":"ReadAction","target":["https:\/\/www.justiceinfo.net\/fr\/3699-110408-rwandagenocide-gapagasi-lhomme-que-la-mort-a-longtemps-dedaigne489.html"]}]},{"@type":"BreadcrumbList","@id":"https:\/\/www.justiceinfo.net\/fr\/3699-110408-rwandagenocide-gapagasi-lhomme-que-la-mort-a-longtemps-dedaigne489.html#breadcrumb","itemListElement":[{"@type":"ListItem","position":1,"name":"Home","item":"https:\/\/www.justiceinfo.net\/fr"},{"@type":"ListItem","position":2,"name":"11.04.08 - RWANDA\/GENOCIDE - GAPAGASI, L'HOMME QUE LA MORT A LONGTEMPS DEDAIGNE"}]},{"@type":"WebSite","@id":"https:\/\/www.justiceinfo.net\/fr#website","url":"https:\/\/www.justiceinfo.net\/fr","name":"JusticeInfo.net","description":"La justice doit \u00eatre vue pour \u00eatre rendue","publisher":{"@id":"https:\/\/www.justiceinfo.net\/fr#organization"},"potentialAction":[{"@type":"SearchAction","target":{"@type":"EntryPoint","urlTemplate":"https:\/\/www.justiceinfo.net\/fr?s={search_term_string}"},"query-input":{"@type":"PropertyValueSpecification","valueRequired":true,"valueName":"search_term_string"}}],"inLanguage":"fr-FR"},{"@type":"Organization","@id":"https:\/\/www.justiceinfo.net\/fr#organization","name":"Justice Info","url":"https:\/\/www.justiceinfo.net\/fr","logo":{"@type":"ImageObject","inLanguage":"fr-FR","@id":"https:\/\/www.justiceinfo.net\/fr#\/schema\/logo\/image\/","url":"https:\/\/www.justiceinfo.net\/wp-content\/uploads\/justiceinfo_logo-trans_1200x1200px.png","contentUrl":"https:\/\/www.justiceinfo.net\/wp-content\/uploads\/justiceinfo_logo-trans_1200x1200px.png","width":1199,"height":1200,"caption":"Justice Info"},"image":{"@id":"https:\/\/www.justiceinfo.net\/fr#\/schema\/logo\/image\/"},"sameAs":["https:\/\/www.facebook.com\/JusticeInfo\/","https:\/\/x.com\/justiceinfonet","https:\/\/www.linkedin.com\/company\/justice-info","https:\/\/www.youtube.com\/channel\/UCyCEsARodyuWtkWyhn-e7pA"]},{"@type":"Person","name":"solivri","url":"\/fr\/?s=solivri"}]}},"_links":{"self":[{"href":"https:\/\/www.justiceinfo.net\/fr\/wp-json\/wp\/v2\/posts\/3699","targetHints":{"allow":["GET"]}}],"collection":[{"href":"https:\/\/www.justiceinfo.net\/fr\/wp-json\/wp\/v2\/posts"}],"about":[{"href":"https:\/\/www.justiceinfo.net\/fr\/wp-json\/wp\/v2\/types\/post"}],"author":[{"embeddable":true,"href":"https:\/\/www.justiceinfo.net\/fr\/wp-json\/wp\/v2\/users\/64"}],"replies":[{"embeddable":true,"href":"https:\/\/www.justiceinfo.net\/fr\/wp-json\/wp\/v2\/comments?post=3699"}],"version-history":[{"count":0,"href":"https:\/\/www.justiceinfo.net\/fr\/wp-json\/wp\/v2\/posts\/3699\/revisions"}],"wp:attachment":[{"href":"https:\/\/www.justiceinfo.net\/fr\/wp-json\/wp\/v2\/media?parent=3699"}],"wp:term":[{"taxonomy":"category","embeddable":true,"href":"https:\/\/www.justiceinfo.net\/fr\/wp-json\/wp\/v2\/categories?post=3699"},{"taxonomy":"post_tag","embeddable":true,"href":"https:\/\/www.justiceinfo.net\/fr\/wp-json\/wp\/v2\/tags?post=3699"},{"taxonomy":"ji_location","embeddable":true,"href":"https:\/\/www.justiceinfo.net\/fr\/wp-json\/wp\/v2\/ji_location?post=3699"}],"curies":[{"name":"wp","href":"https:\/\/api.w.org\/{rel}","templated":true}]}}