{"id":37005,"date":"2018-04-05T11:25:10","date_gmt":"2018-04-05T09:25:10","guid":{"rendered":"https:\/\/www.justiceinfo.net\/37005-gambie-les-victimes-de-jammeh-decues-par-le-gouvernement-barrow.html"},"modified":"2018-04-05T11:25:10","modified_gmt":"2018-04-05T09:25:10","slug":"gambie-les-victimes-de-jammeh-decues-par-le-gouvernement-barrow","status":"publish","type":"post","link":"https:\/\/www.justiceinfo.net\/fr\/37005-gambie-les-victimes-de-jammeh-decues-par-le-gouvernement-barrow.html","title":{"rendered":"Gambie : les victimes de la dictature Jammeh se disent ignor\u00e9es par le nouveau Pr\u00e9sident"},"content":{"rendered":"<div class=\"content-excerpt\">\n<p><strong>En Gambie, apr\u00e8s plus d\u2019un an d\u2019exercice du nouveau gouvernement les victimes de l\u2019ancien r\u00e9gime commencent d\u00e9sormais par s\u2019impatienter. Et ne supportent plus le peu d\u2019attention que l\u2019administration Barrow leur accorde. D\u00e9j\u00e0, elles se disent \u00ab\u00a0d\u00e9\u00e7ues. \u00bb\u00a0<\/strong><\/p>\n<\/div>\n<p><!--more--><\/p>\n<p>\u00ab\u00a0<em>Il saigne<\/em>\u00a0!\u00a0\u00bb. Au t\u00e9l\u00e9phone, un proche de Kalilou Saidykhan, appelle \u00e0 l\u2019aide.\u00a0\u00a0Au bout de la ligne, depuis le Centre des Victimes des Violations des Droits de l\u2019Homme en Gambie, Ayesha Jammeh, une des volontaires qui animent les lieux, tente de parer \u00e0 cette nouvelle urgence.\u00a0<em>\u00ab\u00a0Il faut l\u2019emmener \u00e0 l\u2019h\u00f4pital<\/em>\u00a0\u00bb, recommande-t-elle \u00e0 la famille, le temps de mobiliser d\u2019autres personnes ressource. Depuis deux ans, Kalilou est en lutte avec des s\u00e9quelles de tortures subies sous la dictature de l\u2019ex-pr\u00e9sident Yaya Jammeh. Et il n\u2019est pas seul\u00a0!\u00a0<\/p>\n<p>En avril 2016, Kalilou a surv\u00e9cu \u00e0 la sanglante r\u00e9pression qui s\u2019est abattue sur une manifestation de l\u2019opposition dans la capitale gambienne. L\u2019opposant Solo Sandeng et d\u2019autres n\u2019ont pas eu la m\u00eame chance. Ils y ont laiss\u00e9 leur vie.\u00a0<\/p>\n<p>Plus chanceux, mais toujours vuln\u00e9rables, plusieurs rescap\u00e9s tra\u00eenent toujours de graves s\u00e9quelles. En f\u00e9vrier 2018, le sexag\u00e9naire faisait partie d\u2019une vague de 25 victimes \u00e0 \u00eatre envoy\u00e9es au S\u00e9n\u00e9gal voisin pour une prise en charge m\u00e9dicale ad\u00e9quate. Le traitement de Kalilou r\u00e9v\u00e8lera que sa sant\u00e9 cardiaque est particuli\u00e8rement pr\u00e9occupante.\u00a0<\/p>\n<p>Cr\u00e9\u00e9 en f\u00e9vrier 2017, quelques semaines seulement apr\u00e8s la chute du r\u00e9gime de Jammeh, le Centre des victimes de violations des droits de l\u2019Homme en Gambie, se veut le porte-voix des cas de disparitions forc\u00e9e, de tortures, d\u2019arrestations et d\u00e9tentions arbitraires, de licenciements abusifs, d\u2019accaparement de terres\u2026 qui ont jalonn\u00e9 les 22 ann\u00e9es sanglantes de l\u2019ancien r\u00e9gime.\u00a0<\/p>\n<h3><strong>Le pr\u00e9sident n\u2019a pas le temps\u00a0!<\/strong><\/h3>\n<p>Supplici\u00e9es par l\u2019ancien r\u00e9gime, les victimes ne se sentent pas assez soutenues par la nouvelle administration. \u00ab\u00a0<em>Ils n\u2019ont aucune sympathie envers nous<\/em>\u00a0\u00bb, accuse Zeynab Lowe, volontaire au Centre et dont le fr\u00e8re, militaire, a disparu apr\u00e8s son arrestation en 2006 dans une obscure affaire de coup d\u2019Etat manqu\u00e9.\u00a0<\/p>\n<p>Le 30 d\u00e9cembre 2017, c\u2019est avec peine que les victimes sont re\u00e7ues pendant \u00ab\u00a0quelques minutes\u00a0\u00bb par le nouveau pr\u00e9sident Adama Barrow. Alors qu\u2019elles s\u2019appr\u00eataient \u00e0 \u00eatre re\u00e7ues par le pr\u00e9sident f\u00e9d\u00e9ral allemand, en visite en Gambie, c\u2019est avec surprise qu\u2019elles apprennent que leur pr\u00e9sident va, enfin, les recevoir, en amont \u00e0 la rencontre avec l\u2019Allemand. Dans la m\u00eame journ\u00e9e. Beaucoup pensent d\u2019ailleurs que la pr\u00e9sidence gambienne voulait juste anticiper une situation embarrassante. Alors m\u00eame qu\u2019elles attendaient depuis des mois au portillon du palais pr\u00e9sidentiel de leur pays, elles \u00e9taient sur le point d\u2019\u00eatre vues par un pr\u00e9sident \u00e9tranger\u2026<\/p>\n<p>Elles finissent par \u00eatre re\u00e7ues par le pr\u00e9sident de la Gambie, Adama Barrow. Mais, au pas de charge. \u00ab\u00a0<em>On avait des choses \u00e0 dire, mais il y avait son charg\u00e9 de presse qui \u00e9tait derri\u00e8re nous, au fond de la salle, et\u00a0\u00a0nous pressait de parler vite car le pr\u00e9sident n\u2019a pas le temps et doit recevoir d\u2019autres personnes\u00a0<\/em>\u00bb, se souvient Ayesha Jammeh.\u00a0<\/p>\n<p>Apr\u00e8s avoir attendu de longs mois avant d\u2019\u00eatre entendues, les victimes s\u2019attendaient \u00e0 plus d\u2019\u00e9gard et d\u2019attention. Plus de temps aussi, pour porter leur plaidoyer au sujet de celles parmi elles qui ont encore besoin d\u2019une prise en charge m\u00e9dicale urgente ou se retrouvent pi\u00e9g\u00e9es dans des situations tr\u00e8s pr\u00e9caires. \u00ab\u00a0<em>Les victimes ont vot\u00e9 pour eux, ils devraient faire de notre situation une priorit\u00e9, mais non\u00a0! Il (Barrow) nous a juste dit qu\u2019en Gambie, tout le monde est victime<\/em>\u00a0\u00bb, se f\u00e2che Ayesha, dont le p\u00e8re a \u00e9t\u00e9 tu\u00e9 par l\u2019ancien r\u00e9gime.<\/p>\n<p>\u00ab\u00a0<em>En disant que tout le monde est victime, c\u2019est comme s\u2019il n\u2019y a pas de victime en r\u00e9alit\u00e9. Et la semaine derni\u00e8re, il ose nous envoyer un calendrier et un bulletin d\u2019informations. Nous avons dit au coursier que nous n\u2019allons pas accrocher ce calendrier<\/em>\u00a0\u00bb, rench\u00e9rit Zeynab Lowe.<\/p>\n<p>Parmi les cas vuln\u00e9rables qui pr\u00e9occupent les porte-voix des victimes, il y a surtout ceux d\u2019avril 2001,\u00a0\u00a0qui lors d\u2019une manifestation d\u2019\u00e9tudiants avaient \u00e9t\u00e9 sauvagement r\u00e9prim\u00e9s. \u00ab\u00a0<em>Depuis ils n\u2019ont jamais b\u00e9n\u00e9fici\u00e9 de prise en charge m\u00e9dicale cons\u00e9quente. Certains d\u2019ailleurs tra\u00eenent encore des balles dans le corps <\/em>\u00bb, plaide-t-on au Centre.\u00a0<\/p>\n<p>A ces victimes de 2001, la Turquie a promis une prise en charge gratuite sur son territoire. Mais la Gambie devrait fournir les billets d\u2019avion. Cela fait des mois qu\u2019elles attendent\u2026<\/p>\n<h3><strong><em>\u00ab\u00a0Nous sommes abandonn\u00e9s\u00a0\u00bb<\/em><\/strong><\/h3>\n<p>Toutes choses qui font dire aux victimes qu\u2019elles sont \u00ab\u00a0trahies\u00a0\u00bb par le nouveau gouvernement. C\u2019est d\u2019ailleurs la manchette d\u2019un journal local le jeudi 22 mars 2018. \u00ab<em>\u00a0Nous sommes tr\u00e8s d\u00e9\u00e7us par ce gouvernement en ce qui concerne les changements que esp\u00e9rions<\/em>\u00a0\u00bb, s\u2019est exclam\u00e9, dans les colonnes de <em>The Standard<\/em>, Sheriff Kijera, porte-parole par int\u00e9rim du Centre des Victimes.\u00a0<\/p>\n<p>\u00ab\u00a0<em>Les membres du gouvernement semblent nous avoir oubli\u00e9es, nous les victimes. Ousainou Darboe (ndlr\u00a0: ex-prisonnier politique aujourd\u2019hui ministre des Affaires \u00e9trang\u00e8res) et Amadou Sanneh (ndrl\u00a0: ex-prisonnier politique, aujourd\u2019hui ministre en charge des Finances) sont tous deux des victimes, mais aucun d\u2019eux n\u2019a mis pied au Centre des victimes pour nous apporter leur solidarit\u00e9<\/em>\u00a0\u00bb, a relev\u00e9 Sheriff Kijera.\u00a0<\/p>\n<p>Il a surtout marqu\u00e9 sa d\u00e9sapprobation suite aux propos tenus, quelques jours plus t\u00f4t, par le ministre en charge de l\u2019Agriculture, Omar Jallow, tendant \u00e0 faire croire que la Gambie n\u2019avait pas besoin d\u2019une Commission V\u00e9rit\u00e9 Justice et R\u00e9conciliation et R\u00e9paration. Ce ministre du gouvernement Barrow se dit m\u00eame pr\u00eat \u00e0 pardonner \u00e0 Jammeh et ne souhaite pas le voir traduit devant les tribunaux. \u00ab<em>\u00a0Ce sont des propos tr\u00e8s \u00e9go\u00efstes d\u2019une personne responsable. Je pense que nous sommes abandonn\u00e9s par quelques figures du gouvernement\u00a0<\/em>\u00bb, a r\u00e9agi M. Kijera.\u00a0<\/p>\n<p>Mettre fin \u00e0 l\u2019exil dor\u00e9 de Yaya Jammeh en Guin\u00e9e Equatoriale et le voir, lui et ses affid\u00e9s r\u00e9pondre de leurs crimes en justice, c\u2019est le combat des victimes. Un combat qui s\u2019annonce ardu.\u00a0<\/p>\n","protected":false},"excerpt":{"rendered":"<p>En Gambie, apr\u00e8s plus d\u2019un an d\u2019exercice du nouveau gouvernement les victimes de l\u2019ancien r\u00e9gime commencent d\u00e9sormais par s\u2019impatienter. Et ne supportent plus le peu d\u2019attention que l\u2019administration Barrow leur accorde. D\u00e9j\u00e0, elles se disent \u00ab\u00a0d\u00e9\u00e7ues. \u00bb\u00a0<\/p>\n","protected":false},"author":64,"featured_media":67728,"comment_status":"open","ping_status":"closed","sticky":false,"template":"","format":"standard","meta":{"_acf_changed":false,"footnotes":""},"categories":[556],"tags":[],"ji_location":[2508],"class_list":["post-37005","post","type-post","status-publish","format-standard","has-post-thumbnail","hentry","category-divers","ji_location-gambie"],"acf":[],"yoast_head":"<!-- This site is optimized with the Yoast SEO Premium plugin v25.3.1 (Yoast SEO v25.3.1) - https:\/\/yoast.com\/wordpress\/plugins\/seo\/ -->\n<title>Gambie : les victimes de la dictature Jammeh se disent ignor\u00e9es par le nouveau Pr\u00e9sident - JusticeInfo.net<\/title>\n<meta name=\"description\" content=\"Gambie : les victimes de la dictature Jammeh se disent ignor\u00e9es par le nouveau Pr\u00e9sident\" \/>\n<meta name=\"robots\" content=\"index, follow, max-snippet:-1, max-image-preview:large, max-video-preview:-1\" \/>\n<link rel=\"canonical\" href=\"https:\/\/www.justiceinfo.net\/fr\/37005-gambie-les-victimes-de-jammeh-decues-par-le-gouvernement-barrow.html\" \/>\n<meta property=\"og:locale\" content=\"fr_FR\" \/>\n<meta property=\"og:type\" content=\"article\" \/>\n<meta property=\"og:title\" content=\"Gambie : les victimes de la dictature Jammeh se disent ignor\u00e9es par le nouveau Pr\u00e9sident\" \/>\n<meta property=\"og:description\" content=\"Gambie : les victimes de la dictature Jammeh se disent ignor\u00e9es par le nouveau Pr\u00e9sident\" \/>\n<meta property=\"og:url\" content=\"https:\/\/www.justiceinfo.net\/fr\/37005-gambie-les-victimes-de-jammeh-decues-par-le-gouvernement-barrow.html\" \/>\n<meta property=\"og:site_name\" content=\"JusticeInfo.net\" \/>\n<meta property=\"article:publisher\" content=\"https:\/\/www.facebook.com\/JusticeInfo\/\" \/>\n<meta property=\"article:published_time\" content=\"2018-04-05T09:25:10+00:00\" \/>\n<meta property=\"og:image\" content=\"https:\/\/www.justiceinfo.net\/wp-content\/uploads\/b852e9a8522e1e12726d039f869f2fb5.jpg\" \/>\n\t<meta property=\"og:image:width\" content=\"1024\" \/>\n\t<meta property=\"og:image:height\" content=\"768\" \/>\n\t<meta property=\"og:image:type\" content=\"image\/jpeg\" \/>\n<meta name=\"author\" content=\"Maxime Domegni\" \/>\n<meta name=\"twitter:card\" content=\"summary_large_image\" \/>\n<meta name=\"twitter:creator\" content=\"@justiceinfonet\" \/>\n<meta name=\"twitter:site\" content=\"@justiceinfonet\" \/>\n<meta name=\"twitter:label1\" content=\"\u00c9crit par\" \/>\n\t<meta name=\"twitter:data1\" content=\"Maxime Domegni\" \/>\n\t<meta name=\"twitter:label2\" content=\"Dur\u00e9e de lecture estim\u00e9e\" \/>\n\t<meta name=\"twitter:data2\" content=\"5 minutes\" \/>\n<script type=\"application\/ld+json\" class=\"yoast-schema-graph\">{\"@context\":\"https:\/\/schema.org\",\"@graph\":[{\"@type\":\"NewsArticle\",\"@id\":\"https:\/\/www.justiceinfo.net\/fr\/37005-gambie-les-victimes-de-jammeh-decues-par-le-gouvernement-barrow.html#article\",\"isPartOf\":{\"@id\":\"https:\/\/www.justiceinfo.net\/fr\/37005-gambie-les-victimes-de-jammeh-decues-par-le-gouvernement-barrow.html\"},\"author\":{\"name\":\"solivri\",\"@id\":\"https:\/\/www.justiceinfo.net\/fr#\/schema\/person\/6e53cba1629e2e66f3fc1821d3091865\"},\"headline\":\"Gambie : les victimes de la dictature Jammeh se disent ignor\u00e9es par le nouveau Pr\u00e9sident\",\"datePublished\":\"2018-04-05T09:25:10+00:00\",\"mainEntityOfPage\":{\"@id\":\"https:\/\/www.justiceinfo.net\/fr\/37005-gambie-les-victimes-de-jammeh-decues-par-le-gouvernement-barrow.html\"},\"wordCount\":1105,\"commentCount\":0,\"publisher\":{\"@id\":\"https:\/\/www.justiceinfo.net\/fr#organization\"},\"image\":{\"@id\":\"https:\/\/www.justiceinfo.net\/fr\/37005-gambie-les-victimes-de-jammeh-decues-par-le-gouvernement-barrow.html#primaryimage\"},\"thumbnailUrl\":\"https:\/\/www.justiceinfo.net\/wp-content\/uploads\/b852e9a8522e1e12726d039f869f2fb5.jpg\",\"articleSection\":[\"Divers\"],\"inLanguage\":\"fr-FR\",\"potentialAction\":[{\"@type\":\"CommentAction\",\"name\":\"Comment\",\"target\":[\"https:\/\/www.justiceinfo.net\/fr\/37005-gambie-les-victimes-de-jammeh-decues-par-le-gouvernement-barrow.html#respond\"]}]},{\"@type\":\"WebPage\",\"@id\":\"https:\/\/www.justiceinfo.net\/fr\/37005-gambie-les-victimes-de-jammeh-decues-par-le-gouvernement-barrow.html\",\"url\":\"https:\/\/www.justiceinfo.net\/fr\/37005-gambie-les-victimes-de-jammeh-decues-par-le-gouvernement-barrow.html\",\"name\":\"Gambie : les victimes de la dictature Jammeh se disent ignor\u00e9es par le nouveau Pr\u00e9sident - JusticeInfo.net\",\"isPartOf\":{\"@id\":\"https:\/\/www.justiceinfo.net\/fr#website\"},\"primaryImageOfPage\":{\"@id\":\"https:\/\/www.justiceinfo.net\/fr\/37005-gambie-les-victimes-de-jammeh-decues-par-le-gouvernement-barrow.html#primaryimage\"},\"image\":{\"@id\":\"https:\/\/www.justiceinfo.net\/fr\/37005-gambie-les-victimes-de-jammeh-decues-par-le-gouvernement-barrow.html#primaryimage\"},\"thumbnailUrl\":\"https:\/\/www.justiceinfo.net\/wp-content\/uploads\/b852e9a8522e1e12726d039f869f2fb5.jpg\",\"datePublished\":\"2018-04-05T09:25:10+00:00\",\"description\":\"Gambie : les victimes de la dictature Jammeh se disent ignor\u00e9es par le nouveau Pr\u00e9sident\",\"breadcrumb\":{\"@id\":\"https:\/\/www.justiceinfo.net\/fr\/37005-gambie-les-victimes-de-jammeh-decues-par-le-gouvernement-barrow.html#breadcrumb\"},\"inLanguage\":\"fr-FR\",\"potentialAction\":[{\"@type\":\"ReadAction\",\"target\":[\"https:\/\/www.justiceinfo.net\/fr\/37005-gambie-les-victimes-de-jammeh-decues-par-le-gouvernement-barrow.html\"]}]},{\"@type\":\"ImageObject\",\"inLanguage\":\"fr-FR\",\"@id\":\"https:\/\/www.justiceinfo.net\/fr\/37005-gambie-les-victimes-de-jammeh-decues-par-le-gouvernement-barrow.html#primaryimage\",\"url\":\"https:\/\/www.justiceinfo.net\/wp-content\/uploads\/b852e9a8522e1e12726d039f869f2fb5.jpg\",\"contentUrl\":\"https:\/\/www.justiceinfo.net\/wp-content\/uploads\/b852e9a8522e1e12726d039f869f2fb5.jpg\",\"width\":2500,\"height\":1875},{\"@type\":\"BreadcrumbList\",\"@id\":\"https:\/\/www.justiceinfo.net\/fr\/37005-gambie-les-victimes-de-jammeh-decues-par-le-gouvernement-barrow.html#breadcrumb\",\"itemListElement\":[{\"@type\":\"ListItem\",\"position\":1,\"name\":\"Home\",\"item\":\"https:\/\/www.justiceinfo.net\/fr\"},{\"@type\":\"ListItem\",\"position\":2,\"name\":\"Gambie : les victimes de la dictature Jammeh se disent ignor\u00e9es par le nouveau Pr\u00e9sident\"}]},{\"@type\":\"WebSite\",\"@id\":\"https:\/\/www.justiceinfo.net\/fr#website\",\"url\":\"https:\/\/www.justiceinfo.net\/fr\",\"name\":\"JusticeInfo.net\",\"description\":\"La justice doit \u00eatre vue pour \u00eatre rendue\",\"publisher\":{\"@id\":\"https:\/\/www.justiceinfo.net\/fr#organization\"},\"potentialAction\":[{\"@type\":\"SearchAction\",\"target\":{\"@type\":\"EntryPoint\",\"urlTemplate\":\"https:\/\/www.justiceinfo.net\/fr?s={search_term_string}\"},\"query-input\":{\"@type\":\"PropertyValueSpecification\",\"valueRequired\":true,\"valueName\":\"search_term_string\"}}],\"inLanguage\":\"fr-FR\"},{\"@type\":\"Organization\",\"@id\":\"https:\/\/www.justiceinfo.net\/fr#organization\",\"name\":\"Justice Info\",\"url\":\"https:\/\/www.justiceinfo.net\/fr\",\"logo\":{\"@type\":\"ImageObject\",\"inLanguage\":\"fr-FR\",\"@id\":\"https:\/\/www.justiceinfo.net\/fr#\/schema\/logo\/image\/\",\"url\":\"https:\/\/www.justiceinfo.net\/wp-content\/uploads\/justiceinfo_logo-trans_1200x1200px.png\",\"contentUrl\":\"https:\/\/www.justiceinfo.net\/wp-content\/uploads\/justiceinfo_logo-trans_1200x1200px.png\",\"width\":1199,\"height\":1200,\"caption\":\"Justice Info\"},\"image\":{\"@id\":\"https:\/\/www.justiceinfo.net\/fr#\/schema\/logo\/image\/\"},\"sameAs\":[\"https:\/\/www.facebook.com\/JusticeInfo\/\",\"https:\/\/x.com\/justiceinfonet\",\"https:\/\/www.linkedin.com\/company\/justice-info\",\"https:\/\/www.youtube.com\/channel\/UCyCEsARodyuWtkWyhn-e7pA\"]},{\"@type\":\"Person\",\"name\":\"Maxime Domegni\",\"url\":\"\/fr\/?s=Maxime Domegni\"}]}<\/script>\n<!-- \/ Yoast SEO Premium plugin. -->","yoast_head_json":{"title":"Gambie : les victimes de la dictature Jammeh se disent ignor\u00e9es par le nouveau Pr\u00e9sident - JusticeInfo.net","description":"Gambie : les victimes de la dictature Jammeh se disent ignor\u00e9es par le nouveau Pr\u00e9sident","robots":{"index":"index","follow":"follow","max-snippet":"max-snippet:-1","max-image-preview":"max-image-preview:large","max-video-preview":"max-video-preview:-1"},"canonical":"https:\/\/www.justiceinfo.net\/fr\/37005-gambie-les-victimes-de-jammeh-decues-par-le-gouvernement-barrow.html","og_locale":"fr_FR","og_type":"article","og_title":"Gambie : les victimes de la dictature Jammeh se disent ignor\u00e9es par le nouveau Pr\u00e9sident","og_description":"Gambie : les victimes de la dictature Jammeh se disent ignor\u00e9es par le nouveau Pr\u00e9sident","og_url":"https:\/\/www.justiceinfo.net\/fr\/37005-gambie-les-victimes-de-jammeh-decues-par-le-gouvernement-barrow.html","og_site_name":"JusticeInfo.net","article_publisher":"https:\/\/www.facebook.com\/JusticeInfo\/","article_published_time":"2018-04-05T09:25:10+00:00","og_image":[{"url":"https:\/\/www.justiceinfo.net\/wp-content\/uploads\/b852e9a8522e1e12726d039f869f2fb5.jpg","width":1024,"height":768,"type":"image\/jpeg"}],"author":"Maxime Domegni","twitter_card":"summary_large_image","twitter_creator":"@justiceinfonet","twitter_site":"@justiceinfonet","twitter_misc":{"\u00c9crit par":"Maxime Domegni","Dur\u00e9e de lecture estim\u00e9e":"5 minutes"},"schema":{"@context":"https:\/\/schema.org","@graph":[{"@type":"NewsArticle","@id":"https:\/\/www.justiceinfo.net\/fr\/37005-gambie-les-victimes-de-jammeh-decues-par-le-gouvernement-barrow.html#article","isPartOf":{"@id":"https:\/\/www.justiceinfo.net\/fr\/37005-gambie-les-victimes-de-jammeh-decues-par-le-gouvernement-barrow.html"},"author":{"name":"solivri","@id":"https:\/\/www.justiceinfo.net\/fr#\/schema\/person\/6e53cba1629e2e66f3fc1821d3091865"},"headline":"Gambie : les victimes de la dictature Jammeh se disent ignor\u00e9es par le nouveau Pr\u00e9sident","datePublished":"2018-04-05T09:25:10+00:00","mainEntityOfPage":{"@id":"https:\/\/www.justiceinfo.net\/fr\/37005-gambie-les-victimes-de-jammeh-decues-par-le-gouvernement-barrow.html"},"wordCount":1105,"commentCount":0,"publisher":{"@id":"https:\/\/www.justiceinfo.net\/fr#organization"},"image":{"@id":"https:\/\/www.justiceinfo.net\/fr\/37005-gambie-les-victimes-de-jammeh-decues-par-le-gouvernement-barrow.html#primaryimage"},"thumbnailUrl":"https:\/\/www.justiceinfo.net\/wp-content\/uploads\/b852e9a8522e1e12726d039f869f2fb5.jpg","articleSection":["Divers"],"inLanguage":"fr-FR","potentialAction":[{"@type":"CommentAction","name":"Comment","target":["https:\/\/www.justiceinfo.net\/fr\/37005-gambie-les-victimes-de-jammeh-decues-par-le-gouvernement-barrow.html#respond"]}]},{"@type":"WebPage","@id":"https:\/\/www.justiceinfo.net\/fr\/37005-gambie-les-victimes-de-jammeh-decues-par-le-gouvernement-barrow.html","url":"https:\/\/www.justiceinfo.net\/fr\/37005-gambie-les-victimes-de-jammeh-decues-par-le-gouvernement-barrow.html","name":"Gambie : les victimes de la dictature Jammeh se disent ignor\u00e9es par le nouveau Pr\u00e9sident - JusticeInfo.net","isPartOf":{"@id":"https:\/\/www.justiceinfo.net\/fr#website"},"primaryImageOfPage":{"@id":"https:\/\/www.justiceinfo.net\/fr\/37005-gambie-les-victimes-de-jammeh-decues-par-le-gouvernement-barrow.html#primaryimage"},"image":{"@id":"https:\/\/www.justiceinfo.net\/fr\/37005-gambie-les-victimes-de-jammeh-decues-par-le-gouvernement-barrow.html#primaryimage"},"thumbnailUrl":"https:\/\/www.justiceinfo.net\/wp-content\/uploads\/b852e9a8522e1e12726d039f869f2fb5.jpg","datePublished":"2018-04-05T09:25:10+00:00","description":"Gambie : les victimes de la dictature Jammeh se disent ignor\u00e9es par le nouveau Pr\u00e9sident","breadcrumb":{"@id":"https:\/\/www.justiceinfo.net\/fr\/37005-gambie-les-victimes-de-jammeh-decues-par-le-gouvernement-barrow.html#breadcrumb"},"inLanguage":"fr-FR","potentialAction":[{"@type":"ReadAction","target":["https:\/\/www.justiceinfo.net\/fr\/37005-gambie-les-victimes-de-jammeh-decues-par-le-gouvernement-barrow.html"]}]},{"@type":"ImageObject","inLanguage":"fr-FR","@id":"https:\/\/www.justiceinfo.net\/fr\/37005-gambie-les-victimes-de-jammeh-decues-par-le-gouvernement-barrow.html#primaryimage","url":"https:\/\/www.justiceinfo.net\/wp-content\/uploads\/b852e9a8522e1e12726d039f869f2fb5.jpg","contentUrl":"https:\/\/www.justiceinfo.net\/wp-content\/uploads\/b852e9a8522e1e12726d039f869f2fb5.jpg","width":2500,"height":1875},{"@type":"BreadcrumbList","@id":"https:\/\/www.justiceinfo.net\/fr\/37005-gambie-les-victimes-de-jammeh-decues-par-le-gouvernement-barrow.html#breadcrumb","itemListElement":[{"@type":"ListItem","position":1,"name":"Home","item":"https:\/\/www.justiceinfo.net\/fr"},{"@type":"ListItem","position":2,"name":"Gambie : les victimes de la dictature Jammeh se disent ignor\u00e9es par le nouveau Pr\u00e9sident"}]},{"@type":"WebSite","@id":"https:\/\/www.justiceinfo.net\/fr#website","url":"https:\/\/www.justiceinfo.net\/fr","name":"JusticeInfo.net","description":"La justice doit \u00eatre vue pour \u00eatre rendue","publisher":{"@id":"https:\/\/www.justiceinfo.net\/fr#organization"},"potentialAction":[{"@type":"SearchAction","target":{"@type":"EntryPoint","urlTemplate":"https:\/\/www.justiceinfo.net\/fr?s={search_term_string}"},"query-input":{"@type":"PropertyValueSpecification","valueRequired":true,"valueName":"search_term_string"}}],"inLanguage":"fr-FR"},{"@type":"Organization","@id":"https:\/\/www.justiceinfo.net\/fr#organization","name":"Justice Info","url":"https:\/\/www.justiceinfo.net\/fr","logo":{"@type":"ImageObject","inLanguage":"fr-FR","@id":"https:\/\/www.justiceinfo.net\/fr#\/schema\/logo\/image\/","url":"https:\/\/www.justiceinfo.net\/wp-content\/uploads\/justiceinfo_logo-trans_1200x1200px.png","contentUrl":"https:\/\/www.justiceinfo.net\/wp-content\/uploads\/justiceinfo_logo-trans_1200x1200px.png","width":1199,"height":1200,"caption":"Justice Info"},"image":{"@id":"https:\/\/www.justiceinfo.net\/fr#\/schema\/logo\/image\/"},"sameAs":["https:\/\/www.facebook.com\/JusticeInfo\/","https:\/\/x.com\/justiceinfonet","https:\/\/www.linkedin.com\/company\/justice-info","https:\/\/www.youtube.com\/channel\/UCyCEsARodyuWtkWyhn-e7pA"]},{"@type":"Person","name":"Maxime Domegni","url":"\/fr\/?s=Maxime Domegni"}]}},"_links":{"self":[{"href":"https:\/\/www.justiceinfo.net\/fr\/wp-json\/wp\/v2\/posts\/37005","targetHints":{"allow":["GET"]}}],"collection":[{"href":"https:\/\/www.justiceinfo.net\/fr\/wp-json\/wp\/v2\/posts"}],"about":[{"href":"https:\/\/www.justiceinfo.net\/fr\/wp-json\/wp\/v2\/types\/post"}],"author":[{"embeddable":true,"href":"https:\/\/www.justiceinfo.net\/fr\/wp-json\/wp\/v2\/users\/64"}],"replies":[{"embeddable":true,"href":"https:\/\/www.justiceinfo.net\/fr\/wp-json\/wp\/v2\/comments?post=37005"}],"version-history":[{"count":0,"href":"https:\/\/www.justiceinfo.net\/fr\/wp-json\/wp\/v2\/posts\/37005\/revisions"}],"wp:featuredmedia":[{"embeddable":true,"href":"https:\/\/www.justiceinfo.net\/fr\/wp-json\/wp\/v2\/media\/67728"}],"wp:attachment":[{"href":"https:\/\/www.justiceinfo.net\/fr\/wp-json\/wp\/v2\/media?parent=37005"}],"wp:term":[{"taxonomy":"category","embeddable":true,"href":"https:\/\/www.justiceinfo.net\/fr\/wp-json\/wp\/v2\/categories?post=37005"},{"taxonomy":"post_tag","embeddable":true,"href":"https:\/\/www.justiceinfo.net\/fr\/wp-json\/wp\/v2\/tags?post=37005"},{"taxonomy":"ji_location","embeddable":true,"href":"https:\/\/www.justiceinfo.net\/fr\/wp-json\/wp\/v2\/ji_location?post=37005"}],"curies":[{"name":"wp","href":"https:\/\/api.w.org\/{rel}","templated":true}]}}