{"id":3703,"date":"2008-04-15T06:47:34","date_gmt":"2008-04-15T04:47:34","guid":{"rendered":"https:\/\/www.justiceinfo.net\/3703-140408-tpirpresse-les-medias-africains-appeles-a-etre-des-catalyseurs-du-developpement493.html"},"modified":"2008-04-15T06:47:34","modified_gmt":"2008-04-15T04:47:34","slug":"140408-tpirpresse-les-medias-africains-appeles-a-etre-des-catalyseurs-du-developpement493","status":"publish","type":"post","link":"https:\/\/www.justiceinfo.net\/fr\/3703-140408-tpirpresse-les-medias-africains-appeles-a-etre-des-catalyseurs-du-developpement493.html","title":{"rendered":"14.04.08 - TPIR\/PRESSE - LES MEDIAS AFRICAINS APPELES A ETRE DES CATALYSEURS DU DEVELOPPEMENT"},"content":{"rendered":"<p  >\nArusha, 14 avril 2008 (FH)- Les m\u00e9dias africains devraient tirer profit de l\u2019exp\u00e9rience rwandaise en se gardant d\u2019inciter \u00e0 la haine ethnique comme ce fut le cas lors du g\u00e9nocide des Tutsis en 1994.  <\/p>\n<p>La presse du continent devrait en revanche servir de catalyseur du d\u00e9veloppement.\n<\/p>\n<p><!--more--><\/p>\n<p  >\nCet appel a \u00e9t\u00e9 lanc\u00e9 par le porte-parole du Tribunal p\u00e9nal international pour le Rwanda (TPIR) lors d\u2019un s\u00e9minaire sur le r\u00f4le des m\u00e9dias des pays d\u2019Afrique de l\u2019est dans la pr\u00e9vention et la r\u00e9solution des conflits, organis\u00e9 \u00e0 Dar es salaam vendredi dernier. <\/p>\n<p>Roland Amoussouga a indiqu\u00e9 que pour \u00e9viter la r\u00e9p\u00e9tition de ce qui s\u2019est pass\u00e9 au Rwanda en 1994, les m\u00e9dias doivent avoir le courage de dire non \u00e0 toute forme de haine ou discrimination bas\u00e9es sur l\u2019ethnie, le sexe ou la religion. Il a rappel\u00e9 \u00e0 l\u2019assistance compos\u00e9e de r\u00e9dacteurs en chefs et de directeurs ou propri\u00e9taires de publications que trois anciens dirigeants de la presse rwandaise ont \u00e9t\u00e9 jug\u00e9s et condamn\u00e9s par le TPIR. <\/p>\n<p>\u00ab Il a \u00e9t\u00e9 prouv\u00e9 devant la chambre que les dirigeants des m\u00e9dias, usant de leur pouvoir, ont incit\u00e9 aux massacres de Tutsis et de Hutus mod\u00e9r\u00e9s par le bais de leurs organes de presse\u2026 Ce qui a \u00e9t\u00e9 diss\u00e9min\u00e9  \u00e0 travers la radio, la t\u00e9l\u00e9vision (sic) et les journaux \u00e9taient des mots comparables \u00e0 des cartouches dans un fusil \u00bb,  a expliqu\u00e9 Amoussouga. <\/p>\n<p>Dans le proc\u00e8s dit \u00ab M\u00e9dias \u00bb, le TPIR a condamn\u00e9 Jean-Bosco Barayagwiza et Ferdinand Nahimana, membres du comit\u00e9 d\u2019initiative de la Radio-t\u00e9l\u00e9vision libre des mille collines (RTLM) \u00e0 32 et 30 ans de prison respectivement et Hassan Ngeze, directeur et r\u00e9dacteur en chef de la revue Kangura, \u00e0 35 ans. <\/p>\n<p>Le g\u00e9nocide, les crimes contre l\u2019humanit\u00e9, les crimes \u00e9conomiques comme la corruption et la mauvaise gouvernance se d\u00e9veloppent secr\u00e8tement, a poursuivi Amoussouga. \u00ab Quand la presse joue un r\u00f4le actif dans la justification de tels crimes et incite \u00e0 les commettre, le r\u00e9sultat est plus tragique, comme ce fut le cas au Rwanda en 1994 \u00bb, a-t-il indiqu\u00e9. <\/p>\n<p>Il a par la suite plaid\u00e9 en faveur d\u2019une presse libre et ind\u00e9pendante qui joue pleinement son r\u00f4le d\u2019information du public et qui contribue \u00e0 le dissuader \u00e0 continuer \u00e0 penser que la corruption, la mauvaise gouvernance et autres malversations sont in\u00e9vitables et que les personnes investies d\u2019une certaine autorit\u00e9 dans notre soci\u00e9t\u00e9 ne doivent pas faire l\u2019objet d\u2019investigations. <\/p>\n<p>Il a ajout\u00e9 que \u00ab des institutions faibles dans plusieurs pays africains ont renforc\u00e9 la culture de l\u2019impunit\u00e9 surtout dans des r\u00e9gimes dictatoriaux qui feront tout pour s\u2019accrocher au pouvoir \u00bb. <\/p>\n<p>L\u2019existence du TPIR, a-t-il avanc\u00e9,  a contribu\u00e9 au d\u00e9nouement heureux des crises politiques en R\u00e9publique d\u00e9mocratique du Congo (RDC), au Burundi et plus r\u00e9cemment au Kenya. <\/p>\n<p>Selon lui, les m\u00e9dias doivent comprendre que l\u2019impact d\u2019un conflit dans un pays est ressenti chez ses voisins, cr\u00e9ant des tensions inutiles aux fronti\u00e8res et dans la r\u00e9gion notamment des perturbations aux niveaux \u00e9conomique et social. <\/p>\n<p>Cr\u00e9\u00e9 en novembre 1994, le TPIR a d\u00e9j\u00e0 jug\u00e9 35 personnes. 5 d\u2019entre elles ont \u00e9t\u00e9 acquitt\u00e9es. Sur un total de 92 individus mis en accusation, 79 ont \u00e9t\u00e9 d\u00e9j\u00e0 arr\u00eat\u00e9s. La juridiction termine ses proc\u00e8s en premi\u00e8re instance \u00e0 la fin de l\u2019ann\u00e9e et ceux en appel en 2010. <\/p>\n<p>SC\/AT\/GF<\/p>\n","protected":false},"excerpt":{"rendered":"<p>Arusha, 14 avril 2008 (FH)- Les m\u00e9dias africains devraient tirer profit de l\u2019exp\u00e9rience rwandaise en se gardant d\u2019inciter \u00e0 la haine ethnique comme ce fut le cas lors du g\u00e9nocide des Tutsis en 1994. La presse du continent devrait en revanche servir de catalyseur du d\u00e9veloppement.<\/p>\n","protected":false},"author":64,"featured_media":0,"comment_status":"open","ping_status":"closed","sticky":false,"template":"","format":"standard","meta":{"_acf_changed":false,"footnotes":""},"categories":[554],"tags":[],"ji_location":[],"class_list":["post-3703","post","type-post","status-publish","format-standard","hentry","category-hirondellenews"],"acf":[],"yoast_head":"<!-- This site is optimized with the Yoast SEO Premium plugin v25.3.1 (Yoast SEO v25.3.1) - https:\/\/yoast.com\/wordpress\/plugins\/seo\/ -->\n<title>14.04.08 - TPIR\/PRESSE - LES MEDIAS AFRICAINS APPELES A ETRE DES CATALYSEURS DU DEVELOPPEMENT - JusticeInfo.net<\/title>\n<meta name=\"robots\" content=\"index, follow, max-snippet:-1, max-image-preview:large, max-video-preview:-1\" \/>\n<link rel=\"canonical\" href=\"https:\/\/www.justiceinfo.net\/fr\/3703-140408-tpirpresse-les-medias-africains-appeles-a-etre-des-catalyseurs-du-developpement493.html\" \/>\n<meta property=\"og:locale\" content=\"fr_FR\" \/>\n<meta property=\"og:type\" content=\"article\" \/>\n<meta property=\"og:title\" content=\"14.04.08 - TPIR\/PRESSE - LES MEDIAS AFRICAINS APPELES A ETRE DES CATALYSEURS DU DEVELOPPEMENT\" \/>\n<meta property=\"og:description\" content=\"Arusha, 14 avril 2008 (FH)- Les m\u00e9dias africains devraient tirer profit de l\u2019exp\u00e9rience rwandaise en se gardant d\u2019inciter \u00e0 la haine ethnique comme ce fut le cas lors du g\u00e9nocide des Tutsis en 1994. La presse du continent devrait en revanche servir de catalyseur du d\u00e9veloppement.\" \/>\n<meta property=\"og:url\" content=\"https:\/\/www.justiceinfo.net\/fr\/3703-140408-tpirpresse-les-medias-africains-appeles-a-etre-des-catalyseurs-du-developpement493.html\" \/>\n<meta property=\"og:site_name\" content=\"JusticeInfo.net\" \/>\n<meta property=\"article:publisher\" content=\"https:\/\/www.facebook.com\/JusticeInfo\/\" \/>\n<meta property=\"article:published_time\" content=\"2008-04-15T04:47:34+00:00\" \/>\n<meta property=\"og:image\" content=\"https:\/\/www.justiceinfo.net\/wp-content\/uploads\/JusticeInfoNet_logo_1200x630px.jpg\" \/>\n\t<meta property=\"og:image:width\" content=\"1200\" \/>\n\t<meta property=\"og:image:height\" content=\"630\" \/>\n\t<meta property=\"og:image:type\" content=\"image\/jpeg\" \/>\n<meta name=\"author\" content=\"solivri\" \/>\n<meta name=\"twitter:card\" content=\"summary_large_image\" \/>\n<meta name=\"twitter:creator\" content=\"@justiceinfonet\" \/>\n<meta name=\"twitter:site\" content=\"@justiceinfonet\" \/>\n<meta name=\"twitter:label1\" content=\"\u00c9crit par\" \/>\n\t<meta name=\"twitter:data1\" content=\"solivri\" \/>\n\t<meta name=\"twitter:label2\" content=\"Dur\u00e9e de lecture estim\u00e9e\" \/>\n\t<meta name=\"twitter:data2\" content=\"3 minutes\" \/>\n<script type=\"application\/ld+json\" class=\"yoast-schema-graph\">{\"@context\":\"https:\/\/schema.org\",\"@graph\":[{\"@type\":\"NewsArticle\",\"@id\":\"https:\/\/www.justiceinfo.net\/fr\/3703-140408-tpirpresse-les-medias-africains-appeles-a-etre-des-catalyseurs-du-developpement493.html#article\",\"isPartOf\":{\"@id\":\"https:\/\/www.justiceinfo.net\/fr\/3703-140408-tpirpresse-les-medias-africains-appeles-a-etre-des-catalyseurs-du-developpement493.html\"},\"author\":{\"name\":\"solivri\",\"@id\":\"https:\/\/www.justiceinfo.net\/fr#\/schema\/person\/6e53cba1629e2e66f3fc1821d3091865\"},\"headline\":\"14.04.08 - TPIR\/PRESSE - LES MEDIAS AFRICAINS APPELES A ETRE DES CATALYSEURS DU DEVELOPPEMENT\",\"datePublished\":\"2008-04-15T04:47:34+00:00\",\"mainEntityOfPage\":{\"@id\":\"https:\/\/www.justiceinfo.net\/fr\/3703-140408-tpirpresse-les-medias-africains-appeles-a-etre-des-catalyseurs-du-developpement493.html\"},\"wordCount\":601,\"commentCount\":0,\"publisher\":{\"@id\":\"https:\/\/www.justiceinfo.net\/fr#organization\"},\"articleSection\":[\"Hirondelle News\"],\"inLanguage\":\"fr-FR\",\"potentialAction\":[{\"@type\":\"CommentAction\",\"name\":\"Comment\",\"target\":[\"https:\/\/www.justiceinfo.net\/fr\/3703-140408-tpirpresse-les-medias-africains-appeles-a-etre-des-catalyseurs-du-developpement493.html#respond\"]}]},{\"@type\":\"WebPage\",\"@id\":\"https:\/\/www.justiceinfo.net\/fr\/3703-140408-tpirpresse-les-medias-africains-appeles-a-etre-des-catalyseurs-du-developpement493.html\",\"url\":\"https:\/\/www.justiceinfo.net\/fr\/3703-140408-tpirpresse-les-medias-africains-appeles-a-etre-des-catalyseurs-du-developpement493.html\",\"name\":\"14.04.08 - TPIR\/PRESSE - LES MEDIAS AFRICAINS APPELES A ETRE DES CATALYSEURS DU DEVELOPPEMENT - JusticeInfo.net\",\"isPartOf\":{\"@id\":\"https:\/\/www.justiceinfo.net\/fr#website\"},\"datePublished\":\"2008-04-15T04:47:34+00:00\",\"breadcrumb\":{\"@id\":\"https:\/\/www.justiceinfo.net\/fr\/3703-140408-tpirpresse-les-medias-africains-appeles-a-etre-des-catalyseurs-du-developpement493.html#breadcrumb\"},\"inLanguage\":\"fr-FR\",\"potentialAction\":[{\"@type\":\"ReadAction\",\"target\":[\"https:\/\/www.justiceinfo.net\/fr\/3703-140408-tpirpresse-les-medias-africains-appeles-a-etre-des-catalyseurs-du-developpement493.html\"]}]},{\"@type\":\"BreadcrumbList\",\"@id\":\"https:\/\/www.justiceinfo.net\/fr\/3703-140408-tpirpresse-les-medias-africains-appeles-a-etre-des-catalyseurs-du-developpement493.html#breadcrumb\",\"itemListElement\":[{\"@type\":\"ListItem\",\"position\":1,\"name\":\"Home\",\"item\":\"https:\/\/www.justiceinfo.net\/fr\"},{\"@type\":\"ListItem\",\"position\":2,\"name\":\"14.04.08 - TPIR\/PRESSE - LES MEDIAS AFRICAINS APPELES A ETRE DES CATALYSEURS DU DEVELOPPEMENT\"}]},{\"@type\":\"WebSite\",\"@id\":\"https:\/\/www.justiceinfo.net\/fr#website\",\"url\":\"https:\/\/www.justiceinfo.net\/fr\",\"name\":\"JusticeInfo.net\",\"description\":\"La justice doit \u00eatre vue pour \u00eatre rendue\",\"publisher\":{\"@id\":\"https:\/\/www.justiceinfo.net\/fr#organization\"},\"potentialAction\":[{\"@type\":\"SearchAction\",\"target\":{\"@type\":\"EntryPoint\",\"urlTemplate\":\"https:\/\/www.justiceinfo.net\/fr?s={search_term_string}\"},\"query-input\":{\"@type\":\"PropertyValueSpecification\",\"valueRequired\":true,\"valueName\":\"search_term_string\"}}],\"inLanguage\":\"fr-FR\"},{\"@type\":\"Organization\",\"@id\":\"https:\/\/www.justiceinfo.net\/fr#organization\",\"name\":\"Justice Info\",\"url\":\"https:\/\/www.justiceinfo.net\/fr\",\"logo\":{\"@type\":\"ImageObject\",\"inLanguage\":\"fr-FR\",\"@id\":\"https:\/\/www.justiceinfo.net\/fr#\/schema\/logo\/image\/\",\"url\":\"https:\/\/www.justiceinfo.net\/wp-content\/uploads\/justiceinfo_logo-trans_1200x1200px.png\",\"contentUrl\":\"https:\/\/www.justiceinfo.net\/wp-content\/uploads\/justiceinfo_logo-trans_1200x1200px.png\",\"width\":1199,\"height\":1200,\"caption\":\"Justice Info\"},\"image\":{\"@id\":\"https:\/\/www.justiceinfo.net\/fr#\/schema\/logo\/image\/\"},\"sameAs\":[\"https:\/\/www.facebook.com\/JusticeInfo\/\",\"https:\/\/x.com\/justiceinfonet\",\"https:\/\/www.linkedin.com\/company\/justice-info\",\"https:\/\/www.youtube.com\/channel\/UCyCEsARodyuWtkWyhn-e7pA\"]},{\"@type\":\"Person\",\"name\":\"solivri\",\"url\":\"\/fr\/?s=solivri\"}]}<\/script>\n<!-- \/ Yoast SEO Premium plugin. -->","yoast_head_json":{"title":"14.04.08 - TPIR\/PRESSE - LES MEDIAS AFRICAINS APPELES A ETRE DES CATALYSEURS DU DEVELOPPEMENT - JusticeInfo.net","robots":{"index":"index","follow":"follow","max-snippet":"max-snippet:-1","max-image-preview":"max-image-preview:large","max-video-preview":"max-video-preview:-1"},"canonical":"https:\/\/www.justiceinfo.net\/fr\/3703-140408-tpirpresse-les-medias-africains-appeles-a-etre-des-catalyseurs-du-developpement493.html","og_locale":"fr_FR","og_type":"article","og_title":"14.04.08 - TPIR\/PRESSE - LES MEDIAS AFRICAINS APPELES A ETRE DES CATALYSEURS DU DEVELOPPEMENT","og_description":"Arusha, 14 avril 2008 (FH)- Les m\u00e9dias africains devraient tirer profit de l\u2019exp\u00e9rience rwandaise en se gardant d\u2019inciter \u00e0 la haine ethnique comme ce fut le cas lors du g\u00e9nocide des Tutsis en 1994. La presse du continent devrait en revanche servir de catalyseur du d\u00e9veloppement.","og_url":"https:\/\/www.justiceinfo.net\/fr\/3703-140408-tpirpresse-les-medias-africains-appeles-a-etre-des-catalyseurs-du-developpement493.html","og_site_name":"JusticeInfo.net","article_publisher":"https:\/\/www.facebook.com\/JusticeInfo\/","article_published_time":"2008-04-15T04:47:34+00:00","og_image":[{"width":1200,"height":630,"url":"https:\/\/www.justiceinfo.net\/wp-content\/uploads\/JusticeInfoNet_logo_1200x630px.jpg","type":"image\/jpeg"}],"author":"solivri","twitter_card":"summary_large_image","twitter_creator":"@justiceinfonet","twitter_site":"@justiceinfonet","twitter_misc":{"\u00c9crit par":"solivri","Dur\u00e9e de lecture estim\u00e9e":"3 minutes"},"schema":{"@context":"https:\/\/schema.org","@graph":[{"@type":"NewsArticle","@id":"https:\/\/www.justiceinfo.net\/fr\/3703-140408-tpirpresse-les-medias-africains-appeles-a-etre-des-catalyseurs-du-developpement493.html#article","isPartOf":{"@id":"https:\/\/www.justiceinfo.net\/fr\/3703-140408-tpirpresse-les-medias-africains-appeles-a-etre-des-catalyseurs-du-developpement493.html"},"author":{"name":"solivri","@id":"https:\/\/www.justiceinfo.net\/fr#\/schema\/person\/6e53cba1629e2e66f3fc1821d3091865"},"headline":"14.04.08 - TPIR\/PRESSE - LES MEDIAS AFRICAINS APPELES A ETRE DES CATALYSEURS DU DEVELOPPEMENT","datePublished":"2008-04-15T04:47:34+00:00","mainEntityOfPage":{"@id":"https:\/\/www.justiceinfo.net\/fr\/3703-140408-tpirpresse-les-medias-africains-appeles-a-etre-des-catalyseurs-du-developpement493.html"},"wordCount":601,"commentCount":0,"publisher":{"@id":"https:\/\/www.justiceinfo.net\/fr#organization"},"articleSection":["Hirondelle News"],"inLanguage":"fr-FR","potentialAction":[{"@type":"CommentAction","name":"Comment","target":["https:\/\/www.justiceinfo.net\/fr\/3703-140408-tpirpresse-les-medias-africains-appeles-a-etre-des-catalyseurs-du-developpement493.html#respond"]}]},{"@type":"WebPage","@id":"https:\/\/www.justiceinfo.net\/fr\/3703-140408-tpirpresse-les-medias-africains-appeles-a-etre-des-catalyseurs-du-developpement493.html","url":"https:\/\/www.justiceinfo.net\/fr\/3703-140408-tpirpresse-les-medias-africains-appeles-a-etre-des-catalyseurs-du-developpement493.html","name":"14.04.08 - TPIR\/PRESSE - LES MEDIAS AFRICAINS APPELES A ETRE DES CATALYSEURS DU DEVELOPPEMENT - JusticeInfo.net","isPartOf":{"@id":"https:\/\/www.justiceinfo.net\/fr#website"},"datePublished":"2008-04-15T04:47:34+00:00","breadcrumb":{"@id":"https:\/\/www.justiceinfo.net\/fr\/3703-140408-tpirpresse-les-medias-africains-appeles-a-etre-des-catalyseurs-du-developpement493.html#breadcrumb"},"inLanguage":"fr-FR","potentialAction":[{"@type":"ReadAction","target":["https:\/\/www.justiceinfo.net\/fr\/3703-140408-tpirpresse-les-medias-africains-appeles-a-etre-des-catalyseurs-du-developpement493.html"]}]},{"@type":"BreadcrumbList","@id":"https:\/\/www.justiceinfo.net\/fr\/3703-140408-tpirpresse-les-medias-africains-appeles-a-etre-des-catalyseurs-du-developpement493.html#breadcrumb","itemListElement":[{"@type":"ListItem","position":1,"name":"Home","item":"https:\/\/www.justiceinfo.net\/fr"},{"@type":"ListItem","position":2,"name":"14.04.08 - TPIR\/PRESSE - LES MEDIAS AFRICAINS APPELES A ETRE DES CATALYSEURS DU DEVELOPPEMENT"}]},{"@type":"WebSite","@id":"https:\/\/www.justiceinfo.net\/fr#website","url":"https:\/\/www.justiceinfo.net\/fr","name":"JusticeInfo.net","description":"La justice doit \u00eatre vue pour \u00eatre rendue","publisher":{"@id":"https:\/\/www.justiceinfo.net\/fr#organization"},"potentialAction":[{"@type":"SearchAction","target":{"@type":"EntryPoint","urlTemplate":"https:\/\/www.justiceinfo.net\/fr?s={search_term_string}"},"query-input":{"@type":"PropertyValueSpecification","valueRequired":true,"valueName":"search_term_string"}}],"inLanguage":"fr-FR"},{"@type":"Organization","@id":"https:\/\/www.justiceinfo.net\/fr#organization","name":"Justice Info","url":"https:\/\/www.justiceinfo.net\/fr","logo":{"@type":"ImageObject","inLanguage":"fr-FR","@id":"https:\/\/www.justiceinfo.net\/fr#\/schema\/logo\/image\/","url":"https:\/\/www.justiceinfo.net\/wp-content\/uploads\/justiceinfo_logo-trans_1200x1200px.png","contentUrl":"https:\/\/www.justiceinfo.net\/wp-content\/uploads\/justiceinfo_logo-trans_1200x1200px.png","width":1199,"height":1200,"caption":"Justice Info"},"image":{"@id":"https:\/\/www.justiceinfo.net\/fr#\/schema\/logo\/image\/"},"sameAs":["https:\/\/www.facebook.com\/JusticeInfo\/","https:\/\/x.com\/justiceinfonet","https:\/\/www.linkedin.com\/company\/justice-info","https:\/\/www.youtube.com\/channel\/UCyCEsARodyuWtkWyhn-e7pA"]},{"@type":"Person","name":"solivri","url":"\/fr\/?s=solivri"}]}},"_links":{"self":[{"href":"https:\/\/www.justiceinfo.net\/fr\/wp-json\/wp\/v2\/posts\/3703","targetHints":{"allow":["GET"]}}],"collection":[{"href":"https:\/\/www.justiceinfo.net\/fr\/wp-json\/wp\/v2\/posts"}],"about":[{"href":"https:\/\/www.justiceinfo.net\/fr\/wp-json\/wp\/v2\/types\/post"}],"author":[{"embeddable":true,"href":"https:\/\/www.justiceinfo.net\/fr\/wp-json\/wp\/v2\/users\/64"}],"replies":[{"embeddable":true,"href":"https:\/\/www.justiceinfo.net\/fr\/wp-json\/wp\/v2\/comments?post=3703"}],"version-history":[{"count":0,"href":"https:\/\/www.justiceinfo.net\/fr\/wp-json\/wp\/v2\/posts\/3703\/revisions"}],"wp:attachment":[{"href":"https:\/\/www.justiceinfo.net\/fr\/wp-json\/wp\/v2\/media?parent=3703"}],"wp:term":[{"taxonomy":"category","embeddable":true,"href":"https:\/\/www.justiceinfo.net\/fr\/wp-json\/wp\/v2\/categories?post=3703"},{"taxonomy":"post_tag","embeddable":true,"href":"https:\/\/www.justiceinfo.net\/fr\/wp-json\/wp\/v2\/tags?post=3703"},{"taxonomy":"ji_location","embeddable":true,"href":"https:\/\/www.justiceinfo.net\/fr\/wp-json\/wp\/v2\/ji_location?post=3703"}],"curies":[{"name":"wp","href":"https:\/\/api.w.org\/{rel}","templated":true}]}}