{"id":37067,"date":"2018-01-02T15:15:00","date_gmt":"2018-01-02T14:15:00","guid":{"rendered":"https:\/\/www.justiceinfo.net\/37067-rdc-l-esclavage-sexuel-en-proces-vendredi.html"},"modified":"2018-01-02T15:15:00","modified_gmt":"2018-01-02T14:15:00","slug":"rdc-l-esclavage-sexuel-en-proces-vendredi","status":"publish","type":"post","link":"https:\/\/www.justiceinfo.net\/fr\/37067-rdc-l-esclavage-sexuel-en-proces-vendredi.html","title":{"rendered":"RDC: \"l'esclavage sexuel\" en proc\u00e8s vendredi"},"content":{"rendered":"<div class=\"content-excerpt\">\n<p>Un nouveau proc\u00e8s d'un chef de guerre congolais accus\u00e9 d'\"esclavage sexuel\" s'ouvre vendredi dans l'est de la R\u00e9publique d\u00e9mocratique du Congo, a indiqu\u00e9 mercredi \u00e0 l'AFP l'ONG Trial international qui soutient les 100 victimes.<\/p>\n<\/div>\n<p>Ce proc\u00e8s se tient trois mois apr\u00e8s la condamnation \u00e0 perp\u00e9tuit\u00e9 de onze miliciens jug\u00e9s pour des viols massifs sur des fillettes \u00e0 Kavumu, dans cette m\u00eame province du Sud-Kivu fiefs des groupes arm\u00e9s.<\/p>\n<p>\"+Marocain+(c'est son nom de guerre) est entre autres poursuivi pour crimes contre l'humanit\u00e9 par viol, emprisonnement et pour crimes de guerre par esclavage sexuel. Il est \u00e9galement poursuivi pour participation \u00e0 un mouvement insurrectionnel\",selon cette ONG qui repr\u00e9sente des victimes de crimes internationaux dans un contexte o\u00f9 la justice fait d\u00e9faut.<\/p>\n<p>\"Dix ans apr\u00e8s, 100 victimes des pires atrocit\u00e9s ont l'espoir d'obtenir justice avec le proc\u00e8s du chef de milice qui a r\u00e9gn\u00e9 en ma\u00eetre sur leur r\u00e9gion pendant des mois\", \u00e9crit Trial international dans un courriel \u00e0 l'AFP.<\/p>\n<p>\"Les victimes et les t\u00e9moins sont particuli\u00e8rement menac\u00e9s\", avance Trial, en faisant r\u00e9f\u00e9rence \u00e0 la violence dans le Sud-Kivu.<\/p>\n<p>Les faits remontent de 2005 \u00e0 2007 lorsque \"une milice particuli\u00e8rement cruelle a pers\u00e9cut\u00e9 des centaines de villageois en toute impunit\u00e9\".<\/p>\n<p>\"Lors de ces attaques, les hommes \u00e9taient tu\u00e9s sur place ou faits prisonniers pour transporter les biens pill\u00e9s, et les femmes et les filles \u00e9taient gard\u00e9es comme esclaves sexuelles\", selon Trial.<\/p>\n<p>La milice a finalement \u00e9t\u00e9 vaincue en 2007 et ses commandants, dits \"Colonel 106\" et \"Marocain\", ont \u00e9t\u00e9 arr\u00eat\u00e9s. Le premier a \u00e9t\u00e9 condamn\u00e9 \u00e0 perp\u00e9tuit\u00e9 en d\u00e9cembre 2014.<\/p>\n<p>En d\u00e9cembre 2017, la condamnation de onze miliciens violeurs d'enfants avaient \u00e9t\u00e9 salu\u00e9e comme une victoire contre l'impunit\u00e9 par les parties civiles et les ONG.<\/p>\n<p>Le verdict avait aussi \u00e9t\u00e9 salu\u00e9 par le gyn\u00e9cologue-obst\u00e9tricien congolais Denis Mukwenge, plusieurs fois cit\u00e9 comme possible prix Nobel de la paix pour son travail aupr\u00e8s des femmes et des fillettes viol\u00e9es dans sa clinique Panzi \u00e0 Bukavu, capitale du Sud-Kivu.<\/p>\n","protected":false},"excerpt":{"rendered":"<p>Un nouveau proc\u00e8s d'un chef de guerre congolais accus\u00e9 d'\"esclavage sexuel\" s'ouvre vendredi dans l'est de la R\u00e9publique d\u00e9mocratique du Congo, a indiqu\u00e9 mercredi \u00e0 l'AFP l'ONG Trial international qui soutient les 100 victimes. Ce proc\u00e8s se tient trois mois apr\u00e8s la condamnation \u00e0 perp\u00e9tuit\u00e9 de onze miliciens jug\u00e9s pour des viols massifs sur des [&hellip;]<\/p>\n","protected":false},"author":60,"featured_media":0,"comment_status":"open","ping_status":"closed","sticky":false,"template":"","format":"standard","meta":{"_acf_changed":false,"footnotes":""},"categories":[574],"tags":[],"ji_location":[2196],"class_list":["post-37067","post","type-post","status-publish","format-standard","hentry","category-tribunaux-nationaux","ji_location-republique-democratique-du-congo"],"acf":[],"yoast_head":"<!-- This site is optimized with the Yoast SEO Premium plugin v25.3.1 (Yoast SEO v25.3.1) - https:\/\/yoast.com\/wordpress\/plugins\/seo\/ -->\n<title>RDC: &quot;l&#039;esclavage sexuel&quot; en proc\u00e8s vendredi - JusticeInfo.net<\/title>\n<meta name=\"robots\" content=\"index, follow, max-snippet:-1, max-image-preview:large, max-video-preview:-1\" \/>\n<link rel=\"canonical\" href=\"https:\/\/www.justiceinfo.net\/fr\/37067-rdc-l-esclavage-sexuel-en-proces-vendredi.html\" \/>\n<meta property=\"og:locale\" content=\"fr_FR\" \/>\n<meta property=\"og:type\" content=\"article\" \/>\n<meta property=\"og:title\" content=\"RDC: &quot;l&#039;esclavage sexuel&quot; en proc\u00e8s vendredi\" \/>\n<meta property=\"og:description\" content=\"Un nouveau proc\u00e8s d&#039;un chef de guerre congolais accus\u00e9 d&#039;&quot;esclavage sexuel&quot; s&#039;ouvre vendredi dans l&#039;est de la R\u00e9publique d\u00e9mocratique du Congo, a indiqu\u00e9 mercredi \u00e0 l&#039;AFP l&#039;ONG Trial international qui soutient les 100 victimes. Ce proc\u00e8s se tient trois mois apr\u00e8s la condamnation \u00e0 perp\u00e9tuit\u00e9 de onze miliciens jug\u00e9s pour des viols massifs sur des [&hellip;]\" \/>\n<meta property=\"og:url\" content=\"https:\/\/www.justiceinfo.net\/fr\/37067-rdc-l-esclavage-sexuel-en-proces-vendredi.html\" \/>\n<meta property=\"og:site_name\" content=\"JusticeInfo.net\" \/>\n<meta property=\"article:publisher\" content=\"https:\/\/www.facebook.com\/JusticeInfo\/\" \/>\n<meta property=\"article:published_time\" content=\"2018-01-02T14:15:00+00:00\" \/>\n<meta property=\"og:image\" content=\"https:\/\/www.justiceinfo.net\/wp-content\/uploads\/JusticeInfoNet_logo_1200x630px.jpg\" \/>\n\t<meta property=\"og:image:width\" content=\"1200\" \/>\n\t<meta property=\"og:image:height\" content=\"630\" \/>\n\t<meta property=\"og:image:type\" content=\"image\/jpeg\" \/>\n<meta name=\"author\" content=\"AFP\" \/>\n<meta name=\"twitter:card\" content=\"summary_large_image\" \/>\n<meta name=\"twitter:creator\" content=\"@justiceinfonet\" \/>\n<meta name=\"twitter:site\" content=\"@justiceinfonet\" \/>\n<meta name=\"twitter:label1\" content=\"\u00c9crit par\" \/>\n\t<meta name=\"twitter:data1\" content=\"AFP\" \/>\n\t<meta name=\"twitter:label2\" content=\"Dur\u00e9e de lecture estim\u00e9e\" \/>\n\t<meta name=\"twitter:data2\" content=\"2 minutes\" \/>\n<script type=\"application\/ld+json\" class=\"yoast-schema-graph\">{\"@context\":\"https:\/\/schema.org\",\"@graph\":[{\"@type\":\"NewsArticle\",\"@id\":\"https:\/\/www.justiceinfo.net\/fr\/37067-rdc-l-esclavage-sexuel-en-proces-vendredi.html#article\",\"isPartOf\":{\"@id\":\"https:\/\/www.justiceinfo.net\/fr\/37067-rdc-l-esclavage-sexuel-en-proces-vendredi.html\"},\"author\":{\"name\":\"afp\",\"@id\":\"https:\/\/www.justiceinfo.net\/fr#\/schema\/person\/713d340ef5f218fc36ce9b4244364a7f\"},\"headline\":\"RDC: \\\"l'esclavage sexuel\\\" en proc\u00e8s vendredi\",\"datePublished\":\"2018-01-02T14:15:00+00:00\",\"mainEntityOfPage\":{\"@id\":\"https:\/\/www.justiceinfo.net\/fr\/37067-rdc-l-esclavage-sexuel-en-proces-vendredi.html\"},\"wordCount\":366,\"commentCount\":0,\"publisher\":{\"@id\":\"https:\/\/www.justiceinfo.net\/fr#organization\"},\"articleSection\":[\"Tribunaux nationaux\"],\"inLanguage\":\"fr-FR\",\"potentialAction\":[{\"@type\":\"CommentAction\",\"name\":\"Comment\",\"target\":[\"https:\/\/www.justiceinfo.net\/fr\/37067-rdc-l-esclavage-sexuel-en-proces-vendredi.html#respond\"]}]},{\"@type\":\"WebPage\",\"@id\":\"https:\/\/www.justiceinfo.net\/fr\/37067-rdc-l-esclavage-sexuel-en-proces-vendredi.html\",\"url\":\"https:\/\/www.justiceinfo.net\/fr\/37067-rdc-l-esclavage-sexuel-en-proces-vendredi.html\",\"name\":\"RDC: \\\"l'esclavage sexuel\\\" en proc\u00e8s vendredi - JusticeInfo.net\",\"isPartOf\":{\"@id\":\"https:\/\/www.justiceinfo.net\/fr#website\"},\"datePublished\":\"2018-01-02T14:15:00+00:00\",\"breadcrumb\":{\"@id\":\"https:\/\/www.justiceinfo.net\/fr\/37067-rdc-l-esclavage-sexuel-en-proces-vendredi.html#breadcrumb\"},\"inLanguage\":\"fr-FR\",\"potentialAction\":[{\"@type\":\"ReadAction\",\"target\":[\"https:\/\/www.justiceinfo.net\/fr\/37067-rdc-l-esclavage-sexuel-en-proces-vendredi.html\"]}]},{\"@type\":\"BreadcrumbList\",\"@id\":\"https:\/\/www.justiceinfo.net\/fr\/37067-rdc-l-esclavage-sexuel-en-proces-vendredi.html#breadcrumb\",\"itemListElement\":[{\"@type\":\"ListItem\",\"position\":1,\"name\":\"Home\",\"item\":\"https:\/\/www.justiceinfo.net\/fr\"},{\"@type\":\"ListItem\",\"position\":2,\"name\":\"RDC: \\\"l'esclavage sexuel\\\" en proc\u00e8s vendredi\"}]},{\"@type\":\"WebSite\",\"@id\":\"https:\/\/www.justiceinfo.net\/fr#website\",\"url\":\"https:\/\/www.justiceinfo.net\/fr\",\"name\":\"JusticeInfo.net\",\"description\":\"La justice doit \u00eatre vue pour \u00eatre rendue\",\"publisher\":{\"@id\":\"https:\/\/www.justiceinfo.net\/fr#organization\"},\"potentialAction\":[{\"@type\":\"SearchAction\",\"target\":{\"@type\":\"EntryPoint\",\"urlTemplate\":\"https:\/\/www.justiceinfo.net\/fr?s={search_term_string}\"},\"query-input\":{\"@type\":\"PropertyValueSpecification\",\"valueRequired\":true,\"valueName\":\"search_term_string\"}}],\"inLanguage\":\"fr-FR\"},{\"@type\":\"Organization\",\"@id\":\"https:\/\/www.justiceinfo.net\/fr#organization\",\"name\":\"Justice Info\",\"url\":\"https:\/\/www.justiceinfo.net\/fr\",\"logo\":{\"@type\":\"ImageObject\",\"inLanguage\":\"fr-FR\",\"@id\":\"https:\/\/www.justiceinfo.net\/fr#\/schema\/logo\/image\/\",\"url\":\"https:\/\/www.justiceinfo.net\/wp-content\/uploads\/justiceinfo_logo-trans_1200x1200px.png\",\"contentUrl\":\"https:\/\/www.justiceinfo.net\/wp-content\/uploads\/justiceinfo_logo-trans_1200x1200px.png\",\"width\":1199,\"height\":1200,\"caption\":\"Justice Info\"},\"image\":{\"@id\":\"https:\/\/www.justiceinfo.net\/fr#\/schema\/logo\/image\/\"},\"sameAs\":[\"https:\/\/www.facebook.com\/JusticeInfo\/\",\"https:\/\/x.com\/justiceinfonet\",\"https:\/\/www.linkedin.com\/company\/justice-info\",\"https:\/\/www.youtube.com\/channel\/UCyCEsARodyuWtkWyhn-e7pA\"]},{\"@type\":\"Person\",\"name\":\"AFP\",\"url\":\"\/fr\/?s=AFP\"}]}<\/script>\n<!-- \/ Yoast SEO Premium plugin. -->","yoast_head_json":{"title":"RDC: \"l'esclavage sexuel\" en proc\u00e8s vendredi - JusticeInfo.net","robots":{"index":"index","follow":"follow","max-snippet":"max-snippet:-1","max-image-preview":"max-image-preview:large","max-video-preview":"max-video-preview:-1"},"canonical":"https:\/\/www.justiceinfo.net\/fr\/37067-rdc-l-esclavage-sexuel-en-proces-vendredi.html","og_locale":"fr_FR","og_type":"article","og_title":"RDC: \"l'esclavage sexuel\" en proc\u00e8s vendredi","og_description":"Un nouveau proc\u00e8s d'un chef de guerre congolais accus\u00e9 d'\"esclavage sexuel\" s'ouvre vendredi dans l'est de la R\u00e9publique d\u00e9mocratique du Congo, a indiqu\u00e9 mercredi \u00e0 l'AFP l'ONG Trial international qui soutient les 100 victimes. Ce proc\u00e8s se tient trois mois apr\u00e8s la condamnation \u00e0 perp\u00e9tuit\u00e9 de onze miliciens jug\u00e9s pour des viols massifs sur des [&hellip;]","og_url":"https:\/\/www.justiceinfo.net\/fr\/37067-rdc-l-esclavage-sexuel-en-proces-vendredi.html","og_site_name":"JusticeInfo.net","article_publisher":"https:\/\/www.facebook.com\/JusticeInfo\/","article_published_time":"2018-01-02T14:15:00+00:00","og_image":[{"width":1200,"height":630,"url":"https:\/\/www.justiceinfo.net\/wp-content\/uploads\/JusticeInfoNet_logo_1200x630px.jpg","type":"image\/jpeg"}],"author":"AFP","twitter_card":"summary_large_image","twitter_creator":"@justiceinfonet","twitter_site":"@justiceinfonet","twitter_misc":{"\u00c9crit par":"AFP","Dur\u00e9e de lecture estim\u00e9e":"2 minutes"},"schema":{"@context":"https:\/\/schema.org","@graph":[{"@type":"NewsArticle","@id":"https:\/\/www.justiceinfo.net\/fr\/37067-rdc-l-esclavage-sexuel-en-proces-vendredi.html#article","isPartOf":{"@id":"https:\/\/www.justiceinfo.net\/fr\/37067-rdc-l-esclavage-sexuel-en-proces-vendredi.html"},"author":{"name":"afp","@id":"https:\/\/www.justiceinfo.net\/fr#\/schema\/person\/713d340ef5f218fc36ce9b4244364a7f"},"headline":"RDC: \"l'esclavage sexuel\" en proc\u00e8s vendredi","datePublished":"2018-01-02T14:15:00+00:00","mainEntityOfPage":{"@id":"https:\/\/www.justiceinfo.net\/fr\/37067-rdc-l-esclavage-sexuel-en-proces-vendredi.html"},"wordCount":366,"commentCount":0,"publisher":{"@id":"https:\/\/www.justiceinfo.net\/fr#organization"},"articleSection":["Tribunaux nationaux"],"inLanguage":"fr-FR","potentialAction":[{"@type":"CommentAction","name":"Comment","target":["https:\/\/www.justiceinfo.net\/fr\/37067-rdc-l-esclavage-sexuel-en-proces-vendredi.html#respond"]}]},{"@type":"WebPage","@id":"https:\/\/www.justiceinfo.net\/fr\/37067-rdc-l-esclavage-sexuel-en-proces-vendredi.html","url":"https:\/\/www.justiceinfo.net\/fr\/37067-rdc-l-esclavage-sexuel-en-proces-vendredi.html","name":"RDC: \"l'esclavage sexuel\" en proc\u00e8s vendredi - JusticeInfo.net","isPartOf":{"@id":"https:\/\/www.justiceinfo.net\/fr#website"},"datePublished":"2018-01-02T14:15:00+00:00","breadcrumb":{"@id":"https:\/\/www.justiceinfo.net\/fr\/37067-rdc-l-esclavage-sexuel-en-proces-vendredi.html#breadcrumb"},"inLanguage":"fr-FR","potentialAction":[{"@type":"ReadAction","target":["https:\/\/www.justiceinfo.net\/fr\/37067-rdc-l-esclavage-sexuel-en-proces-vendredi.html"]}]},{"@type":"BreadcrumbList","@id":"https:\/\/www.justiceinfo.net\/fr\/37067-rdc-l-esclavage-sexuel-en-proces-vendredi.html#breadcrumb","itemListElement":[{"@type":"ListItem","position":1,"name":"Home","item":"https:\/\/www.justiceinfo.net\/fr"},{"@type":"ListItem","position":2,"name":"RDC: \"l'esclavage sexuel\" en proc\u00e8s vendredi"}]},{"@type":"WebSite","@id":"https:\/\/www.justiceinfo.net\/fr#website","url":"https:\/\/www.justiceinfo.net\/fr","name":"JusticeInfo.net","description":"La justice doit \u00eatre vue pour \u00eatre rendue","publisher":{"@id":"https:\/\/www.justiceinfo.net\/fr#organization"},"potentialAction":[{"@type":"SearchAction","target":{"@type":"EntryPoint","urlTemplate":"https:\/\/www.justiceinfo.net\/fr?s={search_term_string}"},"query-input":{"@type":"PropertyValueSpecification","valueRequired":true,"valueName":"search_term_string"}}],"inLanguage":"fr-FR"},{"@type":"Organization","@id":"https:\/\/www.justiceinfo.net\/fr#organization","name":"Justice Info","url":"https:\/\/www.justiceinfo.net\/fr","logo":{"@type":"ImageObject","inLanguage":"fr-FR","@id":"https:\/\/www.justiceinfo.net\/fr#\/schema\/logo\/image\/","url":"https:\/\/www.justiceinfo.net\/wp-content\/uploads\/justiceinfo_logo-trans_1200x1200px.png","contentUrl":"https:\/\/www.justiceinfo.net\/wp-content\/uploads\/justiceinfo_logo-trans_1200x1200px.png","width":1199,"height":1200,"caption":"Justice Info"},"image":{"@id":"https:\/\/www.justiceinfo.net\/fr#\/schema\/logo\/image\/"},"sameAs":["https:\/\/www.facebook.com\/JusticeInfo\/","https:\/\/x.com\/justiceinfonet","https:\/\/www.linkedin.com\/company\/justice-info","https:\/\/www.youtube.com\/channel\/UCyCEsARodyuWtkWyhn-e7pA"]},{"@type":"Person","name":"AFP","url":"\/fr\/?s=AFP"}]}},"_links":{"self":[{"href":"https:\/\/www.justiceinfo.net\/fr\/wp-json\/wp\/v2\/posts\/37067","targetHints":{"allow":["GET"]}}],"collection":[{"href":"https:\/\/www.justiceinfo.net\/fr\/wp-json\/wp\/v2\/posts"}],"about":[{"href":"https:\/\/www.justiceinfo.net\/fr\/wp-json\/wp\/v2\/types\/post"}],"author":[{"embeddable":true,"href":"https:\/\/www.justiceinfo.net\/fr\/wp-json\/wp\/v2\/users\/60"}],"replies":[{"embeddable":true,"href":"https:\/\/www.justiceinfo.net\/fr\/wp-json\/wp\/v2\/comments?post=37067"}],"version-history":[{"count":0,"href":"https:\/\/www.justiceinfo.net\/fr\/wp-json\/wp\/v2\/posts\/37067\/revisions"}],"wp:attachment":[{"href":"https:\/\/www.justiceinfo.net\/fr\/wp-json\/wp\/v2\/media?parent=37067"}],"wp:term":[{"taxonomy":"category","embeddable":true,"href":"https:\/\/www.justiceinfo.net\/fr\/wp-json\/wp\/v2\/categories?post=37067"},{"taxonomy":"post_tag","embeddable":true,"href":"https:\/\/www.justiceinfo.net\/fr\/wp-json\/wp\/v2\/tags?post=37067"},{"taxonomy":"ji_location","embeddable":true,"href":"https:\/\/www.justiceinfo.net\/fr\/wp-json\/wp\/v2\/ji_location?post=37067"}],"curies":[{"name":"wp","href":"https:\/\/api.w.org\/{rel}","templated":true}]}}