{"id":37152,"date":"2018-04-16T05:55:09","date_gmt":"2018-04-16T03:55:09","guid":{"rendered":"https:\/\/www.justiceinfo.net\/37152-rd-congo-un-ex-chef-de-milice-juge-pour-crimes-contre-l-humanite.html"},"modified":"2018-04-16T05:55:09","modified_gmt":"2018-04-16T03:55:09","slug":"rd-congo-un-ex-chef-de-milice-juge-pour-crimes-contre-l-humanite","status":"publish","type":"post","link":"https:\/\/www.justiceinfo.net\/fr\/37152-rd-congo-un-ex-chef-de-milice-juge-pour-crimes-contre-l-humanite.html","title":{"rendered":"RD Congo : un ex- chef de milice jug\u00e9 pour crimes contre l\u2019humanit\u00e9"},"content":{"rendered":"<div class=\"content-excerpt\">\n<p><em>Depuis le vendredi 13 avril 2018, un tribunal militaire congolais si\u00e8ge \u00e0 Kalehe, dans la province du Sud-Kivu, pour le proc\u00e8s d\u2019un ancien chef de milice accus\u00e9 de crimes de contre l\u2019humanit\u00e9 et crimes de guerre. Maro Ntumwa, dit \u00ab\u00a0Marocain\u00a0\u00bb doit r\u00e9pondre de faits de \u00ab viol, esclavage sexuel, pillage, attaque contre la population civile et contre des b\u00e2timents consacr\u00e9s \u00e0 la religion \u00bb commis entre 2005 et 2007. L\u2019accus\u00e9 \u00e9tait, \u00e0 l\u2019\u00e9poque, bras droit de Bedi Mobuli Engengela, dit \u00ab\u00a0colonel 106\u00a0\u00bb, un ex-chef de milice mai-mai d\u00e9j\u00e0 condamn\u00e9 par la justice militaire.<\/em><\/p>\n<\/div>\n<p>Apr\u00e8s une premi\u00e8re journ\u00e9e consacr\u00e9e \u00e0 l\u2019identification du pr\u00e9venu, le tribunal militaire du Sud-Kivu a entendu le 14 avril les exceptions soulev\u00e9es par la d\u00e9fense. Les avocats de Maro Ntumwa ont mis en cause la comp\u00e9tence de la justice militaire, arguant qu\u2019au moment des faits sous examen, leur client \u00e9tait encore civil. Ils ont par ailleurs demand\u00e9 l\u2019annulation de tous les proc\u00e8s-verbaux d\u2019audition, soutenant que \u00ab\u00a0Marocain\u00a0\u00bb avait \u00e9t\u00e9 interrog\u00e9 \u00e0 cette \u00e9tape, sans l\u2019assistance d\u2019un avocat.<\/p>\n<p>Rejetant l\u2019argumentaire de la d\u00e9fense, les avocats des victimes ont affirm\u00e9, preuves \u00e0 l\u2019appui, que l\u2019accus\u00e9 avait indiqu\u00e9, lors de son audition, qu\u2019il \u00e9tait soldat au moment des faits et qu\u2019il avait rejoint par la suite les Mai-Mai, une des milices s\u00e9vissant depuis des ann\u00e9es dans l\u2019est de la RDC. Ils ont \u00e9galement prouv\u00e9 que deux avocats avaient assist\u00e9 l\u2019accus\u00e9 \u00e0 cette phase de la proc\u00e9dure, dont l\u2019un avait d\u2019ailleurs sollicit\u00e9 en vain sa mise en libert\u00e9 provisoire. Le minist\u00e8re public a abond\u00e9 dans le m\u00eame sens. En cons\u00e9quence, la Cour militaire, en tranchant, s\u2019est d\u00e9clar\u00e9e comp\u00e9tente et a d\u00e9cid\u00e9 de poursuivre l\u2019affaire sur le fond.<\/p>\n<h3><strong><em>\u00ab\u00a0Un signal fort\u00a0\u00bb<\/em><\/strong><\/h3>\n<p>\u00ab <em>La simple ouverture (du proc\u00e8s) est une victoire pour les victimes. Ce proc\u00e8s est aussi l\u2019occasion pour les autorit\u00e9s de montrer leur engagement contre les crimes de masse, m\u00eame lorsque les faits sont dat\u00e9s et les accus\u00e9s puissants. Il en va \u00e0 pr\u00e9sent de leur cr\u00e9dibilit\u00e9 que les audiences se d\u00e9roulent dans de bonnes conditions, dans le respect des droits et la dignit\u00e9 de toutes les parties <\/em>\u00bb, a d\u00e9clar\u00e9 Trial International, une organisation dont l\u2019expertise a facilit\u00e9 l\u2019aboutissement des enqu\u00eates. Pour Ma\u00eetre Sylvestre Bisimwa, porte-parole du collectif des avocats qui d\u00e9fendent les victimes, le d\u00e9but de ce proc\u00e8s est un signal fort lanc\u00e9 par la justice congolaise aux auteurs de crimes contre l\u2019humanit\u00e9 et crimes de guerre dans l\u2019Est de la RDC. \u00ab<em>Certes, \u00e7a a pris du temps. Mais nous nous r\u00e9jouissons de l\u2019ouverture de ce proc\u00e8s. Car les victimes que nous accompagnons attendent justice. C\u2019est une manifestation de l\u2019engagement de la justice dans la lutte contre l\u2019impunit\u00e9. C\u2019est un signal fort adress\u00e9 aux auteurs et potentiels auteurs des crimes <\/em>\u00bb, a d\u00e9clar\u00e9 l\u2019avocat congolais \u00e0 Justiceinfo.net.<\/p>\n<h3><strong>La justice militaire inspire confiance<\/strong><\/h3>\n<p>La Cour militaire du Sud-Kivu n\u2019en est pas \u00e0 sa premi\u00e8re affaire en relation avec les crimes graves dans cette partie de la R\u00e9publique d\u00e9mocratique du Congo (RDC). Elle a condamn\u00e9 \u00e0 perp\u00e9tuit\u00e9, en d\u00e9cembre 2014, le colonel Bedi Mobuli Engengela alias \u00ab colonel 106 \u00bb, ancien patron de Maro Ntumwa au sein des Mai-Mai, l\u2019une des nombreuses milices \u00e9cumant l\u2019est de la RDC. L\u2019ann\u00e9e derni\u00e8re, elle a inflig\u00e9 la m\u00eame peine\u00a0 au d\u00e9put\u00e9 provincial Fr\u00e9d\u00e9ric Batumike, reconnu coupable crimes contre l\u2019humanit\u00e9 (<em>viols syst\u00e9matiques et g\u00e9n\u00e9ralis\u00e9s)<\/em> commis par les adeptes de sa milice \u00abJeshi la Yesu\u00bb (l\u2019arm\u00e9e de J\u00e9sus, en Swahili) contre des fillettes \u00e0 Kavumu, une autre localit\u00e9 du Sud-Kivu. Pour Ma\u00eetre Bisimwa, les tribunaux militaires inspirent donc plus confiance que les juridictions civiles min\u00e9es par la corruption. Mais, pour l\u2019avocat congolais, les victimes, pas moins d\u2019une centaine dans cette affaire, demandent plus que la condamnation de leur bourreau. \u00ab\u00a0<em>Elles vivent dans une situation de pr\u00e9carit\u00e9 et de pauvret\u00e9 manifeste coupl\u00e9e de traumatisme. Car certaines d\u2019entre elles ont \u00e9t\u00e9 ramen\u00e9es plus d\u2019une fois dans la for\u00eat comme esclaves sexuelles. Elles ont besoin de r\u00e9paration <\/em>\u00bb, plaide Ma\u00eetre Bisimwa.<\/p>\n","protected":false},"excerpt":{"rendered":"<p>Depuis le vendredi 13 avril 2018, un tribunal militaire congolais si\u00e8ge \u00e0 Kalehe, dans la province du Sud-Kivu, pour le proc\u00e8s d\u2019un ancien chef de milice accus\u00e9 de crimes de contre l\u2019humanit\u00e9 et crimes de guerre. Maro Ntumwa, dit \u00ab\u00a0Marocain\u00a0\u00bb doit r\u00e9pondre de faits de \u00ab viol, esclavage sexuel, pillage, attaque contre la population civile [&hellip;]<\/p>\n","protected":false},"author":64,"featured_media":67908,"comment_status":"open","ping_status":"closed","sticky":false,"template":"","format":"standard","meta":{"_acf_changed":false,"footnotes":""},"categories":[574],"tags":[],"ji_location":[2196],"class_list":["post-37152","post","type-post","status-publish","format-standard","has-post-thumbnail","hentry","category-tribunaux-nationaux","ji_location-republique-democratique-du-congo"],"acf":[],"yoast_head":"<!-- This site is optimized with the Yoast SEO Premium plugin v25.3.1 (Yoast SEO v25.3.1) - https:\/\/yoast.com\/wordpress\/plugins\/seo\/ -->\n<title>RD Congo : un ex- chef de milice jug\u00e9 pour crimes contre l\u2019humanit\u00e9 - JusticeInfo.net<\/title>\n<meta name=\"robots\" content=\"index, follow, max-snippet:-1, max-image-preview:large, max-video-preview:-1\" \/>\n<link rel=\"canonical\" href=\"https:\/\/www.justiceinfo.net\/fr\/37152-rd-congo-un-ex-chef-de-milice-juge-pour-crimes-contre-l-humanite.html\" \/>\n<meta property=\"og:locale\" content=\"fr_FR\" \/>\n<meta property=\"og:type\" content=\"article\" \/>\n<meta property=\"og:title\" content=\"RD Congo : un ex- chef de milice jug\u00e9 pour crimes contre l\u2019humanit\u00e9\" \/>\n<meta property=\"og:description\" content=\"Depuis le vendredi 13 avril 2018, un tribunal militaire congolais si\u00e8ge \u00e0 Kalehe, dans la province du Sud-Kivu, pour le proc\u00e8s d\u2019un ancien chef de milice accus\u00e9 de crimes de contre l\u2019humanit\u00e9 et crimes de guerre. Maro Ntumwa, dit \u00ab\u00a0Marocain\u00a0\u00bb doit r\u00e9pondre de faits de \u00ab viol, esclavage sexuel, pillage, attaque contre la population civile [&hellip;]\" \/>\n<meta property=\"og:url\" content=\"https:\/\/www.justiceinfo.net\/fr\/37152-rd-congo-un-ex-chef-de-milice-juge-pour-crimes-contre-l-humanite.html\" \/>\n<meta property=\"og:site_name\" content=\"JusticeInfo.net\" \/>\n<meta property=\"article:publisher\" content=\"https:\/\/www.facebook.com\/JusticeInfo\/\" \/>\n<meta property=\"article:published_time\" content=\"2018-04-16T03:55:09+00:00\" \/>\n<meta property=\"og:image\" content=\"https:\/\/www.justiceinfo.net\/wp-content\/uploads\/70df3515c65a7164b8c223e5932fcd4f.jpg\" \/>\n\t<meta property=\"og:image:width\" content=\"768\" \/>\n\t<meta property=\"og:image:height\" content=\"530\" \/>\n\t<meta property=\"og:image:type\" content=\"image\/jpeg\" \/>\n<meta name=\"author\" content=\"Claude Sengenya, Envoy\u00e9 Sp\u00e9cial \u00e0 Kalehe, dans le Sud-Kivu (Est de la RD Congo)\" \/>\n<meta name=\"twitter:card\" content=\"summary_large_image\" \/>\n<meta name=\"twitter:creator\" content=\"@justiceinfonet\" \/>\n<meta name=\"twitter:site\" content=\"@justiceinfonet\" \/>\n<meta name=\"twitter:label1\" content=\"\u00c9crit par\" \/>\n\t<meta name=\"twitter:data1\" content=\"Claude Sengenya, Envoy\u00e9 Sp\u00e9cial \u00e0 Kalehe, dans le Sud-Kivu (Est de la RD Congo)\" \/>\n\t<meta name=\"twitter:label2\" content=\"Dur\u00e9e de lecture estim\u00e9e\" \/>\n\t<meta name=\"twitter:data2\" content=\"4 minutes\" \/>\n<script type=\"application\/ld+json\" class=\"yoast-schema-graph\">{\"@context\":\"https:\/\/schema.org\",\"@graph\":[{\"@type\":\"NewsArticle\",\"@id\":\"https:\/\/www.justiceinfo.net\/fr\/37152-rd-congo-un-ex-chef-de-milice-juge-pour-crimes-contre-l-humanite.html#article\",\"isPartOf\":{\"@id\":\"https:\/\/www.justiceinfo.net\/fr\/37152-rd-congo-un-ex-chef-de-milice-juge-pour-crimes-contre-l-humanite.html\"},\"author\":{\"name\":\"solivri\",\"@id\":\"https:\/\/www.justiceinfo.net\/fr#\/schema\/person\/6e53cba1629e2e66f3fc1821d3091865\"},\"headline\":\"RD Congo : un ex- chef de milice jug\u00e9 pour crimes contre l\u2019humanit\u00e9\",\"datePublished\":\"2018-04-16T03:55:09+00:00\",\"mainEntityOfPage\":{\"@id\":\"https:\/\/www.justiceinfo.net\/fr\/37152-rd-congo-un-ex-chef-de-milice-juge-pour-crimes-contre-l-humanite.html\"},\"wordCount\":748,\"commentCount\":0,\"publisher\":{\"@id\":\"https:\/\/www.justiceinfo.net\/fr#organization\"},\"image\":{\"@id\":\"https:\/\/www.justiceinfo.net\/fr\/37152-rd-congo-un-ex-chef-de-milice-juge-pour-crimes-contre-l-humanite.html#primaryimage\"},\"thumbnailUrl\":\"https:\/\/www.justiceinfo.net\/wp-content\/uploads\/70df3515c65a7164b8c223e5932fcd4f.jpg\",\"articleSection\":[\"Tribunaux nationaux\"],\"inLanguage\":\"fr-FR\",\"potentialAction\":[{\"@type\":\"CommentAction\",\"name\":\"Comment\",\"target\":[\"https:\/\/www.justiceinfo.net\/fr\/37152-rd-congo-un-ex-chef-de-milice-juge-pour-crimes-contre-l-humanite.html#respond\"]}]},{\"@type\":\"WebPage\",\"@id\":\"https:\/\/www.justiceinfo.net\/fr\/37152-rd-congo-un-ex-chef-de-milice-juge-pour-crimes-contre-l-humanite.html\",\"url\":\"https:\/\/www.justiceinfo.net\/fr\/37152-rd-congo-un-ex-chef-de-milice-juge-pour-crimes-contre-l-humanite.html\",\"name\":\"RD Congo : un ex- chef de milice jug\u00e9 pour crimes contre l\u2019humanit\u00e9 - JusticeInfo.net\",\"isPartOf\":{\"@id\":\"https:\/\/www.justiceinfo.net\/fr#website\"},\"primaryImageOfPage\":{\"@id\":\"https:\/\/www.justiceinfo.net\/fr\/37152-rd-congo-un-ex-chef-de-milice-juge-pour-crimes-contre-l-humanite.html#primaryimage\"},\"image\":{\"@id\":\"https:\/\/www.justiceinfo.net\/fr\/37152-rd-congo-un-ex-chef-de-milice-juge-pour-crimes-contre-l-humanite.html#primaryimage\"},\"thumbnailUrl\":\"https:\/\/www.justiceinfo.net\/wp-content\/uploads\/70df3515c65a7164b8c223e5932fcd4f.jpg\",\"datePublished\":\"2018-04-16T03:55:09+00:00\",\"breadcrumb\":{\"@id\":\"https:\/\/www.justiceinfo.net\/fr\/37152-rd-congo-un-ex-chef-de-milice-juge-pour-crimes-contre-l-humanite.html#breadcrumb\"},\"inLanguage\":\"fr-FR\",\"potentialAction\":[{\"@type\":\"ReadAction\",\"target\":[\"https:\/\/www.justiceinfo.net\/fr\/37152-rd-congo-un-ex-chef-de-milice-juge-pour-crimes-contre-l-humanite.html\"]}]},{\"@type\":\"ImageObject\",\"inLanguage\":\"fr-FR\",\"@id\":\"https:\/\/www.justiceinfo.net\/fr\/37152-rd-congo-un-ex-chef-de-milice-juge-pour-crimes-contre-l-humanite.html#primaryimage\",\"url\":\"https:\/\/www.justiceinfo.net\/wp-content\/uploads\/70df3515c65a7164b8c223e5932fcd4f.jpg\",\"contentUrl\":\"https:\/\/www.justiceinfo.net\/wp-content\/uploads\/70df3515c65a7164b8c223e5932fcd4f.jpg\",\"width\":768,\"height\":530},{\"@type\":\"BreadcrumbList\",\"@id\":\"https:\/\/www.justiceinfo.net\/fr\/37152-rd-congo-un-ex-chef-de-milice-juge-pour-crimes-contre-l-humanite.html#breadcrumb\",\"itemListElement\":[{\"@type\":\"ListItem\",\"position\":1,\"name\":\"Home\",\"item\":\"https:\/\/www.justiceinfo.net\/fr\"},{\"@type\":\"ListItem\",\"position\":2,\"name\":\"RD Congo : un ex- chef de milice jug\u00e9 pour crimes contre l\u2019humanit\u00e9\"}]},{\"@type\":\"WebSite\",\"@id\":\"https:\/\/www.justiceinfo.net\/fr#website\",\"url\":\"https:\/\/www.justiceinfo.net\/fr\",\"name\":\"JusticeInfo.net\",\"description\":\"La justice doit \u00eatre vue pour \u00eatre rendue\",\"publisher\":{\"@id\":\"https:\/\/www.justiceinfo.net\/fr#organization\"},\"potentialAction\":[{\"@type\":\"SearchAction\",\"target\":{\"@type\":\"EntryPoint\",\"urlTemplate\":\"https:\/\/www.justiceinfo.net\/fr?s={search_term_string}\"},\"query-input\":{\"@type\":\"PropertyValueSpecification\",\"valueRequired\":true,\"valueName\":\"search_term_string\"}}],\"inLanguage\":\"fr-FR\"},{\"@type\":\"Organization\",\"@id\":\"https:\/\/www.justiceinfo.net\/fr#organization\",\"name\":\"Justice Info\",\"url\":\"https:\/\/www.justiceinfo.net\/fr\",\"logo\":{\"@type\":\"ImageObject\",\"inLanguage\":\"fr-FR\",\"@id\":\"https:\/\/www.justiceinfo.net\/fr#\/schema\/logo\/image\/\",\"url\":\"https:\/\/www.justiceinfo.net\/wp-content\/uploads\/justiceinfo_logo-trans_1200x1200px.png\",\"contentUrl\":\"https:\/\/www.justiceinfo.net\/wp-content\/uploads\/justiceinfo_logo-trans_1200x1200px.png\",\"width\":1199,\"height\":1200,\"caption\":\"Justice Info\"},\"image\":{\"@id\":\"https:\/\/www.justiceinfo.net\/fr#\/schema\/logo\/image\/\"},\"sameAs\":[\"https:\/\/www.facebook.com\/JusticeInfo\/\",\"https:\/\/x.com\/justiceinfonet\",\"https:\/\/www.linkedin.com\/company\/justice-info\",\"https:\/\/www.youtube.com\/channel\/UCyCEsARodyuWtkWyhn-e7pA\"]},{\"@type\":\"Person\",\"name\":\"Claude Sengenya, Envoy\u00e9 Sp\u00e9cial \u00e0 Kalehe, dans le Sud-Kivu (Est de la RD Congo)\",\"url\":\"\/fr\/?s=Claude Sengenya, Envoy\u00e9 Sp\u00e9cial \u00e0 Kalehe, dans le Sud-Kivu (Est de la RD Congo)\"}]}<\/script>\n<!-- \/ Yoast SEO Premium plugin. -->","yoast_head_json":{"title":"RD Congo : un ex- chef de milice jug\u00e9 pour crimes contre l\u2019humanit\u00e9 - JusticeInfo.net","robots":{"index":"index","follow":"follow","max-snippet":"max-snippet:-1","max-image-preview":"max-image-preview:large","max-video-preview":"max-video-preview:-1"},"canonical":"https:\/\/www.justiceinfo.net\/fr\/37152-rd-congo-un-ex-chef-de-milice-juge-pour-crimes-contre-l-humanite.html","og_locale":"fr_FR","og_type":"article","og_title":"RD Congo : un ex- chef de milice jug\u00e9 pour crimes contre l\u2019humanit\u00e9","og_description":"Depuis le vendredi 13 avril 2018, un tribunal militaire congolais si\u00e8ge \u00e0 Kalehe, dans la province du Sud-Kivu, pour le proc\u00e8s d\u2019un ancien chef de milice accus\u00e9 de crimes de contre l\u2019humanit\u00e9 et crimes de guerre. Maro Ntumwa, dit \u00ab\u00a0Marocain\u00a0\u00bb doit r\u00e9pondre de faits de \u00ab viol, esclavage sexuel, pillage, attaque contre la population civile [&hellip;]","og_url":"https:\/\/www.justiceinfo.net\/fr\/37152-rd-congo-un-ex-chef-de-milice-juge-pour-crimes-contre-l-humanite.html","og_site_name":"JusticeInfo.net","article_publisher":"https:\/\/www.facebook.com\/JusticeInfo\/","article_published_time":"2018-04-16T03:55:09+00:00","og_image":[{"width":768,"height":530,"url":"https:\/\/www.justiceinfo.net\/wp-content\/uploads\/70df3515c65a7164b8c223e5932fcd4f.jpg","type":"image\/jpeg"}],"author":"Claude Sengenya, Envoy\u00e9 Sp\u00e9cial \u00e0 Kalehe, dans le Sud-Kivu (Est de la RD Congo)","twitter_card":"summary_large_image","twitter_creator":"@justiceinfonet","twitter_site":"@justiceinfonet","twitter_misc":{"\u00c9crit par":"Claude Sengenya, Envoy\u00e9 Sp\u00e9cial \u00e0 Kalehe, dans le Sud-Kivu (Est de la RD Congo)","Dur\u00e9e de lecture estim\u00e9e":"4 minutes"},"schema":{"@context":"https:\/\/schema.org","@graph":[{"@type":"NewsArticle","@id":"https:\/\/www.justiceinfo.net\/fr\/37152-rd-congo-un-ex-chef-de-milice-juge-pour-crimes-contre-l-humanite.html#article","isPartOf":{"@id":"https:\/\/www.justiceinfo.net\/fr\/37152-rd-congo-un-ex-chef-de-milice-juge-pour-crimes-contre-l-humanite.html"},"author":{"name":"solivri","@id":"https:\/\/www.justiceinfo.net\/fr#\/schema\/person\/6e53cba1629e2e66f3fc1821d3091865"},"headline":"RD Congo : un ex- chef de milice jug\u00e9 pour crimes contre l\u2019humanit\u00e9","datePublished":"2018-04-16T03:55:09+00:00","mainEntityOfPage":{"@id":"https:\/\/www.justiceinfo.net\/fr\/37152-rd-congo-un-ex-chef-de-milice-juge-pour-crimes-contre-l-humanite.html"},"wordCount":748,"commentCount":0,"publisher":{"@id":"https:\/\/www.justiceinfo.net\/fr#organization"},"image":{"@id":"https:\/\/www.justiceinfo.net\/fr\/37152-rd-congo-un-ex-chef-de-milice-juge-pour-crimes-contre-l-humanite.html#primaryimage"},"thumbnailUrl":"https:\/\/www.justiceinfo.net\/wp-content\/uploads\/70df3515c65a7164b8c223e5932fcd4f.jpg","articleSection":["Tribunaux nationaux"],"inLanguage":"fr-FR","potentialAction":[{"@type":"CommentAction","name":"Comment","target":["https:\/\/www.justiceinfo.net\/fr\/37152-rd-congo-un-ex-chef-de-milice-juge-pour-crimes-contre-l-humanite.html#respond"]}]},{"@type":"WebPage","@id":"https:\/\/www.justiceinfo.net\/fr\/37152-rd-congo-un-ex-chef-de-milice-juge-pour-crimes-contre-l-humanite.html","url":"https:\/\/www.justiceinfo.net\/fr\/37152-rd-congo-un-ex-chef-de-milice-juge-pour-crimes-contre-l-humanite.html","name":"RD Congo : un ex- chef de milice jug\u00e9 pour crimes contre l\u2019humanit\u00e9 - JusticeInfo.net","isPartOf":{"@id":"https:\/\/www.justiceinfo.net\/fr#website"},"primaryImageOfPage":{"@id":"https:\/\/www.justiceinfo.net\/fr\/37152-rd-congo-un-ex-chef-de-milice-juge-pour-crimes-contre-l-humanite.html#primaryimage"},"image":{"@id":"https:\/\/www.justiceinfo.net\/fr\/37152-rd-congo-un-ex-chef-de-milice-juge-pour-crimes-contre-l-humanite.html#primaryimage"},"thumbnailUrl":"https:\/\/www.justiceinfo.net\/wp-content\/uploads\/70df3515c65a7164b8c223e5932fcd4f.jpg","datePublished":"2018-04-16T03:55:09+00:00","breadcrumb":{"@id":"https:\/\/www.justiceinfo.net\/fr\/37152-rd-congo-un-ex-chef-de-milice-juge-pour-crimes-contre-l-humanite.html#breadcrumb"},"inLanguage":"fr-FR","potentialAction":[{"@type":"ReadAction","target":["https:\/\/www.justiceinfo.net\/fr\/37152-rd-congo-un-ex-chef-de-milice-juge-pour-crimes-contre-l-humanite.html"]}]},{"@type":"ImageObject","inLanguage":"fr-FR","@id":"https:\/\/www.justiceinfo.net\/fr\/37152-rd-congo-un-ex-chef-de-milice-juge-pour-crimes-contre-l-humanite.html#primaryimage","url":"https:\/\/www.justiceinfo.net\/wp-content\/uploads\/70df3515c65a7164b8c223e5932fcd4f.jpg","contentUrl":"https:\/\/www.justiceinfo.net\/wp-content\/uploads\/70df3515c65a7164b8c223e5932fcd4f.jpg","width":768,"height":530},{"@type":"BreadcrumbList","@id":"https:\/\/www.justiceinfo.net\/fr\/37152-rd-congo-un-ex-chef-de-milice-juge-pour-crimes-contre-l-humanite.html#breadcrumb","itemListElement":[{"@type":"ListItem","position":1,"name":"Home","item":"https:\/\/www.justiceinfo.net\/fr"},{"@type":"ListItem","position":2,"name":"RD Congo : un ex- chef de milice jug\u00e9 pour crimes contre l\u2019humanit\u00e9"}]},{"@type":"WebSite","@id":"https:\/\/www.justiceinfo.net\/fr#website","url":"https:\/\/www.justiceinfo.net\/fr","name":"JusticeInfo.net","description":"La justice doit \u00eatre vue pour \u00eatre rendue","publisher":{"@id":"https:\/\/www.justiceinfo.net\/fr#organization"},"potentialAction":[{"@type":"SearchAction","target":{"@type":"EntryPoint","urlTemplate":"https:\/\/www.justiceinfo.net\/fr?s={search_term_string}"},"query-input":{"@type":"PropertyValueSpecification","valueRequired":true,"valueName":"search_term_string"}}],"inLanguage":"fr-FR"},{"@type":"Organization","@id":"https:\/\/www.justiceinfo.net\/fr#organization","name":"Justice Info","url":"https:\/\/www.justiceinfo.net\/fr","logo":{"@type":"ImageObject","inLanguage":"fr-FR","@id":"https:\/\/www.justiceinfo.net\/fr#\/schema\/logo\/image\/","url":"https:\/\/www.justiceinfo.net\/wp-content\/uploads\/justiceinfo_logo-trans_1200x1200px.png","contentUrl":"https:\/\/www.justiceinfo.net\/wp-content\/uploads\/justiceinfo_logo-trans_1200x1200px.png","width":1199,"height":1200,"caption":"Justice Info"},"image":{"@id":"https:\/\/www.justiceinfo.net\/fr#\/schema\/logo\/image\/"},"sameAs":["https:\/\/www.facebook.com\/JusticeInfo\/","https:\/\/x.com\/justiceinfonet","https:\/\/www.linkedin.com\/company\/justice-info","https:\/\/www.youtube.com\/channel\/UCyCEsARodyuWtkWyhn-e7pA"]},{"@type":"Person","name":"Claude Sengenya, Envoy\u00e9 Sp\u00e9cial \u00e0 Kalehe, dans le Sud-Kivu (Est de la RD Congo)","url":"\/fr\/?s=Claude Sengenya, Envoy\u00e9 Sp\u00e9cial \u00e0 Kalehe, dans le Sud-Kivu (Est de la RD Congo)"}]}},"_links":{"self":[{"href":"https:\/\/www.justiceinfo.net\/fr\/wp-json\/wp\/v2\/posts\/37152","targetHints":{"allow":["GET"]}}],"collection":[{"href":"https:\/\/www.justiceinfo.net\/fr\/wp-json\/wp\/v2\/posts"}],"about":[{"href":"https:\/\/www.justiceinfo.net\/fr\/wp-json\/wp\/v2\/types\/post"}],"author":[{"embeddable":true,"href":"https:\/\/www.justiceinfo.net\/fr\/wp-json\/wp\/v2\/users\/64"}],"replies":[{"embeddable":true,"href":"https:\/\/www.justiceinfo.net\/fr\/wp-json\/wp\/v2\/comments?post=37152"}],"version-history":[{"count":0,"href":"https:\/\/www.justiceinfo.net\/fr\/wp-json\/wp\/v2\/posts\/37152\/revisions"}],"wp:featuredmedia":[{"embeddable":true,"href":"https:\/\/www.justiceinfo.net\/fr\/wp-json\/wp\/v2\/media\/67908"}],"wp:attachment":[{"href":"https:\/\/www.justiceinfo.net\/fr\/wp-json\/wp\/v2\/media?parent=37152"}],"wp:term":[{"taxonomy":"category","embeddable":true,"href":"https:\/\/www.justiceinfo.net\/fr\/wp-json\/wp\/v2\/categories?post=37152"},{"taxonomy":"post_tag","embeddable":true,"href":"https:\/\/www.justiceinfo.net\/fr\/wp-json\/wp\/v2\/tags?post=37152"},{"taxonomy":"ji_location","embeddable":true,"href":"https:\/\/www.justiceinfo.net\/fr\/wp-json\/wp\/v2\/ji_location?post=37152"}],"curies":[{"name":"wp","href":"https:\/\/api.w.org\/{rel}","templated":true}]}}