{"id":37169,"date":"2018-04-17T07:49:41","date_gmt":"2018-04-17T05:49:41","guid":{"rendered":"https:\/\/www.justiceinfo.net\/37169-au-yemen-le-football-triomphe-de-la-guerre.html"},"modified":"2018-04-17T07:49:41","modified_gmt":"2018-04-17T05:49:41","slug":"au-yemen-le-football-triomphe-de-la-guerre","status":"publish","type":"post","link":"https:\/\/www.justiceinfo.net\/fr\/37169-au-yemen-le-football-triomphe-de-la-guerre.html","title":{"rendered":"Au Y\u00e9men, le football triomphe de la guerre"},"content":{"rendered":"<div class=\"txt-textContent\">\n<div class=\"text fontsize_0 jq_Content jq_langdir\">\n<p>Pour les Y\u00e9m\u00e9nites, \u00e9puis\u00e9s par plus de trois ans de guerre, la seule bonne nouvelle ces derniers temps concerne le football: leur \u00e9quipe nationale s'est qualifi\u00e9e, pour la premi\u00e8re fois, pour la phase finale de la Coupe d'Asie des nations.<\/p>\n<p>Ce \"miracle\" a enthousiasm\u00e9 les Y\u00e9m\u00e9nites, qu'ils soient sudistes, nordistes, loyalistes, rebelles, riches ou pauvres dans un pays qui se passionne pour le football mais dont la s\u00e9lection n'a jamais brill\u00e9.<\/p>\n<p>Le Y\u00e9men a arrach\u00e9 son ticket en battant au dernier tour, le 27 mars, le N\u00e9pal par 2 buts \u00e0 1.\u00a0<\/p>\n<p>Le Y\u00e9men n'a jamais gagn\u00e9, par exemple, un seul match depuis qu'il participe \u00e0 la Coupe du Golfe, comp\u00e9tition r\u00e9gionale de huit nations de la p\u00e9ninsule arabique plus l'Irak.<\/p>\n<p>Les m\u00e9dias y\u00e9m\u00e9nites avaient l'habitude de f\u00e9liciter l'\u00e9quipe nationale lorsqu'elle perdait sur un score serr\u00e9 en c\u00e9l\u00e9brant \"une d\u00e9faite honorable\", faute de s'enflammer pour une victoire.<\/p>\n<p>\"La s\u00e9lection unit tous les Y\u00e9m\u00e9nites lorsqu'elle se montre solide\", souligne Ahmad Sabahi, supporteur \u00e0 Aden, la grande ville du sud.<\/p>\n<p>\"Tous les Y\u00e9m\u00e9nites sont derri\u00e8re leur \u00e9quipe\", qualifi\u00e9e pour la Coupe d'Asie qui se tiendra d\u00e9but 2019 aux Emirats arabes unis, assure-t-il.<\/p>\n<p>\"Nous esp\u00e9rons que l'\u00e9quipe fera honneur au Y\u00e9men et soulagera les peines des Y\u00e9m\u00e9nites\", poursuit M. Sabahi.<\/p>\n<p>Pour un autre supporteur, Saleh Hanash, la qualification \"contribue \u00e0 donner le sourire aux jeunes\" et les aide \u00e0 \"oublier certaines de leurs trag\u00e9dies\".<\/p>\n<p>\u00a0<\/p>\n<h2>- Championnat arr\u00eat\u00e9 -<\/h2>\n<p>\u00a0<\/p>\n<p>Le Y\u00e9men est \u00e0 genoux. L'intensification du conflit entre rebelles et gouvernement, avec en arri\u00e8re plan la rivalit\u00e9 entre l'Iran et l'Arabie saoudite, a plong\u00e9 le pays dans ce que les Nations unies qualifient de \"pire crise humanitaire du monde\".<\/p>\n<p>Les op\u00e9rations militaires ont fait pr\u00e8s de 10.000 morts, plus de 54.000 bless\u00e9s et mis 8,4 millions de civils au bord de la famine, selon l'ONU.<\/p>\n<p>La guerre a d\u00e9vast\u00e9 les infrastructures sportives du pays. Des stades de football ont \u00e9t\u00e9 d\u00e9truits ou transform\u00e9s en d\u00e9p\u00f4ts d'armes ou en baraquements militaires.<\/p>\n<p>Le championnat national s'est arr\u00eat\u00e9 et les clubs ont \u00e9t\u00e9 d\u00e9mantel\u00e9s.<\/p>\n<p>Paradoxalement, c'est peut-\u00eatre la guerre qui a favoris\u00e9 la qualification du Y\u00e9men, dont l'\u00e9quipe est regroup\u00e9e au Qatar o\u00f9 elle b\u00e9n\u00e9ficie d'un bon encadrement et d'installations de qualit\u00e9 internationale.<\/p>\n<p>\"La qualification est le r\u00e9sultat du talent intrins\u00e8que du joueur y\u00e9m\u00e9nite\", se d\u00e9fend un entra\u00eeneur de Sanaa, Abdel Salam al-Saadi, en affirmant que le succ\u00e8s de l'\u00e9quipe nationale s'explique par le fait que le football n'a pas \u00e9t\u00e9 instrumentalis\u00e9 par les parties en conflit.<\/p>\n<p>Les \u00e9quipes de jeunes continuent \u00e0 recruter au-del\u00e0 des lignes des fronts militaires et \u00e0 se pr\u00e9parer \u00e0 Sanaa avec des r\u00e9sultats encourageants.<\/p>\n<p>La s\u00e9lection des moins de 16 ans s'est ainsi qualifi\u00e9e pour le Championnat d'Asie qui se tiendra en septembre et octobre prochains en Malaisie.<\/p>\n<p>Les membres de l'encadrement n'ont pas h\u00e9sit\u00e9, pour former cette s\u00e9lection, \u00e0 se rendre dans des zones contr\u00f4l\u00e9es par diff\u00e9rents protagonistes, parfois au milieu de combats.<\/p>\n<p>\u00a0<\/p>\n<h2>- Tournois entre quartiers -<\/h2>\n<p>\u00a0<\/p>\n<p>A Aden, les Y\u00e9m\u00e9nites n'ont jamais cess\u00e9 de jouer au football en d\u00e9pit de la guerre et de l'ins\u00e9curit\u00e9.<\/p>\n<p>La ville du sud est tomb\u00e9e en mars 2015 entre les mains des rebelles Houthis, soutenus par l'Iran, qui ont d\u00e9ferl\u00e9 \u00e0 partir du nord.<\/p>\n<p>Elle a \u00e9t\u00e9 reprise quelques mois plus tard par les forces gouvernementales avec le soutien d'une coalition militaire men\u00e9e par l'Arabie saoudite.<\/p>\n<p>Les responsables du football national tentent depuis, en d\u00e9pit de l'ins\u00e9curit\u00e9, d'organiser des tournois entre quartiers, faute de pouvoir relancer d'autres comp\u00e9titions.<\/p>\n<p>\"Nous tentons, dans les limites du possible, de relancer la pratique du football en d\u00e9pit de la destruction de nombreuses infrastructures\", indique un responsable d'une association sportive d'Aden, Ahmed Hussein Hosni.<\/p>\n<p>Sur un terrain vague r\u00e9cemment r\u00e9am\u00e9nag\u00e9, deux \u00e9quipes mouillent le maillot en disputant un match. D'autres joueurs se livrent \u00e0 des exercices d'\u00e9chauffement le long d'un mur d'enceinte \u00e9ventr\u00e9 par un obus.<\/p>\n<p>Le football n'est pas mort au Y\u00e9men, fait remarquer un amateur, Fadel Wassabi, m\u00eame s'il avoue qu'il est difficile de le pratiquer \"quand on a \u00e0 s'assurer des n\u00e9cessit\u00e9s de la vie au milieu de la guerre\".<\/p>\n<p>bur-mah\/mh\/ras\/nbz\/gk<\/p>\n<\/div>\n<\/div>\n","protected":false},"excerpt":{"rendered":"<p>Pour les Y\u00e9m\u00e9nites, \u00e9puis\u00e9s par plus de trois ans de guerre, la seule bonne nouvelle ces derniers temps concerne le football: leur \u00e9quipe nationale s'est qualifi\u00e9e, pour la premi\u00e8re fois, pour la phase finale de la Coupe d'Asie des nations. Ce \"miracle\" a enthousiasm\u00e9 les Y\u00e9m\u00e9nites, qu'ils soient sudistes, nordistes, loyalistes, rebelles, riches ou pauvres [&hellip;]<\/p>\n","protected":false},"author":60,"featured_media":0,"comment_status":"open","ping_status":"closed","sticky":false,"template":"","format":"standard","meta":{"_acf_changed":false,"footnotes":""},"categories":[2576],"tags":[],"ji_location":[2560],"class_list":["post-37169","post","type-post","status-publish","format-standard","hentry","category-fil-d-actualite","ji_location-yemen"],"acf":[],"yoast_head":"<!-- This site is optimized with the Yoast SEO Premium plugin v25.3.1 (Yoast SEO v25.3.1) - https:\/\/yoast.com\/wordpress\/plugins\/seo\/ -->\n<title>Au Y\u00e9men, le football triomphe de la guerre - JusticeInfo.net<\/title>\n<meta name=\"robots\" content=\"index, follow, max-snippet:-1, max-image-preview:large, max-video-preview:-1\" \/>\n<link rel=\"canonical\" href=\"https:\/\/www.justiceinfo.net\/fr\/37169-au-yemen-le-football-triomphe-de-la-guerre.html\" \/>\n<meta property=\"og:locale\" content=\"fr_FR\" \/>\n<meta property=\"og:type\" content=\"article\" \/>\n<meta property=\"og:title\" content=\"Au Y\u00e9men, le football triomphe de la guerre\" \/>\n<meta property=\"og:description\" content=\"Pour les Y\u00e9m\u00e9nites, \u00e9puis\u00e9s par plus de trois ans de guerre, la seule bonne nouvelle ces derniers temps concerne le football: leur \u00e9quipe nationale s&#039;est qualifi\u00e9e, pour la premi\u00e8re fois, pour la phase finale de la Coupe d&#039;Asie des nations. Ce &quot;miracle&quot; a enthousiasm\u00e9 les Y\u00e9m\u00e9nites, qu&#039;ils soient sudistes, nordistes, loyalistes, rebelles, riches ou pauvres [&hellip;]\" \/>\n<meta property=\"og:url\" content=\"https:\/\/www.justiceinfo.net\/fr\/37169-au-yemen-le-football-triomphe-de-la-guerre.html\" \/>\n<meta property=\"og:site_name\" content=\"JusticeInfo.net\" \/>\n<meta property=\"article:publisher\" content=\"https:\/\/www.facebook.com\/JusticeInfo\/\" \/>\n<meta property=\"article:published_time\" content=\"2018-04-17T05:49:41+00:00\" \/>\n<meta property=\"og:image\" content=\"https:\/\/www.justiceinfo.net\/wp-content\/uploads\/JusticeInfoNet_logo_1200x630px.jpg\" \/>\n\t<meta property=\"og:image:width\" content=\"1200\" \/>\n\t<meta property=\"og:image:height\" content=\"630\" \/>\n\t<meta property=\"og:image:type\" content=\"image\/jpeg\" \/>\n<meta name=\"author\" content=\"afp\" \/>\n<meta name=\"twitter:card\" content=\"summary_large_image\" \/>\n<meta name=\"twitter:creator\" content=\"@justiceinfonet\" \/>\n<meta name=\"twitter:site\" content=\"@justiceinfonet\" \/>\n<meta name=\"twitter:label1\" content=\"\u00c9crit par\" \/>\n\t<meta name=\"twitter:data1\" content=\"afp\" \/>\n\t<meta name=\"twitter:label2\" content=\"Dur\u00e9e de lecture estim\u00e9e\" \/>\n\t<meta name=\"twitter:data2\" content=\"4 minutes\" \/>\n<script type=\"application\/ld+json\" class=\"yoast-schema-graph\">{\"@context\":\"https:\/\/schema.org\",\"@graph\":[{\"@type\":\"NewsArticle\",\"@id\":\"https:\/\/www.justiceinfo.net\/fr\/37169-au-yemen-le-football-triomphe-de-la-guerre.html#article\",\"isPartOf\":{\"@id\":\"https:\/\/www.justiceinfo.net\/fr\/37169-au-yemen-le-football-triomphe-de-la-guerre.html\"},\"author\":{\"name\":\"afp\",\"@id\":\"https:\/\/www.justiceinfo.net\/fr#\/schema\/person\/713d340ef5f218fc36ce9b4244364a7f\"},\"headline\":\"Au Y\u00e9men, le football triomphe de la guerre\",\"datePublished\":\"2018-04-17T05:49:41+00:00\",\"mainEntityOfPage\":{\"@id\":\"https:\/\/www.justiceinfo.net\/fr\/37169-au-yemen-le-football-triomphe-de-la-guerre.html\"},\"wordCount\":804,\"commentCount\":0,\"publisher\":{\"@id\":\"https:\/\/www.justiceinfo.net\/fr#organization\"},\"articleSection\":[\"Fil d'info AFP\"],\"inLanguage\":\"fr-FR\",\"potentialAction\":[{\"@type\":\"CommentAction\",\"name\":\"Comment\",\"target\":[\"https:\/\/www.justiceinfo.net\/fr\/37169-au-yemen-le-football-triomphe-de-la-guerre.html#respond\"]}]},{\"@type\":\"WebPage\",\"@id\":\"https:\/\/www.justiceinfo.net\/fr\/37169-au-yemen-le-football-triomphe-de-la-guerre.html\",\"url\":\"https:\/\/www.justiceinfo.net\/fr\/37169-au-yemen-le-football-triomphe-de-la-guerre.html\",\"name\":\"Au Y\u00e9men, le football triomphe de la guerre - JusticeInfo.net\",\"isPartOf\":{\"@id\":\"https:\/\/www.justiceinfo.net\/fr#website\"},\"datePublished\":\"2018-04-17T05:49:41+00:00\",\"breadcrumb\":{\"@id\":\"https:\/\/www.justiceinfo.net\/fr\/37169-au-yemen-le-football-triomphe-de-la-guerre.html#breadcrumb\"},\"inLanguage\":\"fr-FR\",\"potentialAction\":[{\"@type\":\"ReadAction\",\"target\":[\"https:\/\/www.justiceinfo.net\/fr\/37169-au-yemen-le-football-triomphe-de-la-guerre.html\"]}]},{\"@type\":\"BreadcrumbList\",\"@id\":\"https:\/\/www.justiceinfo.net\/fr\/37169-au-yemen-le-football-triomphe-de-la-guerre.html#breadcrumb\",\"itemListElement\":[{\"@type\":\"ListItem\",\"position\":1,\"name\":\"Home\",\"item\":\"https:\/\/www.justiceinfo.net\/fr\"},{\"@type\":\"ListItem\",\"position\":2,\"name\":\"Au Y\u00e9men, le football triomphe de la guerre\"}]},{\"@type\":\"WebSite\",\"@id\":\"https:\/\/www.justiceinfo.net\/fr#website\",\"url\":\"https:\/\/www.justiceinfo.net\/fr\",\"name\":\"JusticeInfo.net\",\"description\":\"La justice doit \u00eatre vue pour \u00eatre rendue\",\"publisher\":{\"@id\":\"https:\/\/www.justiceinfo.net\/fr#organization\"},\"potentialAction\":[{\"@type\":\"SearchAction\",\"target\":{\"@type\":\"EntryPoint\",\"urlTemplate\":\"https:\/\/www.justiceinfo.net\/fr?s={search_term_string}\"},\"query-input\":{\"@type\":\"PropertyValueSpecification\",\"valueRequired\":true,\"valueName\":\"search_term_string\"}}],\"inLanguage\":\"fr-FR\"},{\"@type\":\"Organization\",\"@id\":\"https:\/\/www.justiceinfo.net\/fr#organization\",\"name\":\"Justice Info\",\"url\":\"https:\/\/www.justiceinfo.net\/fr\",\"logo\":{\"@type\":\"ImageObject\",\"inLanguage\":\"fr-FR\",\"@id\":\"https:\/\/www.justiceinfo.net\/fr#\/schema\/logo\/image\/\",\"url\":\"https:\/\/www.justiceinfo.net\/wp-content\/uploads\/justiceinfo_logo-trans_1200x1200px.png\",\"contentUrl\":\"https:\/\/www.justiceinfo.net\/wp-content\/uploads\/justiceinfo_logo-trans_1200x1200px.png\",\"width\":1199,\"height\":1200,\"caption\":\"Justice Info\"},\"image\":{\"@id\":\"https:\/\/www.justiceinfo.net\/fr#\/schema\/logo\/image\/\"},\"sameAs\":[\"https:\/\/www.facebook.com\/JusticeInfo\/\",\"https:\/\/x.com\/justiceinfonet\",\"https:\/\/www.linkedin.com\/company\/justice-info\",\"https:\/\/www.youtube.com\/channel\/UCyCEsARodyuWtkWyhn-e7pA\"]},{\"@type\":\"Person\",\"name\":\"afp\",\"url\":\"\/fr\/?s=afp\"}]}<\/script>\n<!-- \/ Yoast SEO Premium plugin. -->","yoast_head_json":{"title":"Au Y\u00e9men, le football triomphe de la guerre - JusticeInfo.net","robots":{"index":"index","follow":"follow","max-snippet":"max-snippet:-1","max-image-preview":"max-image-preview:large","max-video-preview":"max-video-preview:-1"},"canonical":"https:\/\/www.justiceinfo.net\/fr\/37169-au-yemen-le-football-triomphe-de-la-guerre.html","og_locale":"fr_FR","og_type":"article","og_title":"Au Y\u00e9men, le football triomphe de la guerre","og_description":"Pour les Y\u00e9m\u00e9nites, \u00e9puis\u00e9s par plus de trois ans de guerre, la seule bonne nouvelle ces derniers temps concerne le football: leur \u00e9quipe nationale s'est qualifi\u00e9e, pour la premi\u00e8re fois, pour la phase finale de la Coupe d'Asie des nations. Ce \"miracle\" a enthousiasm\u00e9 les Y\u00e9m\u00e9nites, qu'ils soient sudistes, nordistes, loyalistes, rebelles, riches ou pauvres [&hellip;]","og_url":"https:\/\/www.justiceinfo.net\/fr\/37169-au-yemen-le-football-triomphe-de-la-guerre.html","og_site_name":"JusticeInfo.net","article_publisher":"https:\/\/www.facebook.com\/JusticeInfo\/","article_published_time":"2018-04-17T05:49:41+00:00","og_image":[{"width":1200,"height":630,"url":"https:\/\/www.justiceinfo.net\/wp-content\/uploads\/JusticeInfoNet_logo_1200x630px.jpg","type":"image\/jpeg"}],"author":"afp","twitter_card":"summary_large_image","twitter_creator":"@justiceinfonet","twitter_site":"@justiceinfonet","twitter_misc":{"\u00c9crit par":"afp","Dur\u00e9e de lecture estim\u00e9e":"4 minutes"},"schema":{"@context":"https:\/\/schema.org","@graph":[{"@type":"NewsArticle","@id":"https:\/\/www.justiceinfo.net\/fr\/37169-au-yemen-le-football-triomphe-de-la-guerre.html#article","isPartOf":{"@id":"https:\/\/www.justiceinfo.net\/fr\/37169-au-yemen-le-football-triomphe-de-la-guerre.html"},"author":{"name":"afp","@id":"https:\/\/www.justiceinfo.net\/fr#\/schema\/person\/713d340ef5f218fc36ce9b4244364a7f"},"headline":"Au Y\u00e9men, le football triomphe de la guerre","datePublished":"2018-04-17T05:49:41+00:00","mainEntityOfPage":{"@id":"https:\/\/www.justiceinfo.net\/fr\/37169-au-yemen-le-football-triomphe-de-la-guerre.html"},"wordCount":804,"commentCount":0,"publisher":{"@id":"https:\/\/www.justiceinfo.net\/fr#organization"},"articleSection":["Fil d'info AFP"],"inLanguage":"fr-FR","potentialAction":[{"@type":"CommentAction","name":"Comment","target":["https:\/\/www.justiceinfo.net\/fr\/37169-au-yemen-le-football-triomphe-de-la-guerre.html#respond"]}]},{"@type":"WebPage","@id":"https:\/\/www.justiceinfo.net\/fr\/37169-au-yemen-le-football-triomphe-de-la-guerre.html","url":"https:\/\/www.justiceinfo.net\/fr\/37169-au-yemen-le-football-triomphe-de-la-guerre.html","name":"Au Y\u00e9men, le football triomphe de la guerre - JusticeInfo.net","isPartOf":{"@id":"https:\/\/www.justiceinfo.net\/fr#website"},"datePublished":"2018-04-17T05:49:41+00:00","breadcrumb":{"@id":"https:\/\/www.justiceinfo.net\/fr\/37169-au-yemen-le-football-triomphe-de-la-guerre.html#breadcrumb"},"inLanguage":"fr-FR","potentialAction":[{"@type":"ReadAction","target":["https:\/\/www.justiceinfo.net\/fr\/37169-au-yemen-le-football-triomphe-de-la-guerre.html"]}]},{"@type":"BreadcrumbList","@id":"https:\/\/www.justiceinfo.net\/fr\/37169-au-yemen-le-football-triomphe-de-la-guerre.html#breadcrumb","itemListElement":[{"@type":"ListItem","position":1,"name":"Home","item":"https:\/\/www.justiceinfo.net\/fr"},{"@type":"ListItem","position":2,"name":"Au Y\u00e9men, le football triomphe de la guerre"}]},{"@type":"WebSite","@id":"https:\/\/www.justiceinfo.net\/fr#website","url":"https:\/\/www.justiceinfo.net\/fr","name":"JusticeInfo.net","description":"La justice doit \u00eatre vue pour \u00eatre rendue","publisher":{"@id":"https:\/\/www.justiceinfo.net\/fr#organization"},"potentialAction":[{"@type":"SearchAction","target":{"@type":"EntryPoint","urlTemplate":"https:\/\/www.justiceinfo.net\/fr?s={search_term_string}"},"query-input":{"@type":"PropertyValueSpecification","valueRequired":true,"valueName":"search_term_string"}}],"inLanguage":"fr-FR"},{"@type":"Organization","@id":"https:\/\/www.justiceinfo.net\/fr#organization","name":"Justice Info","url":"https:\/\/www.justiceinfo.net\/fr","logo":{"@type":"ImageObject","inLanguage":"fr-FR","@id":"https:\/\/www.justiceinfo.net\/fr#\/schema\/logo\/image\/","url":"https:\/\/www.justiceinfo.net\/wp-content\/uploads\/justiceinfo_logo-trans_1200x1200px.png","contentUrl":"https:\/\/www.justiceinfo.net\/wp-content\/uploads\/justiceinfo_logo-trans_1200x1200px.png","width":1199,"height":1200,"caption":"Justice Info"},"image":{"@id":"https:\/\/www.justiceinfo.net\/fr#\/schema\/logo\/image\/"},"sameAs":["https:\/\/www.facebook.com\/JusticeInfo\/","https:\/\/x.com\/justiceinfonet","https:\/\/www.linkedin.com\/company\/justice-info","https:\/\/www.youtube.com\/channel\/UCyCEsARodyuWtkWyhn-e7pA"]},{"@type":"Person","name":"afp","url":"\/fr\/?s=afp"}]}},"_links":{"self":[{"href":"https:\/\/www.justiceinfo.net\/fr\/wp-json\/wp\/v2\/posts\/37169","targetHints":{"allow":["GET"]}}],"collection":[{"href":"https:\/\/www.justiceinfo.net\/fr\/wp-json\/wp\/v2\/posts"}],"about":[{"href":"https:\/\/www.justiceinfo.net\/fr\/wp-json\/wp\/v2\/types\/post"}],"author":[{"embeddable":true,"href":"https:\/\/www.justiceinfo.net\/fr\/wp-json\/wp\/v2\/users\/60"}],"replies":[{"embeddable":true,"href":"https:\/\/www.justiceinfo.net\/fr\/wp-json\/wp\/v2\/comments?post=37169"}],"version-history":[{"count":0,"href":"https:\/\/www.justiceinfo.net\/fr\/wp-json\/wp\/v2\/posts\/37169\/revisions"}],"wp:attachment":[{"href":"https:\/\/www.justiceinfo.net\/fr\/wp-json\/wp\/v2\/media?parent=37169"}],"wp:term":[{"taxonomy":"category","embeddable":true,"href":"https:\/\/www.justiceinfo.net\/fr\/wp-json\/wp\/v2\/categories?post=37169"},{"taxonomy":"post_tag","embeddable":true,"href":"https:\/\/www.justiceinfo.net\/fr\/wp-json\/wp\/v2\/tags?post=37169"},{"taxonomy":"ji_location","embeddable":true,"href":"https:\/\/www.justiceinfo.net\/fr\/wp-json\/wp\/v2\/ji_location?post=37169"}],"curies":[{"name":"wp","href":"https:\/\/api.w.org\/{rel}","templated":true}]}}