{"id":37194,"date":"2018-04-19T11:20:58","date_gmt":"2018-04-19T09:20:58","guid":{"rendered":"https:\/\/www.justiceinfo.net\/37194-gaza-le-parlement-europeen-appelle-israel-a-la-retenue.html"},"modified":"2018-04-19T11:20:58","modified_gmt":"2018-04-19T09:20:58","slug":"gaza-le-parlement-europeen-appelle-israel-a-la-retenue","status":"publish","type":"post","link":"https:\/\/www.justiceinfo.net\/fr\/37194-gaza-le-parlement-europeen-appelle-israel-a-la-retenue.html","title":{"rendered":"Gaza: le Parlement europ\u00e9en appelle Isra\u00ebl \u00e0 la retenue"},"content":{"rendered":"<div class=\"txt-textContent\">\n<div class=\"text fontsize_0 jq_Content jq_langdir\">\n<p>Le Parlement europ\u00e9en a exhort\u00e9 jeudi Isra\u00ebl \u00e0 \"s'abstenir de tout recours \u00e0 la force l\u00e9tale\" face \u00e0 des manifestants palestiniens, apr\u00e8s des affrontements \u00e0 la fronti\u00e8re entre la bande de Gaza et le territoire isra\u00e9lien qui ont fait plus de 30 morts c\u00f4t\u00e9 palestinien.<\/p>\n<p>Dans une r\u00e9solution adopt\u00e9e \u00e0 une large majorit\u00e9, les eurod\u00e9put\u00e9s ont condamn\u00e9 \"le fait que des manifestants palestiniens innocents aient \u00e9t\u00e9 tu\u00e9s et bless\u00e9s dans la bande de Gaza au cours des trois derni\u00e8res semaines\".<\/p>\n<p>Ils ont demand\u00e9 \"instamment aux forces isra\u00e9liennes de d\u00e9fense de s'abstenir de tout recours \u00e0 la force l\u00e9tale contre des manifestants non arm\u00e9s\", et invit\u00e9 Isra\u00ebl \u00e0 respecter le \"droit fondamental \u00e0 manifester pacifiquement\".<\/p>\n<p>La fronti\u00e8re entre la bande de Gaza et le territoire isra\u00e9lien a \u00e9t\u00e9 le th\u00e9\u00e2tre depuis le 30 mars de violents affrontements qui ont fait 34 morts et des centaines de bless\u00e9s palestiniens par balles. Aucun Isra\u00e9lien n'a \u00e9t\u00e9 bless\u00e9.<\/p>\n<p>Les autorit\u00e9s isra\u00e9liennes affirment que les soldats ouvrent le feu uniquement pour prot\u00e9ger la cl\u00f4ture le long de la fronti\u00e8re et leurs soldats. Les Palestiniens d\u00e9noncent eux le fait que les manifestants sont la cible de tirs bien qu'ils ne repr\u00e9sentent pas de menace pour les soldats.<\/p>\n<p>Le secr\u00e9taire g\u00e9n\u00e9ral de l'ONU Antonio Guterres et la repr\u00e9sentante de la diplomatie europ\u00e9enne Federica Mogherini ont r\u00e9clam\u00e9 une enqu\u00eate sur l'usage par Isra\u00ebl de balles r\u00e9elles.<\/p>\n<p>Dans le texte vot\u00e9 jeudi en session pl\u00e9ni\u00e8re \u00e0 Strasbourg, le Parlement europ\u00e9en \"appelle de ses v\u0153ux la plus grande retenue et souligne que la priorit\u00e9 doit \u00eatre d'\u00e9viter toute nouvelle escalade de la violence\".<\/p>\n<p>C\u00f4t\u00e9 palestinien, les eurod\u00e9put\u00e9s ont demand\u00e9 aux \"dirigeants des manifestations dans la bande de Gaza \u00e0 s'abstenir de toute incitation \u00e0 la violence\".<\/p>\n<p>Ils ont aussi\u00a0condamn\u00e9 \"les attentats perp\u00e9tr\u00e9s par le Hamas et d'autres groupes militants contre Isra\u00ebl depuis la bande de Gaza\" et se sont dits inquiets du \"fait que le Hamas semble avoir pour objectif l'escalade des tensions\".<\/p>\n<p>Face \u00e0 la crise humanitaire, il doit y avoir\u00a0\"un effort international imm\u00e9diat et d'ampleur cons\u00e9quente en faveur de la reconstruction et de la r\u00e9habilitation\" de la bande de Gaza\", demande le Parlement europ\u00e9en.<\/p>\n<p>Les eurod\u00e9put\u00e9s ont aussi r\u00e9clam\u00e9 \"la lev\u00e9e imm\u00e9diate et sans condition du blocage et de la fermeture de la bande de Gaza\".<\/p>\n<p>cds\/mad\/sg<\/p>\n<\/div>\n<\/div>\n","protected":false},"excerpt":{"rendered":"<p>Le Parlement europ\u00e9en a exhort\u00e9 jeudi Isra\u00ebl \u00e0 \"s'abstenir de tout recours \u00e0 la force l\u00e9tale\" face \u00e0 des manifestants palestiniens, apr\u00e8s des affrontements \u00e0 la fronti\u00e8re entre la bande de Gaza et le territoire isra\u00e9lien qui ont fait plus de 30 morts c\u00f4t\u00e9 palestinien. Dans une r\u00e9solution adopt\u00e9e \u00e0 une large majorit\u00e9, les eurod\u00e9put\u00e9s [&hellip;]<\/p>\n","protected":false},"author":60,"featured_media":0,"comment_status":"open","ping_status":"closed","sticky":false,"template":"","format":"standard","meta":{"_acf_changed":false,"footnotes":""},"categories":[2576],"tags":[],"ji_location":[2402],"class_list":["post-37194","post","type-post","status-publish","format-standard","hentry","category-fil-d-actualite","ji_location-palestine"],"acf":[],"yoast_head":"<!-- This site is optimized with the Yoast SEO Premium plugin v25.3.1 (Yoast SEO v25.3.1) - https:\/\/yoast.com\/wordpress\/plugins\/seo\/ -->\n<title>Gaza: le Parlement europ\u00e9en appelle Isra\u00ebl \u00e0 la retenue - JusticeInfo.net<\/title>\n<meta name=\"robots\" content=\"index, follow, max-snippet:-1, max-image-preview:large, max-video-preview:-1\" \/>\n<link rel=\"canonical\" href=\"https:\/\/www.justiceinfo.net\/fr\/37194-gaza-le-parlement-europeen-appelle-israel-a-la-retenue.html\" \/>\n<meta property=\"og:locale\" content=\"fr_FR\" \/>\n<meta property=\"og:type\" content=\"article\" \/>\n<meta property=\"og:title\" content=\"Gaza: le Parlement europ\u00e9en appelle Isra\u00ebl \u00e0 la retenue\" \/>\n<meta property=\"og:description\" content=\"Le Parlement europ\u00e9en a exhort\u00e9 jeudi Isra\u00ebl \u00e0 &quot;s&#039;abstenir de tout recours \u00e0 la force l\u00e9tale&quot; face \u00e0 des manifestants palestiniens, apr\u00e8s des affrontements \u00e0 la fronti\u00e8re entre la bande de Gaza et le territoire isra\u00e9lien qui ont fait plus de 30 morts c\u00f4t\u00e9 palestinien. Dans une r\u00e9solution adopt\u00e9e \u00e0 une large majorit\u00e9, les eurod\u00e9put\u00e9s [&hellip;]\" \/>\n<meta property=\"og:url\" content=\"https:\/\/www.justiceinfo.net\/fr\/37194-gaza-le-parlement-europeen-appelle-israel-a-la-retenue.html\" \/>\n<meta property=\"og:site_name\" content=\"JusticeInfo.net\" \/>\n<meta property=\"article:publisher\" content=\"https:\/\/www.facebook.com\/JusticeInfo\/\" \/>\n<meta property=\"article:published_time\" content=\"2018-04-19T09:20:58+00:00\" \/>\n<meta property=\"og:image\" content=\"https:\/\/www.justiceinfo.net\/wp-content\/uploads\/JusticeInfoNet_logo_1200x630px.jpg\" \/>\n\t<meta property=\"og:image:width\" content=\"1200\" \/>\n\t<meta property=\"og:image:height\" content=\"630\" \/>\n\t<meta property=\"og:image:type\" content=\"image\/jpeg\" \/>\n<meta name=\"author\" content=\"afp\" \/>\n<meta name=\"twitter:card\" content=\"summary_large_image\" \/>\n<meta name=\"twitter:creator\" content=\"@justiceinfonet\" \/>\n<meta name=\"twitter:site\" content=\"@justiceinfonet\" \/>\n<meta name=\"twitter:label1\" content=\"\u00c9crit par\" \/>\n\t<meta name=\"twitter:data1\" content=\"afp\" \/>\n\t<meta name=\"twitter:label2\" content=\"Dur\u00e9e de lecture estim\u00e9e\" \/>\n\t<meta name=\"twitter:data2\" content=\"2 minutes\" \/>\n<script type=\"application\/ld+json\" class=\"yoast-schema-graph\">{\"@context\":\"https:\/\/schema.org\",\"@graph\":[{\"@type\":\"NewsArticle\",\"@id\":\"https:\/\/www.justiceinfo.net\/fr\/37194-gaza-le-parlement-europeen-appelle-israel-a-la-retenue.html#article\",\"isPartOf\":{\"@id\":\"https:\/\/www.justiceinfo.net\/fr\/37194-gaza-le-parlement-europeen-appelle-israel-a-la-retenue.html\"},\"author\":{\"name\":\"afp\",\"@id\":\"https:\/\/www.justiceinfo.net\/fr#\/schema\/person\/713d340ef5f218fc36ce9b4244364a7f\"},\"headline\":\"Gaza: le Parlement europ\u00e9en appelle Isra\u00ebl \u00e0 la retenue\",\"datePublished\":\"2018-04-19T09:20:58+00:00\",\"mainEntityOfPage\":{\"@id\":\"https:\/\/www.justiceinfo.net\/fr\/37194-gaza-le-parlement-europeen-appelle-israel-a-la-retenue.html\"},\"wordCount\":448,\"commentCount\":0,\"publisher\":{\"@id\":\"https:\/\/www.justiceinfo.net\/fr#organization\"},\"articleSection\":[\"Fil d'info AFP\"],\"inLanguage\":\"fr-FR\",\"potentialAction\":[{\"@type\":\"CommentAction\",\"name\":\"Comment\",\"target\":[\"https:\/\/www.justiceinfo.net\/fr\/37194-gaza-le-parlement-europeen-appelle-israel-a-la-retenue.html#respond\"]}]},{\"@type\":\"WebPage\",\"@id\":\"https:\/\/www.justiceinfo.net\/fr\/37194-gaza-le-parlement-europeen-appelle-israel-a-la-retenue.html\",\"url\":\"https:\/\/www.justiceinfo.net\/fr\/37194-gaza-le-parlement-europeen-appelle-israel-a-la-retenue.html\",\"name\":\"Gaza: le Parlement europ\u00e9en appelle Isra\u00ebl \u00e0 la retenue - JusticeInfo.net\",\"isPartOf\":{\"@id\":\"https:\/\/www.justiceinfo.net\/fr#website\"},\"datePublished\":\"2018-04-19T09:20:58+00:00\",\"breadcrumb\":{\"@id\":\"https:\/\/www.justiceinfo.net\/fr\/37194-gaza-le-parlement-europeen-appelle-israel-a-la-retenue.html#breadcrumb\"},\"inLanguage\":\"fr-FR\",\"potentialAction\":[{\"@type\":\"ReadAction\",\"target\":[\"https:\/\/www.justiceinfo.net\/fr\/37194-gaza-le-parlement-europeen-appelle-israel-a-la-retenue.html\"]}]},{\"@type\":\"BreadcrumbList\",\"@id\":\"https:\/\/www.justiceinfo.net\/fr\/37194-gaza-le-parlement-europeen-appelle-israel-a-la-retenue.html#breadcrumb\",\"itemListElement\":[{\"@type\":\"ListItem\",\"position\":1,\"name\":\"Home\",\"item\":\"https:\/\/www.justiceinfo.net\/fr\"},{\"@type\":\"ListItem\",\"position\":2,\"name\":\"Gaza: le Parlement europ\u00e9en appelle Isra\u00ebl \u00e0 la retenue\"}]},{\"@type\":\"WebSite\",\"@id\":\"https:\/\/www.justiceinfo.net\/fr#website\",\"url\":\"https:\/\/www.justiceinfo.net\/fr\",\"name\":\"JusticeInfo.net\",\"description\":\"La justice doit \u00eatre vue pour \u00eatre rendue\",\"publisher\":{\"@id\":\"https:\/\/www.justiceinfo.net\/fr#organization\"},\"potentialAction\":[{\"@type\":\"SearchAction\",\"target\":{\"@type\":\"EntryPoint\",\"urlTemplate\":\"https:\/\/www.justiceinfo.net\/fr?s={search_term_string}\"},\"query-input\":{\"@type\":\"PropertyValueSpecification\",\"valueRequired\":true,\"valueName\":\"search_term_string\"}}],\"inLanguage\":\"fr-FR\"},{\"@type\":\"Organization\",\"@id\":\"https:\/\/www.justiceinfo.net\/fr#organization\",\"name\":\"Justice Info\",\"url\":\"https:\/\/www.justiceinfo.net\/fr\",\"logo\":{\"@type\":\"ImageObject\",\"inLanguage\":\"fr-FR\",\"@id\":\"https:\/\/www.justiceinfo.net\/fr#\/schema\/logo\/image\/\",\"url\":\"https:\/\/www.justiceinfo.net\/wp-content\/uploads\/justiceinfo_logo-trans_1200x1200px.png\",\"contentUrl\":\"https:\/\/www.justiceinfo.net\/wp-content\/uploads\/justiceinfo_logo-trans_1200x1200px.png\",\"width\":1199,\"height\":1200,\"caption\":\"Justice Info\"},\"image\":{\"@id\":\"https:\/\/www.justiceinfo.net\/fr#\/schema\/logo\/image\/\"},\"sameAs\":[\"https:\/\/www.facebook.com\/JusticeInfo\/\",\"https:\/\/x.com\/justiceinfonet\",\"https:\/\/www.linkedin.com\/company\/justice-info\",\"https:\/\/www.youtube.com\/channel\/UCyCEsARodyuWtkWyhn-e7pA\"]},{\"@type\":\"Person\",\"name\":\"afp\",\"url\":\"\/fr\/?s=afp\"}]}<\/script>\n<!-- \/ Yoast SEO Premium plugin. -->","yoast_head_json":{"title":"Gaza: le Parlement europ\u00e9en appelle Isra\u00ebl \u00e0 la retenue - JusticeInfo.net","robots":{"index":"index","follow":"follow","max-snippet":"max-snippet:-1","max-image-preview":"max-image-preview:large","max-video-preview":"max-video-preview:-1"},"canonical":"https:\/\/www.justiceinfo.net\/fr\/37194-gaza-le-parlement-europeen-appelle-israel-a-la-retenue.html","og_locale":"fr_FR","og_type":"article","og_title":"Gaza: le Parlement europ\u00e9en appelle Isra\u00ebl \u00e0 la retenue","og_description":"Le Parlement europ\u00e9en a exhort\u00e9 jeudi Isra\u00ebl \u00e0 \"s'abstenir de tout recours \u00e0 la force l\u00e9tale\" face \u00e0 des manifestants palestiniens, apr\u00e8s des affrontements \u00e0 la fronti\u00e8re entre la bande de Gaza et le territoire isra\u00e9lien qui ont fait plus de 30 morts c\u00f4t\u00e9 palestinien. Dans une r\u00e9solution adopt\u00e9e \u00e0 une large majorit\u00e9, les eurod\u00e9put\u00e9s [&hellip;]","og_url":"https:\/\/www.justiceinfo.net\/fr\/37194-gaza-le-parlement-europeen-appelle-israel-a-la-retenue.html","og_site_name":"JusticeInfo.net","article_publisher":"https:\/\/www.facebook.com\/JusticeInfo\/","article_published_time":"2018-04-19T09:20:58+00:00","og_image":[{"width":1200,"height":630,"url":"https:\/\/www.justiceinfo.net\/wp-content\/uploads\/JusticeInfoNet_logo_1200x630px.jpg","type":"image\/jpeg"}],"author":"afp","twitter_card":"summary_large_image","twitter_creator":"@justiceinfonet","twitter_site":"@justiceinfonet","twitter_misc":{"\u00c9crit par":"afp","Dur\u00e9e de lecture estim\u00e9e":"2 minutes"},"schema":{"@context":"https:\/\/schema.org","@graph":[{"@type":"NewsArticle","@id":"https:\/\/www.justiceinfo.net\/fr\/37194-gaza-le-parlement-europeen-appelle-israel-a-la-retenue.html#article","isPartOf":{"@id":"https:\/\/www.justiceinfo.net\/fr\/37194-gaza-le-parlement-europeen-appelle-israel-a-la-retenue.html"},"author":{"name":"afp","@id":"https:\/\/www.justiceinfo.net\/fr#\/schema\/person\/713d340ef5f218fc36ce9b4244364a7f"},"headline":"Gaza: le Parlement europ\u00e9en appelle Isra\u00ebl \u00e0 la retenue","datePublished":"2018-04-19T09:20:58+00:00","mainEntityOfPage":{"@id":"https:\/\/www.justiceinfo.net\/fr\/37194-gaza-le-parlement-europeen-appelle-israel-a-la-retenue.html"},"wordCount":448,"commentCount":0,"publisher":{"@id":"https:\/\/www.justiceinfo.net\/fr#organization"},"articleSection":["Fil d'info AFP"],"inLanguage":"fr-FR","potentialAction":[{"@type":"CommentAction","name":"Comment","target":["https:\/\/www.justiceinfo.net\/fr\/37194-gaza-le-parlement-europeen-appelle-israel-a-la-retenue.html#respond"]}]},{"@type":"WebPage","@id":"https:\/\/www.justiceinfo.net\/fr\/37194-gaza-le-parlement-europeen-appelle-israel-a-la-retenue.html","url":"https:\/\/www.justiceinfo.net\/fr\/37194-gaza-le-parlement-europeen-appelle-israel-a-la-retenue.html","name":"Gaza: le Parlement europ\u00e9en appelle Isra\u00ebl \u00e0 la retenue - JusticeInfo.net","isPartOf":{"@id":"https:\/\/www.justiceinfo.net\/fr#website"},"datePublished":"2018-04-19T09:20:58+00:00","breadcrumb":{"@id":"https:\/\/www.justiceinfo.net\/fr\/37194-gaza-le-parlement-europeen-appelle-israel-a-la-retenue.html#breadcrumb"},"inLanguage":"fr-FR","potentialAction":[{"@type":"ReadAction","target":["https:\/\/www.justiceinfo.net\/fr\/37194-gaza-le-parlement-europeen-appelle-israel-a-la-retenue.html"]}]},{"@type":"BreadcrumbList","@id":"https:\/\/www.justiceinfo.net\/fr\/37194-gaza-le-parlement-europeen-appelle-israel-a-la-retenue.html#breadcrumb","itemListElement":[{"@type":"ListItem","position":1,"name":"Home","item":"https:\/\/www.justiceinfo.net\/fr"},{"@type":"ListItem","position":2,"name":"Gaza: le Parlement europ\u00e9en appelle Isra\u00ebl \u00e0 la retenue"}]},{"@type":"WebSite","@id":"https:\/\/www.justiceinfo.net\/fr#website","url":"https:\/\/www.justiceinfo.net\/fr","name":"JusticeInfo.net","description":"La justice doit \u00eatre vue pour \u00eatre rendue","publisher":{"@id":"https:\/\/www.justiceinfo.net\/fr#organization"},"potentialAction":[{"@type":"SearchAction","target":{"@type":"EntryPoint","urlTemplate":"https:\/\/www.justiceinfo.net\/fr?s={search_term_string}"},"query-input":{"@type":"PropertyValueSpecification","valueRequired":true,"valueName":"search_term_string"}}],"inLanguage":"fr-FR"},{"@type":"Organization","@id":"https:\/\/www.justiceinfo.net\/fr#organization","name":"Justice Info","url":"https:\/\/www.justiceinfo.net\/fr","logo":{"@type":"ImageObject","inLanguage":"fr-FR","@id":"https:\/\/www.justiceinfo.net\/fr#\/schema\/logo\/image\/","url":"https:\/\/www.justiceinfo.net\/wp-content\/uploads\/justiceinfo_logo-trans_1200x1200px.png","contentUrl":"https:\/\/www.justiceinfo.net\/wp-content\/uploads\/justiceinfo_logo-trans_1200x1200px.png","width":1199,"height":1200,"caption":"Justice Info"},"image":{"@id":"https:\/\/www.justiceinfo.net\/fr#\/schema\/logo\/image\/"},"sameAs":["https:\/\/www.facebook.com\/JusticeInfo\/","https:\/\/x.com\/justiceinfonet","https:\/\/www.linkedin.com\/company\/justice-info","https:\/\/www.youtube.com\/channel\/UCyCEsARodyuWtkWyhn-e7pA"]},{"@type":"Person","name":"afp","url":"\/fr\/?s=afp"}]}},"_links":{"self":[{"href":"https:\/\/www.justiceinfo.net\/fr\/wp-json\/wp\/v2\/posts\/37194","targetHints":{"allow":["GET"]}}],"collection":[{"href":"https:\/\/www.justiceinfo.net\/fr\/wp-json\/wp\/v2\/posts"}],"about":[{"href":"https:\/\/www.justiceinfo.net\/fr\/wp-json\/wp\/v2\/types\/post"}],"author":[{"embeddable":true,"href":"https:\/\/www.justiceinfo.net\/fr\/wp-json\/wp\/v2\/users\/60"}],"replies":[{"embeddable":true,"href":"https:\/\/www.justiceinfo.net\/fr\/wp-json\/wp\/v2\/comments?post=37194"}],"version-history":[{"count":0,"href":"https:\/\/www.justiceinfo.net\/fr\/wp-json\/wp\/v2\/posts\/37194\/revisions"}],"wp:attachment":[{"href":"https:\/\/www.justiceinfo.net\/fr\/wp-json\/wp\/v2\/media?parent=37194"}],"wp:term":[{"taxonomy":"category","embeddable":true,"href":"https:\/\/www.justiceinfo.net\/fr\/wp-json\/wp\/v2\/categories?post=37194"},{"taxonomy":"post_tag","embeddable":true,"href":"https:\/\/www.justiceinfo.net\/fr\/wp-json\/wp\/v2\/tags?post=37194"},{"taxonomy":"ji_location","embeddable":true,"href":"https:\/\/www.justiceinfo.net\/fr\/wp-json\/wp\/v2\/ji_location?post=37194"}],"curies":[{"name":"wp","href":"https:\/\/api.w.org\/{rel}","templated":true}]}}