{"id":37215,"date":"2018-04-21T08:39:56","date_gmt":"2018-04-21T06:39:56","guid":{"rendered":"https:\/\/www.justiceinfo.net\/37215-cameroun-tensions-entre-camerounais-et-chinois-sur-l-exploitation-industrielle-de-l-or.html"},"modified":"2018-04-21T08:39:56","modified_gmt":"2018-04-21T06:39:56","slug":"cameroun-tensions-entre-camerounais-et-chinois-sur-l-exploitation-industrielle-de-l-or","status":"publish","type":"post","link":"https:\/\/www.justiceinfo.net\/fr\/37215-cameroun-tensions-entre-camerounais-et-chinois-sur-l-exploitation-industrielle-de-l-or.html","title":{"rendered":"Cameroun: tensions entre Camerounais et Chinois sur l'exploitation industrielle de l'or"},"content":{"rendered":"<div class=\"txt-textContent\">\n<div class=\"text fontsize_0 jq_Content jq_langdir\">\n<p>L'exploitation industrielle de l'or dans l'est du Cameroun provoque de fortes tensions entre populations locales et exploitants chinois, accus\u00e9s d'assassinat, d'accaparement des terres et de corruption dans un pays o\u00f9 l'industrie aurif\u00e8re n'est pas encadr\u00e9e l\u00e9galement.<\/p>\n<p>D\u00e9but avril, selon l'ONG For\u00eats d\u00e9veloppement rural (Foder), quatre entreprises mini\u00e8res ont \u00e9t\u00e9 interdites d'exploitation dans l'est du Cameroun, dont la soci\u00e9t\u00e9 chinoise Lu et Lang, bien implant\u00e9e dans la r\u00e9gion.<\/p>\n<p>En novembre, un employ\u00e9 de cette entreprise avait abattu un Camerounais qui cherchait de l'or sur la parcelle dont elle revendique la propri\u00e9t\u00e9.\u00a0<\/p>\n<p>\"Les villageois se sont r\u00e9volt\u00e9s et ont\u00a0tu\u00e9 \u00e0 leur tour\u00a0le Chinois\" \u00e0 coup de cailloux,\u00a0explique Narma Ndoyama, agriculteur\u00a0\u00e0 Longa Mali, petit village de cette r\u00e9gion aurif\u00e8re du Cameroun o\u00f9 est implant\u00e9e l'entreprise.<\/p>\n<p>La compagnie mini\u00e8re\u00a0a repris ses activit\u00e9s sur le site de Longa Mali apr\u00e8s un bref arr\u00eat. Mais la tension est loin d'\u00eatre retomb\u00e9e dans la zone. Les Chinois \"ont tu\u00e9 mon fils, mais ils n'ont rien fait (pour moi). Ils travaillent et personne ne les inqui\u00e8te\", fulmine Philippe Balla, p\u00e8re de la victime.<\/p>\n<p>\"Il y a des conflits en permanence entre Camerounais et Chinois\"\u00a0autour de l'exploitation de l'or dans l'est du Cameroun, affirme encore M. Ndoyama.<\/p>\n<p>Les habitants pestent contre le rachat \"pour des miettes\" de nombreuses terres autrefois agricoles, selon Michel Pilo, chef du village de Mali, qui englobe Longa Mali.<\/p>\n<p>\"Ils d\u00e9vastent nos champs\", accuse-t-il, affirmant qu'une parcelle qui vaudrait 500.000 francs CFA (750 euros) est rachet\u00e9e \u00e0 80.000 francs (120 euros).<\/p>\n<p>Et \"vous ne pouvez pas vous y opposer car si vous le faites, votre parcelle est arrach\u00e9e sans d\u00e9dommagement\", rench\u00e9rit sous anonymat un conseiller municipal de l'arrondissement de B\u00e9tar\u00e9 Oya o\u00f9 se trouve Longa Mali.<\/p>\n<p>Dans ce village enclav\u00e9, M. Ndoyama est l'un des rares\u00a0paysans \u00e0 disposer encore d'espace cultivable. Lui voit l'\"avanc\u00e9e des Chinois\" comme un risque de\u00a0\"perdre\"\u00a0sa plantation de tubercules de manioc.<\/p>\n<h2>- 'Pas de transparence' -<\/h2>\n<p>\u00a0<\/p>\n<p>\"Ils sont d\u00e9j\u00e0 \u00e0 c\u00f4t\u00e9 de mon champ (o\u00f9 ils creusent la terre pour chercher de l'or, ndlr). Ils n'ont pas encore pi\u00e9tin\u00e9 mon espace, mais je crains qu'ils n'y arrivent\", affirme-t-il.<\/p>\n<p>\"J'attends qu'il y ait une d\u00e9limitation afin d'engager une proc\u00e9dure pour sauvegarder ma plantation\".\u00a0A maintes reprises, les populations locales ont demand\u00e9, en vain,\u00a0que les autorit\u00e9s r\u00e8glent les litiges fonciers en d\u00e9limitant les zones appartenant \u00e0 tout un chacun.<\/p>\n<p>Contact\u00e9s par l'AFP, plusieurs exploitants chinois de la r\u00e9gion n'ont pas souhait\u00e9 r\u00e9agir.<\/p>\n<p>\"C'est trop facile de jeter l'anath\u00e8me sur les Chinois, mais qui les am\u00e8ne (dans la r\u00e9gion)?\", r\u00e9agit Gabriel Yadji, repr\u00e9sentant r\u00e9gional dans l'est du minist\u00e8re des Mines.<\/p>\n<p>\"Ce sont les Camerounais qui les am\u00e8nent \u00e0 se comporter comme ils le font\", ajoute-t-il, soulignant les nombreuses \"ramifications\" qui m\u00e8nent \u00e0 l'obtention d'un contrat minier au Cameroun.<\/p>\n<p>De fait, aucune autorisation officielle n'a encore jamais \u00e9t\u00e9 attribu\u00e9e pour une exploitation industrielle de l'or, toute la production restant artisanale.<\/p>\n<p>Alors, des particuliers, des Camerounais principalement, louent ou vendent leurs autorisations d'exploitation artisanale (AEA) \u00e0 des compagnies \u00e9trang\u00e8res.<\/p>\n<p>\"Il n'y a pas de transparence sur les proc\u00e9dures d'acquisition des titres miniers\", explique F\u00f4rets d\u00e9veloppement rural, affirmant avoir essay\u00e9 \"en vain\" d'avoir acc\u00e8s au registre des AEA.<\/p>\n<p>\u00a0<\/p>\n<h2>- 'L'arm\u00e9e prot\u00e8ge les Chinois' -<\/h2>\n<p>\u00a0<\/p>\n<p>Dans la presse, les noms de personnalit\u00e9s de premier rang -des g\u00e9n\u00e9raux, des colonels, des d\u00e9put\u00e9s, des ministres, un neveu du pr\u00e9sident Paul Biya...- sont souvent cit\u00e9s comme \u00e9tant les d\u00e9tenteurs des titres miniers, sans qu'il soit possible de confirmer l'information.<\/p>\n<p>Ainsi, sur l'obtention de ces permis miniers plane des soup\u00e7ons de corruption, improuvables selon les ONG. \"L'arm\u00e9e prot\u00e8ge les Chinois dans tous les chanteurs miniers au d\u00e9triment des communaut\u00e9s riveraines et elle participe \u00e0 l'intimidation et au racket des communaut\u00e9s\", rapporte sous anonymat un cadre de l'une d'elles, tr\u00e8s active dans l'est.<\/p>\n<p>Aucune donn\u00e9e officielle n'est disponible\u00a0sur les superficies conc\u00e9d\u00e9es pour l'exploitation aurif\u00e8re dans l'est du Cameroun, une r\u00e9gion r\u00e9put\u00e9e riche en ressources mais qui reste tr\u00e8s pauvre.<\/p>\n<p>Le gouvernement a bien cr\u00e9\u00e9 un organe, le Cadre d'appui \u00e0 l'artisanat minier (Capam), pour canaliser la production artisanale d'or, mais cette structure\u00a0n'a pas assez de ressources pour retrouver la trace\u00a0de toute la\u00a0production, conc\u00e8de un de ses employ\u00e9s.<\/p>\n<p>\"Dans bien des cas, nous nous contentons des volumes d\u00e9clar\u00e9s par les exploitants chinois\", souligne-t-il.<\/p>\n<p>Au Cameroun, la l\u00e9gislation stipule que 25% de la production d'or doit \u00eatre remise au gouvernement. En 2017, le Capam a d\u00e9clar\u00e9 avoir r\u00e9troc\u00e9d\u00e9\u00a0255 kg d'or pour l'ensemble du pays.<\/p>\n<p>rek\/ah\/jlb<\/p>\n<\/div>\n<\/div>\n","protected":false},"excerpt":{"rendered":"<p>L'exploitation industrielle de l'or dans l'est du Cameroun provoque de fortes tensions entre populations locales et exploitants chinois, accus\u00e9s d'assassinat, d'accaparement des terres et de corruption dans un pays o\u00f9 l'industrie aurif\u00e8re n'est pas encadr\u00e9e l\u00e9galement. D\u00e9but avril, selon l'ONG For\u00eats d\u00e9veloppement rural (Foder), quatre entreprises mini\u00e8res ont \u00e9t\u00e9 interdites d'exploitation dans l'est du Cameroun, [&hellip;]<\/p>\n","protected":false},"author":60,"featured_media":0,"comment_status":"open","ping_status":"closed","sticky":false,"template":"","format":"standard","meta":{"_acf_changed":false,"footnotes":""},"categories":[2576],"tags":[],"ji_location":[2156],"class_list":["post-37215","post","type-post","status-publish","format-standard","hentry","category-fil-d-actualite","ji_location-cameroun"],"acf":[],"yoast_head":"<!-- This site is optimized with the Yoast SEO Premium plugin v25.3.1 (Yoast SEO v25.3.1) - https:\/\/yoast.com\/wordpress\/plugins\/seo\/ -->\n<title>Cameroun: tensions entre Camerounais et Chinois sur l&#039;exploitation industrielle de l&#039;or - JusticeInfo.net<\/title>\n<meta name=\"robots\" content=\"index, follow, max-snippet:-1, max-image-preview:large, max-video-preview:-1\" \/>\n<link rel=\"canonical\" href=\"https:\/\/www.justiceinfo.net\/fr\/37215-cameroun-tensions-entre-camerounais-et-chinois-sur-l-exploitation-industrielle-de-l-or.html\" \/>\n<meta property=\"og:locale\" content=\"fr_FR\" \/>\n<meta property=\"og:type\" content=\"article\" \/>\n<meta property=\"og:title\" content=\"Cameroun: tensions entre Camerounais et Chinois sur l&#039;exploitation industrielle de l&#039;or\" \/>\n<meta property=\"og:description\" content=\"L&#039;exploitation industrielle de l&#039;or dans l&#039;est du Cameroun provoque de fortes tensions entre populations locales et exploitants chinois, accus\u00e9s d&#039;assassinat, d&#039;accaparement des terres et de corruption dans un pays o\u00f9 l&#039;industrie aurif\u00e8re n&#039;est pas encadr\u00e9e l\u00e9galement. D\u00e9but avril, selon l&#039;ONG For\u00eats d\u00e9veloppement rural (Foder), quatre entreprises mini\u00e8res ont \u00e9t\u00e9 interdites d&#039;exploitation dans l&#039;est du Cameroun, [&hellip;]\" \/>\n<meta property=\"og:url\" content=\"https:\/\/www.justiceinfo.net\/fr\/37215-cameroun-tensions-entre-camerounais-et-chinois-sur-l-exploitation-industrielle-de-l-or.html\" \/>\n<meta property=\"og:site_name\" content=\"JusticeInfo.net\" \/>\n<meta property=\"article:publisher\" content=\"https:\/\/www.facebook.com\/JusticeInfo\/\" \/>\n<meta property=\"article:published_time\" content=\"2018-04-21T06:39:56+00:00\" \/>\n<meta property=\"og:image\" content=\"https:\/\/www.justiceinfo.net\/wp-content\/uploads\/JusticeInfoNet_logo_1200x630px.jpg\" \/>\n\t<meta property=\"og:image:width\" content=\"1200\" \/>\n\t<meta property=\"og:image:height\" content=\"630\" \/>\n\t<meta property=\"og:image:type\" content=\"image\/jpeg\" \/>\n<meta name=\"author\" content=\"afp\" \/>\n<meta name=\"twitter:card\" content=\"summary_large_image\" \/>\n<meta name=\"twitter:creator\" content=\"@justiceinfonet\" \/>\n<meta name=\"twitter:site\" content=\"@justiceinfonet\" \/>\n<meta name=\"twitter:label1\" content=\"\u00c9crit par\" \/>\n\t<meta name=\"twitter:data1\" content=\"afp\" \/>\n\t<meta name=\"twitter:label2\" content=\"Dur\u00e9e de lecture estim\u00e9e\" \/>\n\t<meta name=\"twitter:data2\" content=\"4 minutes\" \/>\n<script type=\"application\/ld+json\" class=\"yoast-schema-graph\">{\"@context\":\"https:\/\/schema.org\",\"@graph\":[{\"@type\":\"NewsArticle\",\"@id\":\"https:\/\/www.justiceinfo.net\/fr\/37215-cameroun-tensions-entre-camerounais-et-chinois-sur-l-exploitation-industrielle-de-l-or.html#article\",\"isPartOf\":{\"@id\":\"https:\/\/www.justiceinfo.net\/fr\/37215-cameroun-tensions-entre-camerounais-et-chinois-sur-l-exploitation-industrielle-de-l-or.html\"},\"author\":{\"name\":\"afp\",\"@id\":\"https:\/\/www.justiceinfo.net\/fr#\/schema\/person\/713d340ef5f218fc36ce9b4244364a7f\"},\"headline\":\"Cameroun: tensions entre Camerounais et Chinois sur l'exploitation industrielle de l'or\",\"datePublished\":\"2018-04-21T06:39:56+00:00\",\"mainEntityOfPage\":{\"@id\":\"https:\/\/www.justiceinfo.net\/fr\/37215-cameroun-tensions-entre-camerounais-et-chinois-sur-l-exploitation-industrielle-de-l-or.html\"},\"wordCount\":893,\"commentCount\":0,\"publisher\":{\"@id\":\"https:\/\/www.justiceinfo.net\/fr#organization\"},\"articleSection\":[\"Fil d'info AFP\"],\"inLanguage\":\"fr-FR\",\"potentialAction\":[{\"@type\":\"CommentAction\",\"name\":\"Comment\",\"target\":[\"https:\/\/www.justiceinfo.net\/fr\/37215-cameroun-tensions-entre-camerounais-et-chinois-sur-l-exploitation-industrielle-de-l-or.html#respond\"]}]},{\"@type\":\"WebPage\",\"@id\":\"https:\/\/www.justiceinfo.net\/fr\/37215-cameroun-tensions-entre-camerounais-et-chinois-sur-l-exploitation-industrielle-de-l-or.html\",\"url\":\"https:\/\/www.justiceinfo.net\/fr\/37215-cameroun-tensions-entre-camerounais-et-chinois-sur-l-exploitation-industrielle-de-l-or.html\",\"name\":\"Cameroun: tensions entre Camerounais et Chinois sur l'exploitation industrielle de l'or - JusticeInfo.net\",\"isPartOf\":{\"@id\":\"https:\/\/www.justiceinfo.net\/fr#website\"},\"datePublished\":\"2018-04-21T06:39:56+00:00\",\"breadcrumb\":{\"@id\":\"https:\/\/www.justiceinfo.net\/fr\/37215-cameroun-tensions-entre-camerounais-et-chinois-sur-l-exploitation-industrielle-de-l-or.html#breadcrumb\"},\"inLanguage\":\"fr-FR\",\"potentialAction\":[{\"@type\":\"ReadAction\",\"target\":[\"https:\/\/www.justiceinfo.net\/fr\/37215-cameroun-tensions-entre-camerounais-et-chinois-sur-l-exploitation-industrielle-de-l-or.html\"]}]},{\"@type\":\"BreadcrumbList\",\"@id\":\"https:\/\/www.justiceinfo.net\/fr\/37215-cameroun-tensions-entre-camerounais-et-chinois-sur-l-exploitation-industrielle-de-l-or.html#breadcrumb\",\"itemListElement\":[{\"@type\":\"ListItem\",\"position\":1,\"name\":\"Home\",\"item\":\"https:\/\/www.justiceinfo.net\/fr\"},{\"@type\":\"ListItem\",\"position\":2,\"name\":\"Cameroun: tensions entre Camerounais et Chinois sur l'exploitation industrielle de l'or\"}]},{\"@type\":\"WebSite\",\"@id\":\"https:\/\/www.justiceinfo.net\/fr#website\",\"url\":\"https:\/\/www.justiceinfo.net\/fr\",\"name\":\"JusticeInfo.net\",\"description\":\"La justice doit \u00eatre vue pour \u00eatre rendue\",\"publisher\":{\"@id\":\"https:\/\/www.justiceinfo.net\/fr#organization\"},\"potentialAction\":[{\"@type\":\"SearchAction\",\"target\":{\"@type\":\"EntryPoint\",\"urlTemplate\":\"https:\/\/www.justiceinfo.net\/fr?s={search_term_string}\"},\"query-input\":{\"@type\":\"PropertyValueSpecification\",\"valueRequired\":true,\"valueName\":\"search_term_string\"}}],\"inLanguage\":\"fr-FR\"},{\"@type\":\"Organization\",\"@id\":\"https:\/\/www.justiceinfo.net\/fr#organization\",\"name\":\"Justice Info\",\"url\":\"https:\/\/www.justiceinfo.net\/fr\",\"logo\":{\"@type\":\"ImageObject\",\"inLanguage\":\"fr-FR\",\"@id\":\"https:\/\/www.justiceinfo.net\/fr#\/schema\/logo\/image\/\",\"url\":\"https:\/\/www.justiceinfo.net\/wp-content\/uploads\/justiceinfo_logo-trans_1200x1200px.png\",\"contentUrl\":\"https:\/\/www.justiceinfo.net\/wp-content\/uploads\/justiceinfo_logo-trans_1200x1200px.png\",\"width\":1199,\"height\":1200,\"caption\":\"Justice Info\"},\"image\":{\"@id\":\"https:\/\/www.justiceinfo.net\/fr#\/schema\/logo\/image\/\"},\"sameAs\":[\"https:\/\/www.facebook.com\/JusticeInfo\/\",\"https:\/\/x.com\/justiceinfonet\",\"https:\/\/www.linkedin.com\/company\/justice-info\",\"https:\/\/www.youtube.com\/channel\/UCyCEsARodyuWtkWyhn-e7pA\"]},{\"@type\":\"Person\",\"name\":\"afp\",\"url\":\"\/fr\/?s=afp\"}]}<\/script>\n<!-- \/ Yoast SEO Premium plugin. -->","yoast_head_json":{"title":"Cameroun: tensions entre Camerounais et Chinois sur l'exploitation industrielle de l'or - JusticeInfo.net","robots":{"index":"index","follow":"follow","max-snippet":"max-snippet:-1","max-image-preview":"max-image-preview:large","max-video-preview":"max-video-preview:-1"},"canonical":"https:\/\/www.justiceinfo.net\/fr\/37215-cameroun-tensions-entre-camerounais-et-chinois-sur-l-exploitation-industrielle-de-l-or.html","og_locale":"fr_FR","og_type":"article","og_title":"Cameroun: tensions entre Camerounais et Chinois sur l'exploitation industrielle de l'or","og_description":"L'exploitation industrielle de l'or dans l'est du Cameroun provoque de fortes tensions entre populations locales et exploitants chinois, accus\u00e9s d'assassinat, d'accaparement des terres et de corruption dans un pays o\u00f9 l'industrie aurif\u00e8re n'est pas encadr\u00e9e l\u00e9galement. D\u00e9but avril, selon l'ONG For\u00eats d\u00e9veloppement rural (Foder), quatre entreprises mini\u00e8res ont \u00e9t\u00e9 interdites d'exploitation dans l'est du Cameroun, [&hellip;]","og_url":"https:\/\/www.justiceinfo.net\/fr\/37215-cameroun-tensions-entre-camerounais-et-chinois-sur-l-exploitation-industrielle-de-l-or.html","og_site_name":"JusticeInfo.net","article_publisher":"https:\/\/www.facebook.com\/JusticeInfo\/","article_published_time":"2018-04-21T06:39:56+00:00","og_image":[{"width":1200,"height":630,"url":"https:\/\/www.justiceinfo.net\/wp-content\/uploads\/JusticeInfoNet_logo_1200x630px.jpg","type":"image\/jpeg"}],"author":"afp","twitter_card":"summary_large_image","twitter_creator":"@justiceinfonet","twitter_site":"@justiceinfonet","twitter_misc":{"\u00c9crit par":"afp","Dur\u00e9e de lecture estim\u00e9e":"4 minutes"},"schema":{"@context":"https:\/\/schema.org","@graph":[{"@type":"NewsArticle","@id":"https:\/\/www.justiceinfo.net\/fr\/37215-cameroun-tensions-entre-camerounais-et-chinois-sur-l-exploitation-industrielle-de-l-or.html#article","isPartOf":{"@id":"https:\/\/www.justiceinfo.net\/fr\/37215-cameroun-tensions-entre-camerounais-et-chinois-sur-l-exploitation-industrielle-de-l-or.html"},"author":{"name":"afp","@id":"https:\/\/www.justiceinfo.net\/fr#\/schema\/person\/713d340ef5f218fc36ce9b4244364a7f"},"headline":"Cameroun: tensions entre Camerounais et Chinois sur l'exploitation industrielle de l'or","datePublished":"2018-04-21T06:39:56+00:00","mainEntityOfPage":{"@id":"https:\/\/www.justiceinfo.net\/fr\/37215-cameroun-tensions-entre-camerounais-et-chinois-sur-l-exploitation-industrielle-de-l-or.html"},"wordCount":893,"commentCount":0,"publisher":{"@id":"https:\/\/www.justiceinfo.net\/fr#organization"},"articleSection":["Fil d'info AFP"],"inLanguage":"fr-FR","potentialAction":[{"@type":"CommentAction","name":"Comment","target":["https:\/\/www.justiceinfo.net\/fr\/37215-cameroun-tensions-entre-camerounais-et-chinois-sur-l-exploitation-industrielle-de-l-or.html#respond"]}]},{"@type":"WebPage","@id":"https:\/\/www.justiceinfo.net\/fr\/37215-cameroun-tensions-entre-camerounais-et-chinois-sur-l-exploitation-industrielle-de-l-or.html","url":"https:\/\/www.justiceinfo.net\/fr\/37215-cameroun-tensions-entre-camerounais-et-chinois-sur-l-exploitation-industrielle-de-l-or.html","name":"Cameroun: tensions entre Camerounais et Chinois sur l'exploitation industrielle de l'or - JusticeInfo.net","isPartOf":{"@id":"https:\/\/www.justiceinfo.net\/fr#website"},"datePublished":"2018-04-21T06:39:56+00:00","breadcrumb":{"@id":"https:\/\/www.justiceinfo.net\/fr\/37215-cameroun-tensions-entre-camerounais-et-chinois-sur-l-exploitation-industrielle-de-l-or.html#breadcrumb"},"inLanguage":"fr-FR","potentialAction":[{"@type":"ReadAction","target":["https:\/\/www.justiceinfo.net\/fr\/37215-cameroun-tensions-entre-camerounais-et-chinois-sur-l-exploitation-industrielle-de-l-or.html"]}]},{"@type":"BreadcrumbList","@id":"https:\/\/www.justiceinfo.net\/fr\/37215-cameroun-tensions-entre-camerounais-et-chinois-sur-l-exploitation-industrielle-de-l-or.html#breadcrumb","itemListElement":[{"@type":"ListItem","position":1,"name":"Home","item":"https:\/\/www.justiceinfo.net\/fr"},{"@type":"ListItem","position":2,"name":"Cameroun: tensions entre Camerounais et Chinois sur l'exploitation industrielle de l'or"}]},{"@type":"WebSite","@id":"https:\/\/www.justiceinfo.net\/fr#website","url":"https:\/\/www.justiceinfo.net\/fr","name":"JusticeInfo.net","description":"La justice doit \u00eatre vue pour \u00eatre rendue","publisher":{"@id":"https:\/\/www.justiceinfo.net\/fr#organization"},"potentialAction":[{"@type":"SearchAction","target":{"@type":"EntryPoint","urlTemplate":"https:\/\/www.justiceinfo.net\/fr?s={search_term_string}"},"query-input":{"@type":"PropertyValueSpecification","valueRequired":true,"valueName":"search_term_string"}}],"inLanguage":"fr-FR"},{"@type":"Organization","@id":"https:\/\/www.justiceinfo.net\/fr#organization","name":"Justice Info","url":"https:\/\/www.justiceinfo.net\/fr","logo":{"@type":"ImageObject","inLanguage":"fr-FR","@id":"https:\/\/www.justiceinfo.net\/fr#\/schema\/logo\/image\/","url":"https:\/\/www.justiceinfo.net\/wp-content\/uploads\/justiceinfo_logo-trans_1200x1200px.png","contentUrl":"https:\/\/www.justiceinfo.net\/wp-content\/uploads\/justiceinfo_logo-trans_1200x1200px.png","width":1199,"height":1200,"caption":"Justice Info"},"image":{"@id":"https:\/\/www.justiceinfo.net\/fr#\/schema\/logo\/image\/"},"sameAs":["https:\/\/www.facebook.com\/JusticeInfo\/","https:\/\/x.com\/justiceinfonet","https:\/\/www.linkedin.com\/company\/justice-info","https:\/\/www.youtube.com\/channel\/UCyCEsARodyuWtkWyhn-e7pA"]},{"@type":"Person","name":"afp","url":"\/fr\/?s=afp"}]}},"_links":{"self":[{"href":"https:\/\/www.justiceinfo.net\/fr\/wp-json\/wp\/v2\/posts\/37215","targetHints":{"allow":["GET"]}}],"collection":[{"href":"https:\/\/www.justiceinfo.net\/fr\/wp-json\/wp\/v2\/posts"}],"about":[{"href":"https:\/\/www.justiceinfo.net\/fr\/wp-json\/wp\/v2\/types\/post"}],"author":[{"embeddable":true,"href":"https:\/\/www.justiceinfo.net\/fr\/wp-json\/wp\/v2\/users\/60"}],"replies":[{"embeddable":true,"href":"https:\/\/www.justiceinfo.net\/fr\/wp-json\/wp\/v2\/comments?post=37215"}],"version-history":[{"count":0,"href":"https:\/\/www.justiceinfo.net\/fr\/wp-json\/wp\/v2\/posts\/37215\/revisions"}],"wp:attachment":[{"href":"https:\/\/www.justiceinfo.net\/fr\/wp-json\/wp\/v2\/media?parent=37215"}],"wp:term":[{"taxonomy":"category","embeddable":true,"href":"https:\/\/www.justiceinfo.net\/fr\/wp-json\/wp\/v2\/categories?post=37215"},{"taxonomy":"post_tag","embeddable":true,"href":"https:\/\/www.justiceinfo.net\/fr\/wp-json\/wp\/v2\/tags?post=37215"},{"taxonomy":"ji_location","embeddable":true,"href":"https:\/\/www.justiceinfo.net\/fr\/wp-json\/wp\/v2\/ji_location?post=37215"}],"curies":[{"name":"wp","href":"https:\/\/api.w.org\/{rel}","templated":true}]}}