{"id":37223,"date":"2018-04-22T11:59:49","date_gmt":"2018-04-22T09:59:49","guid":{"rendered":"https:\/\/www.justiceinfo.net\/37223-algerie-le-fln-reitere-son-appel-a-un-5e-mandat-de-m-bouteflika.html"},"modified":"2018-04-22T11:59:49","modified_gmt":"2018-04-22T09:59:49","slug":"algerie-le-fln-reitere-son-appel-a-un-5e-mandat-de-m-bouteflika","status":"publish","type":"post","link":"https:\/\/www.justiceinfo.net\/fr\/37223-algerie-le-fln-reitere-son-appel-a-un-5e-mandat-de-m-bouteflika.html","title":{"rendered":"Alg\u00e9rie:Le FLN r\u00e9it\u00e8re son appel \u00e0 un 5\u00e8 mandat de M. Bouteflika"},"content":{"rendered":"<div class=\"txt-textContent\">\n<div class=\"text fontsize_0 jq_Content jq_langdir\">\n<p>Le parti pr\u00e9sidentiel du Front de lib\u00e9ration nationale (FLN), au pouvoir en Alg\u00e9rie, a r\u00e9it\u00e9r\u00e9 samedi son appel \u00e0 un cinqui\u00e8me mandat du pr\u00e9sident Abdelaziz Bouteflika, en d\u00e9pit d'une sant\u00e9 affaiblie \u00e0 81 ans, a rapport\u00e9 l'agence de presse officielle APS.<\/p>\n<p>Le 7 avril, le secr\u00e9taire g\u00e9n\u00e9ral du FLN, Djamel Ould Abb\u00e8s, avait publiquement fait part du \"souhait\" et du \"d\u00e9sir des militants de voir Bouteflika poursuivre son \u0153uvre\" apr\u00e8s 2019.<\/p>\n<p>\"Cet appel au pr\u00e9sident vise \u00e0 garantir la continuit\u00e9 pour la s\u00e9curit\u00e9 du pays et dans l'int\u00e9r\u00eat des g\u00e9n\u00e9ration montantes\", a d\u00e9clar\u00e9 samedi M. Ould Abb\u00e8s, lors d'une r\u00e9union r\u00e9gionale \u00e0 Djelfa (270 km au sud d'Alger).<\/p>\n<p>Il a toutefois pr\u00e9cis\u00e9 que \"le dernier mot \u00e0 ce sujet revient au pr\u00e9sident lui-m\u00eame\".<\/p>\n<p>Le Premier ministre Ahmed Ouyahia avait emboit\u00e9 le pas au secr\u00e9taire g\u00e9n\u00e9ral du FLN, \u00e9mettant\u00a0le souhait, le 15 avril, que M. Bouteflika brigue un 5e mandat.<\/p>\n<p>A un an de la fin du mandat du chef de l'Etat, en avril 2019, les sp\u00e9culations vont bon train en Alg\u00e9rie autour d'une nouvelle candidature du pr\u00e9sident Bouteflika, au pouvoir depuis 1999 et tr\u00e8s affaibli depuis cinq ans par les s\u00e9quelles d'un accident vasculaire c\u00e9r\u00e9bral (AVC).<\/p>\n<p>Des jours apr\u00e8s le premier appel du FLN, M. Bouteflika avait fait, le 9 avril, une tr\u00e8s rare apparition devant la population en inaugurant, en fauteuil roulant dans le centre d'Alger, une mosqu\u00e9e historique r\u00e9nov\u00e9e et deux nouvelles stations de m\u00e9tro.<\/p>\n<p>Le pr\u00e9sident Bouteflika a \u00e9t\u00e9 \u00e9lu pour un 4e mandat en 2014, un an apr\u00e8s un AVC qui l'avait conduit \u00e0 l'h\u00f4pital du Val-de-Gr\u00e2ce \u00e0 Paris o\u00f9 il avait s\u00e9journ\u00e9 plus de deux mois.<\/p>\n<p>A la t\u00eate de l'Alg\u00e9rie depuis 19 ans, M. Bouteflika, est apparu rarement en public ces derni\u00e8res ann\u00e9es et son \u00e9tat de sant\u00e9 fait l'objet de r\u00e9guli\u00e8res sp\u00e9culations.<\/p>\n<p>abh\/ple<\/p>\n<\/div>\n<\/div>\n","protected":false},"excerpt":{"rendered":"<p>Le parti pr\u00e9sidentiel du Front de lib\u00e9ration nationale (FLN), au pouvoir en Alg\u00e9rie, a r\u00e9it\u00e9r\u00e9 samedi son appel \u00e0 un cinqui\u00e8me mandat du pr\u00e9sident Abdelaziz Bouteflika, en d\u00e9pit d'une sant\u00e9 affaiblie \u00e0 81 ans, a rapport\u00e9 l'agence de presse officielle APS. Le 7 avril, le secr\u00e9taire g\u00e9n\u00e9ral du FLN, Djamel Ould Abb\u00e8s, avait publiquement fait [&hellip;]<\/p>\n","protected":false},"author":60,"featured_media":0,"comment_status":"open","ping_status":"closed","sticky":false,"template":"","format":"standard","meta":{"_acf_changed":false,"footnotes":""},"categories":[2576],"tags":[],"ji_location":[2092],"class_list":["post-37223","post","type-post","status-publish","format-standard","hentry","category-fil-d-actualite","ji_location-algerie"],"acf":[],"yoast_head":"<!-- This site is optimized with the Yoast SEO Premium plugin v25.3.1 (Yoast SEO v25.3.1) - https:\/\/yoast.com\/wordpress\/plugins\/seo\/ -->\n<title>Alg\u00e9rie:Le FLN r\u00e9it\u00e8re son appel \u00e0 un 5\u00e8 mandat de M. Bouteflika - JusticeInfo.net<\/title>\n<meta name=\"robots\" content=\"index, follow, max-snippet:-1, max-image-preview:large, max-video-preview:-1\" \/>\n<link rel=\"canonical\" href=\"https:\/\/www.justiceinfo.net\/fr\/37223-algerie-le-fln-reitere-son-appel-a-un-5e-mandat-de-m-bouteflika.html\" \/>\n<meta property=\"og:locale\" content=\"fr_FR\" \/>\n<meta property=\"og:type\" content=\"article\" \/>\n<meta property=\"og:title\" content=\"Alg\u00e9rie:Le FLN r\u00e9it\u00e8re son appel \u00e0 un 5\u00e8 mandat de M. Bouteflika\" \/>\n<meta property=\"og:description\" content=\"Le parti pr\u00e9sidentiel du Front de lib\u00e9ration nationale (FLN), au pouvoir en Alg\u00e9rie, a r\u00e9it\u00e9r\u00e9 samedi son appel \u00e0 un cinqui\u00e8me mandat du pr\u00e9sident Abdelaziz Bouteflika, en d\u00e9pit d&#039;une sant\u00e9 affaiblie \u00e0 81 ans, a rapport\u00e9 l&#039;agence de presse officielle APS. Le 7 avril, le secr\u00e9taire g\u00e9n\u00e9ral du FLN, Djamel Ould Abb\u00e8s, avait publiquement fait [&hellip;]\" \/>\n<meta property=\"og:url\" content=\"https:\/\/www.justiceinfo.net\/fr\/37223-algerie-le-fln-reitere-son-appel-a-un-5e-mandat-de-m-bouteflika.html\" \/>\n<meta property=\"og:site_name\" content=\"JusticeInfo.net\" \/>\n<meta property=\"article:publisher\" content=\"https:\/\/www.facebook.com\/JusticeInfo\/\" \/>\n<meta property=\"article:published_time\" content=\"2018-04-22T09:59:49+00:00\" \/>\n<meta property=\"og:image\" content=\"https:\/\/www.justiceinfo.net\/wp-content\/uploads\/JusticeInfoNet_logo_1200x630px.jpg\" \/>\n\t<meta property=\"og:image:width\" content=\"1200\" \/>\n\t<meta property=\"og:image:height\" content=\"630\" \/>\n\t<meta property=\"og:image:type\" content=\"image\/jpeg\" \/>\n<meta name=\"author\" content=\"afp\" \/>\n<meta name=\"twitter:card\" content=\"summary_large_image\" \/>\n<meta name=\"twitter:creator\" content=\"@justiceinfonet\" \/>\n<meta name=\"twitter:site\" content=\"@justiceinfonet\" \/>\n<meta name=\"twitter:label1\" content=\"\u00c9crit par\" \/>\n\t<meta name=\"twitter:data1\" content=\"afp\" \/>\n\t<meta name=\"twitter:label2\" content=\"Dur\u00e9e de lecture estim\u00e9e\" \/>\n\t<meta name=\"twitter:data2\" content=\"2 minutes\" \/>\n<script type=\"application\/ld+json\" class=\"yoast-schema-graph\">{\"@context\":\"https:\/\/schema.org\",\"@graph\":[{\"@type\":\"NewsArticle\",\"@id\":\"https:\/\/www.justiceinfo.net\/fr\/37223-algerie-le-fln-reitere-son-appel-a-un-5e-mandat-de-m-bouteflika.html#article\",\"isPartOf\":{\"@id\":\"https:\/\/www.justiceinfo.net\/fr\/37223-algerie-le-fln-reitere-son-appel-a-un-5e-mandat-de-m-bouteflika.html\"},\"author\":{\"name\":\"afp\",\"@id\":\"https:\/\/www.justiceinfo.net\/fr#\/schema\/person\/713d340ef5f218fc36ce9b4244364a7f\"},\"headline\":\"Alg\u00e9rie:Le FLN r\u00e9it\u00e8re son appel \u00e0 un 5\u00e8 mandat de M. Bouteflika\",\"datePublished\":\"2018-04-22T09:59:49+00:00\",\"mainEntityOfPage\":{\"@id\":\"https:\/\/www.justiceinfo.net\/fr\/37223-algerie-le-fln-reitere-son-appel-a-un-5e-mandat-de-m-bouteflika.html\"},\"wordCount\":367,\"commentCount\":0,\"publisher\":{\"@id\":\"https:\/\/www.justiceinfo.net\/fr#organization\"},\"articleSection\":[\"Fil d'info AFP\"],\"inLanguage\":\"fr-FR\",\"potentialAction\":[{\"@type\":\"CommentAction\",\"name\":\"Comment\",\"target\":[\"https:\/\/www.justiceinfo.net\/fr\/37223-algerie-le-fln-reitere-son-appel-a-un-5e-mandat-de-m-bouteflika.html#respond\"]}]},{\"@type\":\"WebPage\",\"@id\":\"https:\/\/www.justiceinfo.net\/fr\/37223-algerie-le-fln-reitere-son-appel-a-un-5e-mandat-de-m-bouteflika.html\",\"url\":\"https:\/\/www.justiceinfo.net\/fr\/37223-algerie-le-fln-reitere-son-appel-a-un-5e-mandat-de-m-bouteflika.html\",\"name\":\"Alg\u00e9rie:Le FLN r\u00e9it\u00e8re son appel \u00e0 un 5\u00e8 mandat de M. Bouteflika - JusticeInfo.net\",\"isPartOf\":{\"@id\":\"https:\/\/www.justiceinfo.net\/fr#website\"},\"datePublished\":\"2018-04-22T09:59:49+00:00\",\"breadcrumb\":{\"@id\":\"https:\/\/www.justiceinfo.net\/fr\/37223-algerie-le-fln-reitere-son-appel-a-un-5e-mandat-de-m-bouteflika.html#breadcrumb\"},\"inLanguage\":\"fr-FR\",\"potentialAction\":[{\"@type\":\"ReadAction\",\"target\":[\"https:\/\/www.justiceinfo.net\/fr\/37223-algerie-le-fln-reitere-son-appel-a-un-5e-mandat-de-m-bouteflika.html\"]}]},{\"@type\":\"BreadcrumbList\",\"@id\":\"https:\/\/www.justiceinfo.net\/fr\/37223-algerie-le-fln-reitere-son-appel-a-un-5e-mandat-de-m-bouteflika.html#breadcrumb\",\"itemListElement\":[{\"@type\":\"ListItem\",\"position\":1,\"name\":\"Home\",\"item\":\"https:\/\/www.justiceinfo.net\/fr\"},{\"@type\":\"ListItem\",\"position\":2,\"name\":\"Alg\u00e9rie:Le FLN r\u00e9it\u00e8re son appel \u00e0 un 5\u00e8 mandat de M. Bouteflika\"}]},{\"@type\":\"WebSite\",\"@id\":\"https:\/\/www.justiceinfo.net\/fr#website\",\"url\":\"https:\/\/www.justiceinfo.net\/fr\",\"name\":\"JusticeInfo.net\",\"description\":\"La justice doit \u00eatre vue pour \u00eatre rendue\",\"publisher\":{\"@id\":\"https:\/\/www.justiceinfo.net\/fr#organization\"},\"potentialAction\":[{\"@type\":\"SearchAction\",\"target\":{\"@type\":\"EntryPoint\",\"urlTemplate\":\"https:\/\/www.justiceinfo.net\/fr?s={search_term_string}\"},\"query-input\":{\"@type\":\"PropertyValueSpecification\",\"valueRequired\":true,\"valueName\":\"search_term_string\"}}],\"inLanguage\":\"fr-FR\"},{\"@type\":\"Organization\",\"@id\":\"https:\/\/www.justiceinfo.net\/fr#organization\",\"name\":\"Justice Info\",\"url\":\"https:\/\/www.justiceinfo.net\/fr\",\"logo\":{\"@type\":\"ImageObject\",\"inLanguage\":\"fr-FR\",\"@id\":\"https:\/\/www.justiceinfo.net\/fr#\/schema\/logo\/image\/\",\"url\":\"https:\/\/www.justiceinfo.net\/wp-content\/uploads\/justiceinfo_logo-trans_1200x1200px.png\",\"contentUrl\":\"https:\/\/www.justiceinfo.net\/wp-content\/uploads\/justiceinfo_logo-trans_1200x1200px.png\",\"width\":1199,\"height\":1200,\"caption\":\"Justice Info\"},\"image\":{\"@id\":\"https:\/\/www.justiceinfo.net\/fr#\/schema\/logo\/image\/\"},\"sameAs\":[\"https:\/\/www.facebook.com\/JusticeInfo\/\",\"https:\/\/x.com\/justiceinfonet\",\"https:\/\/www.linkedin.com\/company\/justice-info\",\"https:\/\/www.youtube.com\/channel\/UCyCEsARodyuWtkWyhn-e7pA\"]},{\"@type\":\"Person\",\"name\":\"afp\",\"url\":\"\/fr\/?s=afp\"}]}<\/script>\n<!-- \/ Yoast SEO Premium plugin. -->","yoast_head_json":{"title":"Alg\u00e9rie:Le FLN r\u00e9it\u00e8re son appel \u00e0 un 5\u00e8 mandat de M. Bouteflika - JusticeInfo.net","robots":{"index":"index","follow":"follow","max-snippet":"max-snippet:-1","max-image-preview":"max-image-preview:large","max-video-preview":"max-video-preview:-1"},"canonical":"https:\/\/www.justiceinfo.net\/fr\/37223-algerie-le-fln-reitere-son-appel-a-un-5e-mandat-de-m-bouteflika.html","og_locale":"fr_FR","og_type":"article","og_title":"Alg\u00e9rie:Le FLN r\u00e9it\u00e8re son appel \u00e0 un 5\u00e8 mandat de M. Bouteflika","og_description":"Le parti pr\u00e9sidentiel du Front de lib\u00e9ration nationale (FLN), au pouvoir en Alg\u00e9rie, a r\u00e9it\u00e9r\u00e9 samedi son appel \u00e0 un cinqui\u00e8me mandat du pr\u00e9sident Abdelaziz Bouteflika, en d\u00e9pit d'une sant\u00e9 affaiblie \u00e0 81 ans, a rapport\u00e9 l'agence de presse officielle APS. Le 7 avril, le secr\u00e9taire g\u00e9n\u00e9ral du FLN, Djamel Ould Abb\u00e8s, avait publiquement fait [&hellip;]","og_url":"https:\/\/www.justiceinfo.net\/fr\/37223-algerie-le-fln-reitere-son-appel-a-un-5e-mandat-de-m-bouteflika.html","og_site_name":"JusticeInfo.net","article_publisher":"https:\/\/www.facebook.com\/JusticeInfo\/","article_published_time":"2018-04-22T09:59:49+00:00","og_image":[{"width":1200,"height":630,"url":"https:\/\/www.justiceinfo.net\/wp-content\/uploads\/JusticeInfoNet_logo_1200x630px.jpg","type":"image\/jpeg"}],"author":"afp","twitter_card":"summary_large_image","twitter_creator":"@justiceinfonet","twitter_site":"@justiceinfonet","twitter_misc":{"\u00c9crit par":"afp","Dur\u00e9e de lecture estim\u00e9e":"2 minutes"},"schema":{"@context":"https:\/\/schema.org","@graph":[{"@type":"NewsArticle","@id":"https:\/\/www.justiceinfo.net\/fr\/37223-algerie-le-fln-reitere-son-appel-a-un-5e-mandat-de-m-bouteflika.html#article","isPartOf":{"@id":"https:\/\/www.justiceinfo.net\/fr\/37223-algerie-le-fln-reitere-son-appel-a-un-5e-mandat-de-m-bouteflika.html"},"author":{"name":"afp","@id":"https:\/\/www.justiceinfo.net\/fr#\/schema\/person\/713d340ef5f218fc36ce9b4244364a7f"},"headline":"Alg\u00e9rie:Le FLN r\u00e9it\u00e8re son appel \u00e0 un 5\u00e8 mandat de M. Bouteflika","datePublished":"2018-04-22T09:59:49+00:00","mainEntityOfPage":{"@id":"https:\/\/www.justiceinfo.net\/fr\/37223-algerie-le-fln-reitere-son-appel-a-un-5e-mandat-de-m-bouteflika.html"},"wordCount":367,"commentCount":0,"publisher":{"@id":"https:\/\/www.justiceinfo.net\/fr#organization"},"articleSection":["Fil d'info AFP"],"inLanguage":"fr-FR","potentialAction":[{"@type":"CommentAction","name":"Comment","target":["https:\/\/www.justiceinfo.net\/fr\/37223-algerie-le-fln-reitere-son-appel-a-un-5e-mandat-de-m-bouteflika.html#respond"]}]},{"@type":"WebPage","@id":"https:\/\/www.justiceinfo.net\/fr\/37223-algerie-le-fln-reitere-son-appel-a-un-5e-mandat-de-m-bouteflika.html","url":"https:\/\/www.justiceinfo.net\/fr\/37223-algerie-le-fln-reitere-son-appel-a-un-5e-mandat-de-m-bouteflika.html","name":"Alg\u00e9rie:Le FLN r\u00e9it\u00e8re son appel \u00e0 un 5\u00e8 mandat de M. Bouteflika - JusticeInfo.net","isPartOf":{"@id":"https:\/\/www.justiceinfo.net\/fr#website"},"datePublished":"2018-04-22T09:59:49+00:00","breadcrumb":{"@id":"https:\/\/www.justiceinfo.net\/fr\/37223-algerie-le-fln-reitere-son-appel-a-un-5e-mandat-de-m-bouteflika.html#breadcrumb"},"inLanguage":"fr-FR","potentialAction":[{"@type":"ReadAction","target":["https:\/\/www.justiceinfo.net\/fr\/37223-algerie-le-fln-reitere-son-appel-a-un-5e-mandat-de-m-bouteflika.html"]}]},{"@type":"BreadcrumbList","@id":"https:\/\/www.justiceinfo.net\/fr\/37223-algerie-le-fln-reitere-son-appel-a-un-5e-mandat-de-m-bouteflika.html#breadcrumb","itemListElement":[{"@type":"ListItem","position":1,"name":"Home","item":"https:\/\/www.justiceinfo.net\/fr"},{"@type":"ListItem","position":2,"name":"Alg\u00e9rie:Le FLN r\u00e9it\u00e8re son appel \u00e0 un 5\u00e8 mandat de M. Bouteflika"}]},{"@type":"WebSite","@id":"https:\/\/www.justiceinfo.net\/fr#website","url":"https:\/\/www.justiceinfo.net\/fr","name":"JusticeInfo.net","description":"La justice doit \u00eatre vue pour \u00eatre rendue","publisher":{"@id":"https:\/\/www.justiceinfo.net\/fr#organization"},"potentialAction":[{"@type":"SearchAction","target":{"@type":"EntryPoint","urlTemplate":"https:\/\/www.justiceinfo.net\/fr?s={search_term_string}"},"query-input":{"@type":"PropertyValueSpecification","valueRequired":true,"valueName":"search_term_string"}}],"inLanguage":"fr-FR"},{"@type":"Organization","@id":"https:\/\/www.justiceinfo.net\/fr#organization","name":"Justice Info","url":"https:\/\/www.justiceinfo.net\/fr","logo":{"@type":"ImageObject","inLanguage":"fr-FR","@id":"https:\/\/www.justiceinfo.net\/fr#\/schema\/logo\/image\/","url":"https:\/\/www.justiceinfo.net\/wp-content\/uploads\/justiceinfo_logo-trans_1200x1200px.png","contentUrl":"https:\/\/www.justiceinfo.net\/wp-content\/uploads\/justiceinfo_logo-trans_1200x1200px.png","width":1199,"height":1200,"caption":"Justice Info"},"image":{"@id":"https:\/\/www.justiceinfo.net\/fr#\/schema\/logo\/image\/"},"sameAs":["https:\/\/www.facebook.com\/JusticeInfo\/","https:\/\/x.com\/justiceinfonet","https:\/\/www.linkedin.com\/company\/justice-info","https:\/\/www.youtube.com\/channel\/UCyCEsARodyuWtkWyhn-e7pA"]},{"@type":"Person","name":"afp","url":"\/fr\/?s=afp"}]}},"_links":{"self":[{"href":"https:\/\/www.justiceinfo.net\/fr\/wp-json\/wp\/v2\/posts\/37223","targetHints":{"allow":["GET"]}}],"collection":[{"href":"https:\/\/www.justiceinfo.net\/fr\/wp-json\/wp\/v2\/posts"}],"about":[{"href":"https:\/\/www.justiceinfo.net\/fr\/wp-json\/wp\/v2\/types\/post"}],"author":[{"embeddable":true,"href":"https:\/\/www.justiceinfo.net\/fr\/wp-json\/wp\/v2\/users\/60"}],"replies":[{"embeddable":true,"href":"https:\/\/www.justiceinfo.net\/fr\/wp-json\/wp\/v2\/comments?post=37223"}],"version-history":[{"count":0,"href":"https:\/\/www.justiceinfo.net\/fr\/wp-json\/wp\/v2\/posts\/37223\/revisions"}],"wp:attachment":[{"href":"https:\/\/www.justiceinfo.net\/fr\/wp-json\/wp\/v2\/media?parent=37223"}],"wp:term":[{"taxonomy":"category","embeddable":true,"href":"https:\/\/www.justiceinfo.net\/fr\/wp-json\/wp\/v2\/categories?post=37223"},{"taxonomy":"post_tag","embeddable":true,"href":"https:\/\/www.justiceinfo.net\/fr\/wp-json\/wp\/v2\/tags?post=37223"},{"taxonomy":"ji_location","embeddable":true,"href":"https:\/\/www.justiceinfo.net\/fr\/wp-json\/wp\/v2\/ji_location?post=37223"}],"curies":[{"name":"wp","href":"https:\/\/api.w.org\/{rel}","templated":true}]}}