{"id":37252,"date":"2018-04-24T00:15:44","date_gmt":"2018-04-23T22:15:44","guid":{"rendered":"https:\/\/www.justiceinfo.net\/37252-le-chef-politique-rebelle-au-yemen-tue-dans-une-frappe-menaces-de-vengeance.html"},"modified":"2018-04-24T00:15:44","modified_gmt":"2018-04-23T22:15:44","slug":"le-chef-politique-rebelle-au-yemen-tue-dans-une-frappe-menaces-de-vengeance","status":"publish","type":"post","link":"https:\/\/www.justiceinfo.net\/fr\/37252-le-chef-politique-rebelle-au-yemen-tue-dans-une-frappe-menaces-de-vengeance.html","title":{"rendered":"Le chef politique rebelle au Y\u00e9men tu\u00e9 dans une frappe, menaces de vengeance"},"content":{"rendered":"<div class=\"txt-textContent\">\n<div class=\"text fontsize_0 jq_Content jq_langdir\">\n<p>Le plus haut responsable politique des rebelles au Y\u00e9men a \u00e9t\u00e9 tu\u00e9 dans une frappe de la coalition militaire men\u00e9e par l'Arabie saoudite, ont annonc\u00e9 lundi ces insurg\u00e9s en mena\u00e7ant de venger sa mort.<\/p>\n<p>Il s'agit d'un coup tr\u00e8s dur pour les rebelles Houthis en guerre contre le pouvoir du pr\u00e9sident Abd Rabbo Mansour Hadi aid\u00e9 depuis mars 2015 par cette coalition de plusieurs pays command\u00e9e par le royaume saoudien, voisin du Y\u00e9men.<\/p>\n<p>Sur un autre front du conflit, des dizaines de personnes participant \u00e0 une c\u00e9r\u00e9monie de mariage ont \u00e9t\u00e9 tu\u00e9es ou bless\u00e9es dimanche soir dans des frappes dans le nord-ouest du Y\u00e9men, pr\u00e9sent\u00e9es par les rebelles comme une nouvelle bavure de cette m\u00eame coalition.<\/p>\n<p>Celle-ci est intervenue au Y\u00e9men pour aider le pouvoir du pr\u00e9sident Abd Rabbo Mansour Hadi \u00e0 stopper la progression des Houthis pro-iraniens qui s'\u00e9taient empar\u00e9s de vastes pans du territoire dont la capitale Sanaa.<\/p>\n<p>Trois ans plus tard, le pays est toujours meurtri par les violences, sans aucune solution politique en vue.<\/p>\n<p>Le 19 avril, Saleh al-Sammad, chef du Conseil politique supr\u00eame de la r\u00e9bellion, est \"tomb\u00e9 en martyr\" dans une frappe de la coalition sur la province de Hodeida (ouest), ont annonc\u00e9 les rebelles dans un communiqu\u00e9 diffus\u00e9 par leur agence de presse Saba.<\/p>\n<p>C'est le plus haut responsable rebelle \u00e0 \u00eatre tu\u00e9 depuis le d\u00e9but du conflit. Son nom figurait sur une liste de 40 responsables Houthis d\u00e9voil\u00e9e en novembre 2017 par l'Arabie saoudite qui a mis \u00e0 prix leur t\u00eate avec des r\u00e9compenses totalisant 440 millions de dollars.<\/p>\n<p>Sammad a \u00e9t\u00e9 remplac\u00e9 comme chef du Conseil politique par Mehdi Hussein al-Machat, selon le communiqu\u00e9.<\/p>\n<p>Des sources gouvernementales y\u00e9m\u00e9nites ont confirm\u00e9, sous le couvert de l'anonymat, que \"Sammad a \u00e9t\u00e9 tu\u00e9 par une frappe de la coalition jeudi dernier dans le secteur de Brihi\", au sud-ouest de la ville de Hodeida, chef-lieu de la province du m\u00eame nom.<\/p>\n<p>La coalition elle-m\u00eame n'a pas comment\u00e9 dans l'imm\u00e9diat ces informations.<\/p>\n<p>\u00a0<\/p>\n<h2>- Interception de missiles rebelles -<\/h2>\n<p>\u00a0<\/p>\n<p>Mais le chef supr\u00eame des rebelles, Abdel Malek al-Houthi, a promis de venger la mort de Sammad, dans une d\u00e9claration diffus\u00e9e par la t\u00e9l\u00e9vision des Houthis, al-Massirah.<\/p>\n<p>\"Ce crime ne restera pas impuni\", a-t-il lanc\u00e9. \"Les forces de l'agression, \u00e0 leur t\u00eate l'Am\u00e9rique et l'Arabie saoudite, doivent assumer les cons\u00e9quences\" de cet acte.<\/p>\n<p>Selon lui, six autres personnes ont p\u00e9ri avec Saleh al-Sammad.<\/p>\n<p>D\u00e9but avril, Saleh al-Sammad avait proclam\u00e9 2018 \"l'ann\u00e9e balistique par excellence\", en allusion aux missiles tir\u00e9s contre le royaume saoudien par les rebelles.<\/p>\n<p>Depuis novembre, les Houthis ont tir\u00e9 plusieurs missiles balistiques vers l'Arabie saoudite, qui ont \u00e9t\u00e9 intercept\u00e9s par la d\u00e9fense anti-a\u00e9rienne.<\/p>\n<p>Lundi, les m\u00e9dias d'Etat saoudiens ont annonc\u00e9 l'interception de deux nouveaux missiles balistiques tir\u00e9s par les Houthis vers la province de Jizan (sud).<\/p>\n<p>Selon la cha\u00eene Al-Massirah, un missile a vis\u00e9 une installation de l'entreprise p\u00e9troli\u00e8re Aramco. Ryad n'a rien dit \u00e0 ce sujet.<\/p>\n<p>Le conflit au Y\u00e9men a fait pr\u00e8s de 10.000 morts et provoqu\u00e9 \"la pire crise humanitaire du monde\", selon l'ONU.<\/p>\n<p>Ailleurs dans le pays, des dizaines de personnes ont \u00e9t\u00e9 tu\u00e9es ou bless\u00e9es dimanche soir \u00e0 Bani Qais dans la province de Hajja, au nord-ouest de Sanaa, dans des raids a\u00e9riens. L'agence Saba les a qualifi\u00e9s de \"nouveau crime g\u00e9nocidaire des Saoudiens\".<\/p>\n<p>Il y a eu de 23 \u00e0 33 morts et de 40 \u00e0 55 bless\u00e9s selon diff\u00e9rentes sources m\u00e9dicales et de l'administration locale.<\/p>\n<p>\u00a0<\/p>\n<h2>- Frappes sur un mariage -<\/h2>\n<p>\u00a0<\/p>\n<p>Selon M\u00e9decins sans fronti\u00e8res (MSF), l'h\u00f4pital qu'ils soutiennent \u00e0 Hajja a admis 63 bless\u00e9s, dont des enfants. Ces raids sont \"parmi les plus d\u00e9vastateurs dans la r\u00e9gion ces derniers mois\".<\/p>\n<p>D'apr\u00e8s des secouristes et les m\u00e9dias des rebelles Houthis, deux tentes de mariage ont \u00e9t\u00e9 touch\u00e9es par les frappes et une trentaine d'enfants figurent parmi les bless\u00e9s, dont trois ont \u00e9t\u00e9 amput\u00e9s.<\/p>\n<p>Le porte-parole de la coalition, le colonel Turki al-Malki, a indiqu\u00e9 suivre les informations par les m\u00e9dias et annonc\u00e9 une enqu\u00eate sur les faits.<\/p>\n<p>L'Iran, grand rival chiite de l'Arabie saoudite sunnite et accus\u00e9 d'armer les Houthis, a condamn\u00e9 \"les attaques contre les objectifs civils\" comme \"des violations des principes humanitaires\".<\/p>\n<p>Le chef de l'ONU, Antonio Guterres, a r\u00e9clam\u00e9 \"une enqu\u00eate rapide, efficace et transparente\" sur cette attaque qu'il a \"fermement condamn\u00e9e\".<\/p>\n<p>En 2015, des raids attribu\u00e9s la coalition avaient fait des dizaines de morts lors de f\u00eates de mariage.<\/p>\n<p>La fr\u00e9quence des attaques contre ce genre de c\u00e9r\u00e9monies soul\u00e8ve des questions. Dans certains cas, lors de mariages, les mari\u00e9s re\u00e7oivent la visite de rebelles venant les f\u00e9liciter dans des cort\u00e8ges de v\u00e9hicules militaires.\u00a0<\/p>\n<p>Par le pass\u00e9, la coalition a reconnu, apr\u00e8s enqu\u00eate, certaines \"erreurs\" et promis d'affiner ses r\u00e8gles d'engagement militaires.<\/p>\n<p>bur-mou\/sy\/tp\/ple<\/p>\n<\/div>\n<\/div>\n","protected":false},"excerpt":{"rendered":"<p>Le plus haut responsable politique des rebelles au Y\u00e9men a \u00e9t\u00e9 tu\u00e9 dans une frappe de la coalition militaire men\u00e9e par l'Arabie saoudite, ont annonc\u00e9 lundi ces insurg\u00e9s en mena\u00e7ant de venger sa mort. Il s'agit d'un coup tr\u00e8s dur pour les rebelles Houthis en guerre contre le pouvoir du pr\u00e9sident Abd Rabbo Mansour Hadi [&hellip;]<\/p>\n","protected":false},"author":60,"featured_media":0,"comment_status":"open","ping_status":"closed","sticky":false,"template":"","format":"standard","meta":{"_acf_changed":false,"footnotes":""},"categories":[2576],"tags":[],"ji_location":[2560],"class_list":["post-37252","post","type-post","status-publish","format-standard","hentry","category-fil-d-actualite","ji_location-yemen"],"acf":[],"yoast_head":"<!-- This site is optimized with the Yoast SEO Premium plugin v25.3.1 (Yoast SEO v25.3.1) - https:\/\/yoast.com\/wordpress\/plugins\/seo\/ -->\n<title>Le chef politique rebelle au Y\u00e9men tu\u00e9 dans une frappe, menaces de vengeance - JusticeInfo.net<\/title>\n<meta name=\"robots\" content=\"index, follow, max-snippet:-1, max-image-preview:large, max-video-preview:-1\" \/>\n<link rel=\"canonical\" href=\"https:\/\/www.justiceinfo.net\/fr\/37252-le-chef-politique-rebelle-au-yemen-tue-dans-une-frappe-menaces-de-vengeance.html\" \/>\n<meta property=\"og:locale\" content=\"fr_FR\" \/>\n<meta property=\"og:type\" content=\"article\" \/>\n<meta property=\"og:title\" content=\"Le chef politique rebelle au Y\u00e9men tu\u00e9 dans une frappe, menaces de vengeance\" \/>\n<meta property=\"og:description\" content=\"Le plus haut responsable politique des rebelles au Y\u00e9men a \u00e9t\u00e9 tu\u00e9 dans une frappe de la coalition militaire men\u00e9e par l&#039;Arabie saoudite, ont annonc\u00e9 lundi ces insurg\u00e9s en mena\u00e7ant de venger sa mort. Il s&#039;agit d&#039;un coup tr\u00e8s dur pour les rebelles Houthis en guerre contre le pouvoir du pr\u00e9sident Abd Rabbo Mansour Hadi [&hellip;]\" \/>\n<meta property=\"og:url\" content=\"https:\/\/www.justiceinfo.net\/fr\/37252-le-chef-politique-rebelle-au-yemen-tue-dans-une-frappe-menaces-de-vengeance.html\" \/>\n<meta property=\"og:site_name\" content=\"JusticeInfo.net\" \/>\n<meta property=\"article:publisher\" content=\"https:\/\/www.facebook.com\/JusticeInfo\/\" \/>\n<meta property=\"article:published_time\" content=\"2018-04-23T22:15:44+00:00\" \/>\n<meta property=\"og:image\" content=\"https:\/\/www.justiceinfo.net\/wp-content\/uploads\/JusticeInfoNet_logo_1200x630px.jpg\" \/>\n\t<meta property=\"og:image:width\" content=\"1200\" \/>\n\t<meta property=\"og:image:height\" content=\"630\" \/>\n\t<meta property=\"og:image:type\" content=\"image\/jpeg\" \/>\n<meta name=\"author\" content=\"afp\" \/>\n<meta name=\"twitter:card\" content=\"summary_large_image\" \/>\n<meta name=\"twitter:creator\" content=\"@justiceinfonet\" \/>\n<meta name=\"twitter:site\" content=\"@justiceinfonet\" \/>\n<meta name=\"twitter:label1\" content=\"\u00c9crit par\" \/>\n\t<meta name=\"twitter:data1\" content=\"afp\" \/>\n\t<meta name=\"twitter:label2\" content=\"Dur\u00e9e de lecture estim\u00e9e\" \/>\n\t<meta name=\"twitter:data2\" content=\"4 minutes\" \/>\n<script type=\"application\/ld+json\" class=\"yoast-schema-graph\">{\"@context\":\"https:\/\/schema.org\",\"@graph\":[{\"@type\":\"NewsArticle\",\"@id\":\"https:\/\/www.justiceinfo.net\/fr\/37252-le-chef-politique-rebelle-au-yemen-tue-dans-une-frappe-menaces-de-vengeance.html#article\",\"isPartOf\":{\"@id\":\"https:\/\/www.justiceinfo.net\/fr\/37252-le-chef-politique-rebelle-au-yemen-tue-dans-une-frappe-menaces-de-vengeance.html\"},\"author\":{\"name\":\"afp\",\"@id\":\"https:\/\/www.justiceinfo.net\/fr#\/schema\/person\/713d340ef5f218fc36ce9b4244364a7f\"},\"headline\":\"Le chef politique rebelle au Y\u00e9men tu\u00e9 dans une frappe, menaces de vengeance\",\"datePublished\":\"2018-04-23T22:15:44+00:00\",\"mainEntityOfPage\":{\"@id\":\"https:\/\/www.justiceinfo.net\/fr\/37252-le-chef-politique-rebelle-au-yemen-tue-dans-une-frappe-menaces-de-vengeance.html\"},\"wordCount\":895,\"commentCount\":0,\"publisher\":{\"@id\":\"https:\/\/www.justiceinfo.net\/fr#organization\"},\"articleSection\":[\"Fil d'info AFP\"],\"inLanguage\":\"fr-FR\",\"potentialAction\":[{\"@type\":\"CommentAction\",\"name\":\"Comment\",\"target\":[\"https:\/\/www.justiceinfo.net\/fr\/37252-le-chef-politique-rebelle-au-yemen-tue-dans-une-frappe-menaces-de-vengeance.html#respond\"]}]},{\"@type\":\"WebPage\",\"@id\":\"https:\/\/www.justiceinfo.net\/fr\/37252-le-chef-politique-rebelle-au-yemen-tue-dans-une-frappe-menaces-de-vengeance.html\",\"url\":\"https:\/\/www.justiceinfo.net\/fr\/37252-le-chef-politique-rebelle-au-yemen-tue-dans-une-frappe-menaces-de-vengeance.html\",\"name\":\"Le chef politique rebelle au Y\u00e9men tu\u00e9 dans une frappe, menaces de vengeance - JusticeInfo.net\",\"isPartOf\":{\"@id\":\"https:\/\/www.justiceinfo.net\/fr#website\"},\"datePublished\":\"2018-04-23T22:15:44+00:00\",\"breadcrumb\":{\"@id\":\"https:\/\/www.justiceinfo.net\/fr\/37252-le-chef-politique-rebelle-au-yemen-tue-dans-une-frappe-menaces-de-vengeance.html#breadcrumb\"},\"inLanguage\":\"fr-FR\",\"potentialAction\":[{\"@type\":\"ReadAction\",\"target\":[\"https:\/\/www.justiceinfo.net\/fr\/37252-le-chef-politique-rebelle-au-yemen-tue-dans-une-frappe-menaces-de-vengeance.html\"]}]},{\"@type\":\"BreadcrumbList\",\"@id\":\"https:\/\/www.justiceinfo.net\/fr\/37252-le-chef-politique-rebelle-au-yemen-tue-dans-une-frappe-menaces-de-vengeance.html#breadcrumb\",\"itemListElement\":[{\"@type\":\"ListItem\",\"position\":1,\"name\":\"Home\",\"item\":\"https:\/\/www.justiceinfo.net\/fr\"},{\"@type\":\"ListItem\",\"position\":2,\"name\":\"Le chef politique rebelle au Y\u00e9men tu\u00e9 dans une frappe, menaces de vengeance\"}]},{\"@type\":\"WebSite\",\"@id\":\"https:\/\/www.justiceinfo.net\/fr#website\",\"url\":\"https:\/\/www.justiceinfo.net\/fr\",\"name\":\"JusticeInfo.net\",\"description\":\"La justice doit \u00eatre vue pour \u00eatre rendue\",\"publisher\":{\"@id\":\"https:\/\/www.justiceinfo.net\/fr#organization\"},\"potentialAction\":[{\"@type\":\"SearchAction\",\"target\":{\"@type\":\"EntryPoint\",\"urlTemplate\":\"https:\/\/www.justiceinfo.net\/fr?s={search_term_string}\"},\"query-input\":{\"@type\":\"PropertyValueSpecification\",\"valueRequired\":true,\"valueName\":\"search_term_string\"}}],\"inLanguage\":\"fr-FR\"},{\"@type\":\"Organization\",\"@id\":\"https:\/\/www.justiceinfo.net\/fr#organization\",\"name\":\"Justice Info\",\"url\":\"https:\/\/www.justiceinfo.net\/fr\",\"logo\":{\"@type\":\"ImageObject\",\"inLanguage\":\"fr-FR\",\"@id\":\"https:\/\/www.justiceinfo.net\/fr#\/schema\/logo\/image\/\",\"url\":\"https:\/\/www.justiceinfo.net\/wp-content\/uploads\/justiceinfo_logo-trans_1200x1200px.png\",\"contentUrl\":\"https:\/\/www.justiceinfo.net\/wp-content\/uploads\/justiceinfo_logo-trans_1200x1200px.png\",\"width\":1199,\"height\":1200,\"caption\":\"Justice Info\"},\"image\":{\"@id\":\"https:\/\/www.justiceinfo.net\/fr#\/schema\/logo\/image\/\"},\"sameAs\":[\"https:\/\/www.facebook.com\/JusticeInfo\/\",\"https:\/\/x.com\/justiceinfonet\",\"https:\/\/www.linkedin.com\/company\/justice-info\",\"https:\/\/www.youtube.com\/channel\/UCyCEsARodyuWtkWyhn-e7pA\"]},{\"@type\":\"Person\",\"name\":\"afp\",\"url\":\"\/fr\/?s=afp\"}]}<\/script>\n<!-- \/ Yoast SEO Premium plugin. -->","yoast_head_json":{"title":"Le chef politique rebelle au Y\u00e9men tu\u00e9 dans une frappe, menaces de vengeance - JusticeInfo.net","robots":{"index":"index","follow":"follow","max-snippet":"max-snippet:-1","max-image-preview":"max-image-preview:large","max-video-preview":"max-video-preview:-1"},"canonical":"https:\/\/www.justiceinfo.net\/fr\/37252-le-chef-politique-rebelle-au-yemen-tue-dans-une-frappe-menaces-de-vengeance.html","og_locale":"fr_FR","og_type":"article","og_title":"Le chef politique rebelle au Y\u00e9men tu\u00e9 dans une frappe, menaces de vengeance","og_description":"Le plus haut responsable politique des rebelles au Y\u00e9men a \u00e9t\u00e9 tu\u00e9 dans une frappe de la coalition militaire men\u00e9e par l'Arabie saoudite, ont annonc\u00e9 lundi ces insurg\u00e9s en mena\u00e7ant de venger sa mort. Il s'agit d'un coup tr\u00e8s dur pour les rebelles Houthis en guerre contre le pouvoir du pr\u00e9sident Abd Rabbo Mansour Hadi [&hellip;]","og_url":"https:\/\/www.justiceinfo.net\/fr\/37252-le-chef-politique-rebelle-au-yemen-tue-dans-une-frappe-menaces-de-vengeance.html","og_site_name":"JusticeInfo.net","article_publisher":"https:\/\/www.facebook.com\/JusticeInfo\/","article_published_time":"2018-04-23T22:15:44+00:00","og_image":[{"width":1200,"height":630,"url":"https:\/\/www.justiceinfo.net\/wp-content\/uploads\/JusticeInfoNet_logo_1200x630px.jpg","type":"image\/jpeg"}],"author":"afp","twitter_card":"summary_large_image","twitter_creator":"@justiceinfonet","twitter_site":"@justiceinfonet","twitter_misc":{"\u00c9crit par":"afp","Dur\u00e9e de lecture estim\u00e9e":"4 minutes"},"schema":{"@context":"https:\/\/schema.org","@graph":[{"@type":"NewsArticle","@id":"https:\/\/www.justiceinfo.net\/fr\/37252-le-chef-politique-rebelle-au-yemen-tue-dans-une-frappe-menaces-de-vengeance.html#article","isPartOf":{"@id":"https:\/\/www.justiceinfo.net\/fr\/37252-le-chef-politique-rebelle-au-yemen-tue-dans-une-frappe-menaces-de-vengeance.html"},"author":{"name":"afp","@id":"https:\/\/www.justiceinfo.net\/fr#\/schema\/person\/713d340ef5f218fc36ce9b4244364a7f"},"headline":"Le chef politique rebelle au Y\u00e9men tu\u00e9 dans une frappe, menaces de vengeance","datePublished":"2018-04-23T22:15:44+00:00","mainEntityOfPage":{"@id":"https:\/\/www.justiceinfo.net\/fr\/37252-le-chef-politique-rebelle-au-yemen-tue-dans-une-frappe-menaces-de-vengeance.html"},"wordCount":895,"commentCount":0,"publisher":{"@id":"https:\/\/www.justiceinfo.net\/fr#organization"},"articleSection":["Fil d'info AFP"],"inLanguage":"fr-FR","potentialAction":[{"@type":"CommentAction","name":"Comment","target":["https:\/\/www.justiceinfo.net\/fr\/37252-le-chef-politique-rebelle-au-yemen-tue-dans-une-frappe-menaces-de-vengeance.html#respond"]}]},{"@type":"WebPage","@id":"https:\/\/www.justiceinfo.net\/fr\/37252-le-chef-politique-rebelle-au-yemen-tue-dans-une-frappe-menaces-de-vengeance.html","url":"https:\/\/www.justiceinfo.net\/fr\/37252-le-chef-politique-rebelle-au-yemen-tue-dans-une-frappe-menaces-de-vengeance.html","name":"Le chef politique rebelle au Y\u00e9men tu\u00e9 dans une frappe, menaces de vengeance - JusticeInfo.net","isPartOf":{"@id":"https:\/\/www.justiceinfo.net\/fr#website"},"datePublished":"2018-04-23T22:15:44+00:00","breadcrumb":{"@id":"https:\/\/www.justiceinfo.net\/fr\/37252-le-chef-politique-rebelle-au-yemen-tue-dans-une-frappe-menaces-de-vengeance.html#breadcrumb"},"inLanguage":"fr-FR","potentialAction":[{"@type":"ReadAction","target":["https:\/\/www.justiceinfo.net\/fr\/37252-le-chef-politique-rebelle-au-yemen-tue-dans-une-frappe-menaces-de-vengeance.html"]}]},{"@type":"BreadcrumbList","@id":"https:\/\/www.justiceinfo.net\/fr\/37252-le-chef-politique-rebelle-au-yemen-tue-dans-une-frappe-menaces-de-vengeance.html#breadcrumb","itemListElement":[{"@type":"ListItem","position":1,"name":"Home","item":"https:\/\/www.justiceinfo.net\/fr"},{"@type":"ListItem","position":2,"name":"Le chef politique rebelle au Y\u00e9men tu\u00e9 dans une frappe, menaces de vengeance"}]},{"@type":"WebSite","@id":"https:\/\/www.justiceinfo.net\/fr#website","url":"https:\/\/www.justiceinfo.net\/fr","name":"JusticeInfo.net","description":"La justice doit \u00eatre vue pour \u00eatre rendue","publisher":{"@id":"https:\/\/www.justiceinfo.net\/fr#organization"},"potentialAction":[{"@type":"SearchAction","target":{"@type":"EntryPoint","urlTemplate":"https:\/\/www.justiceinfo.net\/fr?s={search_term_string}"},"query-input":{"@type":"PropertyValueSpecification","valueRequired":true,"valueName":"search_term_string"}}],"inLanguage":"fr-FR"},{"@type":"Organization","@id":"https:\/\/www.justiceinfo.net\/fr#organization","name":"Justice Info","url":"https:\/\/www.justiceinfo.net\/fr","logo":{"@type":"ImageObject","inLanguage":"fr-FR","@id":"https:\/\/www.justiceinfo.net\/fr#\/schema\/logo\/image\/","url":"https:\/\/www.justiceinfo.net\/wp-content\/uploads\/justiceinfo_logo-trans_1200x1200px.png","contentUrl":"https:\/\/www.justiceinfo.net\/wp-content\/uploads\/justiceinfo_logo-trans_1200x1200px.png","width":1199,"height":1200,"caption":"Justice Info"},"image":{"@id":"https:\/\/www.justiceinfo.net\/fr#\/schema\/logo\/image\/"},"sameAs":["https:\/\/www.facebook.com\/JusticeInfo\/","https:\/\/x.com\/justiceinfonet","https:\/\/www.linkedin.com\/company\/justice-info","https:\/\/www.youtube.com\/channel\/UCyCEsARodyuWtkWyhn-e7pA"]},{"@type":"Person","name":"afp","url":"\/fr\/?s=afp"}]}},"_links":{"self":[{"href":"https:\/\/www.justiceinfo.net\/fr\/wp-json\/wp\/v2\/posts\/37252","targetHints":{"allow":["GET"]}}],"collection":[{"href":"https:\/\/www.justiceinfo.net\/fr\/wp-json\/wp\/v2\/posts"}],"about":[{"href":"https:\/\/www.justiceinfo.net\/fr\/wp-json\/wp\/v2\/types\/post"}],"author":[{"embeddable":true,"href":"https:\/\/www.justiceinfo.net\/fr\/wp-json\/wp\/v2\/users\/60"}],"replies":[{"embeddable":true,"href":"https:\/\/www.justiceinfo.net\/fr\/wp-json\/wp\/v2\/comments?post=37252"}],"version-history":[{"count":0,"href":"https:\/\/www.justiceinfo.net\/fr\/wp-json\/wp\/v2\/posts\/37252\/revisions"}],"wp:attachment":[{"href":"https:\/\/www.justiceinfo.net\/fr\/wp-json\/wp\/v2\/media?parent=37252"}],"wp:term":[{"taxonomy":"category","embeddable":true,"href":"https:\/\/www.justiceinfo.net\/fr\/wp-json\/wp\/v2\/categories?post=37252"},{"taxonomy":"post_tag","embeddable":true,"href":"https:\/\/www.justiceinfo.net\/fr\/wp-json\/wp\/v2\/tags?post=37252"},{"taxonomy":"ji_location","embeddable":true,"href":"https:\/\/www.justiceinfo.net\/fr\/wp-json\/wp\/v2\/ji_location?post=37252"}],"curies":[{"name":"wp","href":"https:\/\/api.w.org\/{rel}","templated":true}]}}