{"id":37266,"date":"2018-04-24T17:14:22","date_gmt":"2018-04-24T15:14:22","guid":{"rendered":"https:\/\/www.justiceinfo.net\/37266-rdc-l-opposition-offensive-pour-son-premier-meeting-autorise-depuis-septembre-2016.html"},"modified":"2018-04-24T17:14:22","modified_gmt":"2018-04-24T15:14:22","slug":"rdc-l-opposition-offensive-pour-son-premier-meeting-autorise-depuis-septembre-2016","status":"publish","type":"post","link":"https:\/\/www.justiceinfo.net\/fr\/37266-rdc-l-opposition-offensive-pour-son-premier-meeting-autorise-depuis-septembre-2016.html","title":{"rendered":"RDC: l'opposition offensive pour son premier meeting autoris\u00e9 depuis septembre 2016"},"content":{"rendered":"<div class=\"txt-textContent\">\n<div class=\"text fontsize_0 jq_Content jq_langdir\">\n<p>Le leader de l'opposition congolaise F\u00e9lix Tshisekedi s'est montr\u00e9 offensif mardi pour la premi\u00e8re r\u00e9union publique autoris\u00e9e par les autorit\u00e9s depuis septembre 2016 en R\u00e9publique d\u00e9mocratique du Congo, o\u00f9 l'heure semble \u00e0 la \"d\u00e9crispation politique\" longtemps attendue \u00e0 huit mois de l'\u00e9lection pr\u00e9sidentielle qui doit marquer le d\u00e9part longtemps retard\u00e9 du pr\u00e9sident Joseph Kabila.<\/p>\n<p>\"Cette autorisation n'est pas un cadeau, c'est une cons\u00e9quence de notre lutte\", a lanc\u00e9 M. Tshisekedi, le pr\u00e9sident-candidat du parti historique d'opposition Union pour la d\u00e9mocratie et le progr\u00e8s social (UDPS), lors de cette r\u00e9union \u00e0 Kinshasa qui s'est d\u00e9roul\u00e9e dans le calme et devant une affluence limit\u00e9e \u00e0 quelques milliers de militants.<\/p>\n<p>La pr\u00e9sence polici\u00e8re \u00e9tait discr\u00e8te, en totale contraste avec la r\u00e9pression des trois marches catholiques contre le pr\u00e9sident Kabila qui ont avaient fait une quinzaine de morts depuis le 31 d\u00e9cembre.<\/p>\n<p>Le gouverneur de Kinshasa avait annonc\u00e9 lundi qu'il autorisait ce rassemblement de l'UDPS organis\u00e9 \u00e0 l'occasion du 28e anniversaire du pluripartisme dans l'ex-Za\u00efre.<\/p>\n<p>M. Tshisekedi tenait son premier meeting de campagne depuis qu'il a \u00e9t\u00e9 investi \u00e0 la t\u00eate de l'UDPS fond\u00e9 par son p\u00e8re Etienne, d\u00e9c\u00e9d\u00e9 le 1er f\u00e9vrier 2017 \u00e0 Bruxelles o\u00f9 sa d\u00e9pouille se trouve toujours.<\/p>\n<p>M. Tshisekedi fils a confirm\u00e9 des n\u00e9gociations avec le pouvoir pour le retour de la d\u00e9pouille de son p\u00e8re, mais ni\u00e9 \u00eatre en discussion pour un \u00e9ventuel poste de Premier ministre.<\/p>\n<p>\"Est-ce que vous m'avez entendu parl\u00e9 d'autre chose que des obs\u00e8ques? A part la discussion sur les obs\u00e8ques, il n'y en a pas d'autres\", a-t-il lanc\u00e9 \u00e0 la foule.<\/p>\n<p>M. Tshisekedi a aussi plaid\u00e9 pour le retour des \"exil\u00e9s\" politique, \u00e0 commencer par l'autre grande figure de l'opposition, Mo\u00efse Katumbi, \u00e9galement candidat \u00e0 l'\u00e9lection pr\u00e9sidentielle.<\/p>\n<p>\"Nous sommes le premier parti, le plus fort, le plus implant\u00e9. Nous sommes l\u00e0 pour \u00e9couter notre pr\u00e9sident et montrer que le parti tient debout\", a d\u00e9clar\u00e9 \u00e0 l'AFP un militant, Christian Munkonkole.<\/p>\n<p>aka-mbb\/st\/thm<\/p>\n<\/div>\n<\/div>\n","protected":false},"excerpt":{"rendered":"<p>Le leader de l'opposition congolaise F\u00e9lix Tshisekedi s'est montr\u00e9 offensif mardi pour la premi\u00e8re r\u00e9union publique autoris\u00e9e par les autorit\u00e9s depuis septembre 2016 en R\u00e9publique d\u00e9mocratique du Congo, o\u00f9 l'heure semble \u00e0 la \"d\u00e9crispation politique\" longtemps attendue \u00e0 huit mois de l'\u00e9lection pr\u00e9sidentielle qui doit marquer le d\u00e9part longtemps retard\u00e9 du pr\u00e9sident Joseph Kabila. \"Cette [&hellip;]<\/p>\n","protected":false},"author":60,"featured_media":0,"comment_status":"open","ping_status":"closed","sticky":false,"template":"","format":"standard","meta":{"_acf_changed":false,"footnotes":""},"categories":[2576],"tags":[],"ji_location":[2196],"class_list":["post-37266","post","type-post","status-publish","format-standard","hentry","category-fil-d-actualite","ji_location-republique-democratique-du-congo"],"acf":[],"yoast_head":"<!-- This site is optimized with the Yoast SEO Premium plugin v25.3.1 (Yoast SEO v25.3.1) - https:\/\/yoast.com\/wordpress\/plugins\/seo\/ -->\n<title>RDC: l&#039;opposition offensive pour son premier meeting autoris\u00e9 depuis septembre 2016 - JusticeInfo.net<\/title>\n<meta name=\"robots\" content=\"index, follow, max-snippet:-1, max-image-preview:large, max-video-preview:-1\" \/>\n<link rel=\"canonical\" href=\"https:\/\/www.justiceinfo.net\/fr\/37266-rdc-l-opposition-offensive-pour-son-premier-meeting-autorise-depuis-septembre-2016.html\" \/>\n<meta property=\"og:locale\" content=\"fr_FR\" \/>\n<meta property=\"og:type\" content=\"article\" \/>\n<meta property=\"og:title\" content=\"RDC: l&#039;opposition offensive pour son premier meeting autoris\u00e9 depuis septembre 2016\" \/>\n<meta property=\"og:description\" content=\"Le leader de l&#039;opposition congolaise F\u00e9lix Tshisekedi s&#039;est montr\u00e9 offensif mardi pour la premi\u00e8re r\u00e9union publique autoris\u00e9e par les autorit\u00e9s depuis septembre 2016 en R\u00e9publique d\u00e9mocratique du Congo, o\u00f9 l&#039;heure semble \u00e0 la &quot;d\u00e9crispation politique&quot; longtemps attendue \u00e0 huit mois de l&#039;\u00e9lection pr\u00e9sidentielle qui doit marquer le d\u00e9part longtemps retard\u00e9 du pr\u00e9sident Joseph Kabila. &quot;Cette [&hellip;]\" \/>\n<meta property=\"og:url\" content=\"https:\/\/www.justiceinfo.net\/fr\/37266-rdc-l-opposition-offensive-pour-son-premier-meeting-autorise-depuis-septembre-2016.html\" \/>\n<meta property=\"og:site_name\" content=\"JusticeInfo.net\" \/>\n<meta property=\"article:publisher\" content=\"https:\/\/www.facebook.com\/JusticeInfo\/\" \/>\n<meta property=\"article:published_time\" content=\"2018-04-24T15:14:22+00:00\" \/>\n<meta property=\"og:image\" content=\"https:\/\/www.justiceinfo.net\/wp-content\/uploads\/JusticeInfoNet_logo_1200x630px.jpg\" \/>\n\t<meta property=\"og:image:width\" content=\"1200\" \/>\n\t<meta property=\"og:image:height\" content=\"630\" \/>\n\t<meta property=\"og:image:type\" content=\"image\/jpeg\" \/>\n<meta name=\"author\" content=\"afp\" \/>\n<meta name=\"twitter:card\" content=\"summary_large_image\" \/>\n<meta name=\"twitter:creator\" content=\"@justiceinfonet\" \/>\n<meta name=\"twitter:site\" content=\"@justiceinfonet\" \/>\n<meta name=\"twitter:label1\" content=\"\u00c9crit par\" \/>\n\t<meta name=\"twitter:data1\" content=\"afp\" \/>\n\t<meta name=\"twitter:label2\" content=\"Dur\u00e9e de lecture estim\u00e9e\" \/>\n\t<meta name=\"twitter:data2\" content=\"2 minutes\" \/>\n<script type=\"application\/ld+json\" class=\"yoast-schema-graph\">{\"@context\":\"https:\/\/schema.org\",\"@graph\":[{\"@type\":\"NewsArticle\",\"@id\":\"https:\/\/www.justiceinfo.net\/fr\/37266-rdc-l-opposition-offensive-pour-son-premier-meeting-autorise-depuis-septembre-2016.html#article\",\"isPartOf\":{\"@id\":\"https:\/\/www.justiceinfo.net\/fr\/37266-rdc-l-opposition-offensive-pour-son-premier-meeting-autorise-depuis-septembre-2016.html\"},\"author\":{\"name\":\"afp\",\"@id\":\"https:\/\/www.justiceinfo.net\/fr#\/schema\/person\/713d340ef5f218fc36ce9b4244364a7f\"},\"headline\":\"RDC: l'opposition offensive pour son premier meeting autoris\u00e9 depuis septembre 2016\",\"datePublished\":\"2018-04-24T15:14:22+00:00\",\"mainEntityOfPage\":{\"@id\":\"https:\/\/www.justiceinfo.net\/fr\/37266-rdc-l-opposition-offensive-pour-son-premier-meeting-autorise-depuis-septembre-2016.html\"},\"wordCount\":380,\"commentCount\":0,\"publisher\":{\"@id\":\"https:\/\/www.justiceinfo.net\/fr#organization\"},\"articleSection\":[\"Fil d'info AFP\"],\"inLanguage\":\"fr-FR\",\"potentialAction\":[{\"@type\":\"CommentAction\",\"name\":\"Comment\",\"target\":[\"https:\/\/www.justiceinfo.net\/fr\/37266-rdc-l-opposition-offensive-pour-son-premier-meeting-autorise-depuis-septembre-2016.html#respond\"]}]},{\"@type\":\"WebPage\",\"@id\":\"https:\/\/www.justiceinfo.net\/fr\/37266-rdc-l-opposition-offensive-pour-son-premier-meeting-autorise-depuis-septembre-2016.html\",\"url\":\"https:\/\/www.justiceinfo.net\/fr\/37266-rdc-l-opposition-offensive-pour-son-premier-meeting-autorise-depuis-septembre-2016.html\",\"name\":\"RDC: l'opposition offensive pour son premier meeting autoris\u00e9 depuis septembre 2016 - JusticeInfo.net\",\"isPartOf\":{\"@id\":\"https:\/\/www.justiceinfo.net\/fr#website\"},\"datePublished\":\"2018-04-24T15:14:22+00:00\",\"breadcrumb\":{\"@id\":\"https:\/\/www.justiceinfo.net\/fr\/37266-rdc-l-opposition-offensive-pour-son-premier-meeting-autorise-depuis-septembre-2016.html#breadcrumb\"},\"inLanguage\":\"fr-FR\",\"potentialAction\":[{\"@type\":\"ReadAction\",\"target\":[\"https:\/\/www.justiceinfo.net\/fr\/37266-rdc-l-opposition-offensive-pour-son-premier-meeting-autorise-depuis-septembre-2016.html\"]}]},{\"@type\":\"BreadcrumbList\",\"@id\":\"https:\/\/www.justiceinfo.net\/fr\/37266-rdc-l-opposition-offensive-pour-son-premier-meeting-autorise-depuis-septembre-2016.html#breadcrumb\",\"itemListElement\":[{\"@type\":\"ListItem\",\"position\":1,\"name\":\"Home\",\"item\":\"https:\/\/www.justiceinfo.net\/fr\"},{\"@type\":\"ListItem\",\"position\":2,\"name\":\"RDC: l'opposition offensive pour son premier meeting autoris\u00e9 depuis septembre 2016\"}]},{\"@type\":\"WebSite\",\"@id\":\"https:\/\/www.justiceinfo.net\/fr#website\",\"url\":\"https:\/\/www.justiceinfo.net\/fr\",\"name\":\"JusticeInfo.net\",\"description\":\"La justice doit \u00eatre vue pour \u00eatre rendue\",\"publisher\":{\"@id\":\"https:\/\/www.justiceinfo.net\/fr#organization\"},\"potentialAction\":[{\"@type\":\"SearchAction\",\"target\":{\"@type\":\"EntryPoint\",\"urlTemplate\":\"https:\/\/www.justiceinfo.net\/fr?s={search_term_string}\"},\"query-input\":{\"@type\":\"PropertyValueSpecification\",\"valueRequired\":true,\"valueName\":\"search_term_string\"}}],\"inLanguage\":\"fr-FR\"},{\"@type\":\"Organization\",\"@id\":\"https:\/\/www.justiceinfo.net\/fr#organization\",\"name\":\"Justice Info\",\"url\":\"https:\/\/www.justiceinfo.net\/fr\",\"logo\":{\"@type\":\"ImageObject\",\"inLanguage\":\"fr-FR\",\"@id\":\"https:\/\/www.justiceinfo.net\/fr#\/schema\/logo\/image\/\",\"url\":\"https:\/\/www.justiceinfo.net\/wp-content\/uploads\/justiceinfo_logo-trans_1200x1200px.png\",\"contentUrl\":\"https:\/\/www.justiceinfo.net\/wp-content\/uploads\/justiceinfo_logo-trans_1200x1200px.png\",\"width\":1199,\"height\":1200,\"caption\":\"Justice Info\"},\"image\":{\"@id\":\"https:\/\/www.justiceinfo.net\/fr#\/schema\/logo\/image\/\"},\"sameAs\":[\"https:\/\/www.facebook.com\/JusticeInfo\/\",\"https:\/\/x.com\/justiceinfonet\",\"https:\/\/www.linkedin.com\/company\/justice-info\",\"https:\/\/www.youtube.com\/channel\/UCyCEsARodyuWtkWyhn-e7pA\"]},{\"@type\":\"Person\",\"name\":\"afp\",\"url\":\"\/fr\/?s=afp\"}]}<\/script>\n<!-- \/ Yoast SEO Premium plugin. -->","yoast_head_json":{"title":"RDC: l'opposition offensive pour son premier meeting autoris\u00e9 depuis septembre 2016 - JusticeInfo.net","robots":{"index":"index","follow":"follow","max-snippet":"max-snippet:-1","max-image-preview":"max-image-preview:large","max-video-preview":"max-video-preview:-1"},"canonical":"https:\/\/www.justiceinfo.net\/fr\/37266-rdc-l-opposition-offensive-pour-son-premier-meeting-autorise-depuis-septembre-2016.html","og_locale":"fr_FR","og_type":"article","og_title":"RDC: l'opposition offensive pour son premier meeting autoris\u00e9 depuis septembre 2016","og_description":"Le leader de l'opposition congolaise F\u00e9lix Tshisekedi s'est montr\u00e9 offensif mardi pour la premi\u00e8re r\u00e9union publique autoris\u00e9e par les autorit\u00e9s depuis septembre 2016 en R\u00e9publique d\u00e9mocratique du Congo, o\u00f9 l'heure semble \u00e0 la \"d\u00e9crispation politique\" longtemps attendue \u00e0 huit mois de l'\u00e9lection pr\u00e9sidentielle qui doit marquer le d\u00e9part longtemps retard\u00e9 du pr\u00e9sident Joseph Kabila. \"Cette [&hellip;]","og_url":"https:\/\/www.justiceinfo.net\/fr\/37266-rdc-l-opposition-offensive-pour-son-premier-meeting-autorise-depuis-septembre-2016.html","og_site_name":"JusticeInfo.net","article_publisher":"https:\/\/www.facebook.com\/JusticeInfo\/","article_published_time":"2018-04-24T15:14:22+00:00","og_image":[{"width":1200,"height":630,"url":"https:\/\/www.justiceinfo.net\/wp-content\/uploads\/JusticeInfoNet_logo_1200x630px.jpg","type":"image\/jpeg"}],"author":"afp","twitter_card":"summary_large_image","twitter_creator":"@justiceinfonet","twitter_site":"@justiceinfonet","twitter_misc":{"\u00c9crit par":"afp","Dur\u00e9e de lecture estim\u00e9e":"2 minutes"},"schema":{"@context":"https:\/\/schema.org","@graph":[{"@type":"NewsArticle","@id":"https:\/\/www.justiceinfo.net\/fr\/37266-rdc-l-opposition-offensive-pour-son-premier-meeting-autorise-depuis-septembre-2016.html#article","isPartOf":{"@id":"https:\/\/www.justiceinfo.net\/fr\/37266-rdc-l-opposition-offensive-pour-son-premier-meeting-autorise-depuis-septembre-2016.html"},"author":{"name":"afp","@id":"https:\/\/www.justiceinfo.net\/fr#\/schema\/person\/713d340ef5f218fc36ce9b4244364a7f"},"headline":"RDC: l'opposition offensive pour son premier meeting autoris\u00e9 depuis septembre 2016","datePublished":"2018-04-24T15:14:22+00:00","mainEntityOfPage":{"@id":"https:\/\/www.justiceinfo.net\/fr\/37266-rdc-l-opposition-offensive-pour-son-premier-meeting-autorise-depuis-septembre-2016.html"},"wordCount":380,"commentCount":0,"publisher":{"@id":"https:\/\/www.justiceinfo.net\/fr#organization"},"articleSection":["Fil d'info AFP"],"inLanguage":"fr-FR","potentialAction":[{"@type":"CommentAction","name":"Comment","target":["https:\/\/www.justiceinfo.net\/fr\/37266-rdc-l-opposition-offensive-pour-son-premier-meeting-autorise-depuis-septembre-2016.html#respond"]}]},{"@type":"WebPage","@id":"https:\/\/www.justiceinfo.net\/fr\/37266-rdc-l-opposition-offensive-pour-son-premier-meeting-autorise-depuis-septembre-2016.html","url":"https:\/\/www.justiceinfo.net\/fr\/37266-rdc-l-opposition-offensive-pour-son-premier-meeting-autorise-depuis-septembre-2016.html","name":"RDC: l'opposition offensive pour son premier meeting autoris\u00e9 depuis septembre 2016 - JusticeInfo.net","isPartOf":{"@id":"https:\/\/www.justiceinfo.net\/fr#website"},"datePublished":"2018-04-24T15:14:22+00:00","breadcrumb":{"@id":"https:\/\/www.justiceinfo.net\/fr\/37266-rdc-l-opposition-offensive-pour-son-premier-meeting-autorise-depuis-septembre-2016.html#breadcrumb"},"inLanguage":"fr-FR","potentialAction":[{"@type":"ReadAction","target":["https:\/\/www.justiceinfo.net\/fr\/37266-rdc-l-opposition-offensive-pour-son-premier-meeting-autorise-depuis-septembre-2016.html"]}]},{"@type":"BreadcrumbList","@id":"https:\/\/www.justiceinfo.net\/fr\/37266-rdc-l-opposition-offensive-pour-son-premier-meeting-autorise-depuis-septembre-2016.html#breadcrumb","itemListElement":[{"@type":"ListItem","position":1,"name":"Home","item":"https:\/\/www.justiceinfo.net\/fr"},{"@type":"ListItem","position":2,"name":"RDC: l'opposition offensive pour son premier meeting autoris\u00e9 depuis septembre 2016"}]},{"@type":"WebSite","@id":"https:\/\/www.justiceinfo.net\/fr#website","url":"https:\/\/www.justiceinfo.net\/fr","name":"JusticeInfo.net","description":"La justice doit \u00eatre vue pour \u00eatre rendue","publisher":{"@id":"https:\/\/www.justiceinfo.net\/fr#organization"},"potentialAction":[{"@type":"SearchAction","target":{"@type":"EntryPoint","urlTemplate":"https:\/\/www.justiceinfo.net\/fr?s={search_term_string}"},"query-input":{"@type":"PropertyValueSpecification","valueRequired":true,"valueName":"search_term_string"}}],"inLanguage":"fr-FR"},{"@type":"Organization","@id":"https:\/\/www.justiceinfo.net\/fr#organization","name":"Justice Info","url":"https:\/\/www.justiceinfo.net\/fr","logo":{"@type":"ImageObject","inLanguage":"fr-FR","@id":"https:\/\/www.justiceinfo.net\/fr#\/schema\/logo\/image\/","url":"https:\/\/www.justiceinfo.net\/wp-content\/uploads\/justiceinfo_logo-trans_1200x1200px.png","contentUrl":"https:\/\/www.justiceinfo.net\/wp-content\/uploads\/justiceinfo_logo-trans_1200x1200px.png","width":1199,"height":1200,"caption":"Justice Info"},"image":{"@id":"https:\/\/www.justiceinfo.net\/fr#\/schema\/logo\/image\/"},"sameAs":["https:\/\/www.facebook.com\/JusticeInfo\/","https:\/\/x.com\/justiceinfonet","https:\/\/www.linkedin.com\/company\/justice-info","https:\/\/www.youtube.com\/channel\/UCyCEsARodyuWtkWyhn-e7pA"]},{"@type":"Person","name":"afp","url":"\/fr\/?s=afp"}]}},"_links":{"self":[{"href":"https:\/\/www.justiceinfo.net\/fr\/wp-json\/wp\/v2\/posts\/37266","targetHints":{"allow":["GET"]}}],"collection":[{"href":"https:\/\/www.justiceinfo.net\/fr\/wp-json\/wp\/v2\/posts"}],"about":[{"href":"https:\/\/www.justiceinfo.net\/fr\/wp-json\/wp\/v2\/types\/post"}],"author":[{"embeddable":true,"href":"https:\/\/www.justiceinfo.net\/fr\/wp-json\/wp\/v2\/users\/60"}],"replies":[{"embeddable":true,"href":"https:\/\/www.justiceinfo.net\/fr\/wp-json\/wp\/v2\/comments?post=37266"}],"version-history":[{"count":0,"href":"https:\/\/www.justiceinfo.net\/fr\/wp-json\/wp\/v2\/posts\/37266\/revisions"}],"wp:attachment":[{"href":"https:\/\/www.justiceinfo.net\/fr\/wp-json\/wp\/v2\/media?parent=37266"}],"wp:term":[{"taxonomy":"category","embeddable":true,"href":"https:\/\/www.justiceinfo.net\/fr\/wp-json\/wp\/v2\/categories?post=37266"},{"taxonomy":"post_tag","embeddable":true,"href":"https:\/\/www.justiceinfo.net\/fr\/wp-json\/wp\/v2\/tags?post=37266"},{"taxonomy":"ji_location","embeddable":true,"href":"https:\/\/www.justiceinfo.net\/fr\/wp-json\/wp\/v2\/ji_location?post=37266"}],"curies":[{"name":"wp","href":"https:\/\/api.w.org\/{rel}","templated":true}]}}