{"id":37356,"date":"2018-05-03T18:04:17","date_gmt":"2018-05-03T16:04:17","guid":{"rendered":"https:\/\/www.justiceinfo.net\/37356-centrafrique.html"},"modified":"2018-05-03T18:04:17","modified_gmt":"2018-05-03T16:04:17","slug":"centrafrique","status":"publish","type":"post","link":"https:\/\/www.justiceinfo.net\/fr\/37356-centrafrique.html","title":{"rendered":"Centrafrique: \"Les tentatives de division doivent \u00eatre combattues \u00e9nergiquement\""},"content":{"rendered":"<div class=\"content-excerpt\">\n<p><strong><em>Pour l\u2019universitaire Didier Niewiadowski, ancien conseiller \u00e0 l\u2019ambassade de France \u00e0 Bangui, un raid d\u2019anciens rebelles centrafricains sur la capitale semble aujourd\u2019hui improbable. Ces groupes arm\u00e9s restent cependant les seuls ma\u00eetres des r\u00e9gions sous leur contr\u00f4le, dont ils continuent \u00e0 exploiter et vendre les richesses naturelles pour acqu\u00e9rir de nouveaux armements. Dans un entretien avec JusticeInfo.Net, le juriste fran\u00e7ais estime qu\u2019il est plus que temps d\u2019arr\u00eater et juger les chefs de ces milices, dont certains sont d\u00e9j\u00e0 sous le coup de sanctions internationales<\/em>.<\/strong><\/p>\n<\/div>\n<div class=\"content-questionsITV\">\n<p><strong>JusticeInfo.Net\u00a0: Que mijotent les groupes arm\u00e9s ex-S\u00e9l\u00e9ka \u00e0 Kaga-Bandoro (nord de la Centrafrique)\u00a0? Une marche d\u00e9cisive sur Bangui pour chasser du pouvoir Touadera et porter \u00e0 la t\u00eate du pays un des leurs\u00a0comme en 2013 ?<\/strong><\/p>\n<\/div>\n<p><strong>Didier Niewiadowski<\/strong>\u00a0: Le regroupement de plusieurs mouvements rebelles de l'ex <a href=\"https:\/\/fr.wikipedia.org\/wiki\/Seleka_(R%C3%A9publique_centrafricaine)\">S\u00e9l\u00e9ka<\/a>, \u00e0 Kaga Bandoro, sous la coordination d'Abdoulaye Hiss\u00e8ne, commandant militaire du FPRC (ndlr\u00a0: Front populaire pour la renaissance de la Centrafrique, faction de l\u2019ex S\u00e9l\u00e9ka) de <a href=\"https:\/\/fr.wikipedia.org\/wiki\/Noureddine_Adam\">Nourredine Adam<\/a>, est une nouveaut\u00e9. Ce <a href=\"http:\/\/www.rfi.fr\/afrique\/20170702-reportage-rca-rencontre-abdoulaye-hissene-homme-fort-bria\">conclave<\/a> est opportuniste. La parano\u00efa ambiante \u00e0 Bangui y voit des pr\u00e9mices \u00e0 un raid sur la capitale. Les groupes rebelles ont des int\u00e9r\u00eats divergents en fonction de leurs implantations et de leurs rentes. Un remake de l'automne 2012 et d\u00e9but 2013 est, semble-t-il, illusoire. La r\u00e9action de la <a href=\"https:\/\/minusca.unmissions.org\/\">Minusca<\/a> (ndlr, mission des Nations unies en Centrafrique), des Rafales fran\u00e7ais et des forces sp\u00e9ciales russes serait, cette fois-ci, d\u00e9cisive. Une telle aventure serait suicidaire pour ses auteurs et ses commanditaires. On peut aussi penser que cette agitation m\u00e9diatique sert, in fine, le pouvoir centrafricain afin de remobiliser une population qui n'en peut plus d'une gouvernance qui ne lui apporte pas ce qu'elle avait cru obtenir en \u00e9lisant Faustin Archange Touadera. Le regroupement \u00e0 Kaga Bandoro est plut\u00f4t une pression pour faire monter les ench\u00e8res dans la n\u00e9gociation men\u00e9e par l'Union africaine dans le cadre de la Feuille de route adopt\u00e9e par la plupart de ces mouvements rebelles.<\/p>\n<div class=\"content-questionsITV\">\n<p><strong>Les tout derniers \u00e9v\u00e9nements prouvent \u00e0 tout le moins que m\u00eame Bangui, la capitale, est vuln\u00e9rable face aux gangs arm\u00e9s malgr\u00e9 la pr\u00e9sence des forces de l\u2019ONU... <br \/><\/strong><\/p>\n<\/div>\n<p>Un sc\u00e9nario d'un raid sur Bangui \u00e9tant improbable, en revanche, la capitale pourrait, \u00e0 son tour, subir les affres que subit l'arri\u00e8re-pays\u00a0depuis deux ans. Le foyer infectieux du PK5, passant chaque jour davantage de statut d'enclave musulmane \u00e0 celui de ghetto, irradie les autres arrondissements de Bangui. Le baril de poudre est pr\u00eat \u00e0 exploser. Les tragiques \u00e9v\u00e9nements du 1er mai dernier dans l'\u00e9glise de Fatima (ndlr, au moins 16 personnes ont \u00e9t\u00e9 tu\u00e9es ce jour-l\u00e0 lorsque l\u2019\u00e9glise a \u00e9t\u00e9 attaqu\u00e9e par des hommes arm\u00e9s en plein office religieux) et ensuite \u00e0 l'\u00e9gard de passants innocents, montre \u00e0 l'\u00e9vidence que les ennemis de la Centrafrique et les fossoyeurs de l'unit\u00e9 centrafricaine veulent instrumentaliser un hypoth\u00e9tique conflit religieux. Il faut bien insister une fois de plus. A part quelques laiss\u00e9s pour compte de la soci\u00e9t\u00e9 centrafricaine, sans famille, sans \u00e9ducation, sans foi ni loi, manipul\u00e9s par des pyromanes, le peuple centrafricain ne veut pas la partition du pays et veut la concorde religieuse. Les\u00a0musulmans, les animistes et les chr\u00e9tiens ont toujours cohabit\u00e9 pacifiquement. Les tentatives de division doivent \u00eatre combattues \u00e9nergiquement. Cela ne semble pas aujourd'hui le cas.\u00a0<\/p>\n<div class=\"content-questionsITV\">\n<p><strong>Quelle est la v\u00e9ritable mission des militaires russes de plus en plus visibles en Centrafrique\u00a0? Seraient-ils venus suppl\u00e9er \u00e0 l\u2019inaction tant de fois d\u00e9cri\u00e9e de la force de l\u2019ONU\u00a0?<\/strong><\/p>\n<\/div>\n<p><strong>\u00a0<\/strong>Le pr\u00e9sident Touadera a \u00e9t\u00e9 d\u00e9\u00e7u voire meurtri du d\u00e9part de la Force <a href=\"https:\/\/fr.wikipedia.org\/wiki\/Op%C3%A9ration_Sangaris\">Sangaris<\/a> (ndlr, op\u00e9ration militaire fran\u00e7aise conduite en Centrafrique de d\u00e9cembre 2013 \u00e0 octobre 2016). Ce d\u00e9part\u00a0est effectivement apparu aux Centrafricains comme bien pr\u00e9matur\u00e9, car la Minusca n'est qu'une op\u00e9ration de maintien de la paix. Or il n'y a gu\u00e8re de paix. Chaque jour le peuple centrafricain est victime des exactions venant de toutes parts et pas seulement venant des r\u00e9bellions \u00e9tiquet\u00e9es ex Seleka. Beaucoup se posent les deux questions. Premi\u00e8re question\u00a0: \u00e0 quoi servent les 12 000 Casques bleus alors que la crise s'amplifie ? Deuxi\u00e8me question\u00a0: plusieurs autres milliers de Casques bleus changeront -ils la donne ?<\/p>\n<p>En remplacement du bouclier militaire fran\u00e7ais, ni le Rwanda ni l'Angola, ne pouvaient remplacer la France. La Russie a propos\u00e9 ses services d'abord en livrant des armes autoris\u00e9es par le Conseil de s\u00e9curit\u00e9 de l'ONU puis, profitant de cette opportunit\u00e9, en mettant \u00e0 disposition du pr\u00e9sident Touadera une protection efficace. L'accord qu'a sign\u00e9, en octobre 2017, le pr\u00e9sident centrafricain avec le ministre russe des Affaires \u00e9trang\u00e8res gagnerait \u00e0 \u00eatre connu des parlementaires centrafricains et de la communaut\u00e9 internationale. Les rumeurs d'une base militaire russe, g\u00e9ostrat\u00e9gique \u00e0 <a href=\"https:\/\/fr.wikipedia.org\/wiki\/Palais_de_Berengo\">Berengo<\/a> (ndlr, palais de l\u2019ex-empereur Jean-Bedel Bokassa, situ\u00e9 \u00e0 65 km de Bangui), commence \u00e0 inqui\u00e9ter, pas seulement en Centrafrique.\u00a0<\/p>\n<div class=\"content-questionsITV\">\n<p><strong>Touadera vient de demander \u00e0 l\u2019ONU de nouveaux effectifs avec un mandat plus muscl\u00e9 (imposition de la paix). Une r\u00e9solution dans ce sens a-t-elle des chances de passer l\u2019ONU\u00a0?<\/strong><\/p>\n<\/div>\n<p>Les autorit\u00e9s de l'Onu sont sensibles \u00e0 l'appel du pr\u00e9sident Touadera afin de renforcer les effectifs de la Minusca. Les membres du Conseil de s\u00e9curit\u00e9 devraient soutenir cette proposition. Certes, le pr\u00e9sident Trump a ordonn\u00e9 des baisses importantes aux subventions des op\u00e9rations de maintien de la paix et les \u00c9tats sont de moins en moins dispos\u00e9s \u00e0 mettre \u00e0 disposition des effectifs militaires pour la Minusca.<\/p>\n<div class=\"content-questionsITV\">\n<p><strong>Et m\u00eame si une telle r\u00e9solution \u00e9tait adopt\u00e9e, voyez-vous la Minusca s\u2019acquitter d\u2019un tel mandat ?<\/strong><\/p>\n<\/div>\n<p>Le probl\u00e8me n'est probablement pas dans le curseur des effectifs de la Minusca. Si ce nombre est important pour le business de guerre avec les importantes retomb\u00e9es \u00e9conomiques locales avec la manne financi\u00e8re venant de ces expatri\u00e9s au fort pouvoir d'achat ce qui permet une bouff\u00e9e d'oxyg\u00e8ne pour l'\u00e9conomie et l'emploi du pays, en revanche, les milliers de Casques bleus auront toujours autant de difficult\u00e9s \u00e0 \u00e9radiquer les r\u00e9bellions qui poussent comme des champignons lorsque le terrain y est propice.<\/p>\n<div class=\"content-questionsITV\">\n<p><strong>Que sugg\u00e9rez-vous alors\u00a0?<\/strong><\/p>\n<\/div>\n<p>Organisation bureaucratique, l\u2019ONU ne peut pas s'adapter \u00e0 un contexte bien d\u00e9fini. On reconduit syst\u00e9matiquement les m\u00eames rem\u00e8des. L'ONU ne peut faire que du pr\u00eat-\u00e0-porter et ne sait pas faire le sur-mesure. Une organisation moins rigide et moins bureaucratique, aurait mutualis\u00e9 les moyens des Op\u00e9rations de maintien de la paix au Soudan, au Soudan du sud, en RDC et en RCA. La crise centrafricaine est aussi r\u00e9gionale. Au lieu de se contenter d'additionner des Casques bleus, la pr\u00e9f\u00e9rence aurait \u00e9t\u00e9 de positionner en des lieux strat\u00e9giques des forces sp\u00e9ciales mixtes avec les forces centrafricaines.<\/p>\n<p>Afin de couper les finances des groupes rebelles, les sites miniers devraient \u00eatre reconquis et les parcours de transhumance prot\u00e9g\u00e9s avec les moyens a\u00e9riens. Les chefs de guerre devraient \u00eatre arr\u00eat\u00e9s et jug\u00e9s par une <a href=\"http:\/\/www.cps-rca.cf\/\">Cour P\u00e9nale Sp\u00e9ciale<\/a> toujours pas fonctionnelle en d\u00e9pit de ses personnels nomm\u00e9s et r\u00e9mun\u00e9r\u00e9s, trois ans apr\u00e8s sa cr\u00e9ation. Une pression aupr\u00e8s des autorit\u00e9s centrafricaines afin de retrouver la voie d'une bonne gouvernance \u00e9tait \u00e9videmment souhaitable. Tant que tout cela ne sera pas fait, le statut quo sera confort\u00e9.<\/p>\n<div class=\"content-questionsITV\">\n<p><strong>Et quel r\u00f4le peuvent jouer les pays voisins pour endiguer le r\u00e9armement des groupes rebelles en Centrafrique\u00a0?<\/strong><\/p>\n<\/div>\n<p>A part la fronti\u00e8re naturelle avec la RDC, les fronti\u00e8res de la R\u00e9publique centrafricaine sont surtout pour les cartographes. Il n'y a pas vraiment de fronti\u00e8res avec les Soudan ce qui expliquent les \u00e9changes commerciaux sans contr\u00f4le, les va-et-vient des mouvements rebelles du Darfour, du Bahr el-Ghazal, de la Vakaga, des deux Kotto et du Bamingui-Bangoran et bien \u00e9videmment les trafics d'armes et tout autre trafic. Les autorit\u00e9s tchadiennes et camerounaises ont beaucoup de difficult\u00e9s \u00e0 contr\u00f4ler les mouvements criminels transnationaux \u00e0 tel point que la surveillance de leur fronti\u00e8re avec la RCA est militaris\u00e9e. L'affaire de la tentative de coup d'\u00c9tat contre la Guin\u00e9e \u00e9quatoriale illustre bien la porosit\u00e9 des fronti\u00e8res centrafricaines. Les trafics d'armes sont \u00e9galement cit\u00e9s dans les deux Mboumou o\u00f9 les populations se r\u00e9fugient fr\u00e9quemment de l'autre c\u00f4t\u00e9 de la rivi\u00e8re Mboumou, en RDC. M\u00eame des membres de la Minusca sont accus\u00e9s de trafic d'armes, comme ce fut r\u00e9cemment le cas \u00e0 Bangui.\u00a0 Les livraisons d'armes russes sont aussi inqui\u00e9tantes car les armureries, sauf \u00e0 Bangui au camp de Roux, sont \u00e0 organiser.<\/p>\n","protected":false},"excerpt":{"rendered":"<p>Pour l\u2019universitaire Didier Niewiadowski, ancien conseiller \u00e0 l\u2019ambassade de France \u00e0 Bangui, un raid d\u2019anciens rebelles centrafricains sur la capitale semble aujourd\u2019hui improbable. Ces groupes arm\u00e9s restent cependant les seuls ma\u00eetres des r\u00e9gions sous leur contr\u00f4le, dont ils continuent \u00e0 exploiter et vendre les richesses naturelles pour acqu\u00e9rir de nouveaux armements. Dans un entretien avec [&hellip;]<\/p>\n","protected":false},"author":59,"featured_media":64359,"comment_status":"open","ping_status":"closed","sticky":false,"template":"","format":"standard","meta":{"_acf_changed":false,"footnotes":""},"categories":[549],"tags":[],"ji_location":[2164],"class_list":["post-37356","post","type-post","status-publish","format-standard","has-post-thumbnail","hentry","category-reconciliation","ji_location-republique-centrafricaine"],"acf":[],"yoast_head":"<!-- This site is optimized with the Yoast SEO Premium plugin v25.3.1 (Yoast SEO v25.3.1) - https:\/\/yoast.com\/wordpress\/plugins\/seo\/ -->\n<title>Centrafrique: &quot;Les tentatives de division doivent \u00eatre combattues \u00e9nergiquement&quot; - JusticeInfo.net<\/title>\n<meta name=\"robots\" content=\"index, follow, max-snippet:-1, max-image-preview:large, max-video-preview:-1\" \/>\n<link rel=\"canonical\" href=\"https:\/\/www.justiceinfo.net\/fr\/37356-centrafrique.html\" \/>\n<meta property=\"og:locale\" content=\"fr_FR\" \/>\n<meta property=\"og:type\" content=\"article\" \/>\n<meta property=\"og:title\" content=\"Centrafrique: &quot;Les tentatives de division doivent \u00eatre combattues \u00e9nergiquement&quot;\" \/>\n<meta property=\"og:description\" content=\"Pour l\u2019universitaire Didier Niewiadowski, ancien conseiller \u00e0 l\u2019ambassade de France \u00e0 Bangui, un raid d\u2019anciens rebelles centrafricains sur la capitale semble aujourd\u2019hui improbable. Ces groupes arm\u00e9s restent cependant les seuls ma\u00eetres des r\u00e9gions sous leur contr\u00f4le, dont ils continuent \u00e0 exploiter et vendre les richesses naturelles pour acqu\u00e9rir de nouveaux armements. Dans un entretien avec [&hellip;]\" \/>\n<meta property=\"og:url\" content=\"https:\/\/www.justiceinfo.net\/fr\/37356-centrafrique.html\" \/>\n<meta property=\"og:site_name\" content=\"JusticeInfo.net\" \/>\n<meta property=\"article:publisher\" content=\"https:\/\/www.facebook.com\/JusticeInfo\/\" \/>\n<meta property=\"article:author\" content=\"https:\/\/www.facebook.com\/rugiririza.ephrem.1\" \/>\n<meta property=\"article:published_time\" content=\"2018-05-03T16:04:17+00:00\" \/>\n<meta property=\"og:image\" content=\"https:\/\/www.justiceinfo.net\/wp-content\/uploads\/565a7b98f8816ffc6ddfb6a1d7053720-scaled.jpg\" \/>\n\t<meta property=\"og:image:width\" content=\"2560\" \/>\n\t<meta property=\"og:image:height\" content=\"1707\" \/>\n\t<meta property=\"og:image:type\" content=\"image\/jpeg\" \/>\n<meta name=\"author\" content=\"Ephrem RUGIRIRIZA, JusticeInfo.Net\" \/>\n<meta name=\"twitter:card\" content=\"summary_large_image\" \/>\n<meta name=\"twitter:creator\" content=\"@ER72777667\" \/>\n<meta name=\"twitter:site\" content=\"@justiceinfonet\" \/>\n<meta name=\"twitter:label1\" content=\"\u00c9crit par\" \/>\n\t<meta name=\"twitter:data1\" content=\"Ephrem RUGIRIRIZA, JusticeInfo.Net\" \/>\n\t<meta name=\"twitter:label2\" content=\"Dur\u00e9e de lecture estim\u00e9e\" \/>\n\t<meta name=\"twitter:data2\" content=\"7 minutes\" \/>\n<script type=\"application\/ld+json\" class=\"yoast-schema-graph\">{\"@context\":\"https:\/\/schema.org\",\"@graph\":[{\"@type\":\"NewsArticle\",\"@id\":\"https:\/\/www.justiceinfo.net\/fr\/37356-centrafrique.html#article\",\"isPartOf\":{\"@id\":\"https:\/\/www.justiceinfo.net\/fr\/37356-centrafrique.html\"},\"author\":{\"name\":\"erugiririza\",\"@id\":\"https:\/\/www.justiceinfo.net\/fr#\/schema\/person\/3c444bdbf3536fdebfdc6b3a06b2fc4a\"},\"headline\":\"Centrafrique: \\\"Les tentatives de division doivent \u00eatre combattues \u00e9nergiquement\\\"\",\"datePublished\":\"2018-05-03T16:04:17+00:00\",\"mainEntityOfPage\":{\"@id\":\"https:\/\/www.justiceinfo.net\/fr\/37356-centrafrique.html\"},\"wordCount\":1521,\"commentCount\":0,\"publisher\":{\"@id\":\"https:\/\/www.justiceinfo.net\/fr#organization\"},\"image\":{\"@id\":\"https:\/\/www.justiceinfo.net\/fr\/37356-centrafrique.html#primaryimage\"},\"thumbnailUrl\":\"https:\/\/www.justiceinfo.net\/wp-content\/uploads\/565a7b98f8816ffc6ddfb6a1d7053720-scaled.jpg\",\"articleSection\":[\"R\u00e9conciliation\"],\"inLanguage\":\"fr-FR\",\"potentialAction\":[{\"@type\":\"CommentAction\",\"name\":\"Comment\",\"target\":[\"https:\/\/www.justiceinfo.net\/fr\/37356-centrafrique.html#respond\"]}]},{\"@type\":\"WebPage\",\"@id\":\"https:\/\/www.justiceinfo.net\/fr\/37356-centrafrique.html\",\"url\":\"https:\/\/www.justiceinfo.net\/fr\/37356-centrafrique.html\",\"name\":\"Centrafrique: \\\"Les tentatives de division doivent \u00eatre combattues \u00e9nergiquement\\\" - JusticeInfo.net\",\"isPartOf\":{\"@id\":\"https:\/\/www.justiceinfo.net\/fr#website\"},\"primaryImageOfPage\":{\"@id\":\"https:\/\/www.justiceinfo.net\/fr\/37356-centrafrique.html#primaryimage\"},\"image\":{\"@id\":\"https:\/\/www.justiceinfo.net\/fr\/37356-centrafrique.html#primaryimage\"},\"thumbnailUrl\":\"https:\/\/www.justiceinfo.net\/wp-content\/uploads\/565a7b98f8816ffc6ddfb6a1d7053720-scaled.jpg\",\"datePublished\":\"2018-05-03T16:04:17+00:00\",\"breadcrumb\":{\"@id\":\"https:\/\/www.justiceinfo.net\/fr\/37356-centrafrique.html#breadcrumb\"},\"inLanguage\":\"fr-FR\",\"potentialAction\":[{\"@type\":\"ReadAction\",\"target\":[\"https:\/\/www.justiceinfo.net\/fr\/37356-centrafrique.html\"]}]},{\"@type\":\"ImageObject\",\"inLanguage\":\"fr-FR\",\"@id\":\"https:\/\/www.justiceinfo.net\/fr\/37356-centrafrique.html#primaryimage\",\"url\":\"https:\/\/www.justiceinfo.net\/wp-content\/uploads\/565a7b98f8816ffc6ddfb6a1d7053720-scaled.jpg\",\"contentUrl\":\"https:\/\/www.justiceinfo.net\/wp-content\/uploads\/565a7b98f8816ffc6ddfb6a1d7053720-scaled.jpg\",\"width\":2560,\"height\":1707},{\"@type\":\"BreadcrumbList\",\"@id\":\"https:\/\/www.justiceinfo.net\/fr\/37356-centrafrique.html#breadcrumb\",\"itemListElement\":[{\"@type\":\"ListItem\",\"position\":1,\"name\":\"Home\",\"item\":\"https:\/\/www.justiceinfo.net\/fr\"},{\"@type\":\"ListItem\",\"position\":2,\"name\":\"Centrafrique: \\\"Les tentatives de division doivent \u00eatre combattues \u00e9nergiquement\\\"\"}]},{\"@type\":\"WebSite\",\"@id\":\"https:\/\/www.justiceinfo.net\/fr#website\",\"url\":\"https:\/\/www.justiceinfo.net\/fr\",\"name\":\"JusticeInfo.net\",\"description\":\"La justice doit \u00eatre vue pour \u00eatre rendue\",\"publisher\":{\"@id\":\"https:\/\/www.justiceinfo.net\/fr#organization\"},\"potentialAction\":[{\"@type\":\"SearchAction\",\"target\":{\"@type\":\"EntryPoint\",\"urlTemplate\":\"https:\/\/www.justiceinfo.net\/fr?s={search_term_string}\"},\"query-input\":{\"@type\":\"PropertyValueSpecification\",\"valueRequired\":true,\"valueName\":\"search_term_string\"}}],\"inLanguage\":\"fr-FR\"},{\"@type\":\"Organization\",\"@id\":\"https:\/\/www.justiceinfo.net\/fr#organization\",\"name\":\"Justice Info\",\"url\":\"https:\/\/www.justiceinfo.net\/fr\",\"logo\":{\"@type\":\"ImageObject\",\"inLanguage\":\"fr-FR\",\"@id\":\"https:\/\/www.justiceinfo.net\/fr#\/schema\/logo\/image\/\",\"url\":\"https:\/\/www.justiceinfo.net\/wp-content\/uploads\/justiceinfo_logo-trans_1200x1200px.png\",\"contentUrl\":\"https:\/\/www.justiceinfo.net\/wp-content\/uploads\/justiceinfo_logo-trans_1200x1200px.png\",\"width\":1199,\"height\":1200,\"caption\":\"Justice Info\"},\"image\":{\"@id\":\"https:\/\/www.justiceinfo.net\/fr#\/schema\/logo\/image\/\"},\"sameAs\":[\"https:\/\/www.facebook.com\/JusticeInfo\/\",\"https:\/\/x.com\/justiceinfonet\",\"https:\/\/www.linkedin.com\/company\/justice-info\",\"https:\/\/www.youtube.com\/channel\/UCyCEsARodyuWtkWyhn-e7pA\"]},{\"@type\":\"Person\",\"name\":\"Ephrem RUGIRIRIZA, JusticeInfo.Net\",\"sameAs\":[\"https:\/\/www.facebook.com\/rugiririza.ephrem.1\",\"https:\/\/x.com\/ER72777667\"],\"url\":\"https:\/\/www.justiceinfo.net\/fr\/auteur\/erugiririza\"}]}<\/script>\n<!-- \/ Yoast SEO Premium plugin. -->","yoast_head_json":{"title":"Centrafrique: \"Les tentatives de division doivent \u00eatre combattues \u00e9nergiquement\" - JusticeInfo.net","robots":{"index":"index","follow":"follow","max-snippet":"max-snippet:-1","max-image-preview":"max-image-preview:large","max-video-preview":"max-video-preview:-1"},"canonical":"https:\/\/www.justiceinfo.net\/fr\/37356-centrafrique.html","og_locale":"fr_FR","og_type":"article","og_title":"Centrafrique: \"Les tentatives de division doivent \u00eatre combattues \u00e9nergiquement\"","og_description":"Pour l\u2019universitaire Didier Niewiadowski, ancien conseiller \u00e0 l\u2019ambassade de France \u00e0 Bangui, un raid d\u2019anciens rebelles centrafricains sur la capitale semble aujourd\u2019hui improbable. Ces groupes arm\u00e9s restent cependant les seuls ma\u00eetres des r\u00e9gions sous leur contr\u00f4le, dont ils continuent \u00e0 exploiter et vendre les richesses naturelles pour acqu\u00e9rir de nouveaux armements. Dans un entretien avec [&hellip;]","og_url":"https:\/\/www.justiceinfo.net\/fr\/37356-centrafrique.html","og_site_name":"JusticeInfo.net","article_publisher":"https:\/\/www.facebook.com\/JusticeInfo\/","article_author":"https:\/\/www.facebook.com\/rugiririza.ephrem.1","article_published_time":"2018-05-03T16:04:17+00:00","og_image":[{"width":2560,"height":1707,"url":"https:\/\/www.justiceinfo.net\/wp-content\/uploads\/565a7b98f8816ffc6ddfb6a1d7053720-scaled.jpg","type":"image\/jpeg"}],"author":"Ephrem RUGIRIRIZA, JusticeInfo.Net","twitter_card":"summary_large_image","twitter_creator":"@ER72777667","twitter_site":"@justiceinfonet","twitter_misc":{"\u00c9crit par":"Ephrem RUGIRIRIZA, JusticeInfo.Net","Dur\u00e9e de lecture estim\u00e9e":"7 minutes"},"schema":{"@context":"https:\/\/schema.org","@graph":[{"@type":"NewsArticle","@id":"https:\/\/www.justiceinfo.net\/fr\/37356-centrafrique.html#article","isPartOf":{"@id":"https:\/\/www.justiceinfo.net\/fr\/37356-centrafrique.html"},"author":{"name":"erugiririza","@id":"https:\/\/www.justiceinfo.net\/fr#\/schema\/person\/3c444bdbf3536fdebfdc6b3a06b2fc4a"},"headline":"Centrafrique: \"Les tentatives de division doivent \u00eatre combattues \u00e9nergiquement\"","datePublished":"2018-05-03T16:04:17+00:00","mainEntityOfPage":{"@id":"https:\/\/www.justiceinfo.net\/fr\/37356-centrafrique.html"},"wordCount":1521,"commentCount":0,"publisher":{"@id":"https:\/\/www.justiceinfo.net\/fr#organization"},"image":{"@id":"https:\/\/www.justiceinfo.net\/fr\/37356-centrafrique.html#primaryimage"},"thumbnailUrl":"https:\/\/www.justiceinfo.net\/wp-content\/uploads\/565a7b98f8816ffc6ddfb6a1d7053720-scaled.jpg","articleSection":["R\u00e9conciliation"],"inLanguage":"fr-FR","potentialAction":[{"@type":"CommentAction","name":"Comment","target":["https:\/\/www.justiceinfo.net\/fr\/37356-centrafrique.html#respond"]}]},{"@type":"WebPage","@id":"https:\/\/www.justiceinfo.net\/fr\/37356-centrafrique.html","url":"https:\/\/www.justiceinfo.net\/fr\/37356-centrafrique.html","name":"Centrafrique: \"Les tentatives de division doivent \u00eatre combattues \u00e9nergiquement\" - JusticeInfo.net","isPartOf":{"@id":"https:\/\/www.justiceinfo.net\/fr#website"},"primaryImageOfPage":{"@id":"https:\/\/www.justiceinfo.net\/fr\/37356-centrafrique.html#primaryimage"},"image":{"@id":"https:\/\/www.justiceinfo.net\/fr\/37356-centrafrique.html#primaryimage"},"thumbnailUrl":"https:\/\/www.justiceinfo.net\/wp-content\/uploads\/565a7b98f8816ffc6ddfb6a1d7053720-scaled.jpg","datePublished":"2018-05-03T16:04:17+00:00","breadcrumb":{"@id":"https:\/\/www.justiceinfo.net\/fr\/37356-centrafrique.html#breadcrumb"},"inLanguage":"fr-FR","potentialAction":[{"@type":"ReadAction","target":["https:\/\/www.justiceinfo.net\/fr\/37356-centrafrique.html"]}]},{"@type":"ImageObject","inLanguage":"fr-FR","@id":"https:\/\/www.justiceinfo.net\/fr\/37356-centrafrique.html#primaryimage","url":"https:\/\/www.justiceinfo.net\/wp-content\/uploads\/565a7b98f8816ffc6ddfb6a1d7053720-scaled.jpg","contentUrl":"https:\/\/www.justiceinfo.net\/wp-content\/uploads\/565a7b98f8816ffc6ddfb6a1d7053720-scaled.jpg","width":2560,"height":1707},{"@type":"BreadcrumbList","@id":"https:\/\/www.justiceinfo.net\/fr\/37356-centrafrique.html#breadcrumb","itemListElement":[{"@type":"ListItem","position":1,"name":"Home","item":"https:\/\/www.justiceinfo.net\/fr"},{"@type":"ListItem","position":2,"name":"Centrafrique: \"Les tentatives de division doivent \u00eatre combattues \u00e9nergiquement\""}]},{"@type":"WebSite","@id":"https:\/\/www.justiceinfo.net\/fr#website","url":"https:\/\/www.justiceinfo.net\/fr","name":"JusticeInfo.net","description":"La justice doit \u00eatre vue pour \u00eatre rendue","publisher":{"@id":"https:\/\/www.justiceinfo.net\/fr#organization"},"potentialAction":[{"@type":"SearchAction","target":{"@type":"EntryPoint","urlTemplate":"https:\/\/www.justiceinfo.net\/fr?s={search_term_string}"},"query-input":{"@type":"PropertyValueSpecification","valueRequired":true,"valueName":"search_term_string"}}],"inLanguage":"fr-FR"},{"@type":"Organization","@id":"https:\/\/www.justiceinfo.net\/fr#organization","name":"Justice Info","url":"https:\/\/www.justiceinfo.net\/fr","logo":{"@type":"ImageObject","inLanguage":"fr-FR","@id":"https:\/\/www.justiceinfo.net\/fr#\/schema\/logo\/image\/","url":"https:\/\/www.justiceinfo.net\/wp-content\/uploads\/justiceinfo_logo-trans_1200x1200px.png","contentUrl":"https:\/\/www.justiceinfo.net\/wp-content\/uploads\/justiceinfo_logo-trans_1200x1200px.png","width":1199,"height":1200,"caption":"Justice Info"},"image":{"@id":"https:\/\/www.justiceinfo.net\/fr#\/schema\/logo\/image\/"},"sameAs":["https:\/\/www.facebook.com\/JusticeInfo\/","https:\/\/x.com\/justiceinfonet","https:\/\/www.linkedin.com\/company\/justice-info","https:\/\/www.youtube.com\/channel\/UCyCEsARodyuWtkWyhn-e7pA"]},{"@type":"Person","name":"Ephrem RUGIRIRIZA, JusticeInfo.Net","sameAs":["https:\/\/www.facebook.com\/rugiririza.ephrem.1","https:\/\/x.com\/ER72777667"],"url":"https:\/\/www.justiceinfo.net\/fr\/auteur\/erugiririza"}]}},"_links":{"self":[{"href":"https:\/\/www.justiceinfo.net\/fr\/wp-json\/wp\/v2\/posts\/37356","targetHints":{"allow":["GET"]}}],"collection":[{"href":"https:\/\/www.justiceinfo.net\/fr\/wp-json\/wp\/v2\/posts"}],"about":[{"href":"https:\/\/www.justiceinfo.net\/fr\/wp-json\/wp\/v2\/types\/post"}],"author":[{"embeddable":true,"href":"https:\/\/www.justiceinfo.net\/fr\/wp-json\/wp\/v2\/users\/59"}],"replies":[{"embeddable":true,"href":"https:\/\/www.justiceinfo.net\/fr\/wp-json\/wp\/v2\/comments?post=37356"}],"version-history":[{"count":0,"href":"https:\/\/www.justiceinfo.net\/fr\/wp-json\/wp\/v2\/posts\/37356\/revisions"}],"wp:featuredmedia":[{"embeddable":true,"href":"https:\/\/www.justiceinfo.net\/fr\/wp-json\/wp\/v2\/media\/64359"}],"wp:attachment":[{"href":"https:\/\/www.justiceinfo.net\/fr\/wp-json\/wp\/v2\/media?parent=37356"}],"wp:term":[{"taxonomy":"category","embeddable":true,"href":"https:\/\/www.justiceinfo.net\/fr\/wp-json\/wp\/v2\/categories?post=37356"},{"taxonomy":"post_tag","embeddable":true,"href":"https:\/\/www.justiceinfo.net\/fr\/wp-json\/wp\/v2\/tags?post=37356"},{"taxonomy":"ji_location","embeddable":true,"href":"https:\/\/www.justiceinfo.net\/fr\/wp-json\/wp\/v2\/ji_location?post=37356"}],"curies":[{"name":"wp","href":"https:\/\/api.w.org\/{rel}","templated":true}]}}