{"id":37381,"date":"2018-05-08T07:26:05","date_gmt":"2018-05-08T05:26:05","guid":{"rendered":"https:\/\/www.justiceinfo.net\/37381-crimes-en-rdcongo-la-societe-civile-decue-par-la-procureure-de-la-cpi.html"},"modified":"2018-05-08T07:26:05","modified_gmt":"2018-05-08T05:26:05","slug":"crimes-en-rdcongo-la-societe-civile-decue-par-la-procureure-de-la-cpi","status":"publish","type":"post","link":"https:\/\/www.justiceinfo.net\/fr\/37381-crimes-en-rdcongo-la-societe-civile-decue-par-la-procureure-de-la-cpi.html","title":{"rendered":"Crimes en RDCongo : la soci\u00e9t\u00e9 civile d\u00e9\u00e7ue par la procureure de la CPI"},"content":{"rendered":"<div class=\"content-excerpt\">\n<p>\u00a0Le 3 mai 2018, au terme d\u2019une visite de 48 heures \u00e0 Kinshasa, la procureure de la Cour p\u00e9nale internationale (CPI) a appel\u00e9 les tribunaux congolais \u00e0 jouer pleinement leur r\u00f4le dans la poursuite des auteurs pr\u00e9sum\u00e9s des graves crimes perp\u00e9tr\u00e9s sur le territoire de ce vaste pays. L\u2019appel de Fatou Bensouda a d\u00e9\u00e7u, dans une certaine mesure, la soci\u00e9t\u00e9 civile congolaise, qui avait demand\u00e9 plus d\u2019implication de la justice internationale. Les organisations non -gouvernementales congolaises affirment en effet que nombre de ces crimes ont des motivations politiques.<\/p>\n<\/div>\n<p>\u00ab\u00a0Il est essentiel que des proc\u00e9dures nationales effectives soient men\u00e9es contre les responsables de tels crimes \u00bb, a d\u00e9clar\u00e9 la magistrate gambienne, soulignant que la CPI fait de son mieux avec ses \u00ab\u00a0faibles moyens\u00a0\u00bb. \u00ab Les appels de nombreuses victimes pour que justice leur soit rendue doivent \u00eatre entendus\u00a0\u00bb, a demand\u00e9 la procureure de la CPI, s\u2019adressant aux autorit\u00e9s congolaises.<\/p>\n<blockquote class=\"twitter-tweet\" data-lang=\"en\">\n<p dir=\"ltr\" lang=\"en\">On visit to <a href=\"https:\/\/twitter.com\/hashtag\/DRC?src=hash&amp;ref_src=twsrc%5Etfw\">#DRC<\/a>, <a href=\"https:\/\/twitter.com\/hashtag\/ICC?src=hash&amp;ref_src=twsrc%5Etfw\">#ICC<\/a> Prosecutor <a href=\"https:\/\/twitter.com\/hashtag\/FatouBensouda?src=hash&amp;ref_src=twsrc%5Etfw\">#FatouBensouda<\/a> meets with media in <a href=\"https:\/\/twitter.com\/hashtag\/Kinshasa?src=hash&amp;ref_src=twsrc%5Etfw\">#Kinshasa<\/a> <a href=\"https:\/\/twitter.com\/hashtag\/justicematters?src=hash&amp;ref_src=twsrc%5Etfw\">#justicematters<\/a> <a href=\"https:\/\/twitter.com\/hashtag\/buildingsupport?src=hash&amp;ref_src=twsrc%5Etfw\">#buildingsupport<\/a> <a href=\"https:\/\/t.co\/aJxJImiDW9\">pic.twitter.com\/aJxJImiDW9<\/a><\/p>\n<p>\u2014 Int'l Criminal Court (@IntlCrimCourt) <a href=\"https:\/\/twitter.com\/IntlCrimCourt\/status\/992405806380408834?ref_src=twsrc%5Etfw\">May 4, 2018<\/a><\/p><\/blockquote>\n<p>La Cour p\u00e9nale internationale a d\u00e9j\u00e0 jug\u00e9 les anciens chefs de milice Thomas Lubanga, Mathieu Ngudjolo et Germain Katanga pour des crimes commis en R\u00e9publique d\u00e9mocratique du Congo (RDC) et m\u00e8ne actuellement le proc\u00e8s de Bosco Ntaganda. Elle recherche par ailleurs le g\u00e9n\u00e9ral Sylvestre Mudacumura, commandant en chef des rebelles hutus rwandais des Forces d\u00e9mocratiques de lib\u00e9ration du Rwanda (FDLR).<\/p>\n<p>Mais pour les activistes congolais, il s\u2019agit l\u00e0 de personnes qui ne sont pas proches du camp pr\u00e9sidentiel auquel les tribunaux nationaux ont peur de toucher. La soci\u00e9t\u00e9 civile soutient que des crimes graves sont commis sur le territoire congolais depuis 2014 avec la b\u00e9n\u00e9diction ou \u00e0 l\u2019instigation du r\u00e9gime\u00a0: des massacres de B\u00e9ni aux violences communautaires en Ituri, en passant par les massacres au Kasa\u00ef et les sanglantes r\u00e9pressions de marches anti-Kabila.\u00a0<\/p>\n<p>\u00ab\u00a0Notre justice semble \u00eatre partisane. Nous avons besoin d\u2019un engagement r\u00e9el de la part de la CPI pour lutter contre l\u2019impunit\u00e9 au Congo \u00bb, a d\u00e9clar\u00e9 \u00e0 Justiceinfo.net Jonas Tshiombela, pr\u00e9sident national du Forum pour la d\u00e9mocratie et la bonne gouvernance et coordonnateur de la Nouvelle soci\u00e9t\u00e9 civile congolaise. \u00ab Je sais que la CPI ne peut pas r\u00e9soudre tous les probl\u00e8mes d\u2019impunit\u00e9 ou de crimes graves enregistr\u00e9s au Congo. Toutefois, elle semble avoir des capacit\u00e9s et moyens (logistiques et financiers), plus que les juridictions congolaises, pour pouvoir poursuivre des gros poissons (des hauts dignitaires du r\u00e9gime, Ndlr) impliqu\u00e9s dans la commission des crimes \u00bb, rench\u00e9rit Emmanuel Kabengele Kalonji, coordonnateur national du R\u00e9seau pour la r\u00e9forme du secteur de s\u00e9curit\u00e9 et de justice (RRSSJ).<\/p>\n<h3>Massacres de Beni<\/h3>\n<p>Le 1<sup>er<\/sup> mai, \u00e0 quelques heures de la visite de Fatou Bensouda, les organisations de la soci\u00e9t\u00e9 civile du Grand Nord (une entit\u00e9 g\u00e9ographique qui regroupe les territoires de Beni et Lubero, et les villes de Beni et Butembo, Ndlr) avaient envoy\u00e9 au pr\u00e9sident Joseph Kabila une lettre dans laquelle elles affirmaient avoir enregistr\u00e9, jusqu\u2019en avril 2018, pas moins de 2459 civils massacr\u00e9s \u00e0 B\u00e9ni et Lubero, soit une moyenne de 57 personnes tu\u00e9es chaque mois. Si le gouvernement congolais continue \u00e0 attribuer ces massacres aux rebelles ougandais des Forces d\u00e9mocratiques alli\u00e9es (ADF), des sources ind\u00e9pendantes, notamment le Groupe d\u2019\u00e9tudes sur le Congo, redoutent que les ADF ne soient pas les seuls responsables de ces atrocit\u00e9s. Elles soup\u00e7onnent aussi certains officiers de l\u2019arm\u00e9e congolaise d\u2019\u00eatre impliqu\u00e9s dans l\u2019organisation de ces massacres.<\/p>\n<h3>Violences communautaires en Ituri<\/h3>\n<p>Autre th\u00e9\u00e2tre de tueries\u00a0: la r\u00e9gion de Djugu, en Ituri. Apr\u00e8s plus d\u2019une d\u00e9cennie d\u2019accalmie, les violences ont de nouveau \u00e9clat\u00e9 en d\u00e9cembre 2017, avant de s\u2019aggraver en f\u00e9vrier dernier. Des sources humanitaires \u00e9voquent plus d\u2019une centaine de civils tu\u00e9s depuis lors, plus de 300\u00a0000 personnes d\u00e9plac\u00e9es et des milliers de maisons incendi\u00e9es dans au moins 70 villages. Si certaines langues ont tent\u00e9 d\u2019inscrire, au d\u00e9but, ces violences dans le cadre du vieux conflit interethnique entre les Lendu et les Hema, les r\u00e9alit\u00e9s du terrain am\u00e8nent pourtant certains analystes, comme l\u2019\u00e9v\u00eaque du dioc\u00e8se catholique de Bunia, Mgr Dieudonn\u00e9 Uringi, \u00e0 redouter l\u2019implication de \u00ab\u00a0forces invisibles\u00a0\u00bb. Ces derni\u00e8res instrumentaliseraient certains jeunes \u00e0 des fins \u00e9lectoralistes, selon Xavier Macky, coordonnateur de l\u2019organisation<a href=\"https:\/\/www.facebook.com\/Justice-Plus-RDC-633137406720119\/\" target=\"_blank\" rel=\"noopener\"> Justice Plus<\/a> bas\u00e9e \u00e0 Bunia, chef- lieu de l\u2019Ituri. \u00ab C\u2019est prudent de ne pas parler d\u2019un conflit interethnique entre les Hema et les Lendu. Actuellement, les deux communaut\u00e9s n\u2019ont aucune raison de se battre. Ces violences arrivent plut\u00f4t dans un contexte \u00e9lectoral incertain. Plusieurs situations similaires ont \u00e9t\u00e9 cr\u00e9\u00e9es ailleurs dans le pays dans le but de retarder la tenue des \u00e9lections \u00bb, analyse Xavier Macky. Pour lui, la CPI est donc mieux indiqu\u00e9e pour \u00e9tablir les responsabilit\u00e9s. \u00ab\u00a0D\u2019apr\u00e8s nos informations, il y a des interf\u00e9rences politiques, ce qui fait que les juridictions nationales ne sont pas en mesure de rendre une bonne justice dans l\u2019affaire \u00bb, a-t-il indiqu\u00e9 \u00e0 Justiceinfo.net.<\/p>\n<h3>Massacres Kasa\u00ef<\/h3>\n<p>S\u2019agissant du Kasa\u00ef, la F\u00e9d\u00e9ration internationale des ligues des droits de l\u2019homme (FIDH) publiait, le 20 d\u00e9cembre 2017, un accablant <a href=\"https:\/\/www.fidh.org\/IMG\/pdf\/massacres_au_kasai_rapportfidh_dec2017.pdf\" target=\"_blank\" rel=\"noopener\">rapport <\/a>sur la r\u00e9pression du soul\u00e8vement des milices Kamwina N\u2019sapu. Ce document r\u00e9v\u00e8le des atrocit\u00e9s de grande ampleur (tueries, viols et incendies des domiciles, des \u00e9coles et h\u00f4pitaux) commises dans des villages par des agents de l\u2019Etat, notamment des \u00e9l\u00e9ments des forces de d\u00e9fense et de s\u00e9curit\u00e9 congolaises en complicit\u00e9 avec une milice locale pro gouvernementale dans l\u2019objectif de stigmatiser des populations, en vue de faire retarder le processus \u00e9lectoral. La FIDH, qui qualifie ces atrocit\u00e9s de crimes contre l\u2019humanit\u00e9 commis \u00abau service d\u2019un chaos organis\u00e9 \u00bb, plaide toujours pour l\u2019ouverture d\u2019une enqu\u00eate ind\u00e9pendante et impartiale.<\/p>\n<h3>La r\u00e9pression des manifestations anti-Kabila<\/h3>\n<p>Depuis l\u2019expiration du second mandat constitutionnel du pr\u00e9sident Joseph Kabila, en d\u00e9cembre 2016, plusieurs villes, notamment Kinshasa la capitale, Lubumbashi, Bukavu, Goma, Butembo, B\u00e9ni et Bunia, connaissent r\u00e9guli\u00e8rement des manifestations anti-Kabila. Mais ces marches pacifiques sont souvent r\u00e9prim\u00e9es dans le sang par les forces de l\u2019ordre au service d\u2019un r\u00e9gime apparemment d\u00e9termin\u00e9 \u00e0 se maintenir \u00e0 tout prix. En d\u00e9cembre dernier, l\u2019organisation am\u00e9ricaine de d\u00e9fense des droits de l\u2019homme Human Right Watch (HRW) a <a href=\"https:\/\/www.hrw.org\/fr\/report\/2017\/12\/04\/mission-speciale\/recrutement-de-rebelles-du-m23-pour-reprimer-les-manifestations\" target=\"_blank\" rel=\"noopener\">r\u00e9v\u00e9l\u00e9<\/a> que des officiers sup\u00e9rieurs de forces de s\u00e9curit\u00e9 congolaises avaient recrut\u00e9 des rebelles de l\u2019ex-mouvement du 23 mars (M23) dans des camps de r\u00e9fugi\u00e9s au Rwanda et en Ouganda, qu\u2019ils avaient ensuite utilis\u00e9s pour r\u00e9primer les manifestations anti-Kabila en d\u00e9cembre 2016 \u00e0 Kinshasa, Lubumbashi et Goma. Des manifestations de rue organis\u00e9es entre le 19 et le 22 d\u00e9cembre 2016 \u00e0 travers le pays, \u00e0 l\u2019expiration du second mandat constitutionnel du pr\u00e9sident Joseph Kabila, et lors desquelles 62 personnes avaient \u00e9t\u00e9 tu\u00e9es, d\u2019apr\u00e8s Human Right Watch.<\/p>\n<p>\u00a0<\/p>\n<p>\u00a0<\/p>\n<p>\u00a0<\/p>\n<p>\u00a0<\/p>\n","protected":false},"excerpt":{"rendered":"<p>\u00a0Le 3 mai 2018, au terme d\u2019une visite de 48 heures \u00e0 Kinshasa, la procureure de la Cour p\u00e9nale internationale (CPI) a appel\u00e9 les tribunaux congolais \u00e0 jouer pleinement leur r\u00f4le dans la poursuite des auteurs pr\u00e9sum\u00e9s des graves crimes perp\u00e9tr\u00e9s sur le territoire de ce vaste pays. L\u2019appel de Fatou Bensouda a d\u00e9\u00e7u, dans [&hellip;]<\/p>\n","protected":false},"author":64,"featured_media":66923,"comment_status":"open","ping_status":"closed","sticky":false,"template":"","format":"standard","meta":{"_acf_changed":false,"footnotes":""},"categories":[570],"tags":[],"ji_location":[2196],"class_list":["post-37381","post","type-post","status-publish","format-standard","has-post-thumbnail","hentry","category-cpi","ji_location-republique-democratique-du-congo"],"acf":[],"yoast_head":"<!-- This site is optimized with the Yoast SEO Premium plugin v25.3.1 (Yoast SEO v25.3.1) - https:\/\/yoast.com\/wordpress\/plugins\/seo\/ -->\n<title>Crimes en RDCongo : la soci\u00e9t\u00e9 civile d\u00e9\u00e7ue par la procureure de la CPI - JusticeInfo.net<\/title>\n<meta name=\"robots\" content=\"index, follow, max-snippet:-1, max-image-preview:large, max-video-preview:-1\" \/>\n<link rel=\"canonical\" href=\"https:\/\/www.justiceinfo.net\/fr\/37381-crimes-en-rdcongo-la-societe-civile-decue-par-la-procureure-de-la-cpi.html\" \/>\n<meta property=\"og:locale\" content=\"fr_FR\" \/>\n<meta property=\"og:type\" content=\"article\" \/>\n<meta property=\"og:title\" content=\"Crimes en RDCongo : la soci\u00e9t\u00e9 civile d\u00e9\u00e7ue par la procureure de la CPI\" \/>\n<meta property=\"og:description\" content=\"\u00a0Le 3 mai 2018, au terme d\u2019une visite de 48 heures \u00e0 Kinshasa, la procureure de la Cour p\u00e9nale internationale (CPI) a appel\u00e9 les tribunaux congolais \u00e0 jouer pleinement leur r\u00f4le dans la poursuite des auteurs pr\u00e9sum\u00e9s des graves crimes perp\u00e9tr\u00e9s sur le territoire de ce vaste pays. L\u2019appel de Fatou Bensouda a d\u00e9\u00e7u, dans [&hellip;]\" \/>\n<meta property=\"og:url\" content=\"https:\/\/www.justiceinfo.net\/fr\/37381-crimes-en-rdcongo-la-societe-civile-decue-par-la-procureure-de-la-cpi.html\" \/>\n<meta property=\"og:site_name\" content=\"JusticeInfo.net\" \/>\n<meta property=\"article:publisher\" content=\"https:\/\/www.facebook.com\/JusticeInfo\/\" \/>\n<meta property=\"article:published_time\" content=\"2018-05-08T05:26:05+00:00\" \/>\n<meta property=\"og:image\" content=\"https:\/\/www.justiceinfo.net\/wp-content\/uploads\/f5698471a505fbbae9bfbab1f90acadd-scaled.jpg\" \/>\n\t<meta property=\"og:image:width\" content=\"2560\" \/>\n\t<meta property=\"og:image:height\" content=\"1707\" \/>\n\t<meta property=\"og:image:type\" content=\"image\/jpeg\" \/>\n<meta name=\"author\" content=\"Claude Sengenya\" \/>\n<meta name=\"twitter:card\" content=\"summary_large_image\" \/>\n<meta name=\"twitter:creator\" content=\"@justiceinfonet\" \/>\n<meta name=\"twitter:site\" content=\"@justiceinfonet\" \/>\n<meta name=\"twitter:label1\" content=\"\u00c9crit par\" \/>\n\t<meta name=\"twitter:data1\" content=\"Claude Sengenya\" \/>\n\t<meta name=\"twitter:label2\" content=\"Dur\u00e9e de lecture estim\u00e9e\" \/>\n\t<meta name=\"twitter:data2\" content=\"6 minutes\" \/>\n<script type=\"application\/ld+json\" class=\"yoast-schema-graph\">{\"@context\":\"https:\/\/schema.org\",\"@graph\":[{\"@type\":\"NewsArticle\",\"@id\":\"https:\/\/www.justiceinfo.net\/fr\/37381-crimes-en-rdcongo-la-societe-civile-decue-par-la-procureure-de-la-cpi.html#article\",\"isPartOf\":{\"@id\":\"https:\/\/www.justiceinfo.net\/fr\/37381-crimes-en-rdcongo-la-societe-civile-decue-par-la-procureure-de-la-cpi.html\"},\"author\":{\"name\":\"solivri\",\"@id\":\"https:\/\/www.justiceinfo.net\/fr#\/schema\/person\/6e53cba1629e2e66f3fc1821d3091865\"},\"headline\":\"Crimes en RDCongo : la soci\u00e9t\u00e9 civile d\u00e9\u00e7ue par la procureure de la CPI\",\"datePublished\":\"2018-05-08T05:26:05+00:00\",\"mainEntityOfPage\":{\"@id\":\"https:\/\/www.justiceinfo.net\/fr\/37381-crimes-en-rdcongo-la-societe-civile-decue-par-la-procureure-de-la-cpi.html\"},\"wordCount\":1225,\"commentCount\":0,\"publisher\":{\"@id\":\"https:\/\/www.justiceinfo.net\/fr#organization\"},\"image\":{\"@id\":\"https:\/\/www.justiceinfo.net\/fr\/37381-crimes-en-rdcongo-la-societe-civile-decue-par-la-procureure-de-la-cpi.html#primaryimage\"},\"thumbnailUrl\":\"https:\/\/www.justiceinfo.net\/wp-content\/uploads\/f5698471a505fbbae9bfbab1f90acadd-scaled.jpg\",\"articleSection\":[\"CPI\"],\"inLanguage\":\"fr-FR\",\"potentialAction\":[{\"@type\":\"CommentAction\",\"name\":\"Comment\",\"target\":[\"https:\/\/www.justiceinfo.net\/fr\/37381-crimes-en-rdcongo-la-societe-civile-decue-par-la-procureure-de-la-cpi.html#respond\"]}]},{\"@type\":\"WebPage\",\"@id\":\"https:\/\/www.justiceinfo.net\/fr\/37381-crimes-en-rdcongo-la-societe-civile-decue-par-la-procureure-de-la-cpi.html\",\"url\":\"https:\/\/www.justiceinfo.net\/fr\/37381-crimes-en-rdcongo-la-societe-civile-decue-par-la-procureure-de-la-cpi.html\",\"name\":\"Crimes en RDCongo : la soci\u00e9t\u00e9 civile d\u00e9\u00e7ue par la procureure de la CPI - JusticeInfo.net\",\"isPartOf\":{\"@id\":\"https:\/\/www.justiceinfo.net\/fr#website\"},\"primaryImageOfPage\":{\"@id\":\"https:\/\/www.justiceinfo.net\/fr\/37381-crimes-en-rdcongo-la-societe-civile-decue-par-la-procureure-de-la-cpi.html#primaryimage\"},\"image\":{\"@id\":\"https:\/\/www.justiceinfo.net\/fr\/37381-crimes-en-rdcongo-la-societe-civile-decue-par-la-procureure-de-la-cpi.html#primaryimage\"},\"thumbnailUrl\":\"https:\/\/www.justiceinfo.net\/wp-content\/uploads\/f5698471a505fbbae9bfbab1f90acadd-scaled.jpg\",\"datePublished\":\"2018-05-08T05:26:05+00:00\",\"breadcrumb\":{\"@id\":\"https:\/\/www.justiceinfo.net\/fr\/37381-crimes-en-rdcongo-la-societe-civile-decue-par-la-procureure-de-la-cpi.html#breadcrumb\"},\"inLanguage\":\"fr-FR\",\"potentialAction\":[{\"@type\":\"ReadAction\",\"target\":[\"https:\/\/www.justiceinfo.net\/fr\/37381-crimes-en-rdcongo-la-societe-civile-decue-par-la-procureure-de-la-cpi.html\"]}]},{\"@type\":\"ImageObject\",\"inLanguage\":\"fr-FR\",\"@id\":\"https:\/\/www.justiceinfo.net\/fr\/37381-crimes-en-rdcongo-la-societe-civile-decue-par-la-procureure-de-la-cpi.html#primaryimage\",\"url\":\"https:\/\/www.justiceinfo.net\/wp-content\/uploads\/f5698471a505fbbae9bfbab1f90acadd-scaled.jpg\",\"contentUrl\":\"https:\/\/www.justiceinfo.net\/wp-content\/uploads\/f5698471a505fbbae9bfbab1f90acadd-scaled.jpg\",\"width\":2560,\"height\":1707},{\"@type\":\"BreadcrumbList\",\"@id\":\"https:\/\/www.justiceinfo.net\/fr\/37381-crimes-en-rdcongo-la-societe-civile-decue-par-la-procureure-de-la-cpi.html#breadcrumb\",\"itemListElement\":[{\"@type\":\"ListItem\",\"position\":1,\"name\":\"Home\",\"item\":\"https:\/\/www.justiceinfo.net\/fr\"},{\"@type\":\"ListItem\",\"position\":2,\"name\":\"Crimes en RDCongo : la soci\u00e9t\u00e9 civile d\u00e9\u00e7ue par la procureure de la CPI\"}]},{\"@type\":\"WebSite\",\"@id\":\"https:\/\/www.justiceinfo.net\/fr#website\",\"url\":\"https:\/\/www.justiceinfo.net\/fr\",\"name\":\"JusticeInfo.net\",\"description\":\"La justice doit \u00eatre vue pour \u00eatre rendue\",\"publisher\":{\"@id\":\"https:\/\/www.justiceinfo.net\/fr#organization\"},\"potentialAction\":[{\"@type\":\"SearchAction\",\"target\":{\"@type\":\"EntryPoint\",\"urlTemplate\":\"https:\/\/www.justiceinfo.net\/fr?s={search_term_string}\"},\"query-input\":{\"@type\":\"PropertyValueSpecification\",\"valueRequired\":true,\"valueName\":\"search_term_string\"}}],\"inLanguage\":\"fr-FR\"},{\"@type\":\"Organization\",\"@id\":\"https:\/\/www.justiceinfo.net\/fr#organization\",\"name\":\"Justice Info\",\"url\":\"https:\/\/www.justiceinfo.net\/fr\",\"logo\":{\"@type\":\"ImageObject\",\"inLanguage\":\"fr-FR\",\"@id\":\"https:\/\/www.justiceinfo.net\/fr#\/schema\/logo\/image\/\",\"url\":\"https:\/\/www.justiceinfo.net\/wp-content\/uploads\/justiceinfo_logo-trans_1200x1200px.png\",\"contentUrl\":\"https:\/\/www.justiceinfo.net\/wp-content\/uploads\/justiceinfo_logo-trans_1200x1200px.png\",\"width\":1199,\"height\":1200,\"caption\":\"Justice Info\"},\"image\":{\"@id\":\"https:\/\/www.justiceinfo.net\/fr#\/schema\/logo\/image\/\"},\"sameAs\":[\"https:\/\/www.facebook.com\/JusticeInfo\/\",\"https:\/\/x.com\/justiceinfonet\",\"https:\/\/www.linkedin.com\/company\/justice-info\",\"https:\/\/www.youtube.com\/channel\/UCyCEsARodyuWtkWyhn-e7pA\"]},{\"@type\":\"Person\",\"name\":\"Claude Sengenya\",\"url\":\"\/fr\/?s=Claude Sengenya\"}]}<\/script>\n<!-- \/ Yoast SEO Premium plugin. -->","yoast_head_json":{"title":"Crimes en RDCongo : la soci\u00e9t\u00e9 civile d\u00e9\u00e7ue par la procureure de la CPI - JusticeInfo.net","robots":{"index":"index","follow":"follow","max-snippet":"max-snippet:-1","max-image-preview":"max-image-preview:large","max-video-preview":"max-video-preview:-1"},"canonical":"https:\/\/www.justiceinfo.net\/fr\/37381-crimes-en-rdcongo-la-societe-civile-decue-par-la-procureure-de-la-cpi.html","og_locale":"fr_FR","og_type":"article","og_title":"Crimes en RDCongo : la soci\u00e9t\u00e9 civile d\u00e9\u00e7ue par la procureure de la CPI","og_description":"\u00a0Le 3 mai 2018, au terme d\u2019une visite de 48 heures \u00e0 Kinshasa, la procureure de la Cour p\u00e9nale internationale (CPI) a appel\u00e9 les tribunaux congolais \u00e0 jouer pleinement leur r\u00f4le dans la poursuite des auteurs pr\u00e9sum\u00e9s des graves crimes perp\u00e9tr\u00e9s sur le territoire de ce vaste pays. L\u2019appel de Fatou Bensouda a d\u00e9\u00e7u, dans [&hellip;]","og_url":"https:\/\/www.justiceinfo.net\/fr\/37381-crimes-en-rdcongo-la-societe-civile-decue-par-la-procureure-de-la-cpi.html","og_site_name":"JusticeInfo.net","article_publisher":"https:\/\/www.facebook.com\/JusticeInfo\/","article_published_time":"2018-05-08T05:26:05+00:00","og_image":[{"width":2560,"height":1707,"url":"https:\/\/www.justiceinfo.net\/wp-content\/uploads\/f5698471a505fbbae9bfbab1f90acadd-scaled.jpg","type":"image\/jpeg"}],"author":"Claude Sengenya","twitter_card":"summary_large_image","twitter_creator":"@justiceinfonet","twitter_site":"@justiceinfonet","twitter_misc":{"\u00c9crit par":"Claude Sengenya","Dur\u00e9e de lecture estim\u00e9e":"6 minutes"},"schema":{"@context":"https:\/\/schema.org","@graph":[{"@type":"NewsArticle","@id":"https:\/\/www.justiceinfo.net\/fr\/37381-crimes-en-rdcongo-la-societe-civile-decue-par-la-procureure-de-la-cpi.html#article","isPartOf":{"@id":"https:\/\/www.justiceinfo.net\/fr\/37381-crimes-en-rdcongo-la-societe-civile-decue-par-la-procureure-de-la-cpi.html"},"author":{"name":"solivri","@id":"https:\/\/www.justiceinfo.net\/fr#\/schema\/person\/6e53cba1629e2e66f3fc1821d3091865"},"headline":"Crimes en RDCongo : la soci\u00e9t\u00e9 civile d\u00e9\u00e7ue par la procureure de la CPI","datePublished":"2018-05-08T05:26:05+00:00","mainEntityOfPage":{"@id":"https:\/\/www.justiceinfo.net\/fr\/37381-crimes-en-rdcongo-la-societe-civile-decue-par-la-procureure-de-la-cpi.html"},"wordCount":1225,"commentCount":0,"publisher":{"@id":"https:\/\/www.justiceinfo.net\/fr#organization"},"image":{"@id":"https:\/\/www.justiceinfo.net\/fr\/37381-crimes-en-rdcongo-la-societe-civile-decue-par-la-procureure-de-la-cpi.html#primaryimage"},"thumbnailUrl":"https:\/\/www.justiceinfo.net\/wp-content\/uploads\/f5698471a505fbbae9bfbab1f90acadd-scaled.jpg","articleSection":["CPI"],"inLanguage":"fr-FR","potentialAction":[{"@type":"CommentAction","name":"Comment","target":["https:\/\/www.justiceinfo.net\/fr\/37381-crimes-en-rdcongo-la-societe-civile-decue-par-la-procureure-de-la-cpi.html#respond"]}]},{"@type":"WebPage","@id":"https:\/\/www.justiceinfo.net\/fr\/37381-crimes-en-rdcongo-la-societe-civile-decue-par-la-procureure-de-la-cpi.html","url":"https:\/\/www.justiceinfo.net\/fr\/37381-crimes-en-rdcongo-la-societe-civile-decue-par-la-procureure-de-la-cpi.html","name":"Crimes en RDCongo : la soci\u00e9t\u00e9 civile d\u00e9\u00e7ue par la procureure de la CPI - JusticeInfo.net","isPartOf":{"@id":"https:\/\/www.justiceinfo.net\/fr#website"},"primaryImageOfPage":{"@id":"https:\/\/www.justiceinfo.net\/fr\/37381-crimes-en-rdcongo-la-societe-civile-decue-par-la-procureure-de-la-cpi.html#primaryimage"},"image":{"@id":"https:\/\/www.justiceinfo.net\/fr\/37381-crimes-en-rdcongo-la-societe-civile-decue-par-la-procureure-de-la-cpi.html#primaryimage"},"thumbnailUrl":"https:\/\/www.justiceinfo.net\/wp-content\/uploads\/f5698471a505fbbae9bfbab1f90acadd-scaled.jpg","datePublished":"2018-05-08T05:26:05+00:00","breadcrumb":{"@id":"https:\/\/www.justiceinfo.net\/fr\/37381-crimes-en-rdcongo-la-societe-civile-decue-par-la-procureure-de-la-cpi.html#breadcrumb"},"inLanguage":"fr-FR","potentialAction":[{"@type":"ReadAction","target":["https:\/\/www.justiceinfo.net\/fr\/37381-crimes-en-rdcongo-la-societe-civile-decue-par-la-procureure-de-la-cpi.html"]}]},{"@type":"ImageObject","inLanguage":"fr-FR","@id":"https:\/\/www.justiceinfo.net\/fr\/37381-crimes-en-rdcongo-la-societe-civile-decue-par-la-procureure-de-la-cpi.html#primaryimage","url":"https:\/\/www.justiceinfo.net\/wp-content\/uploads\/f5698471a505fbbae9bfbab1f90acadd-scaled.jpg","contentUrl":"https:\/\/www.justiceinfo.net\/wp-content\/uploads\/f5698471a505fbbae9bfbab1f90acadd-scaled.jpg","width":2560,"height":1707},{"@type":"BreadcrumbList","@id":"https:\/\/www.justiceinfo.net\/fr\/37381-crimes-en-rdcongo-la-societe-civile-decue-par-la-procureure-de-la-cpi.html#breadcrumb","itemListElement":[{"@type":"ListItem","position":1,"name":"Home","item":"https:\/\/www.justiceinfo.net\/fr"},{"@type":"ListItem","position":2,"name":"Crimes en RDCongo : la soci\u00e9t\u00e9 civile d\u00e9\u00e7ue par la procureure de la CPI"}]},{"@type":"WebSite","@id":"https:\/\/www.justiceinfo.net\/fr#website","url":"https:\/\/www.justiceinfo.net\/fr","name":"JusticeInfo.net","description":"La justice doit \u00eatre vue pour \u00eatre rendue","publisher":{"@id":"https:\/\/www.justiceinfo.net\/fr#organization"},"potentialAction":[{"@type":"SearchAction","target":{"@type":"EntryPoint","urlTemplate":"https:\/\/www.justiceinfo.net\/fr?s={search_term_string}"},"query-input":{"@type":"PropertyValueSpecification","valueRequired":true,"valueName":"search_term_string"}}],"inLanguage":"fr-FR"},{"@type":"Organization","@id":"https:\/\/www.justiceinfo.net\/fr#organization","name":"Justice Info","url":"https:\/\/www.justiceinfo.net\/fr","logo":{"@type":"ImageObject","inLanguage":"fr-FR","@id":"https:\/\/www.justiceinfo.net\/fr#\/schema\/logo\/image\/","url":"https:\/\/www.justiceinfo.net\/wp-content\/uploads\/justiceinfo_logo-trans_1200x1200px.png","contentUrl":"https:\/\/www.justiceinfo.net\/wp-content\/uploads\/justiceinfo_logo-trans_1200x1200px.png","width":1199,"height":1200,"caption":"Justice Info"},"image":{"@id":"https:\/\/www.justiceinfo.net\/fr#\/schema\/logo\/image\/"},"sameAs":["https:\/\/www.facebook.com\/JusticeInfo\/","https:\/\/x.com\/justiceinfonet","https:\/\/www.linkedin.com\/company\/justice-info","https:\/\/www.youtube.com\/channel\/UCyCEsARodyuWtkWyhn-e7pA"]},{"@type":"Person","name":"Claude Sengenya","url":"\/fr\/?s=Claude Sengenya"}]}},"_links":{"self":[{"href":"https:\/\/www.justiceinfo.net\/fr\/wp-json\/wp\/v2\/posts\/37381","targetHints":{"allow":["GET"]}}],"collection":[{"href":"https:\/\/www.justiceinfo.net\/fr\/wp-json\/wp\/v2\/posts"}],"about":[{"href":"https:\/\/www.justiceinfo.net\/fr\/wp-json\/wp\/v2\/types\/post"}],"author":[{"embeddable":true,"href":"https:\/\/www.justiceinfo.net\/fr\/wp-json\/wp\/v2\/users\/64"}],"replies":[{"embeddable":true,"href":"https:\/\/www.justiceinfo.net\/fr\/wp-json\/wp\/v2\/comments?post=37381"}],"version-history":[{"count":0,"href":"https:\/\/www.justiceinfo.net\/fr\/wp-json\/wp\/v2\/posts\/37381\/revisions"}],"wp:featuredmedia":[{"embeddable":true,"href":"https:\/\/www.justiceinfo.net\/fr\/wp-json\/wp\/v2\/media\/66923"}],"wp:attachment":[{"href":"https:\/\/www.justiceinfo.net\/fr\/wp-json\/wp\/v2\/media?parent=37381"}],"wp:term":[{"taxonomy":"category","embeddable":true,"href":"https:\/\/www.justiceinfo.net\/fr\/wp-json\/wp\/v2\/categories?post=37381"},{"taxonomy":"post_tag","embeddable":true,"href":"https:\/\/www.justiceinfo.net\/fr\/wp-json\/wp\/v2\/tags?post=37381"},{"taxonomy":"ji_location","embeddable":true,"href":"https:\/\/www.justiceinfo.net\/fr\/wp-json\/wp\/v2\/ji_location?post=37381"}],"curies":[{"name":"wp","href":"https:\/\/api.w.org\/{rel}","templated":true}]}}