{"id":3739,"date":"2008-05-01T06:54:21","date_gmt":"2008-05-01T04:54:21","guid":{"rendered":"https:\/\/www.justiceinfo.net\/3739-300408-cpirdc-publication-dun-nouvel-acte-daccusation-devant-la-cour-penale-internationale529.html"},"modified":"2008-05-01T06:54:21","modified_gmt":"2008-05-01T04:54:21","slug":"300408-cpirdc-publication-dun-nouvel-acte-daccusation-devant-la-cour-penale-internationale529","status":"publish","type":"post","link":"https:\/\/www.justiceinfo.net\/fr\/3739-300408-cpirdc-publication-dun-nouvel-acte-daccusation-devant-la-cour-penale-internationale529.html","title":{"rendered":"30.04.08 - CPI\/RDC  - PUBLICATION D'UN NOUVEL ACTE D'ACCUSATION DEVANT LA COUR PENALE INTERNATIONALE"},"content":{"rendered":"<p  >\nLa Haye, 30 avril 2008 (FH) -  La Cour p\u00e9nale internationale (CPI) a lev\u00e9 les scell\u00e9s sur un mandat d\u2019arr\u00eat d\u00e9livr\u00e9 en ao\u00fbt 2006 contre Bosco Ntaganda, ancien chef d\u2019\u00e9tat-major adjoint de l\u2019Union des patriotes congolais (UPC), une milice de l\u2019Ituri, dans l\u2019est de la r\u00e9publique d\u00e9mocratique du Congo (RDC).  <\/p>\n<p>Le procureur, Luis Moreno Ocampo a, dans un communiqu\u00e9, appel\u00e9 \u00ab les autorit\u00e9s nationales et acteurs concern\u00e9s \u00bb \u00e0 coop\u00e9rer en vue de son arrestation et de sa remise \u00e0 la Cour.\n<\/p>\n<p><!--more--><\/p>\n<p  >\nIl ne cite pas explicitement la Mission des Nations unies au Congo (Monuc), mais cet acte d'accusation a \u00e9t\u00e9 communiqu\u00e9, selon l'AFP le 22 aout 2006 aux responsables de l\u2019ONU \u00e0 Kinshasa. Bosco Ntaganda, de son nom de guerre \u00ab Terminator \u00bb, est suspect\u00e9 d\u2019avoir enr\u00f4l\u00e9 et entra\u00een\u00e9 des enfants soldats en 2002 et 2003 en Ituri. <\/p>\n<p>Depuis, le suspect, qui serait d\u2019origine rwandaise, aurait rejoint les troupes de Laurent Nkunda dans le Kivu. Le chef du Congr\u00e8s national pour la d\u00e9fense du peuple congolais (CNDP), signataire de l\u2019accord de paix de Goma en janvier dernier, est lui aussi vis\u00e9 par la Cour. <\/p>\n<p>Sept des mandats rendus publics \u00e0 ce jour, qui concernent des responsables soudanais, ougandais et congolais, n\u2019ont toujours pas \u00e9t\u00e9 ex\u00e9cut\u00e9s. Le nombre \u00e9lev\u00e9 de fugitifs s\u2019explique par l\u2019absence de coop\u00e9ration des \u00e9tats dans l\u2019arrestation des suspects, car comme les tribunaux ad hoc, la CPI ne dispose pas de sa propre force de police, mais aussi par les choix arr\u00eat\u00e9s par le procureur. <\/p>\n<p>Selon plusieurs sources, ce dernier refuse de mettre sur pied une \u00abtracking team \u00bb, comme l\u2019ont fait les tribunaux pour l\u2019ex-Yougoslavie et le Rwanda, et qui visait \u00e0 localiser les accus\u00e9s pour emp\u00eacher les \u00e9tats r\u00e9calcitrants de se cacher derri\u00e8re l\u2019absence d\u2019informations sur les fugitifs. <\/p>\n<p>Pour la Cour, financ\u00e9e par les 108 \u00e9tats parties \u00e0 son statut, la protection de ses t\u00e9moins repr\u00e9sente un co\u00fbt important. Selon l\u2019un de ses rapports, en l'absence de proc\u00e8s, la protection des t\u00e9moins des crimes commis au Darfour, dont beaucoup sont r\u00e9fugi\u00e9s au Tchad, aurait d\u00e9ja co\u00fbt\u00e9 plus de 400 000 euros. <\/p>\n<p>Trois suspects, accus\u00e9s devant la CPI ont jusqu'\u00e0 pr\u00e9sent \u00e9t\u00e9 transf\u00e9r\u00e9s \u00e0 La Haye \u2013 Thomas Lubanga, Germain Katanga et Mathieu Ngundjolo - mais ils ne sont vis\u00e9s que pour leur r\u00f4le dans la conscription d\u2019enfants de moins de quinze ans dans leurs troupes. Le procureur ne les poursuit pas pour les massacres commis dans la r\u00e9gion. <\/p>\n<p>Un seul proc\u00e8s est sur le point de d\u00e9marrer : celui de l\u2019ex chef de l\u2019UPC, Thomas Lubanga, devrait s\u2019ouvrir le 23 juin, quatre ans apr\u00e8s l\u2019ouverture de l\u2019enqu\u00eate, mais selon des sources officieuses \u00e0 La Haye le procureur n\u2019est pas pr\u00eat \u00e0 pr\u00e9senter ses preuves. <\/p>\n<p>Les proc\u00e9dures devant la CPI sont notamment ralenties en raison du r\u00f4le attribu\u00e9 aux victimes, qui peuvent se porter parties civiles. <\/p>\n<p>En juillet prochain, le trait\u00e9 de Rome, qui a abouti \u00e0 la cr\u00e9ation de la Cour, f\u00eatera ses dix ans. <\/p>\n<p>SM\/PB\/GF<\/p>\n","protected":false},"excerpt":{"rendered":"<p>La Haye, 30 avril 2008 (FH) - La Cour p\u00e9nale internationale (CPI) a lev\u00e9 les scell\u00e9s sur un mandat d\u2019arr\u00eat d\u00e9livr\u00e9 en ao\u00fbt 2006 contre Bosco Ntaganda, ancien chef d\u2019\u00e9tat-major adjoint de l\u2019Union des patriotes congolais (UPC), une milice de l\u2019Ituri, dans l\u2019est de la r\u00e9publique d\u00e9mocratique du Congo (RDC). Le procureur, Luis Moreno Ocampo [&hellip;]<\/p>\n","protected":false},"author":64,"featured_media":0,"comment_status":"open","ping_status":"closed","sticky":false,"template":"","format":"standard","meta":{"_acf_changed":false,"footnotes":""},"categories":[554],"tags":[],"ji_location":[],"class_list":["post-3739","post","type-post","status-publish","format-standard","hentry","category-hirondellenews"],"acf":[],"yoast_head":"<!-- This site is optimized with the Yoast SEO Premium plugin v25.3.1 (Yoast SEO v25.3.1) - https:\/\/yoast.com\/wordpress\/plugins\/seo\/ -->\n<title>30.04.08 - CPI\/RDC - PUBLICATION D&#039;UN NOUVEL ACTE D&#039;ACCUSATION DEVANT LA COUR PENALE INTERNATIONALE - JusticeInfo.net<\/title>\n<meta name=\"robots\" content=\"index, follow, max-snippet:-1, max-image-preview:large, max-video-preview:-1\" \/>\n<link rel=\"canonical\" href=\"https:\/\/www.justiceinfo.net\/fr\/3739-300408-cpirdc-publication-dun-nouvel-acte-daccusation-devant-la-cour-penale-internationale529.html\" \/>\n<meta property=\"og:locale\" content=\"fr_FR\" \/>\n<meta property=\"og:type\" content=\"article\" \/>\n<meta property=\"og:title\" content=\"30.04.08 - CPI\/RDC - PUBLICATION D&#039;UN NOUVEL ACTE D&#039;ACCUSATION DEVANT LA COUR PENALE INTERNATIONALE\" \/>\n<meta property=\"og:description\" content=\"La Haye, 30 avril 2008 (FH) - La Cour p\u00e9nale internationale (CPI) a lev\u00e9 les scell\u00e9s sur un mandat d\u2019arr\u00eat d\u00e9livr\u00e9 en ao\u00fbt 2006 contre Bosco Ntaganda, ancien chef d\u2019\u00e9tat-major adjoint de l\u2019Union des patriotes congolais (UPC), une milice de l\u2019Ituri, dans l\u2019est de la r\u00e9publique d\u00e9mocratique du Congo (RDC). Le procureur, Luis Moreno Ocampo [&hellip;]\" \/>\n<meta property=\"og:url\" content=\"https:\/\/www.justiceinfo.net\/fr\/3739-300408-cpirdc-publication-dun-nouvel-acte-daccusation-devant-la-cour-penale-internationale529.html\" \/>\n<meta property=\"og:site_name\" content=\"JusticeInfo.net\" \/>\n<meta property=\"article:publisher\" content=\"https:\/\/www.facebook.com\/JusticeInfo\/\" \/>\n<meta property=\"article:published_time\" content=\"2008-05-01T04:54:21+00:00\" \/>\n<meta property=\"og:image\" content=\"https:\/\/www.justiceinfo.net\/wp-content\/uploads\/JusticeInfoNet_logo_1200x630px.jpg\" \/>\n\t<meta property=\"og:image:width\" content=\"1200\" \/>\n\t<meta property=\"og:image:height\" content=\"630\" \/>\n\t<meta property=\"og:image:type\" content=\"image\/jpeg\" \/>\n<meta name=\"author\" content=\"solivri\" \/>\n<meta name=\"twitter:card\" content=\"summary_large_image\" \/>\n<meta name=\"twitter:creator\" content=\"@justiceinfonet\" \/>\n<meta name=\"twitter:site\" content=\"@justiceinfonet\" \/>\n<meta name=\"twitter:label1\" content=\"\u00c9crit par\" \/>\n\t<meta name=\"twitter:data1\" content=\"solivri\" \/>\n\t<meta name=\"twitter:label2\" content=\"Dur\u00e9e de lecture estim\u00e9e\" \/>\n\t<meta name=\"twitter:data2\" content=\"3 minutes\" \/>\n<script type=\"application\/ld+json\" class=\"yoast-schema-graph\">{\"@context\":\"https:\/\/schema.org\",\"@graph\":[{\"@type\":\"NewsArticle\",\"@id\":\"https:\/\/www.justiceinfo.net\/fr\/3739-300408-cpirdc-publication-dun-nouvel-acte-daccusation-devant-la-cour-penale-internationale529.html#article\",\"isPartOf\":{\"@id\":\"https:\/\/www.justiceinfo.net\/fr\/3739-300408-cpirdc-publication-dun-nouvel-acte-daccusation-devant-la-cour-penale-internationale529.html\"},\"author\":{\"name\":\"solivri\",\"@id\":\"https:\/\/www.justiceinfo.net\/fr#\/schema\/person\/6e53cba1629e2e66f3fc1821d3091865\"},\"headline\":\"30.04.08 - CPI\/RDC - PUBLICATION D'UN NOUVEL ACTE D'ACCUSATION DEVANT LA COUR PENALE INTERNATIONALE\",\"datePublished\":\"2008-05-01T04:54:21+00:00\",\"mainEntityOfPage\":{\"@id\":\"https:\/\/www.justiceinfo.net\/fr\/3739-300408-cpirdc-publication-dun-nouvel-acte-daccusation-devant-la-cour-penale-internationale529.html\"},\"wordCount\":559,\"commentCount\":0,\"publisher\":{\"@id\":\"https:\/\/www.justiceinfo.net\/fr#organization\"},\"articleSection\":[\"Hirondelle News\"],\"inLanguage\":\"fr-FR\",\"potentialAction\":[{\"@type\":\"CommentAction\",\"name\":\"Comment\",\"target\":[\"https:\/\/www.justiceinfo.net\/fr\/3739-300408-cpirdc-publication-dun-nouvel-acte-daccusation-devant-la-cour-penale-internationale529.html#respond\"]}]},{\"@type\":\"WebPage\",\"@id\":\"https:\/\/www.justiceinfo.net\/fr\/3739-300408-cpirdc-publication-dun-nouvel-acte-daccusation-devant-la-cour-penale-internationale529.html\",\"url\":\"https:\/\/www.justiceinfo.net\/fr\/3739-300408-cpirdc-publication-dun-nouvel-acte-daccusation-devant-la-cour-penale-internationale529.html\",\"name\":\"30.04.08 - CPI\/RDC - PUBLICATION D'UN NOUVEL ACTE D'ACCUSATION DEVANT LA COUR PENALE INTERNATIONALE - JusticeInfo.net\",\"isPartOf\":{\"@id\":\"https:\/\/www.justiceinfo.net\/fr#website\"},\"datePublished\":\"2008-05-01T04:54:21+00:00\",\"breadcrumb\":{\"@id\":\"https:\/\/www.justiceinfo.net\/fr\/3739-300408-cpirdc-publication-dun-nouvel-acte-daccusation-devant-la-cour-penale-internationale529.html#breadcrumb\"},\"inLanguage\":\"fr-FR\",\"potentialAction\":[{\"@type\":\"ReadAction\",\"target\":[\"https:\/\/www.justiceinfo.net\/fr\/3739-300408-cpirdc-publication-dun-nouvel-acte-daccusation-devant-la-cour-penale-internationale529.html\"]}]},{\"@type\":\"BreadcrumbList\",\"@id\":\"https:\/\/www.justiceinfo.net\/fr\/3739-300408-cpirdc-publication-dun-nouvel-acte-daccusation-devant-la-cour-penale-internationale529.html#breadcrumb\",\"itemListElement\":[{\"@type\":\"ListItem\",\"position\":1,\"name\":\"Home\",\"item\":\"https:\/\/www.justiceinfo.net\/fr\"},{\"@type\":\"ListItem\",\"position\":2,\"name\":\"30.04.08 - CPI\/RDC - PUBLICATION D'UN NOUVEL ACTE D'ACCUSATION DEVANT LA COUR PENALE INTERNATIONALE\"}]},{\"@type\":\"WebSite\",\"@id\":\"https:\/\/www.justiceinfo.net\/fr#website\",\"url\":\"https:\/\/www.justiceinfo.net\/fr\",\"name\":\"JusticeInfo.net\",\"description\":\"La justice doit \u00eatre vue pour \u00eatre rendue\",\"publisher\":{\"@id\":\"https:\/\/www.justiceinfo.net\/fr#organization\"},\"potentialAction\":[{\"@type\":\"SearchAction\",\"target\":{\"@type\":\"EntryPoint\",\"urlTemplate\":\"https:\/\/www.justiceinfo.net\/fr?s={search_term_string}\"},\"query-input\":{\"@type\":\"PropertyValueSpecification\",\"valueRequired\":true,\"valueName\":\"search_term_string\"}}],\"inLanguage\":\"fr-FR\"},{\"@type\":\"Organization\",\"@id\":\"https:\/\/www.justiceinfo.net\/fr#organization\",\"name\":\"Justice Info\",\"url\":\"https:\/\/www.justiceinfo.net\/fr\",\"logo\":{\"@type\":\"ImageObject\",\"inLanguage\":\"fr-FR\",\"@id\":\"https:\/\/www.justiceinfo.net\/fr#\/schema\/logo\/image\/\",\"url\":\"https:\/\/www.justiceinfo.net\/wp-content\/uploads\/justiceinfo_logo-trans_1200x1200px.png\",\"contentUrl\":\"https:\/\/www.justiceinfo.net\/wp-content\/uploads\/justiceinfo_logo-trans_1200x1200px.png\",\"width\":1199,\"height\":1200,\"caption\":\"Justice Info\"},\"image\":{\"@id\":\"https:\/\/www.justiceinfo.net\/fr#\/schema\/logo\/image\/\"},\"sameAs\":[\"https:\/\/www.facebook.com\/JusticeInfo\/\",\"https:\/\/x.com\/justiceinfonet\",\"https:\/\/www.linkedin.com\/company\/justice-info\",\"https:\/\/www.youtube.com\/channel\/UCyCEsARodyuWtkWyhn-e7pA\"]},{\"@type\":\"Person\",\"name\":\"solivri\",\"url\":\"\/fr\/?s=solivri\"}]}<\/script>\n<!-- \/ Yoast SEO Premium plugin. -->","yoast_head_json":{"title":"30.04.08 - CPI\/RDC - PUBLICATION D'UN NOUVEL ACTE D'ACCUSATION DEVANT LA COUR PENALE INTERNATIONALE - JusticeInfo.net","robots":{"index":"index","follow":"follow","max-snippet":"max-snippet:-1","max-image-preview":"max-image-preview:large","max-video-preview":"max-video-preview:-1"},"canonical":"https:\/\/www.justiceinfo.net\/fr\/3739-300408-cpirdc-publication-dun-nouvel-acte-daccusation-devant-la-cour-penale-internationale529.html","og_locale":"fr_FR","og_type":"article","og_title":"30.04.08 - CPI\/RDC - PUBLICATION D'UN NOUVEL ACTE D'ACCUSATION DEVANT LA COUR PENALE INTERNATIONALE","og_description":"La Haye, 30 avril 2008 (FH) - La Cour p\u00e9nale internationale (CPI) a lev\u00e9 les scell\u00e9s sur un mandat d\u2019arr\u00eat d\u00e9livr\u00e9 en ao\u00fbt 2006 contre Bosco Ntaganda, ancien chef d\u2019\u00e9tat-major adjoint de l\u2019Union des patriotes congolais (UPC), une milice de l\u2019Ituri, dans l\u2019est de la r\u00e9publique d\u00e9mocratique du Congo (RDC). Le procureur, Luis Moreno Ocampo [&hellip;]","og_url":"https:\/\/www.justiceinfo.net\/fr\/3739-300408-cpirdc-publication-dun-nouvel-acte-daccusation-devant-la-cour-penale-internationale529.html","og_site_name":"JusticeInfo.net","article_publisher":"https:\/\/www.facebook.com\/JusticeInfo\/","article_published_time":"2008-05-01T04:54:21+00:00","og_image":[{"width":1200,"height":630,"url":"https:\/\/www.justiceinfo.net\/wp-content\/uploads\/JusticeInfoNet_logo_1200x630px.jpg","type":"image\/jpeg"}],"author":"solivri","twitter_card":"summary_large_image","twitter_creator":"@justiceinfonet","twitter_site":"@justiceinfonet","twitter_misc":{"\u00c9crit par":"solivri","Dur\u00e9e de lecture estim\u00e9e":"3 minutes"},"schema":{"@context":"https:\/\/schema.org","@graph":[{"@type":"NewsArticle","@id":"https:\/\/www.justiceinfo.net\/fr\/3739-300408-cpirdc-publication-dun-nouvel-acte-daccusation-devant-la-cour-penale-internationale529.html#article","isPartOf":{"@id":"https:\/\/www.justiceinfo.net\/fr\/3739-300408-cpirdc-publication-dun-nouvel-acte-daccusation-devant-la-cour-penale-internationale529.html"},"author":{"name":"solivri","@id":"https:\/\/www.justiceinfo.net\/fr#\/schema\/person\/6e53cba1629e2e66f3fc1821d3091865"},"headline":"30.04.08 - CPI\/RDC - PUBLICATION D'UN NOUVEL ACTE D'ACCUSATION DEVANT LA COUR PENALE INTERNATIONALE","datePublished":"2008-05-01T04:54:21+00:00","mainEntityOfPage":{"@id":"https:\/\/www.justiceinfo.net\/fr\/3739-300408-cpirdc-publication-dun-nouvel-acte-daccusation-devant-la-cour-penale-internationale529.html"},"wordCount":559,"commentCount":0,"publisher":{"@id":"https:\/\/www.justiceinfo.net\/fr#organization"},"articleSection":["Hirondelle News"],"inLanguage":"fr-FR","potentialAction":[{"@type":"CommentAction","name":"Comment","target":["https:\/\/www.justiceinfo.net\/fr\/3739-300408-cpirdc-publication-dun-nouvel-acte-daccusation-devant-la-cour-penale-internationale529.html#respond"]}]},{"@type":"WebPage","@id":"https:\/\/www.justiceinfo.net\/fr\/3739-300408-cpirdc-publication-dun-nouvel-acte-daccusation-devant-la-cour-penale-internationale529.html","url":"https:\/\/www.justiceinfo.net\/fr\/3739-300408-cpirdc-publication-dun-nouvel-acte-daccusation-devant-la-cour-penale-internationale529.html","name":"30.04.08 - CPI\/RDC - PUBLICATION D'UN NOUVEL ACTE D'ACCUSATION DEVANT LA COUR PENALE INTERNATIONALE - JusticeInfo.net","isPartOf":{"@id":"https:\/\/www.justiceinfo.net\/fr#website"},"datePublished":"2008-05-01T04:54:21+00:00","breadcrumb":{"@id":"https:\/\/www.justiceinfo.net\/fr\/3739-300408-cpirdc-publication-dun-nouvel-acte-daccusation-devant-la-cour-penale-internationale529.html#breadcrumb"},"inLanguage":"fr-FR","potentialAction":[{"@type":"ReadAction","target":["https:\/\/www.justiceinfo.net\/fr\/3739-300408-cpirdc-publication-dun-nouvel-acte-daccusation-devant-la-cour-penale-internationale529.html"]}]},{"@type":"BreadcrumbList","@id":"https:\/\/www.justiceinfo.net\/fr\/3739-300408-cpirdc-publication-dun-nouvel-acte-daccusation-devant-la-cour-penale-internationale529.html#breadcrumb","itemListElement":[{"@type":"ListItem","position":1,"name":"Home","item":"https:\/\/www.justiceinfo.net\/fr"},{"@type":"ListItem","position":2,"name":"30.04.08 - CPI\/RDC - PUBLICATION D'UN NOUVEL ACTE D'ACCUSATION DEVANT LA COUR PENALE INTERNATIONALE"}]},{"@type":"WebSite","@id":"https:\/\/www.justiceinfo.net\/fr#website","url":"https:\/\/www.justiceinfo.net\/fr","name":"JusticeInfo.net","description":"La justice doit \u00eatre vue pour \u00eatre rendue","publisher":{"@id":"https:\/\/www.justiceinfo.net\/fr#organization"},"potentialAction":[{"@type":"SearchAction","target":{"@type":"EntryPoint","urlTemplate":"https:\/\/www.justiceinfo.net\/fr?s={search_term_string}"},"query-input":{"@type":"PropertyValueSpecification","valueRequired":true,"valueName":"search_term_string"}}],"inLanguage":"fr-FR"},{"@type":"Organization","@id":"https:\/\/www.justiceinfo.net\/fr#organization","name":"Justice Info","url":"https:\/\/www.justiceinfo.net\/fr","logo":{"@type":"ImageObject","inLanguage":"fr-FR","@id":"https:\/\/www.justiceinfo.net\/fr#\/schema\/logo\/image\/","url":"https:\/\/www.justiceinfo.net\/wp-content\/uploads\/justiceinfo_logo-trans_1200x1200px.png","contentUrl":"https:\/\/www.justiceinfo.net\/wp-content\/uploads\/justiceinfo_logo-trans_1200x1200px.png","width":1199,"height":1200,"caption":"Justice Info"},"image":{"@id":"https:\/\/www.justiceinfo.net\/fr#\/schema\/logo\/image\/"},"sameAs":["https:\/\/www.facebook.com\/JusticeInfo\/","https:\/\/x.com\/justiceinfonet","https:\/\/www.linkedin.com\/company\/justice-info","https:\/\/www.youtube.com\/channel\/UCyCEsARodyuWtkWyhn-e7pA"]},{"@type":"Person","name":"solivri","url":"\/fr\/?s=solivri"}]}},"_links":{"self":[{"href":"https:\/\/www.justiceinfo.net\/fr\/wp-json\/wp\/v2\/posts\/3739","targetHints":{"allow":["GET"]}}],"collection":[{"href":"https:\/\/www.justiceinfo.net\/fr\/wp-json\/wp\/v2\/posts"}],"about":[{"href":"https:\/\/www.justiceinfo.net\/fr\/wp-json\/wp\/v2\/types\/post"}],"author":[{"embeddable":true,"href":"https:\/\/www.justiceinfo.net\/fr\/wp-json\/wp\/v2\/users\/64"}],"replies":[{"embeddable":true,"href":"https:\/\/www.justiceinfo.net\/fr\/wp-json\/wp\/v2\/comments?post=3739"}],"version-history":[{"count":0,"href":"https:\/\/www.justiceinfo.net\/fr\/wp-json\/wp\/v2\/posts\/3739\/revisions"}],"wp:attachment":[{"href":"https:\/\/www.justiceinfo.net\/fr\/wp-json\/wp\/v2\/media?parent=3739"}],"wp:term":[{"taxonomy":"category","embeddable":true,"href":"https:\/\/www.justiceinfo.net\/fr\/wp-json\/wp\/v2\/categories?post=3739"},{"taxonomy":"post_tag","embeddable":true,"href":"https:\/\/www.justiceinfo.net\/fr\/wp-json\/wp\/v2\/tags?post=3739"},{"taxonomy":"ji_location","embeddable":true,"href":"https:\/\/www.justiceinfo.net\/fr\/wp-json\/wp\/v2\/ji_location?post=3739"}],"curies":[{"name":"wp","href":"https:\/\/api.w.org\/{rel}","templated":true}]}}