{"id":37450,"date":"2018-05-15T11:10:02","date_gmt":"2018-05-15T09:10:02","guid":{"rendered":"https:\/\/www.justiceinfo.net\/37450-burundi-trois-ans-de-crise-politique-violente.html"},"modified":"2018-05-15T11:10:02","modified_gmt":"2018-05-15T09:10:02","slug":"burundi-trois-ans-de-crise-politique-violente","status":"publish","type":"post","link":"https:\/\/www.justiceinfo.net\/fr\/37450-burundi-trois-ans-de-crise-politique-violente.html","title":{"rendered":"Burundi: trois ans de crise politique violente"},"content":{"rendered":"<p>Le Burundi, qui organise jeudi un r\u00e9f\u00e9rendum constitutionnel devant permettre au pr\u00e9sident Pierre Nkurunziza de rester au pouvoir, est plong\u00e9 depuis trois ans dans une grave crise politique qui a fait au moins 1.200 morts et plus de 400.000 r\u00e9fugi\u00e9s.<\/p>\n<p>Ces violences ont fait ressurgir le spectre de la guerre civile (300.000 morts entre 1993 et 2006) qui a conduit la Cour p\u00e9nale internationale (CPI) \u00e0 ouvrir une enqu\u00eate sur des crimes contre l'humanit\u00e9 pr\u00e9sum\u00e9s.<\/p>\n<h3>- Manifestations<\/h3>\n<p>Le 26 avril 2015, des milliers de personnes bravent l'interdiction de manifester au lendemain de la d\u00e9signation de M. Nkurunziza par son parti, le CNDD-FDD, comme candidat \u00e0 la pr\u00e9sidentielle, apr\u00e8s dix ans de pouvoir.<\/p>\n<p>Commencent six semaines de manifestations quasi-quotidiennes \u00e0 Bujumbura, s\u00e9v\u00e8rement r\u00e9prim\u00e9es.<\/p>\n<p>L'opposition juge ce troisi\u00e8me mandat contraire \u00e0 la Constitution et \u00e0 l'accord d'Arusha, qui a mis fin \u00e0 la guerre civile. M. Nkurunziza consid\u00e8re que son premier mandat obtenu en 2005 ne compte pas, car octroy\u00e9 par le Parlement dans le cadre d'un m\u00e9canisme de sortie de guerre civile.<\/p>\n<h3>- Putsch avort\u00e9, reprise en main<\/h3>\n<p>Le 13 mai 2015, une tentative de putsch men\u00e9e par l'ancien chef d'\u00e9tat-major \u00e9choue. M. Nkurunziza limoge ses ministres de la D\u00e9fense et des Relations ext\u00e9rieures.<\/p>\n<p>Le 28 juin, le pr\u00e9sident de l'Assembl\u00e9e nationale, Pie Ntavyohanyuma, annonce sa d\u00e9fection depuis Bruxelles \u00e0 la veille d'\u00e9lections l\u00e9gislatives boycott\u00e9es par l'opposition.<\/p>\n<p>Son d\u00e9part s'ajoute \u00e0 une longue liste d'opposants, journalistes, membres de la soci\u00e9t\u00e9 civile ou cadres frondeurs du CNDD-FDD contraints \u00e0 l'exil.<\/p>\n<p>Le 21 juillet, M. Nkurunziza est r\u00e9\u00e9lu.<\/p>\n<h3>- Attaques cibl\u00e9es<\/h3>\n<p>Commence alors une s\u00e9rie d'attaques cibl\u00e9es faisant craindre un cycle incontr\u00f4lable de repr\u00e9sailles.<\/p>\n<p>Le 2 ao\u00fbt, le g\u00e9n\u00e9ral Adolphe Nshimirimana, bras droit du pr\u00e9sident Nkurunziza, est tu\u00e9 dans une attaque \u00e0 la roquette au nord de Bujumbura.<\/p>\n<p>Le lendemain, le militant des droits de l'Homme Pierre-Claver Mbonimpa est bless\u00e9 par balle.<\/p>\n<p>Le 15 ao\u00fbt, un ex-chef d'\u00e9tat-major, le colonel Jean Bikomagu, figure du camp tutsi pendant la guerre civile, est assassin\u00e9.<\/p>\n<p>Le 11 d\u00e9cembre, au moins 87 personnes sont tu\u00e9es dans des attaques coordonn\u00e9es de plusieurs camps militaires, entra\u00eenant des ex\u00e9cutions sommaires en retour.<\/p>\n<p>En avril 2016, le g\u00e9n\u00e9ral tutsi Athanase Kararuza et son \u00e9pouse sont tu\u00e9s.<\/p>\n<h3>- Risque de \"g\u00e9nocide\"<\/h3>\n<p>Fin juillet, le Conseil de s\u00e9curit\u00e9 autorise le d\u00e9ploiement de 228 policiers de l'ONU, mais cette r\u00e9solution est rejet\u00e9e par Bujumbura.<\/p>\n<p>En septembre, une mission d'enqu\u00eate de l'ONU accuse le gouvernement de graves violations des droits, mettant en garde contre un \"grand danger de g\u00e9nocide\".<\/p>\n<p>Le 27 octobre, le Burundi notifie sa d\u00e9cision de quitter la CPI. Il deviendra un an plus tard le premier pays \u00e0 en partir.<\/p>\n<h3>- Appels au viol d'opposantes<\/h3>\n<p>Le 30 d\u00e9cembre, M. Nkurunziza annonce qu'il pourrait se pr\u00e9senter \u00e0 la pr\u00e9sidentielle de 2020 si le \"peuple le demande\".<\/p>\n<p>En janvier 2017, Human Rights Watch accuse des membres des Imbonerakure, la ligue des jeunes du parti au pouvoir, d'avoir tu\u00e9, tortur\u00e9 ou molest\u00e9 des dizaines de personnes.<\/p>\n<p>En avril, l'ONU d\u00e9nonce les appels au viol d'opposantes par les Imbonerakure.<\/p>\n<h3>- Enqu\u00eate de la CPI<\/h3>\n<p>Le 29 septembre, l'ONU d\u00e9cide de prolonger d'un an le mandat d'une commission d'enqu\u00eate, malgr\u00e9 le refus de Bujumbura.<\/p>\n<p>Le 26 octobre, le gouvernement adopte un projet de r\u00e9vision de la Constitution permettant au pr\u00e9sident de briguer deux nouveaux mandats de sept ans.<\/p>\n<p>Le 9 novembre, la CPI autorise l'ouverture d'une enqu\u00eate sur des crimes contre l'humanit\u00e9 pr\u00e9sum\u00e9s, \u00e0 la demande de l'ONU.<\/p>\n<h3>- R\u00e9pression accrue<\/h3>\n<p>Mi-avril, \u00e0 un mois du r\u00e9f\u00e9rendum constitutionnel, Human Rights Watch d\u00e9nonce une r\u00e9pression accrue et des exactions \u00e0 l'approche du scrutin.<\/p>\n<p>Une semaine plus tard un d\u00e9cret autorise \u00e0 faire campagne pour le \"oui\" ou le \"non\", mais pr\u00e9voit une peine de prison en cas d'incitation \u00e0 l'abstention.<\/p>\n<p>Le 26, un militant est condamn\u00e9 \u00e0 32 ans de prison pour avoir particip\u00e9 aux manifestations contre le troisi\u00e8me mandat pr\u00e9sidentiel.<\/p>\n<p>Le 4 mai, les autorit\u00e9s suspendent pour six mois les radios internationales BBC et VOA.<\/p>\n","protected":false},"excerpt":{"rendered":"<p>Le Burundi, qui organise jeudi un r\u00e9f\u00e9rendum constitutionnel devant permettre au pr\u00e9sident Pierre Nkurunziza de rester au pouvoir, est plong\u00e9 depuis trois ans dans une grave crise politique qui a fait au moins 1.200 morts et plus de 400.000 r\u00e9fugi\u00e9s. Ces violences ont fait ressurgir le spectre de la guerre civile (300.000 morts entre 1993 [&hellip;]<\/p>\n","protected":false},"author":60,"featured_media":0,"comment_status":"open","ping_status":"closed","sticky":false,"template":"","format":"standard","meta":{"_acf_changed":false,"footnotes":""},"categories":[570],"tags":[],"ji_location":[2152],"class_list":["post-37450","post","type-post","status-publish","format-standard","hentry","category-cpi","ji_location-burundi"],"acf":[],"yoast_head":"<!-- This site is optimized with the Yoast SEO Premium plugin v25.3.1 (Yoast SEO v25.3.1) - https:\/\/yoast.com\/wordpress\/plugins\/seo\/ -->\n<title>Burundi: trois ans de crise politique violente - JusticeInfo.net<\/title>\n<meta name=\"robots\" content=\"index, follow, max-snippet:-1, max-image-preview:large, max-video-preview:-1\" \/>\n<link rel=\"canonical\" href=\"https:\/\/www.justiceinfo.net\/fr\/37450-burundi-trois-ans-de-crise-politique-violente.html\" \/>\n<meta property=\"og:locale\" content=\"fr_FR\" \/>\n<meta property=\"og:type\" content=\"article\" \/>\n<meta property=\"og:title\" content=\"Burundi: trois ans de crise politique violente\" \/>\n<meta property=\"og:description\" content=\"Le Burundi, qui organise jeudi un r\u00e9f\u00e9rendum constitutionnel devant permettre au pr\u00e9sident Pierre Nkurunziza de rester au pouvoir, est plong\u00e9 depuis trois ans dans une grave crise politique qui a fait au moins 1.200 morts et plus de 400.000 r\u00e9fugi\u00e9s. Ces violences ont fait ressurgir le spectre de la guerre civile (300.000 morts entre 1993 [&hellip;]\" \/>\n<meta property=\"og:url\" content=\"https:\/\/www.justiceinfo.net\/fr\/37450-burundi-trois-ans-de-crise-politique-violente.html\" \/>\n<meta property=\"og:site_name\" content=\"JusticeInfo.net\" \/>\n<meta property=\"article:publisher\" content=\"https:\/\/www.facebook.com\/JusticeInfo\/\" \/>\n<meta property=\"article:published_time\" content=\"2018-05-15T09:10:02+00:00\" \/>\n<meta property=\"og:image\" content=\"https:\/\/www.justiceinfo.net\/wp-content\/uploads\/JusticeInfoNet_logo_1200x630px.jpg\" \/>\n\t<meta property=\"og:image:width\" content=\"1200\" \/>\n\t<meta property=\"og:image:height\" content=\"630\" \/>\n\t<meta property=\"og:image:type\" content=\"image\/jpeg\" \/>\n<meta name=\"author\" content=\"AFP\" \/>\n<meta name=\"twitter:card\" content=\"summary_large_image\" \/>\n<meta name=\"twitter:creator\" content=\"@justiceinfonet\" \/>\n<meta name=\"twitter:site\" content=\"@justiceinfonet\" \/>\n<meta name=\"twitter:label1\" content=\"\u00c9crit par\" \/>\n\t<meta name=\"twitter:data1\" content=\"AFP\" \/>\n\t<meta name=\"twitter:label2\" content=\"Dur\u00e9e de lecture estim\u00e9e\" \/>\n\t<meta name=\"twitter:data2\" content=\"3 minutes\" \/>\n<script type=\"application\/ld+json\" class=\"yoast-schema-graph\">{\"@context\":\"https:\/\/schema.org\",\"@graph\":[{\"@type\":\"NewsArticle\",\"@id\":\"https:\/\/www.justiceinfo.net\/fr\/37450-burundi-trois-ans-de-crise-politique-violente.html#article\",\"isPartOf\":{\"@id\":\"https:\/\/www.justiceinfo.net\/fr\/37450-burundi-trois-ans-de-crise-politique-violente.html\"},\"author\":{\"name\":\"afp\",\"@id\":\"https:\/\/www.justiceinfo.net\/fr#\/schema\/person\/713d340ef5f218fc36ce9b4244364a7f\"},\"headline\":\"Burundi: trois ans de crise politique violente\",\"datePublished\":\"2018-05-15T09:10:02+00:00\",\"mainEntityOfPage\":{\"@id\":\"https:\/\/www.justiceinfo.net\/fr\/37450-burundi-trois-ans-de-crise-politique-violente.html\"},\"wordCount\":733,\"commentCount\":0,\"publisher\":{\"@id\":\"https:\/\/www.justiceinfo.net\/fr#organization\"},\"articleSection\":[\"CPI\"],\"inLanguage\":\"fr-FR\",\"potentialAction\":[{\"@type\":\"CommentAction\",\"name\":\"Comment\",\"target\":[\"https:\/\/www.justiceinfo.net\/fr\/37450-burundi-trois-ans-de-crise-politique-violente.html#respond\"]}]},{\"@type\":\"WebPage\",\"@id\":\"https:\/\/www.justiceinfo.net\/fr\/37450-burundi-trois-ans-de-crise-politique-violente.html\",\"url\":\"https:\/\/www.justiceinfo.net\/fr\/37450-burundi-trois-ans-de-crise-politique-violente.html\",\"name\":\"Burundi: trois ans de crise politique violente - JusticeInfo.net\",\"isPartOf\":{\"@id\":\"https:\/\/www.justiceinfo.net\/fr#website\"},\"datePublished\":\"2018-05-15T09:10:02+00:00\",\"breadcrumb\":{\"@id\":\"https:\/\/www.justiceinfo.net\/fr\/37450-burundi-trois-ans-de-crise-politique-violente.html#breadcrumb\"},\"inLanguage\":\"fr-FR\",\"potentialAction\":[{\"@type\":\"ReadAction\",\"target\":[\"https:\/\/www.justiceinfo.net\/fr\/37450-burundi-trois-ans-de-crise-politique-violente.html\"]}]},{\"@type\":\"BreadcrumbList\",\"@id\":\"https:\/\/www.justiceinfo.net\/fr\/37450-burundi-trois-ans-de-crise-politique-violente.html#breadcrumb\",\"itemListElement\":[{\"@type\":\"ListItem\",\"position\":1,\"name\":\"Home\",\"item\":\"https:\/\/www.justiceinfo.net\/fr\"},{\"@type\":\"ListItem\",\"position\":2,\"name\":\"Burundi: trois ans de crise politique violente\"}]},{\"@type\":\"WebSite\",\"@id\":\"https:\/\/www.justiceinfo.net\/fr#website\",\"url\":\"https:\/\/www.justiceinfo.net\/fr\",\"name\":\"JusticeInfo.net\",\"description\":\"La justice doit \u00eatre vue pour \u00eatre rendue\",\"publisher\":{\"@id\":\"https:\/\/www.justiceinfo.net\/fr#organization\"},\"potentialAction\":[{\"@type\":\"SearchAction\",\"target\":{\"@type\":\"EntryPoint\",\"urlTemplate\":\"https:\/\/www.justiceinfo.net\/fr?s={search_term_string}\"},\"query-input\":{\"@type\":\"PropertyValueSpecification\",\"valueRequired\":true,\"valueName\":\"search_term_string\"}}],\"inLanguage\":\"fr-FR\"},{\"@type\":\"Organization\",\"@id\":\"https:\/\/www.justiceinfo.net\/fr#organization\",\"name\":\"Justice Info\",\"url\":\"https:\/\/www.justiceinfo.net\/fr\",\"logo\":{\"@type\":\"ImageObject\",\"inLanguage\":\"fr-FR\",\"@id\":\"https:\/\/www.justiceinfo.net\/fr#\/schema\/logo\/image\/\",\"url\":\"https:\/\/www.justiceinfo.net\/wp-content\/uploads\/justiceinfo_logo-trans_1200x1200px.png\",\"contentUrl\":\"https:\/\/www.justiceinfo.net\/wp-content\/uploads\/justiceinfo_logo-trans_1200x1200px.png\",\"width\":1199,\"height\":1200,\"caption\":\"Justice Info\"},\"image\":{\"@id\":\"https:\/\/www.justiceinfo.net\/fr#\/schema\/logo\/image\/\"},\"sameAs\":[\"https:\/\/www.facebook.com\/JusticeInfo\/\",\"https:\/\/x.com\/justiceinfonet\",\"https:\/\/www.linkedin.com\/company\/justice-info\",\"https:\/\/www.youtube.com\/channel\/UCyCEsARodyuWtkWyhn-e7pA\"]},{\"@type\":\"Person\",\"name\":\"AFP\",\"url\":\"\/fr\/?s=AFP\"}]}<\/script>\n<!-- \/ Yoast SEO Premium plugin. -->","yoast_head_json":{"title":"Burundi: trois ans de crise politique violente - JusticeInfo.net","robots":{"index":"index","follow":"follow","max-snippet":"max-snippet:-1","max-image-preview":"max-image-preview:large","max-video-preview":"max-video-preview:-1"},"canonical":"https:\/\/www.justiceinfo.net\/fr\/37450-burundi-trois-ans-de-crise-politique-violente.html","og_locale":"fr_FR","og_type":"article","og_title":"Burundi: trois ans de crise politique violente","og_description":"Le Burundi, qui organise jeudi un r\u00e9f\u00e9rendum constitutionnel devant permettre au pr\u00e9sident Pierre Nkurunziza de rester au pouvoir, est plong\u00e9 depuis trois ans dans une grave crise politique qui a fait au moins 1.200 morts et plus de 400.000 r\u00e9fugi\u00e9s. Ces violences ont fait ressurgir le spectre de la guerre civile (300.000 morts entre 1993 [&hellip;]","og_url":"https:\/\/www.justiceinfo.net\/fr\/37450-burundi-trois-ans-de-crise-politique-violente.html","og_site_name":"JusticeInfo.net","article_publisher":"https:\/\/www.facebook.com\/JusticeInfo\/","article_published_time":"2018-05-15T09:10:02+00:00","og_image":[{"width":1200,"height":630,"url":"https:\/\/www.justiceinfo.net\/wp-content\/uploads\/JusticeInfoNet_logo_1200x630px.jpg","type":"image\/jpeg"}],"author":"AFP","twitter_card":"summary_large_image","twitter_creator":"@justiceinfonet","twitter_site":"@justiceinfonet","twitter_misc":{"\u00c9crit par":"AFP","Dur\u00e9e de lecture estim\u00e9e":"3 minutes"},"schema":{"@context":"https:\/\/schema.org","@graph":[{"@type":"NewsArticle","@id":"https:\/\/www.justiceinfo.net\/fr\/37450-burundi-trois-ans-de-crise-politique-violente.html#article","isPartOf":{"@id":"https:\/\/www.justiceinfo.net\/fr\/37450-burundi-trois-ans-de-crise-politique-violente.html"},"author":{"name":"afp","@id":"https:\/\/www.justiceinfo.net\/fr#\/schema\/person\/713d340ef5f218fc36ce9b4244364a7f"},"headline":"Burundi: trois ans de crise politique violente","datePublished":"2018-05-15T09:10:02+00:00","mainEntityOfPage":{"@id":"https:\/\/www.justiceinfo.net\/fr\/37450-burundi-trois-ans-de-crise-politique-violente.html"},"wordCount":733,"commentCount":0,"publisher":{"@id":"https:\/\/www.justiceinfo.net\/fr#organization"},"articleSection":["CPI"],"inLanguage":"fr-FR","potentialAction":[{"@type":"CommentAction","name":"Comment","target":["https:\/\/www.justiceinfo.net\/fr\/37450-burundi-trois-ans-de-crise-politique-violente.html#respond"]}]},{"@type":"WebPage","@id":"https:\/\/www.justiceinfo.net\/fr\/37450-burundi-trois-ans-de-crise-politique-violente.html","url":"https:\/\/www.justiceinfo.net\/fr\/37450-burundi-trois-ans-de-crise-politique-violente.html","name":"Burundi: trois ans de crise politique violente - JusticeInfo.net","isPartOf":{"@id":"https:\/\/www.justiceinfo.net\/fr#website"},"datePublished":"2018-05-15T09:10:02+00:00","breadcrumb":{"@id":"https:\/\/www.justiceinfo.net\/fr\/37450-burundi-trois-ans-de-crise-politique-violente.html#breadcrumb"},"inLanguage":"fr-FR","potentialAction":[{"@type":"ReadAction","target":["https:\/\/www.justiceinfo.net\/fr\/37450-burundi-trois-ans-de-crise-politique-violente.html"]}]},{"@type":"BreadcrumbList","@id":"https:\/\/www.justiceinfo.net\/fr\/37450-burundi-trois-ans-de-crise-politique-violente.html#breadcrumb","itemListElement":[{"@type":"ListItem","position":1,"name":"Home","item":"https:\/\/www.justiceinfo.net\/fr"},{"@type":"ListItem","position":2,"name":"Burundi: trois ans de crise politique violente"}]},{"@type":"WebSite","@id":"https:\/\/www.justiceinfo.net\/fr#website","url":"https:\/\/www.justiceinfo.net\/fr","name":"JusticeInfo.net","description":"La justice doit \u00eatre vue pour \u00eatre rendue","publisher":{"@id":"https:\/\/www.justiceinfo.net\/fr#organization"},"potentialAction":[{"@type":"SearchAction","target":{"@type":"EntryPoint","urlTemplate":"https:\/\/www.justiceinfo.net\/fr?s={search_term_string}"},"query-input":{"@type":"PropertyValueSpecification","valueRequired":true,"valueName":"search_term_string"}}],"inLanguage":"fr-FR"},{"@type":"Organization","@id":"https:\/\/www.justiceinfo.net\/fr#organization","name":"Justice Info","url":"https:\/\/www.justiceinfo.net\/fr","logo":{"@type":"ImageObject","inLanguage":"fr-FR","@id":"https:\/\/www.justiceinfo.net\/fr#\/schema\/logo\/image\/","url":"https:\/\/www.justiceinfo.net\/wp-content\/uploads\/justiceinfo_logo-trans_1200x1200px.png","contentUrl":"https:\/\/www.justiceinfo.net\/wp-content\/uploads\/justiceinfo_logo-trans_1200x1200px.png","width":1199,"height":1200,"caption":"Justice Info"},"image":{"@id":"https:\/\/www.justiceinfo.net\/fr#\/schema\/logo\/image\/"},"sameAs":["https:\/\/www.facebook.com\/JusticeInfo\/","https:\/\/x.com\/justiceinfonet","https:\/\/www.linkedin.com\/company\/justice-info","https:\/\/www.youtube.com\/channel\/UCyCEsARodyuWtkWyhn-e7pA"]},{"@type":"Person","name":"AFP","url":"\/fr\/?s=AFP"}]}},"_links":{"self":[{"href":"https:\/\/www.justiceinfo.net\/fr\/wp-json\/wp\/v2\/posts\/37450","targetHints":{"allow":["GET"]}}],"collection":[{"href":"https:\/\/www.justiceinfo.net\/fr\/wp-json\/wp\/v2\/posts"}],"about":[{"href":"https:\/\/www.justiceinfo.net\/fr\/wp-json\/wp\/v2\/types\/post"}],"author":[{"embeddable":true,"href":"https:\/\/www.justiceinfo.net\/fr\/wp-json\/wp\/v2\/users\/60"}],"replies":[{"embeddable":true,"href":"https:\/\/www.justiceinfo.net\/fr\/wp-json\/wp\/v2\/comments?post=37450"}],"version-history":[{"count":0,"href":"https:\/\/www.justiceinfo.net\/fr\/wp-json\/wp\/v2\/posts\/37450\/revisions"}],"wp:attachment":[{"href":"https:\/\/www.justiceinfo.net\/fr\/wp-json\/wp\/v2\/media?parent=37450"}],"wp:term":[{"taxonomy":"category","embeddable":true,"href":"https:\/\/www.justiceinfo.net\/fr\/wp-json\/wp\/v2\/categories?post=37450"},{"taxonomy":"post_tag","embeddable":true,"href":"https:\/\/www.justiceinfo.net\/fr\/wp-json\/wp\/v2\/tags?post=37450"},{"taxonomy":"ji_location","embeddable":true,"href":"https:\/\/www.justiceinfo.net\/fr\/wp-json\/wp\/v2\/ji_location?post=37450"}],"curies":[{"name":"wp","href":"https:\/\/api.w.org\/{rel}","templated":true}]}}