{"id":37452,"date":"2018-05-15T11:45:02","date_gmt":"2018-05-15T09:45:02","guid":{"rendered":"https:\/\/www.justiceinfo.net\/37452-protestations-a-gaza-des-cles-pour-comprendre.html"},"modified":"2018-05-15T11:45:02","modified_gmt":"2018-05-15T09:45:02","slug":"protestations-a-gaza-des-cles-pour-comprendre","status":"publish","type":"post","link":"https:\/\/www.justiceinfo.net\/fr\/37452-protestations-a-gaza-des-cles-pour-comprendre.html","title":{"rendered":"Protestations \u00e0 Gaza: des cl\u00e9s pour comprendre"},"content":{"rendered":"<div class=\"content-excerpt\">\n<p><strong>La bande de Gaza est le th\u00e9\u00e2tre depuis le 30 mars d'un mouvement, la \"marche du retour\", qui a culmin\u00e9 lundi avec des affrontements dans lesquels pr\u00e8s de 60 Palestiniens ont \u00e9t\u00e9 tu\u00e9s par des tirs isra\u00e9liens.<\/strong><\/p>\n<\/div>\n<p>Des cl\u00e9s pour comprendre.<\/p>\n<h3>Pourquoi cette mobilisation?<\/h3>\n<p>Elle tourne autour du \"droit au retour\", la revendication des Palestiniens \u00e0 pouvoir retourner sur les terres dont ils ont \u00e9t\u00e9 chass\u00e9s par centaines de milliers \u00e0 la cr\u00e9ation d'Isra\u00ebl en 1948. Depuis le 30 mars, \"la grande marche du retour\" draine ainsi des milliers, parfois des dizaines de milliers de Gazaouis, vers la fronti\u00e8re isra\u00e9lienne.<\/p>\n<p>La protestation vise aussi le blocus impos\u00e9 depuis plus de dix ans par Isra\u00ebl \u00e0 Gaza pour contenir le mouvement islamiste Hamas, qui dirige l'enclave et auquel il a livr\u00e9 trois guerres.<\/p>\n<p>La mobilisation est sous-tendue par la d\u00e9gradation continue des conditions de vie \u00e0 Gaza, afflig\u00e9e par les guerres, la pauvret\u00e9, le ch\u00f4mage, les p\u00e9nuries et l'enfermement.<\/p>\n<p>L'inauguration de l'ambassade am\u00e9ricaine \u00e0 J\u00e9rusalem, lundi, a attis\u00e9 les flammes.<\/p>\n<h3>Que se passe-t-il \u00e0 la fronti\u00e8re ?<\/h3>\n<p>Des foules de manifestants, hommes, femmes et enfants, convergent vers la fronti\u00e8re en plusieurs points de Gaza. Le plus grand nombre se tient \u00e0 distance de la barri\u00e8re de s\u00e9curit\u00e9 lourdement prot\u00e9g\u00e9e par l'arm\u00e9e isra\u00e9lienne. Mais des groupes se rapprochent sous le couvert des fum\u00e9es d\u00e9gag\u00e9es par le feu de pneus apport\u00e9s par camions. Ils lancent des pierres et des bouteilles incendiaires et font rouler ces pneus en flammes vers les soldats. Les cerfs-volants faisant passer des bouteilles incendiaires de l'autre c\u00f4t\u00e9 de la barri\u00e8re sont devenus l'un des symboles de la protestation.<\/p>\n<p>Les soldats isra\u00e9liens ripostent \u00e0 l'aide de gaz lacrymog\u00e8nes et de moyens anti-\u00e9meutes, \u00e0 balles r\u00e9elles contre les Palestiniens jug\u00e9s trop mena\u00e7ants.<\/p>\n<p>L'arm\u00e9e isra\u00e9lienne dit redouter le sc\u00e9nario cauchemar de Palestiniens for\u00e7ant la barri\u00e8re et s'infiltrant en Isra\u00ebl pour s'en prendre aux populations civiles riveraines, voire enlever un soldat.<\/p>\n<p>Isra\u00ebl, accus\u00e9 d'usage excessif de la force, dit ne tirer \u00e0 balles r\u00e9elles qu'en dernier recours. Mais il r\u00e9p\u00e8te qu'il prot\u00e9gera par tous les moyens la barri\u00e8re, ses soldats et sa population.<\/p>\n<p>Depuis le 30 mars, 114 Palestiniens ont \u00e9t\u00e9 tu\u00e9s, la quasi totalit\u00e9 par des tirs isra\u00e9liens \u00e0 la fronti\u00e8re.<\/p>\n<h3>A qui la faute ?<\/h3>\n<p>La mobilisation est cens\u00e9e avoir d\u00e9marr\u00e9 \u00e0 l'initiative de la soci\u00e9t\u00e9 civile. Mais le Hamas a \u00e9t\u00e9 de plus en plus impliqu\u00e9, au moins dans son accompagnement, au fil des semaines. Il proclame que le mouvement est pacifique. Les milliers de membres de ses forces arm\u00e9es n'ont pas ouvertement sorti les armes.<\/p>\n<p>Mais Isra\u00ebl accuse le Hamas de se servir des manifestations pour m\u00ealer des hommes en armes et en civil aux protestataires et tenter de s'infiltrer en Isra\u00ebl ou disposer des engins explosifs le long de la barri\u00e8re.<\/p>\n<p>Outre la riposte imm\u00e9diate aux troubles, Isra\u00ebl a commenc\u00e9 \u00e0 frapper ponctuellement avec son artillerie et son aviation des positions du Hamas, suivant le principe selon lequel le mouvement islamiste est responsable des \u00e9v\u00e8nements sur territoire.<\/p>\n<p>R\u00e9agissant aux dizaines de morts de lundi, l'Autorit\u00e9 palestinienne a de son c\u00f4t\u00e9 accus\u00e9 Isra\u00ebl de \"massacre\".<\/p>\n<p>Les Etats-Unis, alli\u00e9s d'Isra\u00ebl, ont accus\u00e9 le Hamas de \"provoquer intentionnellement et cyniquement\" la r\u00e9action isra\u00e9lienne.<\/p>\n<h3>Que dit la communaut\u00e9 internationale ?<\/h3>\n<p>Le Conseil de s\u00e9curit\u00e9 de l'ONU se r\u00e9unit en urgence \u00e0 14H00 GMT, \u00e0 l'initiative du Kowe\u00eft.<\/p>\n<p>La Ligue arabe doit se r\u00e9unir en urgence mercredi.<\/p>\n<p>La Turquie et l'Afrique du sud ont rappel\u00e9 leur ambassadeur en Isra\u00ebl. L'Irlande a convoqu\u00e9 l'ambassadeur isra\u00e9lien \u00e0 Dublin, le premier pays de l'Union europ\u00e9enne \u00e0 le faire.<\/p>\n<p>Le pr\u00e9sident fran\u00e7ais Emmanuel Macron a condamn\u00e9 les \"violences des forces arm\u00e9es isra\u00e9liennes\".<\/p>\n<p>L'UE et Londres ont appel\u00e9 \u00e0 la retenue, tout comme P\u00e9kin en s'adressant \"surtout\" \u00e0 Isra\u00ebl.<\/p>\n<p>Les Etats-Unis ont bloqu\u00e9 lundi soir l'adoption d'un communiqu\u00e9 du Conseil de s\u00e9curit\u00e9 qui entendait exprimer son \"indignation\" \"face \u00e0 la mort de civils palestiniens exer\u00e7ant leur droit \u00e0 manifester pacifiquement\".<\/p>\n<p>Amnesty International a \u00e9voqu\u00e9 des \"crimes de guerre\" isra\u00e9liens, tandis que Human Rights Watch (HRW) a parl\u00e9 d'un \"bain de sang que n'importe qui aurait pu voir venir\".<\/p>\n<h3>Et maintenant ?<\/h3>\n<p>Le Hamas a indiqu\u00e9 que le mouvement allait se poursuivre. Khalil al-Hayya, un responsable, a laiss\u00e9 entendre que les groupes arm\u00e9s, officiellement \u00e0 l'\u00e9cart de la mobilisation, pourraient s'en m\u00ealer, sans qu'il soit possible d'\u00e9valuer le s\u00e9rieux de la menace.<\/p>\n<p>L'arm\u00e9e isra\u00e9lienne s'est dite pr\u00eate \u00e0 une poursuite des \u00e9v\u00e8nements.<\/p>\n<p>Difficile de pr\u00e9dire l'\u00e9volution de la situation. Le Ramadan commence mercredi ou jeudi. L'impact que pourrait avoir le mois de je\u00fbne, synonyme traditionnellement d'un ralentissement des activit\u00e9s, n'est pas mesurable.<\/p>\n","protected":false},"excerpt":{"rendered":"<p>La bande de Gaza est le th\u00e9\u00e2tre depuis le 30 mars d'un mouvement, la \"marche du retour\", qui a culmin\u00e9 lundi avec des affrontements dans lesquels pr\u00e8s de 60 Palestiniens ont \u00e9t\u00e9 tu\u00e9s par des tirs isra\u00e9liens. Des cl\u00e9s pour comprendre. Pourquoi cette mobilisation? Elle tourne autour du \"droit au retour\", la revendication des Palestiniens [&hellip;]<\/p>\n","protected":false},"author":60,"featured_media":0,"comment_status":"open","ping_status":"closed","sticky":false,"template":"","format":"standard","meta":{"_acf_changed":false,"footnotes":""},"categories":[570],"tags":[],"ji_location":[2402],"class_list":["post-37452","post","type-post","status-publish","format-standard","hentry","category-cpi","ji_location-palestine"],"acf":[],"yoast_head":"<!-- This site is optimized with the Yoast SEO Premium plugin v25.3.1 (Yoast SEO v25.3.1) - https:\/\/yoast.com\/wordpress\/plugins\/seo\/ -->\n<title>Protestations \u00e0 Gaza: des cl\u00e9s pour comprendre - JusticeInfo.net<\/title>\n<meta name=\"robots\" content=\"index, follow, max-snippet:-1, max-image-preview:large, max-video-preview:-1\" \/>\n<link rel=\"canonical\" href=\"https:\/\/www.justiceinfo.net\/fr\/37452-protestations-a-gaza-des-cles-pour-comprendre.html\" \/>\n<meta property=\"og:locale\" content=\"fr_FR\" \/>\n<meta property=\"og:type\" content=\"article\" \/>\n<meta property=\"og:title\" content=\"Protestations \u00e0 Gaza: des cl\u00e9s pour comprendre\" \/>\n<meta property=\"og:description\" content=\"La bande de Gaza est le th\u00e9\u00e2tre depuis le 30 mars d&#039;un mouvement, la &quot;marche du retour&quot;, qui a culmin\u00e9 lundi avec des affrontements dans lesquels pr\u00e8s de 60 Palestiniens ont \u00e9t\u00e9 tu\u00e9s par des tirs isra\u00e9liens. Des cl\u00e9s pour comprendre. Pourquoi cette mobilisation? Elle tourne autour du &quot;droit au retour&quot;, la revendication des Palestiniens [&hellip;]\" \/>\n<meta property=\"og:url\" content=\"https:\/\/www.justiceinfo.net\/fr\/37452-protestations-a-gaza-des-cles-pour-comprendre.html\" \/>\n<meta property=\"og:site_name\" content=\"JusticeInfo.net\" \/>\n<meta property=\"article:publisher\" content=\"https:\/\/www.facebook.com\/JusticeInfo\/\" \/>\n<meta property=\"article:published_time\" content=\"2018-05-15T09:45:02+00:00\" \/>\n<meta property=\"og:image\" content=\"https:\/\/www.justiceinfo.net\/wp-content\/uploads\/JusticeInfoNet_logo_1200x630px.jpg\" \/>\n\t<meta property=\"og:image:width\" content=\"1200\" \/>\n\t<meta property=\"og:image:height\" content=\"630\" \/>\n\t<meta property=\"og:image:type\" content=\"image\/jpeg\" \/>\n<meta name=\"author\" content=\"AFP\" \/>\n<meta name=\"twitter:card\" content=\"summary_large_image\" \/>\n<meta name=\"twitter:creator\" content=\"@justiceinfonet\" \/>\n<meta name=\"twitter:site\" content=\"@justiceinfonet\" \/>\n<meta name=\"twitter:label1\" content=\"\u00c9crit par\" \/>\n\t<meta name=\"twitter:data1\" content=\"AFP\" \/>\n\t<meta name=\"twitter:label2\" content=\"Dur\u00e9e de lecture estim\u00e9e\" \/>\n\t<meta name=\"twitter:data2\" content=\"4 minutes\" \/>\n<script type=\"application\/ld+json\" class=\"yoast-schema-graph\">{\"@context\":\"https:\/\/schema.org\",\"@graph\":[{\"@type\":\"NewsArticle\",\"@id\":\"https:\/\/www.justiceinfo.net\/fr\/37452-protestations-a-gaza-des-cles-pour-comprendre.html#article\",\"isPartOf\":{\"@id\":\"https:\/\/www.justiceinfo.net\/fr\/37452-protestations-a-gaza-des-cles-pour-comprendre.html\"},\"author\":{\"name\":\"afp\",\"@id\":\"https:\/\/www.justiceinfo.net\/fr#\/schema\/person\/713d340ef5f218fc36ce9b4244364a7f\"},\"headline\":\"Protestations \u00e0 Gaza: des cl\u00e9s pour comprendre\",\"datePublished\":\"2018-05-15T09:45:02+00:00\",\"mainEntityOfPage\":{\"@id\":\"https:\/\/www.justiceinfo.net\/fr\/37452-protestations-a-gaza-des-cles-pour-comprendre.html\"},\"wordCount\":876,\"commentCount\":0,\"publisher\":{\"@id\":\"https:\/\/www.justiceinfo.net\/fr#organization\"},\"articleSection\":[\"CPI\"],\"inLanguage\":\"fr-FR\",\"potentialAction\":[{\"@type\":\"CommentAction\",\"name\":\"Comment\",\"target\":[\"https:\/\/www.justiceinfo.net\/fr\/37452-protestations-a-gaza-des-cles-pour-comprendre.html#respond\"]}]},{\"@type\":\"WebPage\",\"@id\":\"https:\/\/www.justiceinfo.net\/fr\/37452-protestations-a-gaza-des-cles-pour-comprendre.html\",\"url\":\"https:\/\/www.justiceinfo.net\/fr\/37452-protestations-a-gaza-des-cles-pour-comprendre.html\",\"name\":\"Protestations \u00e0 Gaza: des cl\u00e9s pour comprendre - JusticeInfo.net\",\"isPartOf\":{\"@id\":\"https:\/\/www.justiceinfo.net\/fr#website\"},\"datePublished\":\"2018-05-15T09:45:02+00:00\",\"breadcrumb\":{\"@id\":\"https:\/\/www.justiceinfo.net\/fr\/37452-protestations-a-gaza-des-cles-pour-comprendre.html#breadcrumb\"},\"inLanguage\":\"fr-FR\",\"potentialAction\":[{\"@type\":\"ReadAction\",\"target\":[\"https:\/\/www.justiceinfo.net\/fr\/37452-protestations-a-gaza-des-cles-pour-comprendre.html\"]}]},{\"@type\":\"BreadcrumbList\",\"@id\":\"https:\/\/www.justiceinfo.net\/fr\/37452-protestations-a-gaza-des-cles-pour-comprendre.html#breadcrumb\",\"itemListElement\":[{\"@type\":\"ListItem\",\"position\":1,\"name\":\"Home\",\"item\":\"https:\/\/www.justiceinfo.net\/fr\"},{\"@type\":\"ListItem\",\"position\":2,\"name\":\"Protestations \u00e0 Gaza: des cl\u00e9s pour comprendre\"}]},{\"@type\":\"WebSite\",\"@id\":\"https:\/\/www.justiceinfo.net\/fr#website\",\"url\":\"https:\/\/www.justiceinfo.net\/fr\",\"name\":\"JusticeInfo.net\",\"description\":\"La justice doit \u00eatre vue pour \u00eatre rendue\",\"publisher\":{\"@id\":\"https:\/\/www.justiceinfo.net\/fr#organization\"},\"potentialAction\":[{\"@type\":\"SearchAction\",\"target\":{\"@type\":\"EntryPoint\",\"urlTemplate\":\"https:\/\/www.justiceinfo.net\/fr?s={search_term_string}\"},\"query-input\":{\"@type\":\"PropertyValueSpecification\",\"valueRequired\":true,\"valueName\":\"search_term_string\"}}],\"inLanguage\":\"fr-FR\"},{\"@type\":\"Organization\",\"@id\":\"https:\/\/www.justiceinfo.net\/fr#organization\",\"name\":\"Justice Info\",\"url\":\"https:\/\/www.justiceinfo.net\/fr\",\"logo\":{\"@type\":\"ImageObject\",\"inLanguage\":\"fr-FR\",\"@id\":\"https:\/\/www.justiceinfo.net\/fr#\/schema\/logo\/image\/\",\"url\":\"https:\/\/www.justiceinfo.net\/wp-content\/uploads\/justiceinfo_logo-trans_1200x1200px.png\",\"contentUrl\":\"https:\/\/www.justiceinfo.net\/wp-content\/uploads\/justiceinfo_logo-trans_1200x1200px.png\",\"width\":1199,\"height\":1200,\"caption\":\"Justice Info\"},\"image\":{\"@id\":\"https:\/\/www.justiceinfo.net\/fr#\/schema\/logo\/image\/\"},\"sameAs\":[\"https:\/\/www.facebook.com\/JusticeInfo\/\",\"https:\/\/x.com\/justiceinfonet\",\"https:\/\/www.linkedin.com\/company\/justice-info\",\"https:\/\/www.youtube.com\/channel\/UCyCEsARodyuWtkWyhn-e7pA\"]},{\"@type\":\"Person\",\"name\":\"AFP\",\"url\":\"\/fr\/?s=AFP\"}]}<\/script>\n<!-- \/ Yoast SEO Premium plugin. -->","yoast_head_json":{"title":"Protestations \u00e0 Gaza: des cl\u00e9s pour comprendre - JusticeInfo.net","robots":{"index":"index","follow":"follow","max-snippet":"max-snippet:-1","max-image-preview":"max-image-preview:large","max-video-preview":"max-video-preview:-1"},"canonical":"https:\/\/www.justiceinfo.net\/fr\/37452-protestations-a-gaza-des-cles-pour-comprendre.html","og_locale":"fr_FR","og_type":"article","og_title":"Protestations \u00e0 Gaza: des cl\u00e9s pour comprendre","og_description":"La bande de Gaza est le th\u00e9\u00e2tre depuis le 30 mars d'un mouvement, la \"marche du retour\", qui a culmin\u00e9 lundi avec des affrontements dans lesquels pr\u00e8s de 60 Palestiniens ont \u00e9t\u00e9 tu\u00e9s par des tirs isra\u00e9liens. Des cl\u00e9s pour comprendre. Pourquoi cette mobilisation? Elle tourne autour du \"droit au retour\", la revendication des Palestiniens [&hellip;]","og_url":"https:\/\/www.justiceinfo.net\/fr\/37452-protestations-a-gaza-des-cles-pour-comprendre.html","og_site_name":"JusticeInfo.net","article_publisher":"https:\/\/www.facebook.com\/JusticeInfo\/","article_published_time":"2018-05-15T09:45:02+00:00","og_image":[{"width":1200,"height":630,"url":"https:\/\/www.justiceinfo.net\/wp-content\/uploads\/JusticeInfoNet_logo_1200x630px.jpg","type":"image\/jpeg"}],"author":"AFP","twitter_card":"summary_large_image","twitter_creator":"@justiceinfonet","twitter_site":"@justiceinfonet","twitter_misc":{"\u00c9crit par":"AFP","Dur\u00e9e de lecture estim\u00e9e":"4 minutes"},"schema":{"@context":"https:\/\/schema.org","@graph":[{"@type":"NewsArticle","@id":"https:\/\/www.justiceinfo.net\/fr\/37452-protestations-a-gaza-des-cles-pour-comprendre.html#article","isPartOf":{"@id":"https:\/\/www.justiceinfo.net\/fr\/37452-protestations-a-gaza-des-cles-pour-comprendre.html"},"author":{"name":"afp","@id":"https:\/\/www.justiceinfo.net\/fr#\/schema\/person\/713d340ef5f218fc36ce9b4244364a7f"},"headline":"Protestations \u00e0 Gaza: des cl\u00e9s pour comprendre","datePublished":"2018-05-15T09:45:02+00:00","mainEntityOfPage":{"@id":"https:\/\/www.justiceinfo.net\/fr\/37452-protestations-a-gaza-des-cles-pour-comprendre.html"},"wordCount":876,"commentCount":0,"publisher":{"@id":"https:\/\/www.justiceinfo.net\/fr#organization"},"articleSection":["CPI"],"inLanguage":"fr-FR","potentialAction":[{"@type":"CommentAction","name":"Comment","target":["https:\/\/www.justiceinfo.net\/fr\/37452-protestations-a-gaza-des-cles-pour-comprendre.html#respond"]}]},{"@type":"WebPage","@id":"https:\/\/www.justiceinfo.net\/fr\/37452-protestations-a-gaza-des-cles-pour-comprendre.html","url":"https:\/\/www.justiceinfo.net\/fr\/37452-protestations-a-gaza-des-cles-pour-comprendre.html","name":"Protestations \u00e0 Gaza: des cl\u00e9s pour comprendre - JusticeInfo.net","isPartOf":{"@id":"https:\/\/www.justiceinfo.net\/fr#website"},"datePublished":"2018-05-15T09:45:02+00:00","breadcrumb":{"@id":"https:\/\/www.justiceinfo.net\/fr\/37452-protestations-a-gaza-des-cles-pour-comprendre.html#breadcrumb"},"inLanguage":"fr-FR","potentialAction":[{"@type":"ReadAction","target":["https:\/\/www.justiceinfo.net\/fr\/37452-protestations-a-gaza-des-cles-pour-comprendre.html"]}]},{"@type":"BreadcrumbList","@id":"https:\/\/www.justiceinfo.net\/fr\/37452-protestations-a-gaza-des-cles-pour-comprendre.html#breadcrumb","itemListElement":[{"@type":"ListItem","position":1,"name":"Home","item":"https:\/\/www.justiceinfo.net\/fr"},{"@type":"ListItem","position":2,"name":"Protestations \u00e0 Gaza: des cl\u00e9s pour comprendre"}]},{"@type":"WebSite","@id":"https:\/\/www.justiceinfo.net\/fr#website","url":"https:\/\/www.justiceinfo.net\/fr","name":"JusticeInfo.net","description":"La justice doit \u00eatre vue pour \u00eatre rendue","publisher":{"@id":"https:\/\/www.justiceinfo.net\/fr#organization"},"potentialAction":[{"@type":"SearchAction","target":{"@type":"EntryPoint","urlTemplate":"https:\/\/www.justiceinfo.net\/fr?s={search_term_string}"},"query-input":{"@type":"PropertyValueSpecification","valueRequired":true,"valueName":"search_term_string"}}],"inLanguage":"fr-FR"},{"@type":"Organization","@id":"https:\/\/www.justiceinfo.net\/fr#organization","name":"Justice Info","url":"https:\/\/www.justiceinfo.net\/fr","logo":{"@type":"ImageObject","inLanguage":"fr-FR","@id":"https:\/\/www.justiceinfo.net\/fr#\/schema\/logo\/image\/","url":"https:\/\/www.justiceinfo.net\/wp-content\/uploads\/justiceinfo_logo-trans_1200x1200px.png","contentUrl":"https:\/\/www.justiceinfo.net\/wp-content\/uploads\/justiceinfo_logo-trans_1200x1200px.png","width":1199,"height":1200,"caption":"Justice Info"},"image":{"@id":"https:\/\/www.justiceinfo.net\/fr#\/schema\/logo\/image\/"},"sameAs":["https:\/\/www.facebook.com\/JusticeInfo\/","https:\/\/x.com\/justiceinfonet","https:\/\/www.linkedin.com\/company\/justice-info","https:\/\/www.youtube.com\/channel\/UCyCEsARodyuWtkWyhn-e7pA"]},{"@type":"Person","name":"AFP","url":"\/fr\/?s=AFP"}]}},"_links":{"self":[{"href":"https:\/\/www.justiceinfo.net\/fr\/wp-json\/wp\/v2\/posts\/37452","targetHints":{"allow":["GET"]}}],"collection":[{"href":"https:\/\/www.justiceinfo.net\/fr\/wp-json\/wp\/v2\/posts"}],"about":[{"href":"https:\/\/www.justiceinfo.net\/fr\/wp-json\/wp\/v2\/types\/post"}],"author":[{"embeddable":true,"href":"https:\/\/www.justiceinfo.net\/fr\/wp-json\/wp\/v2\/users\/60"}],"replies":[{"embeddable":true,"href":"https:\/\/www.justiceinfo.net\/fr\/wp-json\/wp\/v2\/comments?post=37452"}],"version-history":[{"count":0,"href":"https:\/\/www.justiceinfo.net\/fr\/wp-json\/wp\/v2\/posts\/37452\/revisions"}],"wp:attachment":[{"href":"https:\/\/www.justiceinfo.net\/fr\/wp-json\/wp\/v2\/media?parent=37452"}],"wp:term":[{"taxonomy":"category","embeddable":true,"href":"https:\/\/www.justiceinfo.net\/fr\/wp-json\/wp\/v2\/categories?post=37452"},{"taxonomy":"post_tag","embeddable":true,"href":"https:\/\/www.justiceinfo.net\/fr\/wp-json\/wp\/v2\/tags?post=37452"},{"taxonomy":"ji_location","embeddable":true,"href":"https:\/\/www.justiceinfo.net\/fr\/wp-json\/wp\/v2\/ji_location?post=37452"}],"curies":[{"name":"wp","href":"https:\/\/api.w.org\/{rel}","templated":true}]}}