{"id":37471,"date":"2018-05-15T17:20:04","date_gmt":"2018-05-15T15:20:04","guid":{"rendered":"https:\/\/www.justiceinfo.net\/37471-principaux-developpements-depuis-l-inauguration-de-l-ambassade-americaine-a-jerusalem.html"},"modified":"2018-05-15T17:20:04","modified_gmt":"2018-05-15T15:20:04","slug":"principaux-developpements-depuis-l-inauguration-de-l-ambassade-americaine-a-jerusalem","status":"publish","type":"post","link":"https:\/\/www.justiceinfo.net\/fr\/37471-principaux-developpements-depuis-l-inauguration-de-l-ambassade-americaine-a-jerusalem.html","title":{"rendered":"Principaux d\u00e9veloppements depuis l'inauguration de l'ambassade am\u00e9ricaine \u00e0 J\u00e9rusalem"},"content":{"rendered":"<div class=\"content-excerpt\">\n<p>Rappel des principaux d\u00e9veloppements depuis l'inauguration de l'ambassade am\u00e9ricaine \u00e0 J\u00e9rusalem lundi, journ\u00e9e marqu\u00e9e par la mort de dizaines de Palestiniens tu\u00e9s par des tirs isra\u00e9liens \u00e0 la fronti\u00e8re entre Isra\u00ebl et la bande de Gaza.<\/p>\n<\/div>\n<h3>- Les Gazaouis \u00e0 la fronti\u00e8re -<\/h3>\n<p>Quelques heures avant la c\u00e9r\u00e9monie d'inauguration de l'ambassade am\u00e9ricaine, des dizaines de milliers de Palestiniens de Gaza se massent \u00e0 la fronti\u00e8re avec Isra\u00ebl. Des petits groupes tentent de s'attaquer \u00e0 la barri\u00e8re de s\u00e9curit\u00e9, lancent des pierres en direction des soldats et essuient des tirs en retour.<\/p>\n<p>A Ramallah, 2.000 Palestiniens se rassemblent en scandant \"J\u00e9rusalem est notre capitale\". L'Autorit\u00e9 palestinienne a appel\u00e9 les salari\u00e9s \u00e0 quitter leur travail.<\/p>\n<h3>- Bain de sang -<\/h3>\n<p>Rapidement, des heurts \u00e9clatent entre Palestiniens et soldats isra\u00e9liens le long de la fronti\u00e8re. En moins de deux heures, 16 Palestiniens sont tu\u00e9s par des tirs de soldats isra\u00e9liens dans l'enclave palestinienne. Le bilan s'alourdit d'heure en heure.<\/p>\n<p>Au total, 59 Palestiniens, dont huit mineurs, sont tu\u00e9s par les tirs isra\u00e9liens. Le bilan s'est par la suite alourdi avec l'annonce de la mort d'un b\u00e9b\u00e9, d\u00e9c\u00e9d\u00e9 apr\u00e8s avoir inhal\u00e9 des gaz lacrymog\u00e8nes.<\/p>\n<p>Au moins 2.400 Palestiniens ont \u00e9t\u00e9 bless\u00e9s, soit par les tirs isra\u00e9liens, soit par les inhalations de gaz.<\/p>\n<p>D\u00e8s le matin, l'arm\u00e9e isra\u00e9lienne avait pr\u00e9venu les Gazaouis qu'ils exposaient leur vie en prenant part aux manifestations. Le ministre de la D\u00e9fense Avigdor Lieberman avait affirm\u00e9 que l'arm\u00e9e emploierait \"tous les moyens\" pour d\u00e9fendre la fronti\u00e8re, les soldats et les civils isra\u00e9liens riverains de l'enclave.<\/p>\n<h3>- \"Crimes de guerre\" -<\/h3>\n<p>La direction palestinienne accuse Isra\u00ebl de commettre un \"horrible massacre\", exigeant une \"intervention internationale imm\u00e9diate\".<\/p>\n<p>L'Union europ\u00e9enne et Londres appellent \u00e0 la retenue, Paris \"condamne les violences\". Amnesty International fustige une \"violation abjecte\" des droits de l'Homme et des \"crimes de guerre\".<\/p>\n<p>La Turquie et l'Afrique du Sud d\u00e9cident de rappeler leur ambassadeur en Isra\u00ebl.<\/p>\n<p>Le Premier ministre isra\u00e9lien Benjamin Netanyahu justifie l'usage de la force par le droit d'Isra\u00ebl \u00e0 d\u00e9fendre ses fronti\u00e8res contre les agissements \"terroristes\" du Hamas. La Maison Blanche d\u00e9nonce aussi la \"responsabilit\u00e9\" du mouvement islamiste.<\/p>\n<h3>- C\u00e9r\u00e9monie d'inauguration -<\/h3>\n<p>Dans l'apr\u00e8s-midi, les Etats-Unis inaugurent \u00e0 J\u00e9rusalem leur nouvelle ambassade, qui ent\u00e9rine la reconnaissance par les Etats-Unis de la ville comme la capitale d'Isra\u00ebl. Une plaque et un sceau am\u00e9ricain sont d\u00e9voil\u00e9s pour signifier officiellement l'ouverture de la mission dans les locaux de ce qui \u00e9tait jusqu'alors le consulat am\u00e9ricain.<\/p>\n<p>Donald Trump a \"\u00e9crit l'Histoire\", d\u00e9clare Benjamin Netanyahu.<\/p>\n<p>Le pr\u00e9sident am\u00e9ricain, qui salue \"un grand jour pour Isra\u00ebl\", assure que les Etats-Unis restent \"pleinement\" engag\u00e9s dans la recherche d'un accord de paix durable entre Isra\u00e9liens et Palestiniens.<\/p>\n<h3>- Enqu\u00eate ind\u00e9pendante -<\/h3>\n<p>Mardi, des dizaines de milliers de Palestiniens ont continu\u00e9 \u00e0 enterrer leurs morts.<\/p>\n<p>Des heurts sporadiques, avec des rassemblements beaucoup plus limit\u00e9s que la veille, se d\u00e9roulent aux abords de la fronti\u00e8re isra\u00e9lienne. Deux Palestiniens sont tu\u00e9s par des tirs isra\u00e9liens dans la bande de Gaza. Des manifestations \u00e9maill\u00e9es de heurts se sont \u00e9galement produites en Cisjordanie, distante de Gaza de quelques dizaines de kilom\u00e8tres.<\/p>\n<p>Le Haut-Commissariat de l'ONU aux droits de l'Homme a d\u00e9plor\u00e9 que tout Palestinien manifestant \u00e0 Gaza, qu'il repr\u00e9sente une menace imminente ou non, peut \u00eatre \"tu\u00e9\" par les forces isra\u00e9liennes.<\/p>\n<p>Londres r\u00e9clame une enqu\u00eate ind\u00e9pendante sur les \u00e9v\u00e9nements. Berlin se dit favorable \u00e0 l'ouverture d'une telle enqu\u00eate, tout en rendant le Hamas responsable des affrontements. La Ligue arabe appelle la Cour p\u00e9nale internationale (CPI) \u00e0 enqu\u00eater sur \"les crimes de l'occupation isra\u00e9lienne\".<\/p>\n<p>Reporters sans fronti\u00e8res (RSF) appelle la Cour p\u00e9nale internationale \u00e0 enqu\u00eater sur des \"crimes de guerre commis par l'arm\u00e9e isra\u00e9lienne contre des journalistes palestiniens\".<\/p>\n<p>Le pr\u00e9sident turc Recep Tayyip Erdogan qualifie Isra\u00ebl d'\"Etat d'apartheid\" et accuse Benjamin Netanyahu d'avoir \"du sang palestinien sur ses mains\". Ankara appelle les pays musulmans qui entretiennent des relations avec Isra\u00ebl \u00e0 les \"reconsid\u00e9rer\" et demande \u00e0 l'ambassadeur d'Isra\u00ebl de quitter le pays temporairement. Isra\u00ebl ordonne au consul g\u00e9n\u00e9ral turc \u00e0 J\u00e9rusalem de partir.<\/p>\n<p>La Belgique convoque l'ambassadrice d'Isra\u00ebl et appelle \u00e0 une enqu\u00eate internationale.<\/p>\n<p>Le Kowe\u00eft annonce vouloir une \"protection internationale\", lors d'une r\u00e9union d'urgence du Conseil de s\u00e9curit\u00e9. Les Etats-Unis louent \"la retenue\" d'Isra\u00ebl face aux manifestants. La Premi\u00e8re ministre britannique appelle \"toutes les parties\" \u00e0 la retenue.<\/p>\n","protected":false},"excerpt":{"rendered":"<p>Rappel des principaux d\u00e9veloppements depuis l'inauguration de l'ambassade am\u00e9ricaine \u00e0 J\u00e9rusalem lundi, journ\u00e9e marqu\u00e9e par la mort de dizaines de Palestiniens tu\u00e9s par des tirs isra\u00e9liens \u00e0 la fronti\u00e8re entre Isra\u00ebl et la bande de Gaza. - Les Gazaouis \u00e0 la fronti\u00e8re - Quelques heures avant la c\u00e9r\u00e9monie d'inauguration de l'ambassade am\u00e9ricaine, des dizaines de [&hellip;]<\/p>\n","protected":false},"author":60,"featured_media":0,"comment_status":"open","ping_status":"closed","sticky":false,"template":"","format":"standard","meta":{"_acf_changed":false,"footnotes":""},"categories":[570],"tags":[],"ji_location":[2402],"class_list":["post-37471","post","type-post","status-publish","format-standard","hentry","category-cpi","ji_location-palestine"],"acf":[],"yoast_head":"<!-- This site is optimized with the Yoast SEO Premium plugin v25.3.1 (Yoast SEO v25.3.1) - https:\/\/yoast.com\/wordpress\/plugins\/seo\/ -->\n<title>Principaux d\u00e9veloppements depuis l&#039;inauguration de l&#039;ambassade am\u00e9ricaine \u00e0 J\u00e9rusalem - JusticeInfo.net<\/title>\n<meta name=\"robots\" content=\"index, follow, max-snippet:-1, max-image-preview:large, max-video-preview:-1\" \/>\n<link rel=\"canonical\" href=\"https:\/\/www.justiceinfo.net\/fr\/37471-principaux-developpements-depuis-l-inauguration-de-l-ambassade-americaine-a-jerusalem.html\" \/>\n<meta property=\"og:locale\" content=\"fr_FR\" \/>\n<meta property=\"og:type\" content=\"article\" \/>\n<meta property=\"og:title\" content=\"Principaux d\u00e9veloppements depuis l&#039;inauguration de l&#039;ambassade am\u00e9ricaine \u00e0 J\u00e9rusalem\" \/>\n<meta property=\"og:description\" content=\"Rappel des principaux d\u00e9veloppements depuis l&#039;inauguration de l&#039;ambassade am\u00e9ricaine \u00e0 J\u00e9rusalem lundi, journ\u00e9e marqu\u00e9e par la mort de dizaines de Palestiniens tu\u00e9s par des tirs isra\u00e9liens \u00e0 la fronti\u00e8re entre Isra\u00ebl et la bande de Gaza. - Les Gazaouis \u00e0 la fronti\u00e8re - Quelques heures avant la c\u00e9r\u00e9monie d&#039;inauguration de l&#039;ambassade am\u00e9ricaine, des dizaines de [&hellip;]\" \/>\n<meta property=\"og:url\" content=\"https:\/\/www.justiceinfo.net\/fr\/37471-principaux-developpements-depuis-l-inauguration-de-l-ambassade-americaine-a-jerusalem.html\" \/>\n<meta property=\"og:site_name\" content=\"JusticeInfo.net\" \/>\n<meta property=\"article:publisher\" content=\"https:\/\/www.facebook.com\/JusticeInfo\/\" \/>\n<meta property=\"article:published_time\" content=\"2018-05-15T15:20:04+00:00\" \/>\n<meta property=\"og:image\" content=\"https:\/\/www.justiceinfo.net\/wp-content\/uploads\/JusticeInfoNet_logo_1200x630px.jpg\" \/>\n\t<meta property=\"og:image:width\" content=\"1200\" \/>\n\t<meta property=\"og:image:height\" content=\"630\" \/>\n\t<meta property=\"og:image:type\" content=\"image\/jpeg\" \/>\n<meta name=\"author\" content=\"AFP\" \/>\n<meta name=\"twitter:card\" content=\"summary_large_image\" \/>\n<meta name=\"twitter:creator\" content=\"@justiceinfonet\" \/>\n<meta name=\"twitter:site\" content=\"@justiceinfonet\" \/>\n<meta name=\"twitter:label1\" content=\"\u00c9crit par\" \/>\n\t<meta name=\"twitter:data1\" content=\"AFP\" \/>\n\t<meta name=\"twitter:label2\" content=\"Dur\u00e9e de lecture estim\u00e9e\" \/>\n\t<meta name=\"twitter:data2\" content=\"4 minutes\" \/>\n<script type=\"application\/ld+json\" class=\"yoast-schema-graph\">{\"@context\":\"https:\/\/schema.org\",\"@graph\":[{\"@type\":\"NewsArticle\",\"@id\":\"https:\/\/www.justiceinfo.net\/fr\/37471-principaux-developpements-depuis-l-inauguration-de-l-ambassade-americaine-a-jerusalem.html#article\",\"isPartOf\":{\"@id\":\"https:\/\/www.justiceinfo.net\/fr\/37471-principaux-developpements-depuis-l-inauguration-de-l-ambassade-americaine-a-jerusalem.html\"},\"author\":{\"name\":\"afp\",\"@id\":\"https:\/\/www.justiceinfo.net\/fr#\/schema\/person\/713d340ef5f218fc36ce9b4244364a7f\"},\"headline\":\"Principaux d\u00e9veloppements depuis l'inauguration de l'ambassade am\u00e9ricaine \u00e0 J\u00e9rusalem\",\"datePublished\":\"2018-05-15T15:20:04+00:00\",\"mainEntityOfPage\":{\"@id\":\"https:\/\/www.justiceinfo.net\/fr\/37471-principaux-developpements-depuis-l-inauguration-de-l-ambassade-americaine-a-jerusalem.html\"},\"wordCount\":850,\"commentCount\":0,\"publisher\":{\"@id\":\"https:\/\/www.justiceinfo.net\/fr#organization\"},\"articleSection\":[\"CPI\"],\"inLanguage\":\"fr-FR\",\"potentialAction\":[{\"@type\":\"CommentAction\",\"name\":\"Comment\",\"target\":[\"https:\/\/www.justiceinfo.net\/fr\/37471-principaux-developpements-depuis-l-inauguration-de-l-ambassade-americaine-a-jerusalem.html#respond\"]}]},{\"@type\":\"WebPage\",\"@id\":\"https:\/\/www.justiceinfo.net\/fr\/37471-principaux-developpements-depuis-l-inauguration-de-l-ambassade-americaine-a-jerusalem.html\",\"url\":\"https:\/\/www.justiceinfo.net\/fr\/37471-principaux-developpements-depuis-l-inauguration-de-l-ambassade-americaine-a-jerusalem.html\",\"name\":\"Principaux d\u00e9veloppements depuis l'inauguration de l'ambassade am\u00e9ricaine \u00e0 J\u00e9rusalem - JusticeInfo.net\",\"isPartOf\":{\"@id\":\"https:\/\/www.justiceinfo.net\/fr#website\"},\"datePublished\":\"2018-05-15T15:20:04+00:00\",\"breadcrumb\":{\"@id\":\"https:\/\/www.justiceinfo.net\/fr\/37471-principaux-developpements-depuis-l-inauguration-de-l-ambassade-americaine-a-jerusalem.html#breadcrumb\"},\"inLanguage\":\"fr-FR\",\"potentialAction\":[{\"@type\":\"ReadAction\",\"target\":[\"https:\/\/www.justiceinfo.net\/fr\/37471-principaux-developpements-depuis-l-inauguration-de-l-ambassade-americaine-a-jerusalem.html\"]}]},{\"@type\":\"BreadcrumbList\",\"@id\":\"https:\/\/www.justiceinfo.net\/fr\/37471-principaux-developpements-depuis-l-inauguration-de-l-ambassade-americaine-a-jerusalem.html#breadcrumb\",\"itemListElement\":[{\"@type\":\"ListItem\",\"position\":1,\"name\":\"Home\",\"item\":\"https:\/\/www.justiceinfo.net\/fr\"},{\"@type\":\"ListItem\",\"position\":2,\"name\":\"Principaux d\u00e9veloppements depuis l'inauguration de l'ambassade am\u00e9ricaine \u00e0 J\u00e9rusalem\"}]},{\"@type\":\"WebSite\",\"@id\":\"https:\/\/www.justiceinfo.net\/fr#website\",\"url\":\"https:\/\/www.justiceinfo.net\/fr\",\"name\":\"JusticeInfo.net\",\"description\":\"La justice doit \u00eatre vue pour \u00eatre rendue\",\"publisher\":{\"@id\":\"https:\/\/www.justiceinfo.net\/fr#organization\"},\"potentialAction\":[{\"@type\":\"SearchAction\",\"target\":{\"@type\":\"EntryPoint\",\"urlTemplate\":\"https:\/\/www.justiceinfo.net\/fr?s={search_term_string}\"},\"query-input\":{\"@type\":\"PropertyValueSpecification\",\"valueRequired\":true,\"valueName\":\"search_term_string\"}}],\"inLanguage\":\"fr-FR\"},{\"@type\":\"Organization\",\"@id\":\"https:\/\/www.justiceinfo.net\/fr#organization\",\"name\":\"Justice Info\",\"url\":\"https:\/\/www.justiceinfo.net\/fr\",\"logo\":{\"@type\":\"ImageObject\",\"inLanguage\":\"fr-FR\",\"@id\":\"https:\/\/www.justiceinfo.net\/fr#\/schema\/logo\/image\/\",\"url\":\"https:\/\/www.justiceinfo.net\/wp-content\/uploads\/justiceinfo_logo-trans_1200x1200px.png\",\"contentUrl\":\"https:\/\/www.justiceinfo.net\/wp-content\/uploads\/justiceinfo_logo-trans_1200x1200px.png\",\"width\":1199,\"height\":1200,\"caption\":\"Justice Info\"},\"image\":{\"@id\":\"https:\/\/www.justiceinfo.net\/fr#\/schema\/logo\/image\/\"},\"sameAs\":[\"https:\/\/www.facebook.com\/JusticeInfo\/\",\"https:\/\/x.com\/justiceinfonet\",\"https:\/\/www.linkedin.com\/company\/justice-info\",\"https:\/\/www.youtube.com\/channel\/UCyCEsARodyuWtkWyhn-e7pA\"]},{\"@type\":\"Person\",\"name\":\"AFP\",\"url\":\"\/fr\/?s=AFP\"}]}<\/script>\n<!-- \/ Yoast SEO Premium plugin. -->","yoast_head_json":{"title":"Principaux d\u00e9veloppements depuis l'inauguration de l'ambassade am\u00e9ricaine \u00e0 J\u00e9rusalem - JusticeInfo.net","robots":{"index":"index","follow":"follow","max-snippet":"max-snippet:-1","max-image-preview":"max-image-preview:large","max-video-preview":"max-video-preview:-1"},"canonical":"https:\/\/www.justiceinfo.net\/fr\/37471-principaux-developpements-depuis-l-inauguration-de-l-ambassade-americaine-a-jerusalem.html","og_locale":"fr_FR","og_type":"article","og_title":"Principaux d\u00e9veloppements depuis l'inauguration de l'ambassade am\u00e9ricaine \u00e0 J\u00e9rusalem","og_description":"Rappel des principaux d\u00e9veloppements depuis l'inauguration de l'ambassade am\u00e9ricaine \u00e0 J\u00e9rusalem lundi, journ\u00e9e marqu\u00e9e par la mort de dizaines de Palestiniens tu\u00e9s par des tirs isra\u00e9liens \u00e0 la fronti\u00e8re entre Isra\u00ebl et la bande de Gaza. - Les Gazaouis \u00e0 la fronti\u00e8re - Quelques heures avant la c\u00e9r\u00e9monie d'inauguration de l'ambassade am\u00e9ricaine, des dizaines de [&hellip;]","og_url":"https:\/\/www.justiceinfo.net\/fr\/37471-principaux-developpements-depuis-l-inauguration-de-l-ambassade-americaine-a-jerusalem.html","og_site_name":"JusticeInfo.net","article_publisher":"https:\/\/www.facebook.com\/JusticeInfo\/","article_published_time":"2018-05-15T15:20:04+00:00","og_image":[{"width":1200,"height":630,"url":"https:\/\/www.justiceinfo.net\/wp-content\/uploads\/JusticeInfoNet_logo_1200x630px.jpg","type":"image\/jpeg"}],"author":"AFP","twitter_card":"summary_large_image","twitter_creator":"@justiceinfonet","twitter_site":"@justiceinfonet","twitter_misc":{"\u00c9crit par":"AFP","Dur\u00e9e de lecture estim\u00e9e":"4 minutes"},"schema":{"@context":"https:\/\/schema.org","@graph":[{"@type":"NewsArticle","@id":"https:\/\/www.justiceinfo.net\/fr\/37471-principaux-developpements-depuis-l-inauguration-de-l-ambassade-americaine-a-jerusalem.html#article","isPartOf":{"@id":"https:\/\/www.justiceinfo.net\/fr\/37471-principaux-developpements-depuis-l-inauguration-de-l-ambassade-americaine-a-jerusalem.html"},"author":{"name":"afp","@id":"https:\/\/www.justiceinfo.net\/fr#\/schema\/person\/713d340ef5f218fc36ce9b4244364a7f"},"headline":"Principaux d\u00e9veloppements depuis l'inauguration de l'ambassade am\u00e9ricaine \u00e0 J\u00e9rusalem","datePublished":"2018-05-15T15:20:04+00:00","mainEntityOfPage":{"@id":"https:\/\/www.justiceinfo.net\/fr\/37471-principaux-developpements-depuis-l-inauguration-de-l-ambassade-americaine-a-jerusalem.html"},"wordCount":850,"commentCount":0,"publisher":{"@id":"https:\/\/www.justiceinfo.net\/fr#organization"},"articleSection":["CPI"],"inLanguage":"fr-FR","potentialAction":[{"@type":"CommentAction","name":"Comment","target":["https:\/\/www.justiceinfo.net\/fr\/37471-principaux-developpements-depuis-l-inauguration-de-l-ambassade-americaine-a-jerusalem.html#respond"]}]},{"@type":"WebPage","@id":"https:\/\/www.justiceinfo.net\/fr\/37471-principaux-developpements-depuis-l-inauguration-de-l-ambassade-americaine-a-jerusalem.html","url":"https:\/\/www.justiceinfo.net\/fr\/37471-principaux-developpements-depuis-l-inauguration-de-l-ambassade-americaine-a-jerusalem.html","name":"Principaux d\u00e9veloppements depuis l'inauguration de l'ambassade am\u00e9ricaine \u00e0 J\u00e9rusalem - JusticeInfo.net","isPartOf":{"@id":"https:\/\/www.justiceinfo.net\/fr#website"},"datePublished":"2018-05-15T15:20:04+00:00","breadcrumb":{"@id":"https:\/\/www.justiceinfo.net\/fr\/37471-principaux-developpements-depuis-l-inauguration-de-l-ambassade-americaine-a-jerusalem.html#breadcrumb"},"inLanguage":"fr-FR","potentialAction":[{"@type":"ReadAction","target":["https:\/\/www.justiceinfo.net\/fr\/37471-principaux-developpements-depuis-l-inauguration-de-l-ambassade-americaine-a-jerusalem.html"]}]},{"@type":"BreadcrumbList","@id":"https:\/\/www.justiceinfo.net\/fr\/37471-principaux-developpements-depuis-l-inauguration-de-l-ambassade-americaine-a-jerusalem.html#breadcrumb","itemListElement":[{"@type":"ListItem","position":1,"name":"Home","item":"https:\/\/www.justiceinfo.net\/fr"},{"@type":"ListItem","position":2,"name":"Principaux d\u00e9veloppements depuis l'inauguration de l'ambassade am\u00e9ricaine \u00e0 J\u00e9rusalem"}]},{"@type":"WebSite","@id":"https:\/\/www.justiceinfo.net\/fr#website","url":"https:\/\/www.justiceinfo.net\/fr","name":"JusticeInfo.net","description":"La justice doit \u00eatre vue pour \u00eatre rendue","publisher":{"@id":"https:\/\/www.justiceinfo.net\/fr#organization"},"potentialAction":[{"@type":"SearchAction","target":{"@type":"EntryPoint","urlTemplate":"https:\/\/www.justiceinfo.net\/fr?s={search_term_string}"},"query-input":{"@type":"PropertyValueSpecification","valueRequired":true,"valueName":"search_term_string"}}],"inLanguage":"fr-FR"},{"@type":"Organization","@id":"https:\/\/www.justiceinfo.net\/fr#organization","name":"Justice Info","url":"https:\/\/www.justiceinfo.net\/fr","logo":{"@type":"ImageObject","inLanguage":"fr-FR","@id":"https:\/\/www.justiceinfo.net\/fr#\/schema\/logo\/image\/","url":"https:\/\/www.justiceinfo.net\/wp-content\/uploads\/justiceinfo_logo-trans_1200x1200px.png","contentUrl":"https:\/\/www.justiceinfo.net\/wp-content\/uploads\/justiceinfo_logo-trans_1200x1200px.png","width":1199,"height":1200,"caption":"Justice Info"},"image":{"@id":"https:\/\/www.justiceinfo.net\/fr#\/schema\/logo\/image\/"},"sameAs":["https:\/\/www.facebook.com\/JusticeInfo\/","https:\/\/x.com\/justiceinfonet","https:\/\/www.linkedin.com\/company\/justice-info","https:\/\/www.youtube.com\/channel\/UCyCEsARodyuWtkWyhn-e7pA"]},{"@type":"Person","name":"AFP","url":"\/fr\/?s=AFP"}]}},"_links":{"self":[{"href":"https:\/\/www.justiceinfo.net\/fr\/wp-json\/wp\/v2\/posts\/37471","targetHints":{"allow":["GET"]}}],"collection":[{"href":"https:\/\/www.justiceinfo.net\/fr\/wp-json\/wp\/v2\/posts"}],"about":[{"href":"https:\/\/www.justiceinfo.net\/fr\/wp-json\/wp\/v2\/types\/post"}],"author":[{"embeddable":true,"href":"https:\/\/www.justiceinfo.net\/fr\/wp-json\/wp\/v2\/users\/60"}],"replies":[{"embeddable":true,"href":"https:\/\/www.justiceinfo.net\/fr\/wp-json\/wp\/v2\/comments?post=37471"}],"version-history":[{"count":0,"href":"https:\/\/www.justiceinfo.net\/fr\/wp-json\/wp\/v2\/posts\/37471\/revisions"}],"wp:attachment":[{"href":"https:\/\/www.justiceinfo.net\/fr\/wp-json\/wp\/v2\/media?parent=37471"}],"wp:term":[{"taxonomy":"category","embeddable":true,"href":"https:\/\/www.justiceinfo.net\/fr\/wp-json\/wp\/v2\/categories?post=37471"},{"taxonomy":"post_tag","embeddable":true,"href":"https:\/\/www.justiceinfo.net\/fr\/wp-json\/wp\/v2\/tags?post=37471"},{"taxonomy":"ji_location","embeddable":true,"href":"https:\/\/www.justiceinfo.net\/fr\/wp-json\/wp\/v2\/ji_location?post=37471"}],"curies":[{"name":"wp","href":"https:\/\/api.w.org\/{rel}","templated":true}]}}