{"id":37522,"date":"2018-05-20T06:22:12","date_gmt":"2018-05-20T04:22:12","guid":{"rendered":"https:\/\/www.justiceinfo.net\/37522-la-semaine-de-la-justice-transitionnelle-l-impunite-d-israel-en-question-perseverance-en-gambie.html"},"modified":"2018-05-20T06:22:12","modified_gmt":"2018-05-20T04:22:12","slug":"la-semaine-de-la-justice-transitionnelle-l-impunite-d-israel-en-question-perseverance-en-gambie","status":"publish","type":"post","link":"https:\/\/www.justiceinfo.net\/fr\/37522-la-semaine-de-la-justice-transitionnelle-l-impunite-d-israel-en-question-perseverance-en-gambie.html","title":{"rendered":"La semaine de la justice transitionnelle : l'impunit\u00e9 d'Isra\u00ebl en question, pers\u00e9v\u00e9rance en Gambie"},"content":{"rendered":"<div class=\"content-excerpt\">\n<p>Les \u00e9v\u00e9nements \u00e0 Gaza et la possible traduction des autorit\u00e9s et responsables isra\u00e9liens devant un tribunal ont marqu\u00e9 la semaine de la justice transitionnelle. Les violences de lundi 14 mai qui ont fait pr\u00e8s de 60 victimes tu\u00e9es par l\u2019arm\u00e9e isra\u00e9lienne, co\u00efncidant avec l'inauguration controvers\u00e9e \u00e0 J\u00e9rusalem de la nouvelle ambassade am\u00e9ricaine, ont continu\u00e9 \u00e0 susciter l'inqui\u00e9tude ou la col\u00e8re \u00e0 l'\u00e9tranger. L\u2019\u00e9tat h\u00e9breu a \u00e9t\u00e9 accus\u00e9 de \u00ab\u00a0crimes de guerre\u00a0\u00bb, \u00ab\u00a0crimes contre l\u2019humanit\u00e9\u00a0\u00bb alors que les Etats-Unis ont emp\u00each\u00e9 au Conseil de S\u00e9curit\u00e9 qu\u2019une \u00ab\u00a0enqu\u00eate ind\u00e9pendante\u00a0\u00bb demand\u00e9e par l\u2019ONU et de nombreux dirigeants soit men\u00e9e.<\/p>\n<\/div>\n<p>De son c\u00f4t\u00e9, l\u2019Autorit\u00e9 Palestinienne tente ainsi de <a href=\"fr\/justice-reconciliation\/37479-l-autorite-palestinienne-veut-referer-israel-a-la-cpi-pour-crimes-de-guerre.html\">r\u00e9f\u00e9rer<\/a> \u00e0 la Cour p\u00e9nale internationale les \u00ab crimes de guerre \u00bb dont elle accuse Isra\u00ebl. La correspondante de JusticeInfo.net \u00e9crit qu\u2019il s\u2019agit d\u2019\u00a0\u00ab\u00a0une \u00e9tape capitale dans le dossier ouvert \u00e0 la Cour depuis 2015\u00a0\u00bb, ajoutant \u00ab\u00a0la procureure Fatou Bensouda aura d\u00e8s lors la possibilit\u00e9 d\u2019ouvrir une enqu\u00eate sans demander le feu vert des juges. Juridiquement plus lourde, la proc\u00e9dure est aussi \u00e9minemment plus sensible pour Isra\u00ebl\u00a0\u00bb.<\/p>\n<p>Le 8 avril d\u00e9j\u00e0, la procureure avait d\u00e9j\u00e0 mis en garde, expliquant que \u00ab\u00a0toute personne qui incite ou commet des actes de violence, relevant de la comp\u00e9tence de la CPI, est passible de poursuites devant la Cour\u00a0\u00bb. Mais, prudente, elle pr\u00e9cisait, \u00ab\u00a0dans le plein respect du principe de compl\u00e9mentarit\u00e9 \u00bb, selon lequel les Etats ont primaut\u00e9 sur la Cour. Ce qui pourrait permettre une nouvelle fois \u00e0 Isra\u00ebl d\u2019\u00e9chapper \u00e0 la CPI en ouvrant quelques instructions formelles devant sa justice nationale. <a href=\"fr\/justice-reconciliation\/37504-les-valeurs-democratiques-d-israel-s-erodent.html\">Constat<\/a> de Lior Reuven Amihai, directeur de Yesh Din, une ONG isra\u00e9lienne, l\u2019ind\u00e9pendance de la justice est menac\u00e9e dans l\u2019Etat h\u00e9breu. Et d\u2019expliquer\u00a0: \u00ab\u00a0les partis de droite, les politiciens et les groupes illib\u00e9raux et ultra-nationalistes lancent depuis de nombreuses ann\u00e9es des campagnes s\u00e9v\u00e8res contre les tribunaux qu\u2019ils consid\u00e8rent comme un obstacle \u00e0 leurs objectifs politiques. Ces campagnes portent atteinte aux droits humains des Palestiniens dans les Territoires occup\u00e9s, des citoyens isra\u00e9liens oppos\u00e9s \u00e0 la politique du gouvernement ou aux r\u00e9fugi\u00e9s venus d\u2019Afrique\u00a0\u00bb.<\/p>\n<h3>L'ind\u00e9pendance du Tribunal sur le Liban questionn\u00e9e<\/h3>\n<p>Rien n\u2019illustre mieux ces difficult\u00e9s de la justice internationale \u00e0 instaurer une cr\u00e9dibilit\u00e9 r\u00e9elle que la charge d\u2019un juge suisse Robert Roth contre le Tribunal sur le Liban (TSL charg\u00e9 de juger les auteurs de l\u2019assassinat de l\u2019homme politique Rafik Hariri en 2005) , dont il fut, dit-il, contraint de d\u00e9missionner parce que sa femme \u00e9tait juive. Le juge Roth d\u00e9nonce \u00ab les nombreuses pressions au TSL pour proc\u00e9der \u00e0 des proc\u00e8s exp\u00e9ditifs par contumace, quitte \u00e0 sacrifier le respect des droits de la d\u00e9fense et de la qualit\u00e9 de la justice \u00bb.<\/p>\n<p>L\u2019affaire qui conduit le juge suisse \u00e0 d\u00e9missionner souligne ce manque d\u2019ind\u00e9pendance du Tribunal et de ses responsables. Des journaux libanais \u00ab\u00a0r\u00e9v\u00e8lent\u00a0\u00bb que les \u00e9pouses de membres de ce tribunal dont le juge Roth sont juives. \u00ab\u00a0Le pr\u00e9sident du TSL, David Baragwanath, de nationalit\u00e9 n\u00e9o-z\u00e9landaise, ne sait comment se d\u00e9p\u00eatrer de cette situation, d\u2019autant que le TSL a toujours \u00e9t\u00e9 accus\u00e9 par le Hezbollah et d\u2019autres d\u2019\u00eatre le bras juridique de leurs adversaires politiques, dont l\u2019Etat h\u00e9breu\u00a0\u00bb, \u00e9crit JusticeInfo.net. Le TSL ne soutient pas son personnel, et \u00ab\u00a0pour Robert Roth, le constat est clair : via son \u00e9pouse, il fut victime \u00ab d\u2019une discrimination par \u00e9tiquetage. Ainsi, sous couvert de garantir l\u2019impartialit\u00e9 du Tribunal, on transmet un message clair, destin\u00e9 sans doute en priorit\u00e9 aux autorit\u00e9s libanaises : aucun acteur majeur de ce Tribunal ne doit avoir un quelconque lien avec le juda\u00efsme\u00a0\u00bb.<\/p>\n<h3>L'exemple de\u00a0 la Gambie<\/h3>\n<p>Loin de ces convolutions, les victimes du dictateur gambien Yahah Jammeh ont aussi <a href=\"fr\/justice-reconciliation\/37485-gambie-yahya-jammeh-accuse-du-massacre-d-une-cinquantaine-de-migrants-en-2005.html\">essay\u00e9<\/a> cette semaine de faire entendre leurs voix fragiles et lointaines au Ghana. L\u2019envoy\u00e9 sp\u00e9cial de JusticeInfo.net \u00e0 Accra explique\u00a0: \u00ab\u00a0D\u00e9coup\u00e9s \u00e0 la machette ou \u00e0 la hache, ou tout simplement fusill\u00e9s, plus de 50 migrants ouest africains ont p\u00e9ri en Gambie, sous Yahya Jammeh, en juillet en 2005. Treize ans apr\u00e8s les faits, plusieurs organisations des droits de l\u2019Hommes sont persuad\u00e9es que les crimes ont \u00e9t\u00e9 commis sous les ordres de l\u2019ex-dictateur ce qui peut changer le sort de l\u2019ex homme fort de la Gambie, d\u00e9sormais r\u00e9fugi\u00e9 en Guin\u00e9e Equatoriale\u00a0\u00bb. Nombre de ces victimes \u00e9taient d\u2019origine ghan\u00e9enne et ces organisations des droits de l\u2019homme plaident pour qu\u2019un proc\u00e8s de Jammeh soit tenu \u00e0 Accra. \u00ab\u00a0Une option plus r\u00e9aliste, selon Reed Brody, conseiller de Human Right Watch pour qui, la situation juridico-socio-politique en Gambie ne serait pas encore favorable \u00e0 un proc\u00e8s \u00e9quitable\u00a0\u00bb.<\/p>\n<p>La Tunisie enfin a montr\u00e9 cette semaine que sa soci\u00e9t\u00e9 civile demeurait attach\u00e9e aux processus de justice transitionnelle. La correspondante de JusticeInfo.net en Tunisie <a href=\"fr\/justice-reconciliation\/37486-tunisie.html\">\u00e9crit<\/a>\u00a0: \u00ab\u00a0Oppos\u00e9es depuis le 17 avril \u00e0 l\u2019arr\u00eat pr\u00e9matur\u00e9 des travaux de l\u2019Instance V\u00e9rit\u00e9 et Dignit\u00e9 (IVD), dans moins de deux semaines, trente ONG tunisiennes et internationales continuent \u00e0 contester cette nouvelle offensive des autorit\u00e9s contre le processus de justice transitionnelle.\u00a0\u00bb<\/p>\n<p>Et d\u2019ajouter\u00a0: \u00ab\u00a0La soci\u00e9t\u00e9 civile ne semble pas pr\u00eate \u00e0 l\u00e2cher la pression sur les autorit\u00e9s.\u00a0\u00bb<\/p>\n","protected":false},"excerpt":{"rendered":"<p>Les \u00e9v\u00e9nements \u00e0 Gaza et la possible traduction des autorit\u00e9s et responsables isra\u00e9liens devant un tribunal ont marqu\u00e9 la semaine de la justice transitionnelle. Les violences de lundi 14 mai qui ont fait pr\u00e8s de 60 victimes tu\u00e9es par l\u2019arm\u00e9e isra\u00e9lienne, co\u00efncidant avec l'inauguration controvers\u00e9e \u00e0 J\u00e9rusalem de la nouvelle ambassade am\u00e9ricaine, ont continu\u00e9 \u00e0 [&hellip;]<\/p>\n","protected":false},"author":58,"featured_media":66569,"comment_status":"open","ping_status":"closed","sticky":false,"template":"","format":"standard","meta":{"_acf_changed":false,"footnotes":""},"categories":[556],"tags":[],"ji_location":[2566],"class_list":["post-37522","post","type-post","status-publish","format-standard","has-post-thumbnail","hentry","category-divers","ji_location-international"],"acf":[],"yoast_head":"<!-- This site is optimized with the Yoast SEO Premium plugin v25.3.1 (Yoast SEO v25.3.1) - https:\/\/yoast.com\/wordpress\/plugins\/seo\/ -->\n<title>La semaine de la justice transitionnelle : l&#039;impunit\u00e9 d&#039;Isra\u00ebl en question, pers\u00e9v\u00e9rance en Gambie - JusticeInfo.net<\/title>\n<meta name=\"robots\" content=\"index, follow, max-snippet:-1, max-image-preview:large, max-video-preview:-1\" \/>\n<link rel=\"canonical\" href=\"https:\/\/www.justiceinfo.net\/fr\/37522-la-semaine-de-la-justice-transitionnelle-l-impunite-d-israel-en-question-perseverance-en-gambie.html\" \/>\n<meta property=\"og:locale\" content=\"fr_FR\" \/>\n<meta property=\"og:type\" content=\"article\" \/>\n<meta property=\"og:title\" content=\"La semaine de la justice transitionnelle : l&#039;impunit\u00e9 d&#039;Isra\u00ebl en question, pers\u00e9v\u00e9rance en Gambie\" \/>\n<meta property=\"og:description\" content=\"Les \u00e9v\u00e9nements \u00e0 Gaza et la possible traduction des autorit\u00e9s et responsables isra\u00e9liens devant un tribunal ont marqu\u00e9 la semaine de la justice transitionnelle. Les violences de lundi 14 mai qui ont fait pr\u00e8s de 60 victimes tu\u00e9es par l\u2019arm\u00e9e isra\u00e9lienne, co\u00efncidant avec l&#039;inauguration controvers\u00e9e \u00e0 J\u00e9rusalem de la nouvelle ambassade am\u00e9ricaine, ont continu\u00e9 \u00e0 [&hellip;]\" \/>\n<meta property=\"og:url\" content=\"https:\/\/www.justiceinfo.net\/fr\/37522-la-semaine-de-la-justice-transitionnelle-l-impunite-d-israel-en-question-perseverance-en-gambie.html\" \/>\n<meta property=\"og:site_name\" content=\"JusticeInfo.net\" \/>\n<meta property=\"article:publisher\" content=\"https:\/\/www.facebook.com\/JusticeInfo\/\" \/>\n<meta property=\"article:author\" content=\"https:\/\/www.facebook.com\/profile.php?id=100004809918727\" \/>\n<meta property=\"article:published_time\" content=\"2018-05-20T04:22:12+00:00\" \/>\n<meta property=\"og:image\" content=\"https:\/\/www.justiceinfo.net\/wp-content\/uploads\/e375b95aac67b5f02eb67a475dfdf974-scaled.jpg\" \/>\n\t<meta property=\"og:image:width\" content=\"2560\" \/>\n\t<meta property=\"og:image:height\" content=\"1706\" \/>\n\t<meta property=\"og:image:type\" content=\"image\/jpeg\" \/>\n<meta name=\"author\" content=\"Fran\u00e7ois Sergent\" \/>\n<meta name=\"twitter:card\" content=\"summary_large_image\" \/>\n<meta name=\"twitter:creator\" content=\"@FrancoisSergent\" \/>\n<meta name=\"twitter:site\" content=\"@justiceinfonet\" \/>\n<meta name=\"twitter:label1\" content=\"\u00c9crit par\" \/>\n\t<meta name=\"twitter:data1\" content=\"Fran\u00e7ois Sergent\" \/>\n\t<meta name=\"twitter:label2\" content=\"Dur\u00e9e de lecture estim\u00e9e\" \/>\n\t<meta name=\"twitter:data2\" content=\"5 minutes\" \/>\n<script type=\"application\/ld+json\" class=\"yoast-schema-graph\">{\"@context\":\"https:\/\/schema.org\",\"@graph\":[{\"@type\":\"NewsArticle\",\"@id\":\"https:\/\/www.justiceinfo.net\/fr\/37522-la-semaine-de-la-justice-transitionnelle-l-impunite-d-israel-en-question-perseverance-en-gambie.html#article\",\"isPartOf\":{\"@id\":\"https:\/\/www.justiceinfo.net\/fr\/37522-la-semaine-de-la-justice-transitionnelle-l-impunite-d-israel-en-question-perseverance-en-gambie.html\"},\"author\":{\"name\":\"fsergent\",\"@id\":\"https:\/\/www.justiceinfo.net\/fr#\/schema\/person\/724414fc3a7779fc189a73a27563e5e1\"},\"headline\":\"La semaine de la justice transitionnelle : l'impunit\u00e9 d'Isra\u00ebl en question, pers\u00e9v\u00e9rance en Gambie\",\"datePublished\":\"2018-05-20T04:22:12+00:00\",\"mainEntityOfPage\":{\"@id\":\"https:\/\/www.justiceinfo.net\/fr\/37522-la-semaine-de-la-justice-transitionnelle-l-impunite-d-israel-en-question-perseverance-en-gambie.html\"},\"wordCount\":941,\"commentCount\":0,\"publisher\":{\"@id\":\"https:\/\/www.justiceinfo.net\/fr#organization\"},\"image\":{\"@id\":\"https:\/\/www.justiceinfo.net\/fr\/37522-la-semaine-de-la-justice-transitionnelle-l-impunite-d-israel-en-question-perseverance-en-gambie.html#primaryimage\"},\"thumbnailUrl\":\"https:\/\/www.justiceinfo.net\/wp-content\/uploads\/e375b95aac67b5f02eb67a475dfdf974-scaled.jpg\",\"articleSection\":[\"Divers\"],\"inLanguage\":\"fr-FR\",\"potentialAction\":[{\"@type\":\"CommentAction\",\"name\":\"Comment\",\"target\":[\"https:\/\/www.justiceinfo.net\/fr\/37522-la-semaine-de-la-justice-transitionnelle-l-impunite-d-israel-en-question-perseverance-en-gambie.html#respond\"]}]},{\"@type\":\"WebPage\",\"@id\":\"https:\/\/www.justiceinfo.net\/fr\/37522-la-semaine-de-la-justice-transitionnelle-l-impunite-d-israel-en-question-perseverance-en-gambie.html\",\"url\":\"https:\/\/www.justiceinfo.net\/fr\/37522-la-semaine-de-la-justice-transitionnelle-l-impunite-d-israel-en-question-perseverance-en-gambie.html\",\"name\":\"La semaine de la justice transitionnelle : l'impunit\u00e9 d'Isra\u00ebl en question, pers\u00e9v\u00e9rance en Gambie - JusticeInfo.net\",\"isPartOf\":{\"@id\":\"https:\/\/www.justiceinfo.net\/fr#website\"},\"primaryImageOfPage\":{\"@id\":\"https:\/\/www.justiceinfo.net\/fr\/37522-la-semaine-de-la-justice-transitionnelle-l-impunite-d-israel-en-question-perseverance-en-gambie.html#primaryimage\"},\"image\":{\"@id\":\"https:\/\/www.justiceinfo.net\/fr\/37522-la-semaine-de-la-justice-transitionnelle-l-impunite-d-israel-en-question-perseverance-en-gambie.html#primaryimage\"},\"thumbnailUrl\":\"https:\/\/www.justiceinfo.net\/wp-content\/uploads\/e375b95aac67b5f02eb67a475dfdf974-scaled.jpg\",\"datePublished\":\"2018-05-20T04:22:12+00:00\",\"breadcrumb\":{\"@id\":\"https:\/\/www.justiceinfo.net\/fr\/37522-la-semaine-de-la-justice-transitionnelle-l-impunite-d-israel-en-question-perseverance-en-gambie.html#breadcrumb\"},\"inLanguage\":\"fr-FR\",\"potentialAction\":[{\"@type\":\"ReadAction\",\"target\":[\"https:\/\/www.justiceinfo.net\/fr\/37522-la-semaine-de-la-justice-transitionnelle-l-impunite-d-israel-en-question-perseverance-en-gambie.html\"]}]},{\"@type\":\"ImageObject\",\"inLanguage\":\"fr-FR\",\"@id\":\"https:\/\/www.justiceinfo.net\/fr\/37522-la-semaine-de-la-justice-transitionnelle-l-impunite-d-israel-en-question-perseverance-en-gambie.html#primaryimage\",\"url\":\"https:\/\/www.justiceinfo.net\/wp-content\/uploads\/e375b95aac67b5f02eb67a475dfdf974-scaled.jpg\",\"contentUrl\":\"https:\/\/www.justiceinfo.net\/wp-content\/uploads\/e375b95aac67b5f02eb67a475dfdf974-scaled.jpg\",\"width\":2560,\"height\":1706},{\"@type\":\"BreadcrumbList\",\"@id\":\"https:\/\/www.justiceinfo.net\/fr\/37522-la-semaine-de-la-justice-transitionnelle-l-impunite-d-israel-en-question-perseverance-en-gambie.html#breadcrumb\",\"itemListElement\":[{\"@type\":\"ListItem\",\"position\":1,\"name\":\"Home\",\"item\":\"https:\/\/www.justiceinfo.net\/fr\"},{\"@type\":\"ListItem\",\"position\":2,\"name\":\"La semaine de la justice transitionnelle : l'impunit\u00e9 d'Isra\u00ebl en question, pers\u00e9v\u00e9rance en Gambie\"}]},{\"@type\":\"WebSite\",\"@id\":\"https:\/\/www.justiceinfo.net\/fr#website\",\"url\":\"https:\/\/www.justiceinfo.net\/fr\",\"name\":\"JusticeInfo.net\",\"description\":\"La justice doit \u00eatre vue pour \u00eatre rendue\",\"publisher\":{\"@id\":\"https:\/\/www.justiceinfo.net\/fr#organization\"},\"potentialAction\":[{\"@type\":\"SearchAction\",\"target\":{\"@type\":\"EntryPoint\",\"urlTemplate\":\"https:\/\/www.justiceinfo.net\/fr?s={search_term_string}\"},\"query-input\":{\"@type\":\"PropertyValueSpecification\",\"valueRequired\":true,\"valueName\":\"search_term_string\"}}],\"inLanguage\":\"fr-FR\"},{\"@type\":\"Organization\",\"@id\":\"https:\/\/www.justiceinfo.net\/fr#organization\",\"name\":\"Justice Info\",\"url\":\"https:\/\/www.justiceinfo.net\/fr\",\"logo\":{\"@type\":\"ImageObject\",\"inLanguage\":\"fr-FR\",\"@id\":\"https:\/\/www.justiceinfo.net\/fr#\/schema\/logo\/image\/\",\"url\":\"https:\/\/www.justiceinfo.net\/wp-content\/uploads\/justiceinfo_logo-trans_1200x1200px.png\",\"contentUrl\":\"https:\/\/www.justiceinfo.net\/wp-content\/uploads\/justiceinfo_logo-trans_1200x1200px.png\",\"width\":1199,\"height\":1200,\"caption\":\"Justice Info\"},\"image\":{\"@id\":\"https:\/\/www.justiceinfo.net\/fr#\/schema\/logo\/image\/\"},\"sameAs\":[\"https:\/\/www.facebook.com\/JusticeInfo\/\",\"https:\/\/x.com\/justiceinfonet\",\"https:\/\/www.linkedin.com\/company\/justice-info\",\"https:\/\/www.youtube.com\/channel\/UCyCEsARodyuWtkWyhn-e7pA\"]},{\"@type\":\"Person\",\"name\":\"Fran\u00e7ois Sergent\",\"sameAs\":[\"https:\/\/www.facebook.com\/profile.php?id=100004809918727\",\"https:\/\/x.com\/FrancoisSergent\"],\"url\":\"https:\/\/www.justiceinfo.net\/fr\/auteur\/fsergent\"}]}<\/script>\n<!-- \/ Yoast SEO Premium plugin. -->","yoast_head_json":{"title":"La semaine de la justice transitionnelle : l'impunit\u00e9 d'Isra\u00ebl en question, pers\u00e9v\u00e9rance en Gambie - JusticeInfo.net","robots":{"index":"index","follow":"follow","max-snippet":"max-snippet:-1","max-image-preview":"max-image-preview:large","max-video-preview":"max-video-preview:-1"},"canonical":"https:\/\/www.justiceinfo.net\/fr\/37522-la-semaine-de-la-justice-transitionnelle-l-impunite-d-israel-en-question-perseverance-en-gambie.html","og_locale":"fr_FR","og_type":"article","og_title":"La semaine de la justice transitionnelle : l'impunit\u00e9 d'Isra\u00ebl en question, pers\u00e9v\u00e9rance en Gambie","og_description":"Les \u00e9v\u00e9nements \u00e0 Gaza et la possible traduction des autorit\u00e9s et responsables isra\u00e9liens devant un tribunal ont marqu\u00e9 la semaine de la justice transitionnelle. Les violences de lundi 14 mai qui ont fait pr\u00e8s de 60 victimes tu\u00e9es par l\u2019arm\u00e9e isra\u00e9lienne, co\u00efncidant avec l'inauguration controvers\u00e9e \u00e0 J\u00e9rusalem de la nouvelle ambassade am\u00e9ricaine, ont continu\u00e9 \u00e0 [&hellip;]","og_url":"https:\/\/www.justiceinfo.net\/fr\/37522-la-semaine-de-la-justice-transitionnelle-l-impunite-d-israel-en-question-perseverance-en-gambie.html","og_site_name":"JusticeInfo.net","article_publisher":"https:\/\/www.facebook.com\/JusticeInfo\/","article_author":"https:\/\/www.facebook.com\/profile.php?id=100004809918727","article_published_time":"2018-05-20T04:22:12+00:00","og_image":[{"width":2560,"height":1706,"url":"https:\/\/www.justiceinfo.net\/wp-content\/uploads\/e375b95aac67b5f02eb67a475dfdf974-scaled.jpg","type":"image\/jpeg"}],"author":"Fran\u00e7ois Sergent","twitter_card":"summary_large_image","twitter_creator":"@FrancoisSergent","twitter_site":"@justiceinfonet","twitter_misc":{"\u00c9crit par":"Fran\u00e7ois Sergent","Dur\u00e9e de lecture estim\u00e9e":"5 minutes"},"schema":{"@context":"https:\/\/schema.org","@graph":[{"@type":"NewsArticle","@id":"https:\/\/www.justiceinfo.net\/fr\/37522-la-semaine-de-la-justice-transitionnelle-l-impunite-d-israel-en-question-perseverance-en-gambie.html#article","isPartOf":{"@id":"https:\/\/www.justiceinfo.net\/fr\/37522-la-semaine-de-la-justice-transitionnelle-l-impunite-d-israel-en-question-perseverance-en-gambie.html"},"author":{"name":"fsergent","@id":"https:\/\/www.justiceinfo.net\/fr#\/schema\/person\/724414fc3a7779fc189a73a27563e5e1"},"headline":"La semaine de la justice transitionnelle : l'impunit\u00e9 d'Isra\u00ebl en question, pers\u00e9v\u00e9rance en Gambie","datePublished":"2018-05-20T04:22:12+00:00","mainEntityOfPage":{"@id":"https:\/\/www.justiceinfo.net\/fr\/37522-la-semaine-de-la-justice-transitionnelle-l-impunite-d-israel-en-question-perseverance-en-gambie.html"},"wordCount":941,"commentCount":0,"publisher":{"@id":"https:\/\/www.justiceinfo.net\/fr#organization"},"image":{"@id":"https:\/\/www.justiceinfo.net\/fr\/37522-la-semaine-de-la-justice-transitionnelle-l-impunite-d-israel-en-question-perseverance-en-gambie.html#primaryimage"},"thumbnailUrl":"https:\/\/www.justiceinfo.net\/wp-content\/uploads\/e375b95aac67b5f02eb67a475dfdf974-scaled.jpg","articleSection":["Divers"],"inLanguage":"fr-FR","potentialAction":[{"@type":"CommentAction","name":"Comment","target":["https:\/\/www.justiceinfo.net\/fr\/37522-la-semaine-de-la-justice-transitionnelle-l-impunite-d-israel-en-question-perseverance-en-gambie.html#respond"]}]},{"@type":"WebPage","@id":"https:\/\/www.justiceinfo.net\/fr\/37522-la-semaine-de-la-justice-transitionnelle-l-impunite-d-israel-en-question-perseverance-en-gambie.html","url":"https:\/\/www.justiceinfo.net\/fr\/37522-la-semaine-de-la-justice-transitionnelle-l-impunite-d-israel-en-question-perseverance-en-gambie.html","name":"La semaine de la justice transitionnelle : l'impunit\u00e9 d'Isra\u00ebl en question, pers\u00e9v\u00e9rance en Gambie - JusticeInfo.net","isPartOf":{"@id":"https:\/\/www.justiceinfo.net\/fr#website"},"primaryImageOfPage":{"@id":"https:\/\/www.justiceinfo.net\/fr\/37522-la-semaine-de-la-justice-transitionnelle-l-impunite-d-israel-en-question-perseverance-en-gambie.html#primaryimage"},"image":{"@id":"https:\/\/www.justiceinfo.net\/fr\/37522-la-semaine-de-la-justice-transitionnelle-l-impunite-d-israel-en-question-perseverance-en-gambie.html#primaryimage"},"thumbnailUrl":"https:\/\/www.justiceinfo.net\/wp-content\/uploads\/e375b95aac67b5f02eb67a475dfdf974-scaled.jpg","datePublished":"2018-05-20T04:22:12+00:00","breadcrumb":{"@id":"https:\/\/www.justiceinfo.net\/fr\/37522-la-semaine-de-la-justice-transitionnelle-l-impunite-d-israel-en-question-perseverance-en-gambie.html#breadcrumb"},"inLanguage":"fr-FR","potentialAction":[{"@type":"ReadAction","target":["https:\/\/www.justiceinfo.net\/fr\/37522-la-semaine-de-la-justice-transitionnelle-l-impunite-d-israel-en-question-perseverance-en-gambie.html"]}]},{"@type":"ImageObject","inLanguage":"fr-FR","@id":"https:\/\/www.justiceinfo.net\/fr\/37522-la-semaine-de-la-justice-transitionnelle-l-impunite-d-israel-en-question-perseverance-en-gambie.html#primaryimage","url":"https:\/\/www.justiceinfo.net\/wp-content\/uploads\/e375b95aac67b5f02eb67a475dfdf974-scaled.jpg","contentUrl":"https:\/\/www.justiceinfo.net\/wp-content\/uploads\/e375b95aac67b5f02eb67a475dfdf974-scaled.jpg","width":2560,"height":1706},{"@type":"BreadcrumbList","@id":"https:\/\/www.justiceinfo.net\/fr\/37522-la-semaine-de-la-justice-transitionnelle-l-impunite-d-israel-en-question-perseverance-en-gambie.html#breadcrumb","itemListElement":[{"@type":"ListItem","position":1,"name":"Home","item":"https:\/\/www.justiceinfo.net\/fr"},{"@type":"ListItem","position":2,"name":"La semaine de la justice transitionnelle : l'impunit\u00e9 d'Isra\u00ebl en question, pers\u00e9v\u00e9rance en Gambie"}]},{"@type":"WebSite","@id":"https:\/\/www.justiceinfo.net\/fr#website","url":"https:\/\/www.justiceinfo.net\/fr","name":"JusticeInfo.net","description":"La justice doit \u00eatre vue pour \u00eatre rendue","publisher":{"@id":"https:\/\/www.justiceinfo.net\/fr#organization"},"potentialAction":[{"@type":"SearchAction","target":{"@type":"EntryPoint","urlTemplate":"https:\/\/www.justiceinfo.net\/fr?s={search_term_string}"},"query-input":{"@type":"PropertyValueSpecification","valueRequired":true,"valueName":"search_term_string"}}],"inLanguage":"fr-FR"},{"@type":"Organization","@id":"https:\/\/www.justiceinfo.net\/fr#organization","name":"Justice Info","url":"https:\/\/www.justiceinfo.net\/fr","logo":{"@type":"ImageObject","inLanguage":"fr-FR","@id":"https:\/\/www.justiceinfo.net\/fr#\/schema\/logo\/image\/","url":"https:\/\/www.justiceinfo.net\/wp-content\/uploads\/justiceinfo_logo-trans_1200x1200px.png","contentUrl":"https:\/\/www.justiceinfo.net\/wp-content\/uploads\/justiceinfo_logo-trans_1200x1200px.png","width":1199,"height":1200,"caption":"Justice Info"},"image":{"@id":"https:\/\/www.justiceinfo.net\/fr#\/schema\/logo\/image\/"},"sameAs":["https:\/\/www.facebook.com\/JusticeInfo\/","https:\/\/x.com\/justiceinfonet","https:\/\/www.linkedin.com\/company\/justice-info","https:\/\/www.youtube.com\/channel\/UCyCEsARodyuWtkWyhn-e7pA"]},{"@type":"Person","name":"Fran\u00e7ois Sergent","sameAs":["https:\/\/www.facebook.com\/profile.php?id=100004809918727","https:\/\/x.com\/FrancoisSergent"],"url":"https:\/\/www.justiceinfo.net\/fr\/auteur\/fsergent"}]}},"_links":{"self":[{"href":"https:\/\/www.justiceinfo.net\/fr\/wp-json\/wp\/v2\/posts\/37522","targetHints":{"allow":["GET"]}}],"collection":[{"href":"https:\/\/www.justiceinfo.net\/fr\/wp-json\/wp\/v2\/posts"}],"about":[{"href":"https:\/\/www.justiceinfo.net\/fr\/wp-json\/wp\/v2\/types\/post"}],"author":[{"embeddable":true,"href":"https:\/\/www.justiceinfo.net\/fr\/wp-json\/wp\/v2\/users\/58"}],"replies":[{"embeddable":true,"href":"https:\/\/www.justiceinfo.net\/fr\/wp-json\/wp\/v2\/comments?post=37522"}],"version-history":[{"count":0,"href":"https:\/\/www.justiceinfo.net\/fr\/wp-json\/wp\/v2\/posts\/37522\/revisions"}],"wp:featuredmedia":[{"embeddable":true,"href":"https:\/\/www.justiceinfo.net\/fr\/wp-json\/wp\/v2\/media\/66569"}],"wp:attachment":[{"href":"https:\/\/www.justiceinfo.net\/fr\/wp-json\/wp\/v2\/media?parent=37522"}],"wp:term":[{"taxonomy":"category","embeddable":true,"href":"https:\/\/www.justiceinfo.net\/fr\/wp-json\/wp\/v2\/categories?post=37522"},{"taxonomy":"post_tag","embeddable":true,"href":"https:\/\/www.justiceinfo.net\/fr\/wp-json\/wp\/v2\/tags?post=37522"},{"taxonomy":"ji_location","embeddable":true,"href":"https:\/\/www.justiceinfo.net\/fr\/wp-json\/wp\/v2\/ji_location?post=37522"}],"curies":[{"name":"wp","href":"https:\/\/api.w.org\/{rel}","templated":true}]}}