{"id":37527,"date":"2018-05-21T10:24:18","date_gmt":"2018-05-21T08:24:18","guid":{"rendered":"https:\/\/www.justiceinfo.net\/37527-le-president-du-paraguay-inaugure-l-ambassade-de-son-pays-a-jerusalem.html"},"modified":"2018-05-21T10:24:18","modified_gmt":"2018-05-21T08:24:18","slug":"le-president-du-paraguay-inaugure-l-ambassade-de-son-pays-a-jerusalem","status":"publish","type":"post","link":"https:\/\/www.justiceinfo.net\/fr\/37527-le-president-du-paraguay-inaugure-l-ambassade-de-son-pays-a-jerusalem.html","title":{"rendered":"Le pr\u00e9sident du Paraguay inaugure l'ambassade de son pays \u00e0 J\u00e9rusalem"},"content":{"rendered":"<div class=\"txt-textContent\">\n<div class=\"text fontsize_0 jq_Content jq_langdir\">\n<p>Le pr\u00e9sident du Paraguay Horacio Cartes a inaugur\u00e9 lundi \u00e0 J\u00e9rusalem la nouvelle ambassade de son pays en Isra\u00ebl, embo\u00eetant le pas aux Etats-Unis dans une d\u00e9marche de rupture diplomatique qui indigne les Palestiniens.<\/p>\n<p>M. Cartes et le Premier ministre isra\u00e9lien Benjamin Netanyahu ont d\u00e9voil\u00e9 ensemble la plaque de la nouvelle repr\u00e9sentation, situ\u00e9e dans une tour d'un quartier excentr\u00e9 du sud de J\u00e9rusalem.<\/p>\n<p>Le Paraguay est devenu le troisi\u00e8me pays \u00e0 rompre avec le consensus international qui veut que les ambassades soient install\u00e9es en dehors de J\u00e9rusalem, compte tenu du statut disput\u00e9 de la ville et de la persistance du conflit isra\u00e9lo-palestinien.<\/p>\n<p>Les Etats-Unis avaient transf\u00e9r\u00e9 le 14 mai leur ambassade de Tel-Aviv \u00e0 J\u00e9rusalem, concr\u00e9tisant l'une des promesses internationales les plus controvers\u00e9es du pr\u00e9sident Donald Trump.<\/p>\n<p>Le Guatemala avait effectu\u00e9 cette m\u00eame d\u00e9marche deux jours plus tard.<\/p>\n<p>\"Cette d\u00e9cision souveraine est un \u00e9v\u00e8nement historique pour les liens d'amiti\u00e9 vigoureux qui unissent Isra\u00ebl et le Paraguay\", a dit M. Cartes, en notant qu'elle co\u00efncidait avec le 70e anniversaire de la cr\u00e9ation de l'Etat d'Isra\u00ebl \"que mon pays a aid\u00e9 \u00e0 adh\u00e9rer \u00e0 l'Organisation des Nations unies\".<\/p>\n<p>lal-tcx\/bpe<\/p>\n<\/div>\n<\/div>\n","protected":false},"excerpt":{"rendered":"<p>Le pr\u00e9sident du Paraguay Horacio Cartes a inaugur\u00e9 lundi \u00e0 J\u00e9rusalem la nouvelle ambassade de son pays en Isra\u00ebl, embo\u00eetant le pas aux Etats-Unis dans une d\u00e9marche de rupture diplomatique qui indigne les Palestiniens. M. Cartes et le Premier ministre isra\u00e9lien Benjamin Netanyahu ont d\u00e9voil\u00e9 ensemble la plaque de la nouvelle repr\u00e9sentation, situ\u00e9e dans une [&hellip;]<\/p>\n","protected":false},"author":60,"featured_media":0,"comment_status":"open","ping_status":"closed","sticky":false,"template":"","format":"standard","meta":{"_acf_changed":false,"footnotes":""},"categories":[2576],"tags":[],"ji_location":[2402],"class_list":["post-37527","post","type-post","status-publish","format-standard","hentry","category-fil-d-actualite","ji_location-palestine"],"acf":[],"yoast_head":"<!-- This site is optimized with the Yoast SEO Premium plugin v25.3.1 (Yoast SEO v25.3.1) - https:\/\/yoast.com\/wordpress\/plugins\/seo\/ -->\n<title>Le pr\u00e9sident du Paraguay inaugure l&#039;ambassade de son pays \u00e0 J\u00e9rusalem - JusticeInfo.net<\/title>\n<meta name=\"robots\" content=\"index, follow, max-snippet:-1, max-image-preview:large, max-video-preview:-1\" \/>\n<link rel=\"canonical\" href=\"https:\/\/www.justiceinfo.net\/fr\/37527-le-president-du-paraguay-inaugure-l-ambassade-de-son-pays-a-jerusalem.html\" \/>\n<meta property=\"og:locale\" content=\"fr_FR\" \/>\n<meta property=\"og:type\" content=\"article\" \/>\n<meta property=\"og:title\" content=\"Le pr\u00e9sident du Paraguay inaugure l&#039;ambassade de son pays \u00e0 J\u00e9rusalem\" \/>\n<meta property=\"og:description\" content=\"Le pr\u00e9sident du Paraguay Horacio Cartes a inaugur\u00e9 lundi \u00e0 J\u00e9rusalem la nouvelle ambassade de son pays en Isra\u00ebl, embo\u00eetant le pas aux Etats-Unis dans une d\u00e9marche de rupture diplomatique qui indigne les Palestiniens. M. Cartes et le Premier ministre isra\u00e9lien Benjamin Netanyahu ont d\u00e9voil\u00e9 ensemble la plaque de la nouvelle repr\u00e9sentation, situ\u00e9e dans une [&hellip;]\" \/>\n<meta property=\"og:url\" content=\"https:\/\/www.justiceinfo.net\/fr\/37527-le-president-du-paraguay-inaugure-l-ambassade-de-son-pays-a-jerusalem.html\" \/>\n<meta property=\"og:site_name\" content=\"JusticeInfo.net\" \/>\n<meta property=\"article:publisher\" content=\"https:\/\/www.facebook.com\/JusticeInfo\/\" \/>\n<meta property=\"article:published_time\" content=\"2018-05-21T08:24:18+00:00\" \/>\n<meta property=\"og:image\" content=\"https:\/\/www.justiceinfo.net\/wp-content\/uploads\/JusticeInfoNet_logo_1200x630px.jpg\" \/>\n\t<meta property=\"og:image:width\" content=\"1200\" \/>\n\t<meta property=\"og:image:height\" content=\"630\" \/>\n\t<meta property=\"og:image:type\" content=\"image\/jpeg\" \/>\n<meta name=\"author\" content=\"afp\" \/>\n<meta name=\"twitter:card\" content=\"summary_large_image\" \/>\n<meta name=\"twitter:creator\" content=\"@justiceinfonet\" \/>\n<meta name=\"twitter:site\" content=\"@justiceinfonet\" \/>\n<meta name=\"twitter:label1\" content=\"\u00c9crit par\" \/>\n\t<meta name=\"twitter:data1\" content=\"afp\" \/>\n\t<meta name=\"twitter:label2\" content=\"Dur\u00e9e de lecture estim\u00e9e\" \/>\n\t<meta name=\"twitter:data2\" content=\"1 minute\" \/>\n<script type=\"application\/ld+json\" class=\"yoast-schema-graph\">{\"@context\":\"https:\/\/schema.org\",\"@graph\":[{\"@type\":\"NewsArticle\",\"@id\":\"https:\/\/www.justiceinfo.net\/fr\/37527-le-president-du-paraguay-inaugure-l-ambassade-de-son-pays-a-jerusalem.html#article\",\"isPartOf\":{\"@id\":\"https:\/\/www.justiceinfo.net\/fr\/37527-le-president-du-paraguay-inaugure-l-ambassade-de-son-pays-a-jerusalem.html\"},\"author\":{\"name\":\"afp\",\"@id\":\"https:\/\/www.justiceinfo.net\/fr#\/schema\/person\/713d340ef5f218fc36ce9b4244364a7f\"},\"headline\":\"Le pr\u00e9sident du Paraguay inaugure l'ambassade de son pays \u00e0 J\u00e9rusalem\",\"datePublished\":\"2018-05-21T08:24:18+00:00\",\"mainEntityOfPage\":{\"@id\":\"https:\/\/www.justiceinfo.net\/fr\/37527-le-president-du-paraguay-inaugure-l-ambassade-de-son-pays-a-jerusalem.html\"},\"wordCount\":230,\"commentCount\":0,\"publisher\":{\"@id\":\"https:\/\/www.justiceinfo.net\/fr#organization\"},\"articleSection\":[\"Fil d'info AFP\"],\"inLanguage\":\"fr-FR\",\"potentialAction\":[{\"@type\":\"CommentAction\",\"name\":\"Comment\",\"target\":[\"https:\/\/www.justiceinfo.net\/fr\/37527-le-president-du-paraguay-inaugure-l-ambassade-de-son-pays-a-jerusalem.html#respond\"]}]},{\"@type\":\"WebPage\",\"@id\":\"https:\/\/www.justiceinfo.net\/fr\/37527-le-president-du-paraguay-inaugure-l-ambassade-de-son-pays-a-jerusalem.html\",\"url\":\"https:\/\/www.justiceinfo.net\/fr\/37527-le-president-du-paraguay-inaugure-l-ambassade-de-son-pays-a-jerusalem.html\",\"name\":\"Le pr\u00e9sident du Paraguay inaugure l'ambassade de son pays \u00e0 J\u00e9rusalem - JusticeInfo.net\",\"isPartOf\":{\"@id\":\"https:\/\/www.justiceinfo.net\/fr#website\"},\"datePublished\":\"2018-05-21T08:24:18+00:00\",\"breadcrumb\":{\"@id\":\"https:\/\/www.justiceinfo.net\/fr\/37527-le-president-du-paraguay-inaugure-l-ambassade-de-son-pays-a-jerusalem.html#breadcrumb\"},\"inLanguage\":\"fr-FR\",\"potentialAction\":[{\"@type\":\"ReadAction\",\"target\":[\"https:\/\/www.justiceinfo.net\/fr\/37527-le-president-du-paraguay-inaugure-l-ambassade-de-son-pays-a-jerusalem.html\"]}]},{\"@type\":\"BreadcrumbList\",\"@id\":\"https:\/\/www.justiceinfo.net\/fr\/37527-le-president-du-paraguay-inaugure-l-ambassade-de-son-pays-a-jerusalem.html#breadcrumb\",\"itemListElement\":[{\"@type\":\"ListItem\",\"position\":1,\"name\":\"Home\",\"item\":\"https:\/\/www.justiceinfo.net\/fr\"},{\"@type\":\"ListItem\",\"position\":2,\"name\":\"Le pr\u00e9sident du Paraguay inaugure l'ambassade de son pays \u00e0 J\u00e9rusalem\"}]},{\"@type\":\"WebSite\",\"@id\":\"https:\/\/www.justiceinfo.net\/fr#website\",\"url\":\"https:\/\/www.justiceinfo.net\/fr\",\"name\":\"JusticeInfo.net\",\"description\":\"La justice doit \u00eatre vue pour \u00eatre rendue\",\"publisher\":{\"@id\":\"https:\/\/www.justiceinfo.net\/fr#organization\"},\"potentialAction\":[{\"@type\":\"SearchAction\",\"target\":{\"@type\":\"EntryPoint\",\"urlTemplate\":\"https:\/\/www.justiceinfo.net\/fr?s={search_term_string}\"},\"query-input\":{\"@type\":\"PropertyValueSpecification\",\"valueRequired\":true,\"valueName\":\"search_term_string\"}}],\"inLanguage\":\"fr-FR\"},{\"@type\":\"Organization\",\"@id\":\"https:\/\/www.justiceinfo.net\/fr#organization\",\"name\":\"Justice Info\",\"url\":\"https:\/\/www.justiceinfo.net\/fr\",\"logo\":{\"@type\":\"ImageObject\",\"inLanguage\":\"fr-FR\",\"@id\":\"https:\/\/www.justiceinfo.net\/fr#\/schema\/logo\/image\/\",\"url\":\"https:\/\/www.justiceinfo.net\/wp-content\/uploads\/justiceinfo_logo-trans_1200x1200px.png\",\"contentUrl\":\"https:\/\/www.justiceinfo.net\/wp-content\/uploads\/justiceinfo_logo-trans_1200x1200px.png\",\"width\":1199,\"height\":1200,\"caption\":\"Justice Info\"},\"image\":{\"@id\":\"https:\/\/www.justiceinfo.net\/fr#\/schema\/logo\/image\/\"},\"sameAs\":[\"https:\/\/www.facebook.com\/JusticeInfo\/\",\"https:\/\/x.com\/justiceinfonet\",\"https:\/\/www.linkedin.com\/company\/justice-info\",\"https:\/\/www.youtube.com\/channel\/UCyCEsARodyuWtkWyhn-e7pA\"]},{\"@type\":\"Person\",\"name\":\"afp\",\"url\":\"\/fr\/?s=afp\"}]}<\/script>\n<!-- \/ Yoast SEO Premium plugin. -->","yoast_head_json":{"title":"Le pr\u00e9sident du Paraguay inaugure l'ambassade de son pays \u00e0 J\u00e9rusalem - JusticeInfo.net","robots":{"index":"index","follow":"follow","max-snippet":"max-snippet:-1","max-image-preview":"max-image-preview:large","max-video-preview":"max-video-preview:-1"},"canonical":"https:\/\/www.justiceinfo.net\/fr\/37527-le-president-du-paraguay-inaugure-l-ambassade-de-son-pays-a-jerusalem.html","og_locale":"fr_FR","og_type":"article","og_title":"Le pr\u00e9sident du Paraguay inaugure l'ambassade de son pays \u00e0 J\u00e9rusalem","og_description":"Le pr\u00e9sident du Paraguay Horacio Cartes a inaugur\u00e9 lundi \u00e0 J\u00e9rusalem la nouvelle ambassade de son pays en Isra\u00ebl, embo\u00eetant le pas aux Etats-Unis dans une d\u00e9marche de rupture diplomatique qui indigne les Palestiniens. M. Cartes et le Premier ministre isra\u00e9lien Benjamin Netanyahu ont d\u00e9voil\u00e9 ensemble la plaque de la nouvelle repr\u00e9sentation, situ\u00e9e dans une [&hellip;]","og_url":"https:\/\/www.justiceinfo.net\/fr\/37527-le-president-du-paraguay-inaugure-l-ambassade-de-son-pays-a-jerusalem.html","og_site_name":"JusticeInfo.net","article_publisher":"https:\/\/www.facebook.com\/JusticeInfo\/","article_published_time":"2018-05-21T08:24:18+00:00","og_image":[{"width":1200,"height":630,"url":"https:\/\/www.justiceinfo.net\/wp-content\/uploads\/JusticeInfoNet_logo_1200x630px.jpg","type":"image\/jpeg"}],"author":"afp","twitter_card":"summary_large_image","twitter_creator":"@justiceinfonet","twitter_site":"@justiceinfonet","twitter_misc":{"\u00c9crit par":"afp","Dur\u00e9e de lecture estim\u00e9e":"1 minute"},"schema":{"@context":"https:\/\/schema.org","@graph":[{"@type":"NewsArticle","@id":"https:\/\/www.justiceinfo.net\/fr\/37527-le-president-du-paraguay-inaugure-l-ambassade-de-son-pays-a-jerusalem.html#article","isPartOf":{"@id":"https:\/\/www.justiceinfo.net\/fr\/37527-le-president-du-paraguay-inaugure-l-ambassade-de-son-pays-a-jerusalem.html"},"author":{"name":"afp","@id":"https:\/\/www.justiceinfo.net\/fr#\/schema\/person\/713d340ef5f218fc36ce9b4244364a7f"},"headline":"Le pr\u00e9sident du Paraguay inaugure l'ambassade de son pays \u00e0 J\u00e9rusalem","datePublished":"2018-05-21T08:24:18+00:00","mainEntityOfPage":{"@id":"https:\/\/www.justiceinfo.net\/fr\/37527-le-president-du-paraguay-inaugure-l-ambassade-de-son-pays-a-jerusalem.html"},"wordCount":230,"commentCount":0,"publisher":{"@id":"https:\/\/www.justiceinfo.net\/fr#organization"},"articleSection":["Fil d'info AFP"],"inLanguage":"fr-FR","potentialAction":[{"@type":"CommentAction","name":"Comment","target":["https:\/\/www.justiceinfo.net\/fr\/37527-le-president-du-paraguay-inaugure-l-ambassade-de-son-pays-a-jerusalem.html#respond"]}]},{"@type":"WebPage","@id":"https:\/\/www.justiceinfo.net\/fr\/37527-le-president-du-paraguay-inaugure-l-ambassade-de-son-pays-a-jerusalem.html","url":"https:\/\/www.justiceinfo.net\/fr\/37527-le-president-du-paraguay-inaugure-l-ambassade-de-son-pays-a-jerusalem.html","name":"Le pr\u00e9sident du Paraguay inaugure l'ambassade de son pays \u00e0 J\u00e9rusalem - JusticeInfo.net","isPartOf":{"@id":"https:\/\/www.justiceinfo.net\/fr#website"},"datePublished":"2018-05-21T08:24:18+00:00","breadcrumb":{"@id":"https:\/\/www.justiceinfo.net\/fr\/37527-le-president-du-paraguay-inaugure-l-ambassade-de-son-pays-a-jerusalem.html#breadcrumb"},"inLanguage":"fr-FR","potentialAction":[{"@type":"ReadAction","target":["https:\/\/www.justiceinfo.net\/fr\/37527-le-president-du-paraguay-inaugure-l-ambassade-de-son-pays-a-jerusalem.html"]}]},{"@type":"BreadcrumbList","@id":"https:\/\/www.justiceinfo.net\/fr\/37527-le-president-du-paraguay-inaugure-l-ambassade-de-son-pays-a-jerusalem.html#breadcrumb","itemListElement":[{"@type":"ListItem","position":1,"name":"Home","item":"https:\/\/www.justiceinfo.net\/fr"},{"@type":"ListItem","position":2,"name":"Le pr\u00e9sident du Paraguay inaugure l'ambassade de son pays \u00e0 J\u00e9rusalem"}]},{"@type":"WebSite","@id":"https:\/\/www.justiceinfo.net\/fr#website","url":"https:\/\/www.justiceinfo.net\/fr","name":"JusticeInfo.net","description":"La justice doit \u00eatre vue pour \u00eatre rendue","publisher":{"@id":"https:\/\/www.justiceinfo.net\/fr#organization"},"potentialAction":[{"@type":"SearchAction","target":{"@type":"EntryPoint","urlTemplate":"https:\/\/www.justiceinfo.net\/fr?s={search_term_string}"},"query-input":{"@type":"PropertyValueSpecification","valueRequired":true,"valueName":"search_term_string"}}],"inLanguage":"fr-FR"},{"@type":"Organization","@id":"https:\/\/www.justiceinfo.net\/fr#organization","name":"Justice Info","url":"https:\/\/www.justiceinfo.net\/fr","logo":{"@type":"ImageObject","inLanguage":"fr-FR","@id":"https:\/\/www.justiceinfo.net\/fr#\/schema\/logo\/image\/","url":"https:\/\/www.justiceinfo.net\/wp-content\/uploads\/justiceinfo_logo-trans_1200x1200px.png","contentUrl":"https:\/\/www.justiceinfo.net\/wp-content\/uploads\/justiceinfo_logo-trans_1200x1200px.png","width":1199,"height":1200,"caption":"Justice Info"},"image":{"@id":"https:\/\/www.justiceinfo.net\/fr#\/schema\/logo\/image\/"},"sameAs":["https:\/\/www.facebook.com\/JusticeInfo\/","https:\/\/x.com\/justiceinfonet","https:\/\/www.linkedin.com\/company\/justice-info","https:\/\/www.youtube.com\/channel\/UCyCEsARodyuWtkWyhn-e7pA"]},{"@type":"Person","name":"afp","url":"\/fr\/?s=afp"}]}},"_links":{"self":[{"href":"https:\/\/www.justiceinfo.net\/fr\/wp-json\/wp\/v2\/posts\/37527","targetHints":{"allow":["GET"]}}],"collection":[{"href":"https:\/\/www.justiceinfo.net\/fr\/wp-json\/wp\/v2\/posts"}],"about":[{"href":"https:\/\/www.justiceinfo.net\/fr\/wp-json\/wp\/v2\/types\/post"}],"author":[{"embeddable":true,"href":"https:\/\/www.justiceinfo.net\/fr\/wp-json\/wp\/v2\/users\/60"}],"replies":[{"embeddable":true,"href":"https:\/\/www.justiceinfo.net\/fr\/wp-json\/wp\/v2\/comments?post=37527"}],"version-history":[{"count":0,"href":"https:\/\/www.justiceinfo.net\/fr\/wp-json\/wp\/v2\/posts\/37527\/revisions"}],"wp:attachment":[{"href":"https:\/\/www.justiceinfo.net\/fr\/wp-json\/wp\/v2\/media?parent=37527"}],"wp:term":[{"taxonomy":"category","embeddable":true,"href":"https:\/\/www.justiceinfo.net\/fr\/wp-json\/wp\/v2\/categories?post=37527"},{"taxonomy":"post_tag","embeddable":true,"href":"https:\/\/www.justiceinfo.net\/fr\/wp-json\/wp\/v2\/tags?post=37527"},{"taxonomy":"ji_location","embeddable":true,"href":"https:\/\/www.justiceinfo.net\/fr\/wp-json\/wp\/v2\/ji_location?post=37527"}],"curies":[{"name":"wp","href":"https:\/\/api.w.org\/{rel}","templated":true}]}}